{"id":9072,"date":"2025-08-22T19:15:49","date_gmt":"2025-08-22T17:15:49","guid":{"rendered":"https:\/\/veritasinfo.org\/?p=9072"},"modified":"2025-08-22T19:17:44","modified_gmt":"2025-08-22T17:17:44","slug":"ne-fushe-kosove-nis-rrenimi-i-objekteve-te-uzurpuara-banoret-e-mirepresin-aksionin","status":"publish","type":"post","link":"https:\/\/veritasinfo.org\/?p=9072","title":{"rendered":"N\u00eb Fush\u00eb-Kosov\u00eb nis rr\u00ebnimi i objekteve t\u00eb uzurpuara, banor\u00ebt e mir\u00ebpresin aksionin"},"content":{"rendered":"<p>Fush\u00eb-Kosov\u00eb, 22 Gusht 2025<\/p>\n<p><strong>Komuna e Fush\u00eb-Kosov\u00ebs ka vazhduar aksionet p\u00ebr lirimin e pronave t\u00eb uzurpuara publike. Qytetar\u00ebt e mir\u00ebpriten k\u00ebt\u00eb, e nga opozita n\u00eb k\u00ebt\u00eb komun\u00eb i quajt\u00ebn k\u00ebto veprime t\u00eb nd\u00ebrmarra von\u00eb.<\/strong><\/p>\n<p>Komuna e Fush\u00eb-Kosov\u00ebs ka marr\u00eb vendim p\u00ebr t\u00eb rr\u00ebnuar objektet e uzurpuara n\u00eb hap\u00ebsira publike.<br \/>\nInspeksioni, i shoq\u00ebruar nga policia, vazhdoi aksionin edhe k\u00ebt\u00eb t\u00eb premte.<\/p>\n<p>Detaje rreth tij dhan\u00eb nga Drejtoria e Inspektoratit n\u00eb komun\u00ebn e Fush\u00eb-Kosov\u00ebs.<br \/>\nK\u00ebt\u00eb aksion, po e shohin t\u00eb nevojsh\u00ebm qytetar\u00ebt.<br \/>\n\u201cAksioni \u00ebsht\u00eb i q\u00ebllum. \u00c7ka \u00ebsht\u00eb publike mbetet publike, p\u00ebr t\u00eb mir\u00ebn e qytetar\u00ebve me pas hap\u00ebsira m\u00eb t\u00eb m\u00ebdhaja\u201d, tha qytetari, Afrim Krasniqi.<\/p>\n<p>\u201cKy aksion duhet me u marr heret me pru vendimin Komuna. Kto mos me i leju hiq, k\u00ebto nd\u00ebrtime t\u00eb egra, se as nuk kena parking, as nuk kena trotuar, mjerrim \u00ebsht\u00eb\u2026. Une e p\u00ebrkrahi k\u00ebt\u00eb iniciativ. Shum\u00eb n\u00eb rregull \u00ebsht\u00eb\u201d, tha qytetari Halit Bytyqi.<br \/>\nNd\u00ebrsa nga opozita thon\u00eb se ky veprim \u00ebsht\u00eb i vonuar dhe \u00ebsht\u00eb nd\u00ebrmarr\u00eb tani vet\u00ebm p\u00ebr shkak t\u00eb zgjedhjeve lokale.<br \/>\n\u201cQytetar\u00ebt e Komun\u00ebs t\u00eb Fush\u00eb Kosov\u00ebs nuk kan\u00eb pas ku me ec, n\u00ebnat me f\u00ebmij\u00ebt me karroca nuk kan\u00eb pas ku me shku, personat me nevoja t\u00eb ve\u00e7anta, t\u00eb moshuarit e kan\u00eb pas t\u00eb pa mundur qarkullimin e lir\u00eb. Pra p\u00ebr 25 vite Komuna e Fush\u00eb Kosov\u00ebs nuk ka marr as nj\u00eb veprim p\u00ebr lirimin e hap\u00ebsirave publike. Ajo \u00e7ka e ka shty p\u00ebr me marr k\u00ebt\u00eb p\u00ebr mendimn tim\u00eb dhe shumic\u00ebs s\u00eb qytetar\u00ebve \u00ebsht\u00eb s\u00eb jan\u00eb afru zgjedhjet, \u00ebsht\u00eb koh\u00eb fushate\u201d, tha kreyetarja e deg\u00ebs s\u00eb AAK-s\u00eb, Vildane Latifi.<br \/>\nNj\u00eb aksion t\u00eb till\u00eb, Komuna e Fush\u00eb-Kosov\u00ebs e kishte nd\u00ebrmarr\u00eb edhe gjat\u00eb muajit korrik.<br \/>\nKronik\u00eb e realizuar nga gazetarja, Adea Mustafaj.<\/p>\n","protected":false},"excerpt":{"rendered":"<p>Fush\u00eb-Kosov\u00eb, 22 Gusht 2025 Komuna e Fush\u00eb-Kosov\u00ebs ka vazhduar aksionet p\u00ebr lirimin e pronave t\u00eb uzurpuara publike. Qytetar\u00ebt e mir\u00ebpriten k\u00ebt\u00eb, e nga opozita n\u00eb<\/p>\n","protected":false},"author":1,"featured_media":9074,"comment_status":"open","ping_status":"open","sticky":false,"template":"","format":"standard","meta":{"footnotes":""},"categories":[52],"tags":[],"class_list":["post-9072","post","type-post","status-publish","format-standard","has-post-thumbnail","hentry","category-komunat-sq"],"yoast_head":"<!-- This site is optimized with the Yoast SEO plugin v25.3.1 - https:\/\/yoast.com\/wordpress\/plugins\/seo\/ -->\n<title>N\u00eb Fush\u00eb-Kosov\u00eb nis rr\u00ebnimi i objekteve t\u00eb uzurpuara, banor\u00ebt e mir\u00ebpresin aksionin -<\/title>\n<meta name=\"robots\" content=\"index, follow, max-snippet:-1, max-image-preview:large, max-video-preview:-1\" \/>\n<link rel=\"canonical\" href=\"https:\/\/veritasinfo.org\/?p=9072\" \/>\n<meta property=\"og:locale\" content=\"en_US\" \/>\n<meta property=\"og:type\" content=\"article\" \/>\n<meta property=\"og:title\" content=\"N\u00eb Fush\u00eb-Kosov\u00eb nis rr\u00ebnimi i objekteve t\u00eb uzurpuara, banor\u00ebt e mir\u00ebpresin aksionin -\" \/>\n<meta property=\"og:description\" content=\"Fush\u00eb-Kosov\u00eb, 22 Gusht 2025 Komuna e Fush\u00eb-Kosov\u00ebs ka vazhduar aksionet p\u00ebr lirimin e pronave t\u00eb uzurpuara publike. Qytetar\u00ebt e mir\u00ebpriten k\u00ebt\u00eb, e nga opozita n\u00eb\" \/>\n<meta property=\"og:url\" content=\"https:\/\/veritasinfo.org\/?p=9072\" \/>\n<meta property=\"article:published_time\" content=\"2025-08-22T17:15:49+00:00\" \/>\n<meta property=\"article:modified_time\" content=\"2025-08-22T17:17:44+00:00\" \/>\n<meta property=\"og:image\" content=\"https:\/\/veritasinfo.org\/wp-content\/uploads\/2025\/08\/IMG_2702.webp\" \/>\n\t<meta property=\"og:image:width\" content=\"800\" \/>\n\t<meta property=\"og:image:height\" content=\"550\" \/>\n\t<meta property=\"og:image:type\" content=\"image\/webp\" \/>\n<meta name=\"author\" content=\"admin\" \/>\n<meta name=\"twitter:card\" content=\"summary_large_image\" \/>\n<meta name=\"twitter:label1\" content=\"Written by\" \/>\n\t<meta name=\"twitter:data1\" content=\"admin\" \/>\n\t<meta name=\"twitter:label2\" content=\"Est. reading time\" \/>\n\t<meta name=\"twitter:data2\" content=\"2 minutes\" \/>\n<script type=\"application\/ld+json\" class=\"yoast-schema-graph\">{\"@context\":\"https:\/\/schema.org\",\"@graph\":[{\"@type\":\"WebPage\",\"@id\":\"https:\/\/veritasinfo.org\/?p=9072\",\"url\":\"https:\/\/veritasinfo.org\/?p=9072\",\"name\":\"N\u00eb Fush\u00eb-Kosov\u00eb nis rr\u00ebnimi i objekteve t\u00eb uzurpuara, banor\u00ebt e mir\u00ebpresin aksionin -\",\"isPartOf\":{\"@id\":\"https:\/\/veritasinfo.org\/#website\"},\"primaryImageOfPage\":{\"@id\":\"https:\/\/veritasinfo.org\/?p=9072#primaryimage\"},\"image\":{\"@id\":\"https:\/\/veritasinfo.org\/?p=9072#primaryimage\"},\"thumbnailUrl\":\"https:\/\/veritasinfo.org\/wp-content\/uploads\/2025\/08\/IMG_2702.webp\",\"datePublished\":\"2025-08-22T17:15:49+00:00\",\"dateModified\":\"2025-08-22T17:17:44+00:00\",\"author\":{\"@id\":\"https:\/\/veritasinfo.org\/#\/schema\/person\/7701f8c088bece422266b100a712374f\"},\"breadcrumb\":{\"@id\":\"https:\/\/veritasinfo.org\/?p=9072#breadcrumb\"},\"inLanguage\":\"en-US\",\"potentialAction\":[{\"@type\":\"ReadAction\",\"target\":[\"https:\/\/veritasinfo.org\/?p=9072\"]}]},{\"@type\":\"ImageObject\",\"inLanguage\":\"en-US\",\"@id\":\"https:\/\/veritasinfo.org\/?p=9072#primaryimage\",\"url\":\"https:\/\/veritasinfo.org\/wp-content\/uploads\/2025\/08\/IMG_2702.webp\",\"contentUrl\":\"https:\/\/veritasinfo.org\/wp-content\/uploads\/2025\/08\/IMG_2702.webp\",\"width\":800,\"height\":550},{\"@type\":\"BreadcrumbList\",\"@id\":\"https:\/\/veritasinfo.org\/?p=9072#breadcrumb\",\"itemListElement\":[{\"@type\":\"ListItem\",\"position\":1,\"name\":\"Home\",\"item\":\"https:\/\/veritasinfo.org\/\"},{\"@type\":\"ListItem\",\"position\":2,\"name\":\"N\u00eb Fush\u00eb-Kosov\u00eb nis rr\u00ebnimi i objekteve t\u00eb uzurpuara, banor\u00ebt e mir\u00ebpresin aksionin\"}]},{\"@type\":\"WebSite\",\"@id\":\"https:\/\/veritasinfo.org\/#website\",\"url\":\"https:\/\/veritasinfo.org\/\",\"name\":\"\",\"description\":\"\",\"potentialAction\":[{\"@type\":\"SearchAction\",\"target\":{\"@type\":\"EntryPoint\",\"urlTemplate\":\"https:\/\/veritasinfo.org\/?s={search_term_string}\"},\"query-input\":{\"@type\":\"PropertyValueSpecification\",\"valueRequired\":true,\"valueName\":\"search_term_string\"}}],\"inLanguage\":\"en-US\"},{\"@type\":\"Person\",\"@id\":\"https:\/\/veritasinfo.org\/#\/schema\/person\/7701f8c088bece422266b100a712374f\",\"name\":\"admin\",\"image\":{\"@type\":\"ImageObject\",\"inLanguage\":\"en-US\",\"@id\":\"https:\/\/veritasinfo.org\/#\/schema\/person\/image\/\",\"url\":\"https:\/\/secure.gravatar.com\/avatar\/ea53aa3bf6c9a12d5fde8ce4deff43fef3885ae33cf60184161a50d6987cfd2f?s=96&d=mm&r=g\",\"contentUrl\":\"https:\/\/secure.gravatar.com\/avatar\/ea53aa3bf6c9a12d5fde8ce4deff43fef3885ae33cf60184161a50d6987cfd2f?s=96&d=mm&r=g\",\"caption\":\"admin\"},\"sameAs\":[\"https:\/\/veritasinfo.org\"],\"url\":\"https:\/\/veritasinfo.org\/?author=1\"}]}<\/script>\n<!-- \/ Yoast SEO plugin. -->","yoast_head_json":{"title":"N\u00eb Fush\u00eb-Kosov\u00eb nis rr\u00ebnimi i objekteve t\u00eb uzurpuara, banor\u00ebt e mir\u00ebpresin aksionin -","robots":{"index":"index","follow":"follow","max-snippet":"max-snippet:-1","max-image-preview":"max-image-preview:large","max-video-preview":"max-video-preview:-1"},"canonical":"https:\/\/veritasinfo.org\/?p=9072","og_locale":"en_US","og_type":"article","og_title":"N\u00eb Fush\u00eb-Kosov\u00eb nis rr\u00ebnimi i objekteve t\u00eb uzurpuara, banor\u00ebt e mir\u00ebpresin aksionin -","og_description":"Fush\u00eb-Kosov\u00eb, 22 Gusht 2025 Komuna e Fush\u00eb-Kosov\u00ebs ka vazhduar aksionet p\u00ebr lirimin e pronave t\u00eb uzurpuara publike. Qytetar\u00ebt e mir\u00ebpriten k\u00ebt\u00eb, e nga opozita n\u00eb","og_url":"https:\/\/veritasinfo.org\/?p=9072","article_published_time":"2025-08-22T17:15:49+00:00","article_modified_time":"2025-08-22T17:17:44+00:00","og_image":[{"width":800,"height":550,"url":"https:\/\/veritasinfo.org\/wp-content\/uploads\/2025\/08\/IMG_2702.webp","type":"image\/webp"}],"author":"admin","twitter_card":"summary_large_image","twitter_misc":{"Written by":"admin","Est. reading time":"2 minutes"},"schema":{"@context":"https:\/\/schema.org","@graph":[{"@type":"WebPage","@id":"https:\/\/veritasinfo.org\/?p=9072","url":"https:\/\/veritasinfo.org\/?p=9072","name":"N\u00eb Fush\u00eb-Kosov\u00eb nis rr\u00ebnimi i objekteve t\u00eb uzurpuara, banor\u00ebt e mir\u00ebpresin aksionin -","isPartOf":{"@id":"https:\/\/veritasinfo.org\/#website"},"primaryImageOfPage":{"@id":"https:\/\/veritasinfo.org\/?p=9072#primaryimage"},"image":{"@id":"https:\/\/veritasinfo.org\/?p=9072#primaryimage"},"thumbnailUrl":"https:\/\/veritasinfo.org\/wp-content\/uploads\/2025\/08\/IMG_2702.webp","datePublished":"2025-08-22T17:15:49+00:00","dateModified":"2025-08-22T17:17:44+00:00","author":{"@id":"https:\/\/veritasinfo.org\/#\/schema\/person\/7701f8c088bece422266b100a712374f"},"breadcrumb":{"@id":"https:\/\/veritasinfo.org\/?p=9072#breadcrumb"},"inLanguage":"en-US","potentialAction":[{"@type":"ReadAction","target":["https:\/\/veritasinfo.org\/?p=9072"]}]},{"@type":"ImageObject","inLanguage":"en-US","@id":"https:\/\/veritasinfo.org\/?p=9072#primaryimage","url":"https:\/\/veritasinfo.org\/wp-content\/uploads\/2025\/08\/IMG_2702.webp","contentUrl":"https:\/\/veritasinfo.org\/wp-content\/uploads\/2025\/08\/IMG_2702.webp","width":800,"height":550},{"@type":"BreadcrumbList","@id":"https:\/\/veritasinfo.org\/?p=9072#breadcrumb","itemListElement":[{"@type":"ListItem","position":1,"name":"Home","item":"https:\/\/veritasinfo.org\/"},{"@type":"ListItem","position":2,"name":"N\u00eb Fush\u00eb-Kosov\u00eb nis rr\u00ebnimi i objekteve t\u00eb uzurpuara, banor\u00ebt e mir\u00ebpresin aksionin"}]},{"@type":"WebSite","@id":"https:\/\/veritasinfo.org\/#website","url":"https:\/\/veritasinfo.org\/","name":"","description":"","potentialAction":[{"@type":"SearchAction","target":{"@type":"EntryPoint","urlTemplate":"https:\/\/veritasinfo.org\/?s={search_term_string}"},"query-input":{"@type":"PropertyValueSpecification","valueRequired":true,"valueName":"search_term_string"}}],"inLanguage":"en-US"},{"@type":"Person","@id":"https:\/\/veritasinfo.org\/#\/schema\/person\/7701f8c088bece422266b100a712374f","name":"admin","image":{"@type":"ImageObject","inLanguage":"en-US","@id":"https:\/\/veritasinfo.org\/#\/schema\/person\/image\/","url":"https:\/\/secure.gravatar.com\/avatar\/ea53aa3bf6c9a12d5fde8ce4deff43fef3885ae33cf60184161a50d6987cfd2f?s=96&d=mm&r=g","contentUrl":"https:\/\/secure.gravatar.com\/avatar\/ea53aa3bf6c9a12d5fde8ce4deff43fef3885ae33cf60184161a50d6987cfd2f?s=96&d=mm&r=g","caption":"admin"},"sameAs":["https:\/\/veritasinfo.org"],"url":"https:\/\/veritasinfo.org\/?author=1"}]}},"featured_image_urls":{"full":["https:\/\/veritasinfo.org\/wp-content\/uploads\/2025\/08\/IMG_2702.webp",800,550,false],"thumbnail":["https:\/\/veritasinfo.org\/wp-content\/uploads\/2025\/08\/IMG_2702-150x150.webp",150,150,true],"medium":["https:\/\/veritasinfo.org\/wp-content\/uploads\/2025\/08\/IMG_2702-300x206.webp",300,206,true],"medium_large":["https:\/\/veritasinfo.org\/wp-content\/uploads\/2025\/08\/IMG_2702-768x528.webp",640,440,true],"large":["https:\/\/veritasinfo.org\/wp-content\/uploads\/2025\/08\/IMG_2702.webp",640,440,false],"1536x1536":["https:\/\/veritasinfo.org\/wp-content\/uploads\/2025\/08\/IMG_2702.webp",800,550,false],"2048x2048":["https:\/\/veritasinfo.org\/wp-content\/uploads\/2025\/08\/IMG_2702.webp",800,550,false],"kreeti-slider-full":["https:\/\/veritasinfo.org\/wp-content\/uploads\/2025\/08\/IMG_2702.webp",800,550,false],"kreeti-featured":["https:\/\/veritasinfo.org\/wp-content\/uploads\/2025\/08\/IMG_2702.webp",800,550,false],"kreeti-medium":["https:\/\/veritasinfo.org\/wp-content\/uploads\/2025\/08\/IMG_2702.webp",720,495,false],"kreeti-medium-square":["https:\/\/veritasinfo.org\/wp-content\/uploads\/2025\/08\/IMG_2702.webp",350,241,false]},"author_info":{"info":["admin"]},"category_info":"<a href=\"https:\/\/veritasinfo.org\/?cat=52\" rel=\"category\">Komunat<\/a>","tag_info":"Komunat","comment_count":"0","_links":{"self":[{"href":"https:\/\/veritasinfo.org\/index.php?rest_route=\/wp\/v2\/posts\/9072","targetHints":{"allow":["GET"]}}],"collection":[{"href":"https:\/\/veritasinfo.org\/index.php?rest_route=\/wp\/v2\/posts"}],"about":[{"href":"https:\/\/veritasinfo.org\/index.php?rest_route=\/wp\/v2\/types\/post"}],"author":[{"embeddable":true,"href":"https:\/\/veritasinfo.org\/index.php?rest_route=\/wp\/v2\/users\/1"}],"replies":[{"embeddable":true,"href":"https:\/\/veritasinfo.org\/index.php?rest_route=%2Fwp%2Fv2%2Fcomments&post=9072"}],"version-history":[{"count":2,"href":"https:\/\/veritasinfo.org\/index.php?rest_route=\/wp\/v2\/posts\/9072\/revisions"}],"predecessor-version":[{"id":9075,"href":"https:\/\/veritasinfo.org\/index.php?rest_route=\/wp\/v2\/posts\/9072\/revisions\/9075"}],"wp:featuredmedia":[{"embeddable":true,"href":"https:\/\/veritasinfo.org\/index.php?rest_route=\/wp\/v2\/media\/9074"}],"wp:attachment":[{"href":"https:\/\/veritasinfo.org\/index.php?rest_route=%2Fwp%2Fv2%2Fmedia&parent=9072"}],"wp:term":[{"taxonomy":"category","embeddable":true,"href":"https:\/\/veritasinfo.org\/index.php?rest_route=%2Fwp%2Fv2%2Fcategories&post=9072"},{"taxonomy":"post_tag","embeddable":true,"href":"https:\/\/veritasinfo.org\/index.php?rest_route=%2Fwp%2Fv2%2Ftags&post=9072"}],"curies":[{"name":"wp","href":"https:\/\/api.w.org\/{rel}","templated":true}]}}