{"id":9062,"date":"2025-08-22T18:40:44","date_gmt":"2025-08-22T16:40:44","guid":{"rendered":"https:\/\/veritasinfo.org\/?p=9062"},"modified":"2025-08-22T18:40:44","modified_gmt":"2025-08-22T16:40:44","slug":"kurti-ia-vazhdon-mandatin-komisionit-per-verifikimin-e-diplomave-te-universitetit-te-mitrovices-se-veriut-dhe-ndan-para-per-disa-ministri","status":"publish","type":"post","link":"https:\/\/veritasinfo.org\/?p=9062","title":{"rendered":"Kurti ia vazhdon mandatin Komisionit p\u00ebr Verifikimin e Diplomave t\u00eb Universitetit t\u00eb Mitrovic\u00ebs s\u00eb Veriut dhe ndan para p\u00ebr disa ministri"},"content":{"rendered":"<p>Prishtin\u00eb, 22 Gusht 2025<\/p>\n<p><strong>Qeveria n\u00eb detyr\u00eb e Republik\u00ebs s\u00eb Kosov\u00ebs ka zhvilluar sot mbledhjen e saj t\u00eb 268-t\u00eb n\u00eb m\u00ebnyr\u00eb elektronike, ku ka marr\u00eb disa vendime n\u00eb fusha t\u00eb ndryshme.<\/strong><\/p>\n<p>Kabineti qeveritar ka vendosur t\u00eb vazhdoj\u00eb mandatin e Komisionit p\u00ebr Verifikimin e Diplomave t\u00eb l\u00ebshuara nga Universiteti i Mitrovic\u00ebs s\u00eb Veriut deri m\u00eb 15 tetor 2025.<\/p>\n<p>Po ashtu, \u00ebsht\u00eb miratuar plot\u00ebsimi dhe ndryshimi i Statutit Nr. 01\/2023 t\u00eb Sh\u00ebrbimit Spitalor dhe Klinik Universitar t\u00eb Kosov\u00ebs.<\/p>\n<p>N\u00eb fush\u00ebn e bujq\u00ebsis\u00eb, Qeveria ka miratuar k\u00ebrkes\u00ebn e Ministris\u00eb s\u00eb Bujq\u00ebsis\u00eb, Pylltaris\u00eb dhe Zhvillimit Rural p\u00ebr rialokim t\u00eb mjeteve buxhetore n\u00eb vler\u00eb prej 105 mij\u00eb eurosh, p\u00ebr t\u00eb mbuluar obligimet financiare p\u00ebr projekte kapitale. K\u00ebto mjete do t\u00eb shfryt\u00ebzohen p\u00ebr nd\u00ebrtimin e zyr\u00ebs regjionale p\u00ebr Inspektoratin e AUV-it n\u00eb Ferizaj dhe n\u00eb Gjakov\u00eb.<\/p>\n<p>Gjithashtu, me k\u00ebrkes\u00eb t\u00eb Ministris\u00eb s\u00eb Mjedisit, Planifikimit Hap\u00ebsinor dhe Infrastruktur\u00ebs, \u00ebsht\u00eb aprovuar rritja e kufirit t\u00eb shpenzimeve n\u00eb shum\u00ebn prej 580,780 euro p\u00ebr financimin shtes\u00eb t\u00eb projektit \u201cKadastri i patundshm\u00ebris\u00eb dhe infrastruktura gjeohap\u00ebsinore\u201d.<\/p>\n<p>Po p\u00ebr k\u00ebt\u00eb projekt, Qeveria ka miratuar edhe ndarjen e mjeteve buxhetore n\u00eb vler\u00eb prej 372,100 euro, t\u00eb siguruara nga fondet e huamarrjes.<\/p>\n","protected":false},"excerpt":{"rendered":"<p>Prishtin\u00eb, 22 Gusht 2025 Qeveria n\u00eb detyr\u00eb e Republik\u00ebs s\u00eb Kosov\u00ebs ka zhvilluar sot mbledhjen e saj t\u00eb 268-t\u00eb n\u00eb m\u00ebnyr\u00eb elektronike, ku ka marr\u00eb<\/p>\n","protected":false},"author":1,"featured_media":9063,"comment_status":"open","ping_status":"open","sticky":false,"template":"","format":"standard","meta":{"footnotes":""},"categories":[60],"tags":[],"class_list":["post-9062","post","type-post","status-publish","format-standard","has-post-thumbnail","hentry","category-shoqerore-sq"],"yoast_head":"<!-- This site is optimized with the Yoast SEO plugin v25.3.1 - https:\/\/yoast.com\/wordpress\/plugins\/seo\/ -->\n<title>Kurti ia vazhdon mandatin Komisionit p\u00ebr Verifikimin e Diplomave t\u00eb Universitetit t\u00eb Mitrovic\u00ebs s\u00eb Veriut dhe ndan para p\u00ebr disa ministri -<\/title>\n<meta name=\"robots\" content=\"index, follow, max-snippet:-1, max-image-preview:large, max-video-preview:-1\" \/>\n<link rel=\"canonical\" href=\"https:\/\/veritasinfo.org\/?p=9062\" \/>\n<meta property=\"og:locale\" content=\"en_US\" \/>\n<meta property=\"og:type\" content=\"article\" \/>\n<meta property=\"og:title\" content=\"Kurti ia vazhdon mandatin Komisionit p\u00ebr Verifikimin e Diplomave t\u00eb Universitetit t\u00eb Mitrovic\u00ebs s\u00eb Veriut dhe ndan para p\u00ebr disa ministri -\" \/>\n<meta property=\"og:description\" content=\"Prishtin\u00eb, 22 Gusht 2025 Qeveria n\u00eb detyr\u00eb e Republik\u00ebs s\u00eb Kosov\u00ebs ka zhvilluar sot mbledhjen e saj t\u00eb 268-t\u00eb n\u00eb m\u00ebnyr\u00eb elektronike, ku ka marr\u00eb\" \/>\n<meta property=\"og:url\" content=\"https:\/\/veritasinfo.org\/?p=9062\" \/>\n<meta property=\"article:published_time\" content=\"2025-08-22T16:40:44+00:00\" \/>\n<meta property=\"og:image\" content=\"https:\/\/veritasinfo.org\/wp-content\/uploads\/2025\/08\/IMG_2700.png\" \/>\n\t<meta property=\"og:image:width\" content=\"600\" \/>\n\t<meta property=\"og:image:height\" content=\"360\" \/>\n\t<meta property=\"og:image:type\" content=\"image\/png\" \/>\n<meta name=\"author\" content=\"admin\" \/>\n<meta name=\"twitter:card\" content=\"summary_large_image\" \/>\n<meta name=\"twitter:label1\" content=\"Written by\" \/>\n\t<meta name=\"twitter:data1\" content=\"admin\" \/>\n\t<meta name=\"twitter:label2\" content=\"Est. reading time\" \/>\n\t<meta name=\"twitter:data2\" content=\"2 minutes\" \/>\n<script type=\"application\/ld+json\" class=\"yoast-schema-graph\">{\"@context\":\"https:\/\/schema.org\",\"@graph\":[{\"@type\":\"WebPage\",\"@id\":\"https:\/\/veritasinfo.org\/?p=9062\",\"url\":\"https:\/\/veritasinfo.org\/?p=9062\",\"name\":\"Kurti ia vazhdon mandatin Komisionit p\u00ebr Verifikimin e Diplomave t\u00eb Universitetit t\u00eb Mitrovic\u00ebs s\u00eb Veriut dhe ndan para p\u00ebr disa ministri -\",\"isPartOf\":{\"@id\":\"https:\/\/veritasinfo.org\/#website\"},\"primaryImageOfPage\":{\"@id\":\"https:\/\/veritasinfo.org\/?p=9062#primaryimage\"},\"image\":{\"@id\":\"https:\/\/veritasinfo.org\/?p=9062#primaryimage\"},\"thumbnailUrl\":\"https:\/\/veritasinfo.org\/wp-content\/uploads\/2025\/08\/IMG_2700.png\",\"datePublished\":\"2025-08-22T16:40:44+00:00\",\"author\":{\"@id\":\"https:\/\/veritasinfo.org\/#\/schema\/person\/7701f8c088bece422266b100a712374f\"},\"breadcrumb\":{\"@id\":\"https:\/\/veritasinfo.org\/?p=9062#breadcrumb\"},\"inLanguage\":\"en-US\",\"potentialAction\":[{\"@type\":\"ReadAction\",\"target\":[\"https:\/\/veritasinfo.org\/?p=9062\"]}]},{\"@type\":\"ImageObject\",\"inLanguage\":\"en-US\",\"@id\":\"https:\/\/veritasinfo.org\/?p=9062#primaryimage\",\"url\":\"https:\/\/veritasinfo.org\/wp-content\/uploads\/2025\/08\/IMG_2700.png\",\"contentUrl\":\"https:\/\/veritasinfo.org\/wp-content\/uploads\/2025\/08\/IMG_2700.png\",\"width\":600,\"height\":360},{\"@type\":\"BreadcrumbList\",\"@id\":\"https:\/\/veritasinfo.org\/?p=9062#breadcrumb\",\"itemListElement\":[{\"@type\":\"ListItem\",\"position\":1,\"name\":\"Home\",\"item\":\"https:\/\/veritasinfo.org\/\"},{\"@type\":\"ListItem\",\"position\":2,\"name\":\"Kurti ia vazhdon mandatin Komisionit p\u00ebr Verifikimin e Diplomave t\u00eb Universitetit t\u00eb Mitrovic\u00ebs s\u00eb Veriut dhe ndan para p\u00ebr disa ministri\"}]},{\"@type\":\"WebSite\",\"@id\":\"https:\/\/veritasinfo.org\/#website\",\"url\":\"https:\/\/veritasinfo.org\/\",\"name\":\"\",\"description\":\"\",\"potentialAction\":[{\"@type\":\"SearchAction\",\"target\":{\"@type\":\"EntryPoint\",\"urlTemplate\":\"https:\/\/veritasinfo.org\/?s={search_term_string}\"},\"query-input\":{\"@type\":\"PropertyValueSpecification\",\"valueRequired\":true,\"valueName\":\"search_term_string\"}}],\"inLanguage\":\"en-US\"},{\"@type\":\"Person\",\"@id\":\"https:\/\/veritasinfo.org\/#\/schema\/person\/7701f8c088bece422266b100a712374f\",\"name\":\"admin\",\"image\":{\"@type\":\"ImageObject\",\"inLanguage\":\"en-US\",\"@id\":\"https:\/\/veritasinfo.org\/#\/schema\/person\/image\/\",\"url\":\"https:\/\/secure.gravatar.com\/avatar\/ea53aa3bf6c9a12d5fde8ce4deff43fef3885ae33cf60184161a50d6987cfd2f?s=96&d=mm&r=g\",\"contentUrl\":\"https:\/\/secure.gravatar.com\/avatar\/ea53aa3bf6c9a12d5fde8ce4deff43fef3885ae33cf60184161a50d6987cfd2f?s=96&d=mm&r=g\",\"caption\":\"admin\"},\"sameAs\":[\"https:\/\/veritasinfo.org\"],\"url\":\"https:\/\/veritasinfo.org\/?author=1\"}]}<\/script>\n<!-- \/ Yoast SEO plugin. -->","yoast_head_json":{"title":"Kurti ia vazhdon mandatin Komisionit p\u00ebr Verifikimin e Diplomave t\u00eb Universitetit t\u00eb Mitrovic\u00ebs s\u00eb Veriut dhe ndan para p\u00ebr disa ministri -","robots":{"index":"index","follow":"follow","max-snippet":"max-snippet:-1","max-image-preview":"max-image-preview:large","max-video-preview":"max-video-preview:-1"},"canonical":"https:\/\/veritasinfo.org\/?p=9062","og_locale":"en_US","og_type":"article","og_title":"Kurti ia vazhdon mandatin Komisionit p\u00ebr Verifikimin e Diplomave t\u00eb Universitetit t\u00eb Mitrovic\u00ebs s\u00eb Veriut dhe ndan para p\u00ebr disa ministri -","og_description":"Prishtin\u00eb, 22 Gusht 2025 Qeveria n\u00eb detyr\u00eb e Republik\u00ebs s\u00eb Kosov\u00ebs ka zhvilluar sot mbledhjen e saj t\u00eb 268-t\u00eb n\u00eb m\u00ebnyr\u00eb elektronike, ku ka marr\u00eb","og_url":"https:\/\/veritasinfo.org\/?p=9062","article_published_time":"2025-08-22T16:40:44+00:00","og_image":[{"width":600,"height":360,"url":"https:\/\/veritasinfo.org\/wp-content\/uploads\/2025\/08\/IMG_2700.png","type":"image\/png"}],"author":"admin","twitter_card":"summary_large_image","twitter_misc":{"Written by":"admin","Est. reading time":"2 minutes"},"schema":{"@context":"https:\/\/schema.org","@graph":[{"@type":"WebPage","@id":"https:\/\/veritasinfo.org\/?p=9062","url":"https:\/\/veritasinfo.org\/?p=9062","name":"Kurti ia vazhdon mandatin Komisionit p\u00ebr Verifikimin e Diplomave t\u00eb Universitetit t\u00eb Mitrovic\u00ebs s\u00eb Veriut dhe ndan para p\u00ebr disa ministri -","isPartOf":{"@id":"https:\/\/veritasinfo.org\/#website"},"primaryImageOfPage":{"@id":"https:\/\/veritasinfo.org\/?p=9062#primaryimage"},"image":{"@id":"https:\/\/veritasinfo.org\/?p=9062#primaryimage"},"thumbnailUrl":"https:\/\/veritasinfo.org\/wp-content\/uploads\/2025\/08\/IMG_2700.png","datePublished":"2025-08-22T16:40:44+00:00","author":{"@id":"https:\/\/veritasinfo.org\/#\/schema\/person\/7701f8c088bece422266b100a712374f"},"breadcrumb":{"@id":"https:\/\/veritasinfo.org\/?p=9062#breadcrumb"},"inLanguage":"en-US","potentialAction":[{"@type":"ReadAction","target":["https:\/\/veritasinfo.org\/?p=9062"]}]},{"@type":"ImageObject","inLanguage":"en-US","@id":"https:\/\/veritasinfo.org\/?p=9062#primaryimage","url":"https:\/\/veritasinfo.org\/wp-content\/uploads\/2025\/08\/IMG_2700.png","contentUrl":"https:\/\/veritasinfo.org\/wp-content\/uploads\/2025\/08\/IMG_2700.png","width":600,"height":360},{"@type":"BreadcrumbList","@id":"https:\/\/veritasinfo.org\/?p=9062#breadcrumb","itemListElement":[{"@type":"ListItem","position":1,"name":"Home","item":"https:\/\/veritasinfo.org\/"},{"@type":"ListItem","position":2,"name":"Kurti ia vazhdon mandatin Komisionit p\u00ebr Verifikimin e Diplomave t\u00eb Universitetit t\u00eb Mitrovic\u00ebs s\u00eb Veriut dhe ndan para p\u00ebr disa ministri"}]},{"@type":"WebSite","@id":"https:\/\/veritasinfo.org\/#website","url":"https:\/\/veritasinfo.org\/","name":"","description":"","potentialAction":[{"@type":"SearchAction","target":{"@type":"EntryPoint","urlTemplate":"https:\/\/veritasinfo.org\/?s={search_term_string}"},"query-input":{"@type":"PropertyValueSpecification","valueRequired":true,"valueName":"search_term_string"}}],"inLanguage":"en-US"},{"@type":"Person","@id":"https:\/\/veritasinfo.org\/#\/schema\/person\/7701f8c088bece422266b100a712374f","name":"admin","image":{"@type":"ImageObject","inLanguage":"en-US","@id":"https:\/\/veritasinfo.org\/#\/schema\/person\/image\/","url":"https:\/\/secure.gravatar.com\/avatar\/ea53aa3bf6c9a12d5fde8ce4deff43fef3885ae33cf60184161a50d6987cfd2f?s=96&d=mm&r=g","contentUrl":"https:\/\/secure.gravatar.com\/avatar\/ea53aa3bf6c9a12d5fde8ce4deff43fef3885ae33cf60184161a50d6987cfd2f?s=96&d=mm&r=g","caption":"admin"},"sameAs":["https:\/\/veritasinfo.org"],"url":"https:\/\/veritasinfo.org\/?author=1"}]}},"featured_image_urls":{"full":["https:\/\/veritasinfo.org\/wp-content\/uploads\/2025\/08\/IMG_2700.png",600,360,false],"thumbnail":["https:\/\/veritasinfo.org\/wp-content\/uploads\/2025\/08\/IMG_2700-150x150.png",150,150,true],"medium":["https:\/\/veritasinfo.org\/wp-content\/uploads\/2025\/08\/IMG_2700-300x180.png",300,180,true],"medium_large":["https:\/\/veritasinfo.org\/wp-content\/uploads\/2025\/08\/IMG_2700.png",600,360,false],"large":["https:\/\/veritasinfo.org\/wp-content\/uploads\/2025\/08\/IMG_2700.png",600,360,false],"1536x1536":["https:\/\/veritasinfo.org\/wp-content\/uploads\/2025\/08\/IMG_2700.png",600,360,false],"2048x2048":["https:\/\/veritasinfo.org\/wp-content\/uploads\/2025\/08\/IMG_2700.png",600,360,false],"kreeti-slider-full":["https:\/\/veritasinfo.org\/wp-content\/uploads\/2025\/08\/IMG_2700.png",600,360,false],"kreeti-featured":["https:\/\/veritasinfo.org\/wp-content\/uploads\/2025\/08\/IMG_2700.png",600,360,false],"kreeti-medium":["https:\/\/veritasinfo.org\/wp-content\/uploads\/2025\/08\/IMG_2700.png",600,360,false],"kreeti-medium-square":["https:\/\/veritasinfo.org\/wp-content\/uploads\/2025\/08\/IMG_2700.png",350,210,false]},"author_info":{"info":["admin"]},"category_info":"<a href=\"https:\/\/veritasinfo.org\/?cat=60\" rel=\"category\">Shoq\u00ebrore<\/a>","tag_info":"Shoq\u00ebrore","comment_count":"0","_links":{"self":[{"href":"https:\/\/veritasinfo.org\/index.php?rest_route=\/wp\/v2\/posts\/9062","targetHints":{"allow":["GET"]}}],"collection":[{"href":"https:\/\/veritasinfo.org\/index.php?rest_route=\/wp\/v2\/posts"}],"about":[{"href":"https:\/\/veritasinfo.org\/index.php?rest_route=\/wp\/v2\/types\/post"}],"author":[{"embeddable":true,"href":"https:\/\/veritasinfo.org\/index.php?rest_route=\/wp\/v2\/users\/1"}],"replies":[{"embeddable":true,"href":"https:\/\/veritasinfo.org\/index.php?rest_route=%2Fwp%2Fv2%2Fcomments&post=9062"}],"version-history":[{"count":1,"href":"https:\/\/veritasinfo.org\/index.php?rest_route=\/wp\/v2\/posts\/9062\/revisions"}],"predecessor-version":[{"id":9064,"href":"https:\/\/veritasinfo.org\/index.php?rest_route=\/wp\/v2\/posts\/9062\/revisions\/9064"}],"wp:featuredmedia":[{"embeddable":true,"href":"https:\/\/veritasinfo.org\/index.php?rest_route=\/wp\/v2\/media\/9063"}],"wp:attachment":[{"href":"https:\/\/veritasinfo.org\/index.php?rest_route=%2Fwp%2Fv2%2Fmedia&parent=9062"}],"wp:term":[{"taxonomy":"category","embeddable":true,"href":"https:\/\/veritasinfo.org\/index.php?rest_route=%2Fwp%2Fv2%2Fcategories&post=9062"},{"taxonomy":"post_tag","embeddable":true,"href":"https:\/\/veritasinfo.org\/index.php?rest_route=%2Fwp%2Fv2%2Ftags&post=9062"}],"curies":[{"name":"wp","href":"https:\/\/api.w.org\/{rel}","templated":true}]}}