{"id":905,"date":"2025-06-17T19:39:12","date_gmt":"2025-06-17T17:39:12","guid":{"rendered":"https:\/\/veritasinfo.org\/?p=905"},"modified":"2025-06-17T19:39:12","modified_gmt":"2025-06-17T17:39:12","slug":"prokurori-shala-leshon-urdher-arrest-ndaj-milan-radojiciq-per-barrikadat-e-vitit-2022-ne-veri","status":"publish","type":"post","link":"https:\/\/veritasinfo.org\/?p=905","title":{"rendered":"Prokurori Shala l\u00ebshon urdh\u00ebr-arrest ndaj Milan Radoji\u00e7iq p\u00ebr barrikadat e vitit 2022 n\u00eb veri"},"content":{"rendered":"<p><b><i>Prokuroria Speciale ka l\u00ebshuar let\u00ebr-rreshtim vendor e nd\u00ebrkomb\u00ebtar ndaj Milan Radoji\u00e7iq dhe grupit t\u00eb tij, si dhe urdh\u00ebrarrest ndaj tyre n\u00eb lidhje me barrikadat n\u00eb veri t\u00eb vendit n\u00eb vitin 2022, merr vesh Gazeta Nacionale. P\u00ebrmes burimeve, Nacionale ka marr\u00eb vesh se n\u00ebn hetime p\u00ebr k\u00ebt\u00eb rast jan\u00eb 46 persona. P\u00ebr Radoji\u00e7iq dhe 10 persona t\u00eb tjer\u00eb (gjithsejt 11) \u00ebsht\u00eb l\u00ebshuar urdh\u00ebrarrest, dhe let\u00ebr-rreshtim vendor e nd\u00ebrkomb\u00ebtar. Prokuror i rastit \u00ebsht\u00eb po i njejti q\u00eb po merret me dallaveret n\u00eb Ministrin\u00eb e Faton Pecit, Admir Shala.<\/i><\/b><\/p>\n<p>Gjat\u00eb dit\u00ebs nga Prokuroria Speciale u b\u00eb e ditur se p\u00ebr barrikadat \u00ebsht\u00eb ftuar p\u00ebr intervistim edhe Kryetari i List\u00ebs Serbe, Zlatan Elek, p\u00ebr t\u00eb cilin intervistimi do t\u00eb b\u00ebhet nj\u00eb dit\u00eb tjet\u00ebr.<\/p>\n<p>\u201c<i>Intervistmi i z.Elek \u00ebsht\u00eb shtyr\u00eb me k\u00ebrkes\u00eb t\u00eb mbrojtjes p\u00ebr nj\u00eb dat\u00eb tjet\u00ebr, p\u00ebr arsye sh\u00ebndet\u00ebsore t\u00eb avokatit t\u00eb z.Elek\u201d \u2013<\/i> ka th\u00ebn\u00eb z\u00ebdh\u00ebn\u00ebsja e Prokuroris\u00eb Speciale.<\/p>\n<h5>Barrikadat e vitit 2022<\/h5>\n<p>M\u00eb 10 dhjetor 2022, Policia e Kosov\u00ebs kishte arrestuar ish-policin serb, Dejan Pantiq.<\/p>\n<p>Ky i fundit ishte i dyshuari kryesor p\u00ebr organizimin e sulmit terrorist ndaj zyrave t\u00eb KQZ-s\u00eb n\u00eb veri t\u00eb Mitrovic\u00ebs \u2014p\u00ebrpjekje kjo p\u00ebr t\u2019i sabotuar zgjedhjet lokale p\u00ebr komunat veriore q\u00eb ishin parapar\u00eb t\u00eb mbaheshin me 18 dhjetor.<\/p>\n<p>Dhjetra serb\u00eb, t\u00eb organizuar nga strukturat paralele n\u00eb veri, kishin sfiduar institucionet e siguris\u00eb duke barrikaduar rrug\u00ebt kryesore n\u00eb veri.<\/p>\n<p>Duke qen\u00eb se Policia e Kosov\u00ebs nuk zot\u00ebronte helikopter\u00eb, ajo u detyrua t\u00eb \u2018ngujohej\u2019 n\u00eb barakat e pik\u00ebkalimit kufitar n\u00eb Jarinje bashk\u00eb me serbin e arrestuar.<\/p>\n<p>P\u00ebr tet\u00ebmb\u00ebdhjet\u00eb dit\u00eb me radh\u00eb, kryeministri i Kosov\u00ebs Albin Kurti dhe ministri i tij i Brendsh\u00ebm Xhelal Sve\u00e7la <b><a href=\"https:\/\/nacionale.com\/politike\/macoku-qe-ben-si-luan-kurti-nuk-hoqi-asnje-barrikade-serbe\">nuk guxuan t\u00eb japin urdh\u00ebr<\/a><\/b> p\u00ebr largimin e barrikadave ashtu q\u00eb t\u00eb garantohej liria e l\u00ebvizjes n\u00eb k\u00ebt\u00eb pjes\u00eb t\u00eb Kosov\u00ebs.<\/p>\n<p>Me nd\u00ebrmjet\u00ebsimin e BE-s\u00eb dhe ShBA-s\u00eb, presidenti serb Aleksand\u00ebr Vu\u00e7iq dhe kryeministri Albin Kurti u pajtuan p\u00ebr gjetjen e nj\u00eb zgjidhje p\u00ebr deeskalimin e gjendjes n\u00eb veri.<a href=\"https:\/\/www.eeas.europa.eu\/eeas\/north-kosovo-joint-statement-spokesperson-eu-high-representative-and-us-state-department-principal_en\"><\/p>\n<p><\/a><b><a href=\"https:\/\/www.eeas.europa.eu\/eeas\/north-kosovo-joint-statement-spokesperson-eu-high-representative-and-us-state-department-principal_en\">N\u00eb nj\u00eb kumtes\u00eb q\u00eb e kishte l\u00ebshuar Sh\u00ebrbimi Evropian p\u00ebr Veprim t\u00eb Jasht\u00ebm (EEAS)<\/a>,<\/b>Kurti dhe udh\u00ebheqja kosovare kishin pranuar nj\u00eb nga k\u00ebrkesat kryesore t\u00eb Serbis\u00eb: mosarrestimin e atyre q\u00eb i bllokonin rrug\u00ebt n\u00eb veri p\u00ebrmes barrikadave.<\/p>\n<p>\u201cNe mir\u00ebpresim garancit\u00eb e udh\u00ebheq\u00ebsis\u00eb s\u00eb Kosov\u00ebs q\u00eb konfirmon se nuk ekzistojn\u00eb kurrfar\u00eb listash p\u00ebr arrestimin apo p\u00ebrndjekjen e qytetar\u00ebve serb\u00eb t\u00eb Kosov\u00ebs p\u00ebr protesta e barrikada paq\u00ebsore\u201d, thuhej n\u00eb njoftimin e Brukselit.<\/p>\n","protected":false},"excerpt":{"rendered":"<p>Prokuroria Speciale ka l\u00ebshuar let\u00ebr-rreshtim vendor e nd\u00ebrkomb\u00ebtar ndaj Milan Radoji\u00e7iq dhe grupit t\u00eb tij, si dhe urdh\u00ebrarrest ndaj tyre n\u00eb lidhje me barrikadat n\u00eb<\/p>\n","protected":false},"author":1,"featured_media":906,"comment_status":"open","ping_status":"open","sticky":false,"template":"","format":"standard","meta":{"footnotes":""},"categories":[58],"tags":[],"class_list":["post-905","post","type-post","status-publish","format-standard","has-post-thumbnail","hentry","category-politike-sq"],"yoast_head":"<!-- This site is optimized with the Yoast SEO plugin v25.3.1 - https:\/\/yoast.com\/wordpress\/plugins\/seo\/ -->\n<title>Prokurori Shala l\u00ebshon urdh\u00ebr-arrest ndaj Milan Radoji\u00e7iq p\u00ebr barrikadat e vitit 2022 n\u00eb veri -<\/title>\n<meta name=\"robots\" content=\"index, follow, max-snippet:-1, max-image-preview:large, max-video-preview:-1\" \/>\n<link rel=\"canonical\" href=\"https:\/\/veritasinfo.org\/?p=905\" \/>\n<meta property=\"og:locale\" content=\"en_US\" \/>\n<meta property=\"og:type\" content=\"article\" \/>\n<meta property=\"og:title\" content=\"Prokurori Shala l\u00ebshon urdh\u00ebr-arrest ndaj Milan Radoji\u00e7iq p\u00ebr barrikadat e vitit 2022 n\u00eb veri -\" \/>\n<meta property=\"og:description\" content=\"Prokuroria Speciale ka l\u00ebshuar let\u00ebr-rreshtim vendor e nd\u00ebrkomb\u00ebtar ndaj Milan Radoji\u00e7iq dhe grupit t\u00eb tij, si dhe urdh\u00ebrarrest ndaj tyre n\u00eb lidhje me barrikadat n\u00eb\" \/>\n<meta property=\"og:url\" content=\"https:\/\/veritasinfo.org\/?p=905\" \/>\n<meta property=\"article:published_time\" content=\"2025-06-17T17:39:12+00:00\" \/>\n<meta property=\"og:image\" content=\"https:\/\/veritasinfo.org\/wp-content\/uploads\/2025\/06\/IMG_9969.jpeg\" \/>\n\t<meta property=\"og:image:width\" content=\"1269\" \/>\n\t<meta property=\"og:image:height\" content=\"950\" \/>\n\t<meta property=\"og:image:type\" content=\"image\/jpeg\" \/>\n<meta name=\"author\" content=\"admin\" \/>\n<meta name=\"twitter:card\" content=\"summary_large_image\" \/>\n<meta name=\"twitter:label1\" content=\"Written by\" \/>\n\t<meta name=\"twitter:data1\" content=\"admin\" \/>\n\t<meta name=\"twitter:label2\" content=\"Est. reading time\" \/>\n\t<meta name=\"twitter:data2\" content=\"2 minutes\" \/>\n<script type=\"application\/ld+json\" class=\"yoast-schema-graph\">{\"@context\":\"https:\/\/schema.org\",\"@graph\":[{\"@type\":\"WebPage\",\"@id\":\"https:\/\/veritasinfo.org\/?p=905\",\"url\":\"https:\/\/veritasinfo.org\/?p=905\",\"name\":\"Prokurori Shala l\u00ebshon urdh\u00ebr-arrest ndaj Milan Radoji\u00e7iq p\u00ebr barrikadat e vitit 2022 n\u00eb veri -\",\"isPartOf\":{\"@id\":\"https:\/\/veritasinfo.org\/#website\"},\"primaryImageOfPage\":{\"@id\":\"https:\/\/veritasinfo.org\/?p=905#primaryimage\"},\"image\":{\"@id\":\"https:\/\/veritasinfo.org\/?p=905#primaryimage\"},\"thumbnailUrl\":\"https:\/\/veritasinfo.org\/wp-content\/uploads\/2025\/06\/IMG_9969.jpeg\",\"datePublished\":\"2025-06-17T17:39:12+00:00\",\"author\":{\"@id\":\"https:\/\/veritasinfo.org\/#\/schema\/person\/7701f8c088bece422266b100a712374f\"},\"breadcrumb\":{\"@id\":\"https:\/\/veritasinfo.org\/?p=905#breadcrumb\"},\"inLanguage\":\"en-US\",\"potentialAction\":[{\"@type\":\"ReadAction\",\"target\":[\"https:\/\/veritasinfo.org\/?p=905\"]}]},{\"@type\":\"ImageObject\",\"inLanguage\":\"en-US\",\"@id\":\"https:\/\/veritasinfo.org\/?p=905#primaryimage\",\"url\":\"https:\/\/veritasinfo.org\/wp-content\/uploads\/2025\/06\/IMG_9969.jpeg\",\"contentUrl\":\"https:\/\/veritasinfo.org\/wp-content\/uploads\/2025\/06\/IMG_9969.jpeg\",\"width\":1269,\"height\":950},{\"@type\":\"BreadcrumbList\",\"@id\":\"https:\/\/veritasinfo.org\/?p=905#breadcrumb\",\"itemListElement\":[{\"@type\":\"ListItem\",\"position\":1,\"name\":\"Home\",\"item\":\"https:\/\/veritasinfo.org\/\"},{\"@type\":\"ListItem\",\"position\":2,\"name\":\"Prokurori Shala l\u00ebshon urdh\u00ebr-arrest ndaj Milan Radoji\u00e7iq p\u00ebr barrikadat e vitit 2022 n\u00eb veri\"}]},{\"@type\":\"WebSite\",\"@id\":\"https:\/\/veritasinfo.org\/#website\",\"url\":\"https:\/\/veritasinfo.org\/\",\"name\":\"\",\"description\":\"\",\"potentialAction\":[{\"@type\":\"SearchAction\",\"target\":{\"@type\":\"EntryPoint\",\"urlTemplate\":\"https:\/\/veritasinfo.org\/?s={search_term_string}\"},\"query-input\":{\"@type\":\"PropertyValueSpecification\",\"valueRequired\":true,\"valueName\":\"search_term_string\"}}],\"inLanguage\":\"en-US\"},{\"@type\":\"Person\",\"@id\":\"https:\/\/veritasinfo.org\/#\/schema\/person\/7701f8c088bece422266b100a712374f\",\"name\":\"admin\",\"image\":{\"@type\":\"ImageObject\",\"inLanguage\":\"en-US\",\"@id\":\"https:\/\/veritasinfo.org\/#\/schema\/person\/image\/\",\"url\":\"https:\/\/secure.gravatar.com\/avatar\/ea53aa3bf6c9a12d5fde8ce4deff43fef3885ae33cf60184161a50d6987cfd2f?s=96&d=mm&r=g\",\"contentUrl\":\"https:\/\/secure.gravatar.com\/avatar\/ea53aa3bf6c9a12d5fde8ce4deff43fef3885ae33cf60184161a50d6987cfd2f?s=96&d=mm&r=g\",\"caption\":\"admin\"},\"sameAs\":[\"https:\/\/veritasinfo.org\"],\"url\":\"https:\/\/veritasinfo.org\/?author=1\"}]}<\/script>\n<!-- \/ Yoast SEO plugin. -->","yoast_head_json":{"title":"Prokurori Shala l\u00ebshon urdh\u00ebr-arrest ndaj Milan Radoji\u00e7iq p\u00ebr barrikadat e vitit 2022 n\u00eb veri -","robots":{"index":"index","follow":"follow","max-snippet":"max-snippet:-1","max-image-preview":"max-image-preview:large","max-video-preview":"max-video-preview:-1"},"canonical":"https:\/\/veritasinfo.org\/?p=905","og_locale":"en_US","og_type":"article","og_title":"Prokurori Shala l\u00ebshon urdh\u00ebr-arrest ndaj Milan Radoji\u00e7iq p\u00ebr barrikadat e vitit 2022 n\u00eb veri -","og_description":"Prokuroria Speciale ka l\u00ebshuar let\u00ebr-rreshtim vendor e nd\u00ebrkomb\u00ebtar ndaj Milan Radoji\u00e7iq dhe grupit t\u00eb tij, si dhe urdh\u00ebrarrest ndaj tyre n\u00eb lidhje me barrikadat n\u00eb","og_url":"https:\/\/veritasinfo.org\/?p=905","article_published_time":"2025-06-17T17:39:12+00:00","og_image":[{"width":1269,"height":950,"url":"https:\/\/veritasinfo.org\/wp-content\/uploads\/2025\/06\/IMG_9969.jpeg","type":"image\/jpeg"}],"author":"admin","twitter_card":"summary_large_image","twitter_misc":{"Written by":"admin","Est. reading time":"2 minutes"},"schema":{"@context":"https:\/\/schema.org","@graph":[{"@type":"WebPage","@id":"https:\/\/veritasinfo.org\/?p=905","url":"https:\/\/veritasinfo.org\/?p=905","name":"Prokurori Shala l\u00ebshon urdh\u00ebr-arrest ndaj Milan Radoji\u00e7iq p\u00ebr barrikadat e vitit 2022 n\u00eb veri -","isPartOf":{"@id":"https:\/\/veritasinfo.org\/#website"},"primaryImageOfPage":{"@id":"https:\/\/veritasinfo.org\/?p=905#primaryimage"},"image":{"@id":"https:\/\/veritasinfo.org\/?p=905#primaryimage"},"thumbnailUrl":"https:\/\/veritasinfo.org\/wp-content\/uploads\/2025\/06\/IMG_9969.jpeg","datePublished":"2025-06-17T17:39:12+00:00","author":{"@id":"https:\/\/veritasinfo.org\/#\/schema\/person\/7701f8c088bece422266b100a712374f"},"breadcrumb":{"@id":"https:\/\/veritasinfo.org\/?p=905#breadcrumb"},"inLanguage":"en-US","potentialAction":[{"@type":"ReadAction","target":["https:\/\/veritasinfo.org\/?p=905"]}]},{"@type":"ImageObject","inLanguage":"en-US","@id":"https:\/\/veritasinfo.org\/?p=905#primaryimage","url":"https:\/\/veritasinfo.org\/wp-content\/uploads\/2025\/06\/IMG_9969.jpeg","contentUrl":"https:\/\/veritasinfo.org\/wp-content\/uploads\/2025\/06\/IMG_9969.jpeg","width":1269,"height":950},{"@type":"BreadcrumbList","@id":"https:\/\/veritasinfo.org\/?p=905#breadcrumb","itemListElement":[{"@type":"ListItem","position":1,"name":"Home","item":"https:\/\/veritasinfo.org\/"},{"@type":"ListItem","position":2,"name":"Prokurori Shala l\u00ebshon urdh\u00ebr-arrest ndaj Milan Radoji\u00e7iq p\u00ebr barrikadat e vitit 2022 n\u00eb veri"}]},{"@type":"WebSite","@id":"https:\/\/veritasinfo.org\/#website","url":"https:\/\/veritasinfo.org\/","name":"","description":"","potentialAction":[{"@type":"SearchAction","target":{"@type":"EntryPoint","urlTemplate":"https:\/\/veritasinfo.org\/?s={search_term_string}"},"query-input":{"@type":"PropertyValueSpecification","valueRequired":true,"valueName":"search_term_string"}}],"inLanguage":"en-US"},{"@type":"Person","@id":"https:\/\/veritasinfo.org\/#\/schema\/person\/7701f8c088bece422266b100a712374f","name":"admin","image":{"@type":"ImageObject","inLanguage":"en-US","@id":"https:\/\/veritasinfo.org\/#\/schema\/person\/image\/","url":"https:\/\/secure.gravatar.com\/avatar\/ea53aa3bf6c9a12d5fde8ce4deff43fef3885ae33cf60184161a50d6987cfd2f?s=96&d=mm&r=g","contentUrl":"https:\/\/secure.gravatar.com\/avatar\/ea53aa3bf6c9a12d5fde8ce4deff43fef3885ae33cf60184161a50d6987cfd2f?s=96&d=mm&r=g","caption":"admin"},"sameAs":["https:\/\/veritasinfo.org"],"url":"https:\/\/veritasinfo.org\/?author=1"}]}},"featured_image_urls":{"full":["https:\/\/veritasinfo.org\/wp-content\/uploads\/2025\/06\/IMG_9969.jpeg",1269,950,false],"thumbnail":["https:\/\/veritasinfo.org\/wp-content\/uploads\/2025\/06\/IMG_9969-150x150.jpeg",150,150,true],"medium":["https:\/\/veritasinfo.org\/wp-content\/uploads\/2025\/06\/IMG_9969-300x225.jpeg",300,225,true],"medium_large":["https:\/\/veritasinfo.org\/wp-content\/uploads\/2025\/06\/IMG_9969-768x575.jpeg",640,479,true],"large":["https:\/\/veritasinfo.org\/wp-content\/uploads\/2025\/06\/IMG_9969-1024x767.jpeg",640,479,true],"1536x1536":["https:\/\/veritasinfo.org\/wp-content\/uploads\/2025\/06\/IMG_9969.jpeg",1269,950,false],"2048x2048":["https:\/\/veritasinfo.org\/wp-content\/uploads\/2025\/06\/IMG_9969.jpeg",1269,950,false],"kreeti-slider-full":["https:\/\/veritasinfo.org\/wp-content\/uploads\/2025\/06\/IMG_9969.jpeg",962,720,false],"kreeti-featured":["https:\/\/veritasinfo.org\/wp-content\/uploads\/2025\/06\/IMG_9969.jpeg",1024,767,false],"kreeti-medium":["https:\/\/veritasinfo.org\/wp-content\/uploads\/2025\/06\/IMG_9969.jpeg",708,530,false],"kreeti-medium-square":["https:\/\/veritasinfo.org\/wp-content\/uploads\/2025\/06\/IMG_9969.jpeg",350,262,false]},"author_info":{"info":["admin"]},"category_info":"<a href=\"https:\/\/veritasinfo.org\/?cat=58\" rel=\"category\">Politik\u00eb<\/a>","tag_info":"Politik\u00eb","comment_count":"0","_links":{"self":[{"href":"https:\/\/veritasinfo.org\/index.php?rest_route=\/wp\/v2\/posts\/905","targetHints":{"allow":["GET"]}}],"collection":[{"href":"https:\/\/veritasinfo.org\/index.php?rest_route=\/wp\/v2\/posts"}],"about":[{"href":"https:\/\/veritasinfo.org\/index.php?rest_route=\/wp\/v2\/types\/post"}],"author":[{"embeddable":true,"href":"https:\/\/veritasinfo.org\/index.php?rest_route=\/wp\/v2\/users\/1"}],"replies":[{"embeddable":true,"href":"https:\/\/veritasinfo.org\/index.php?rest_route=%2Fwp%2Fv2%2Fcomments&post=905"}],"version-history":[{"count":1,"href":"https:\/\/veritasinfo.org\/index.php?rest_route=\/wp\/v2\/posts\/905\/revisions"}],"predecessor-version":[{"id":907,"href":"https:\/\/veritasinfo.org\/index.php?rest_route=\/wp\/v2\/posts\/905\/revisions\/907"}],"wp:featuredmedia":[{"embeddable":true,"href":"https:\/\/veritasinfo.org\/index.php?rest_route=\/wp\/v2\/media\/906"}],"wp:attachment":[{"href":"https:\/\/veritasinfo.org\/index.php?rest_route=%2Fwp%2Fv2%2Fmedia&parent=905"}],"wp:term":[{"taxonomy":"category","embeddable":true,"href":"https:\/\/veritasinfo.org\/index.php?rest_route=%2Fwp%2Fv2%2Fcategories&post=905"},{"taxonomy":"post_tag","embeddable":true,"href":"https:\/\/veritasinfo.org\/index.php?rest_route=%2Fwp%2Fv2%2Ftags&post=905"}],"curies":[{"name":"wp","href":"https:\/\/api.w.org\/{rel}","templated":true}]}}