{"id":9044,"date":"2025-08-22T14:31:33","date_gmt":"2025-08-22T12:31:33","guid":{"rendered":"https:\/\/veritasinfo.org\/?p=9044"},"modified":"2025-08-22T14:31:33","modified_gmt":"2025-08-22T12:31:33","slug":"qytetaret-ne-veri-te-kosoves-per-vendimin-e-kqz-se-nese-lista-serbe-nuk-merr-pjese-ndoshta-me-ne-fund-do-te-shfaqet-ndonje-alternative-e-re-njerezit-e-kane-humbur-besimin-tek-ata","status":"publish","type":"post","link":"https:\/\/veritasinfo.org\/?p=9044","title":{"rendered":"Qytetar\u00ebt n\u00eb veri t\u00eb Kosov\u00ebs p\u00ebr vendimin e KQZ-s\u00eb: \u201cN\u00ebse Lista Serbe nuk merr pjes\u00eb, ndoshta m\u00eb n\u00eb fund do t\u00eb shfaqet ndonj\u00eb alternativ\u00eb e re, njer\u00ebzit e kan\u00eb humbur besimin tek ata\u201d"},"content":{"rendered":"<p><strong>Mitrovic\u00eb e Veriut 22 gusht 2025<\/strong><\/p>\n<p>Vendimi i Komisionit Qendror Zgjedhor (KQZ) t\u00eb Kosov\u00ebs p\u00ebr t\u00eb refuzuar certifikimin e List\u00ebs Serbe p\u00ebr pjes\u00ebmarrje n\u00eb zgjedhjet e ardhshme lokale n\u00eb Kosov\u00eb shkaktoi reagime nga qytetar\u00ebt.<\/p>\n<p>Derisa zyrtar\u00ebt e List\u00ebs Serbe ende pretendojn\u00eb se b\u00ebhet fjal\u00eb p\u00ebr eliminimin politik t\u00eb faktorit serb, midis qytetar\u00ebve t\u00eb veriut t\u00eb Kosov\u00ebs d\u00ebgjohen gjithnj\u00eb e m\u00eb shum\u00eb z\u00ebra se &#8220;nuk u vjen aspak keq&#8221; p\u00ebr k\u00ebt\u00eb.<\/p>\n<p>&#8220;P\u00ebr vite me radh\u00eb, ata e paraqit\u00ebn veten si mbrojt\u00ebsit e vet\u00ebm t\u00eb serb\u00ebve, por n\u00eb fakt shikonin vet\u00ebm xhepat e tyre. Na dhan\u00eb th\u00ebrrime dhe mor\u00ebn gjith\u00e7ka p\u00ebr vete. Le ta ndiejn\u00eb edhe ata pak se \u00e7far\u00eb do t\u00eb thot\u00eb t\u00eb jesh pa pushtet&#8221;, thot\u00eb Milan Mojsiq nga Zubina Potok.<\/p>\n<p>Ngjash\u00ebm \u00a0mendon edhe Marija Antiq nga Mitrovica e Veriut mendon: &#8220;I lumt\u00eb atij q\u00eb i nxori nga gara. Vjedh\u00ebn mjaftuesh\u00ebm dhe mashtruan popullin. N\u00ebse asgj\u00eb tjet\u00ebr, ndoshta do t\u00eb shfaqen disa njer\u00ebz t\u00eb rinj q\u00eb me t\u00eb v\u00ebrtet\u00eb kujdesen p\u00ebr njer\u00ebzit e thjesht\u00eb\u201d, u shpreh ajo.<\/p>\n<p>Qytetar\u00ebt theksojn\u00eb se monopoli i List\u00ebs Serbe mbi jet\u00ebn politike t\u00eb serb\u00ebve n\u00eb Kosov\u00eb nuk \u00ebsht\u00eb m\u00eb i q\u00ebndruesh\u00ebm. &#8220;\u00c7do gj\u00eb kalon p\u00ebrmes tyre &#8211; puna, ndihma, madje edhe dokumentet m\u00eb t\u00eb zakonshme. Kushdo q\u00eb nuk \u00ebsht\u00eb me ta, nuk ka asgj\u00eb. Kjo nuk \u00ebsht\u00eb demokraci, kjo \u00ebsht\u00eb shantazh&#8221;, thekson Goran Trifunoviq nga Leposaviqi.<\/p>\n<p>Disa banor\u00eb argumentojn\u00eb se mohimi i certifikimit mund t\u00eb jet\u00eb nj\u00eb mund\u00ebsi p\u00ebr ndryshim. &#8220;Ata na soll\u00ebn k\u00ebtu t\u00eb izoluar, t\u00eb posht\u00ebruar dhe pa perspektiv\u00eb. N\u00ebse nuk jan\u00eb n\u00eb zgjedhje, ndoshta do t\u00eb hapet hap\u00ebsir\u00eb \u200b\u200bp\u00ebr nj\u00eb politik\u00eb t\u00eb re, n\u00eb m\u00ebnyr\u00eb q\u00eb m\u00eb n\u00eb fund t\u00eb mund t\u00eb zgjedhim dhe t\u00eb mos na imponohet&#8221;, thot\u00eb Dragani, nj\u00eb shofer taksie nga Zve\u00e7ani.<\/p>\n<p>Midis popullsis\u00eb s\u00eb re, ka shpres\u00eb se kjo do t\u00eb jet\u00eb nj\u00eb pik\u00eb kthese. &#8220;Dua t\u00eb votoj p\u00ebr her\u00eb t\u00eb par\u00eb, por jo p\u00ebr ta. Dua dik\u00eb q\u00eb t\u00eb flas\u00eb p\u00ebr problemet tona, p\u00ebr arsimin, p\u00ebr pun\u00ebsimin dhe jo vet\u00ebm p\u00ebr politik\u00ebn e madhe. N\u00ebse Lista Serbe nuk merr pjes\u00eb, ndoshta m\u00eb n\u00eb fund do t\u00eb shfaqet nj\u00eb alternativ\u00eb&#8221;, shton studentja Ivana Dobriq nga Mitrovica e Veriut.<\/p>\n<p>Megjithat\u00eb, ka nga ata q\u00eb jan\u00eb skeptik\u00eb. &#8220;Ndoshta t\u00eb nj\u00ebjtat fytyra do t\u00eb shfaqen vet\u00ebm n\u00eb parti t\u00eb reja. Njer\u00ebzit k\u00ebtu e kan\u00eb humbur besimin n\u00eb politik\u00eb, por kjo \u00ebsht\u00eb m\u00eb mir\u00eb sesa t\u00eb mbahen p\u00ebrs\u00ebri nga nj\u00eb qend\u00ebr pushteti&#8221;, p\u00ebrfundon Sasha Andriq nga Zubin Potoku.<\/p>\n<p>Kandidati i iniciativ\u00ebs s\u00eb sapoformuar civile &#8220;Veriu p\u00ebr t\u00eb Gjith\u00eb&#8221;, Marko Jakshiq, shkroi n\u00eb rrjetet sociale se kjo \u00ebsht\u00eb vet\u00ebm nj\u00eb shfaqje, pra nj\u00eb kund\u00ebrsh\u00ebrbim q\u00eb u \u00ebsht\u00eb b\u00ebr\u00eb atyre nga autoritetet n\u00eb Prishtina, duke pretenduar se Lista Serbe p\u00ebrfundimisht do t\u00eb jet\u00eb nj\u00eb pjes\u00ebmarr\u00ebse aktive n\u00eb zgjedhjet lokale n\u00eb Kosov\u00eb.<\/p>\n<p>Milija Bishevac, kryetarL\u00ebvizjes Popullore Serbe, partia e s\u00eb cil\u00ebs \u00ebsht\u00eb certifikuar p\u00ebr t\u00eb marr\u00eb pjes\u00eb n\u00eb zgjedhje, i tha portalit Veritasinfo: &#8220;Ne besojm\u00eb se vendimi i KQZ-s\u00eb p\u00ebr t\u00eb mos certifikuar List\u00ebn Serbe \u00ebsht\u00eb nj\u00eb tjet\u00ebr vendim i fushat\u00ebs dhe i motivuar politikisht. Ka dyshime t\u00eb caktuara se kjo \u00ebsht\u00eb gjithashtu nj\u00eb marr\u00ebveshje p\u00ebr t\u00eb rritur vler\u00ebsimin dhe p\u00ebr t&#8217;i dh\u00ebn\u00eb r\u00ebnd\u00ebsi List\u00ebs Serbe, e cila \u00ebsht\u00eb tashm\u00eb e l\u00ebkundur, sepse ky nuk \u00ebsht\u00eb rasti i par\u00eb, nj\u00eb gj\u00eb e ngjashme ndodhi n\u00eb zgjedhjet parlamentare\u201d.<\/p>\n","protected":false},"excerpt":{"rendered":"<p>Mitrovic\u00eb e Veriut 22 gusht 2025 Vendimi i Komisionit Qendror Zgjedhor (KQZ) t\u00eb Kosov\u00ebs p\u00ebr t\u00eb refuzuar certifikimin e List\u00ebs Serbe p\u00ebr pjes\u00ebmarrje n\u00eb zgjedhjet<\/p>\n","protected":false},"author":2,"featured_media":9045,"comment_status":"open","ping_status":"open","sticky":false,"template":"","format":"standard","meta":{"footnotes":""},"categories":[58],"tags":[],"class_list":["post-9044","post","type-post","status-publish","format-standard","has-post-thumbnail","hentry","category-politike-sq"],"yoast_head":"<!-- This site is optimized with the Yoast SEO plugin v25.3.1 - https:\/\/yoast.com\/wordpress\/plugins\/seo\/ -->\n<title>Qytetar\u00ebt n\u00eb veri t\u00eb Kosov\u00ebs p\u00ebr vendimin e KQZ-s\u00eb: \u201cN\u00ebse Lista Serbe nuk merr pjes\u00eb, ndoshta m\u00eb n\u00eb fund do t\u00eb shfaqet ndonj\u00eb alternativ\u00eb e re, njer\u00ebzit e kan\u00eb humbur besimin tek ata\u201d -<\/title>\n<meta name=\"robots\" content=\"index, follow, max-snippet:-1, max-image-preview:large, max-video-preview:-1\" \/>\n<link rel=\"canonical\" href=\"https:\/\/veritasinfo.org\/?p=9044\" \/>\n<meta property=\"og:locale\" content=\"en_US\" \/>\n<meta property=\"og:type\" content=\"article\" \/>\n<meta property=\"og:title\" content=\"Qytetar\u00ebt n\u00eb veri t\u00eb Kosov\u00ebs p\u00ebr vendimin e KQZ-s\u00eb: \u201cN\u00ebse Lista Serbe nuk merr pjes\u00eb, ndoshta m\u00eb n\u00eb fund do t\u00eb shfaqet ndonj\u00eb alternativ\u00eb e re, njer\u00ebzit e kan\u00eb humbur besimin tek ata\u201d -\" \/>\n<meta property=\"og:description\" content=\"Mitrovic\u00eb e Veriut 22 gusht 2025 Vendimi i Komisionit Qendror Zgjedhor (KQZ) t\u00eb Kosov\u00ebs p\u00ebr t\u00eb refuzuar certifikimin e List\u00ebs Serbe p\u00ebr pjes\u00ebmarrje n\u00eb zgjedhjet\" \/>\n<meta property=\"og:url\" content=\"https:\/\/veritasinfo.org\/?p=9044\" \/>\n<meta property=\"article:published_time\" content=\"2025-08-22T12:31:33+00:00\" \/>\n<meta property=\"og:image\" content=\"https:\/\/veritasinfo.org\/wp-content\/uploads\/2025\/08\/mitrovica-qytet.jpg\" \/>\n\t<meta property=\"og:image:width\" content=\"1600\" \/>\n\t<meta property=\"og:image:height\" content=\"1200\" \/>\n\t<meta property=\"og:image:type\" content=\"image\/jpeg\" \/>\n<meta name=\"author\" content=\"US1\" \/>\n<meta name=\"twitter:card\" content=\"summary_large_image\" \/>\n<meta name=\"twitter:label1\" content=\"Written by\" \/>\n\t<meta name=\"twitter:data1\" content=\"US1\" \/>\n\t<meta name=\"twitter:label2\" content=\"Est. reading time\" \/>\n\t<meta name=\"twitter:data2\" content=\"3 minutes\" \/>\n<script type=\"application\/ld+json\" class=\"yoast-schema-graph\">{\"@context\":\"https:\/\/schema.org\",\"@graph\":[{\"@type\":\"WebPage\",\"@id\":\"https:\/\/veritasinfo.org\/?p=9044\",\"url\":\"https:\/\/veritasinfo.org\/?p=9044\",\"name\":\"Qytetar\u00ebt n\u00eb veri t\u00eb Kosov\u00ebs p\u00ebr vendimin e KQZ-s\u00eb: \u201cN\u00ebse Lista Serbe nuk merr pjes\u00eb, ndoshta m\u00eb n\u00eb fund do t\u00eb shfaqet ndonj\u00eb alternativ\u00eb e re, njer\u00ebzit e kan\u00eb humbur besimin tek ata\u201d -\",\"isPartOf\":{\"@id\":\"https:\/\/veritasinfo.org\/#website\"},\"primaryImageOfPage\":{\"@id\":\"https:\/\/veritasinfo.org\/?p=9044#primaryimage\"},\"image\":{\"@id\":\"https:\/\/veritasinfo.org\/?p=9044#primaryimage\"},\"thumbnailUrl\":\"https:\/\/veritasinfo.org\/wp-content\/uploads\/2025\/08\/mitrovica-qytet.jpg\",\"datePublished\":\"2025-08-22T12:31:33+00:00\",\"author\":{\"@id\":\"https:\/\/veritasinfo.org\/#\/schema\/person\/c2b8be262ea994d0995addca692c5e98\"},\"breadcrumb\":{\"@id\":\"https:\/\/veritasinfo.org\/?p=9044#breadcrumb\"},\"inLanguage\":\"en-US\",\"potentialAction\":[{\"@type\":\"ReadAction\",\"target\":[\"https:\/\/veritasinfo.org\/?p=9044\"]}]},{\"@type\":\"ImageObject\",\"inLanguage\":\"en-US\",\"@id\":\"https:\/\/veritasinfo.org\/?p=9044#primaryimage\",\"url\":\"https:\/\/veritasinfo.org\/wp-content\/uploads\/2025\/08\/mitrovica-qytet.jpg\",\"contentUrl\":\"https:\/\/veritasinfo.org\/wp-content\/uploads\/2025\/08\/mitrovica-qytet.jpg\",\"width\":1600,\"height\":1200},{\"@type\":\"BreadcrumbList\",\"@id\":\"https:\/\/veritasinfo.org\/?p=9044#breadcrumb\",\"itemListElement\":[{\"@type\":\"ListItem\",\"position\":1,\"name\":\"Home\",\"item\":\"https:\/\/veritasinfo.org\/\"},{\"@type\":\"ListItem\",\"position\":2,\"name\":\"Qytetar\u00ebt n\u00eb veri t\u00eb Kosov\u00ebs p\u00ebr vendimin e KQZ-s\u00eb: \u201cN\u00ebse Lista Serbe nuk merr pjes\u00eb, ndoshta m\u00eb n\u00eb fund do t\u00eb shfaqet ndonj\u00eb alternativ\u00eb e re, njer\u00ebzit e kan\u00eb humbur besimin tek ata\u201d\"}]},{\"@type\":\"WebSite\",\"@id\":\"https:\/\/veritasinfo.org\/#website\",\"url\":\"https:\/\/veritasinfo.org\/\",\"name\":\"\",\"description\":\"\",\"potentialAction\":[{\"@type\":\"SearchAction\",\"target\":{\"@type\":\"EntryPoint\",\"urlTemplate\":\"https:\/\/veritasinfo.org\/?s={search_term_string}\"},\"query-input\":{\"@type\":\"PropertyValueSpecification\",\"valueRequired\":true,\"valueName\":\"search_term_string\"}}],\"inLanguage\":\"en-US\"},{\"@type\":\"Person\",\"@id\":\"https:\/\/veritasinfo.org\/#\/schema\/person\/c2b8be262ea994d0995addca692c5e98\",\"name\":\"US1\",\"image\":{\"@type\":\"ImageObject\",\"inLanguage\":\"en-US\",\"@id\":\"https:\/\/veritasinfo.org\/#\/schema\/person\/image\/\",\"url\":\"https:\/\/secure.gravatar.com\/avatar\/4e96a59bd256abf9956eb9963ac891a47461ffb364d47b0e9aab113328fdb75b?s=96&d=mm&r=g\",\"contentUrl\":\"https:\/\/secure.gravatar.com\/avatar\/4e96a59bd256abf9956eb9963ac891a47461ffb364d47b0e9aab113328fdb75b?s=96&d=mm&r=g\",\"caption\":\"US1\"},\"url\":\"https:\/\/veritasinfo.org\/?author=2\"}]}<\/script>\n<!-- \/ Yoast SEO plugin. -->","yoast_head_json":{"title":"Qytetar\u00ebt n\u00eb veri t\u00eb Kosov\u00ebs p\u00ebr vendimin e KQZ-s\u00eb: \u201cN\u00ebse Lista Serbe nuk merr pjes\u00eb, ndoshta m\u00eb n\u00eb fund do t\u00eb shfaqet ndonj\u00eb alternativ\u00eb e re, njer\u00ebzit e kan\u00eb humbur besimin tek ata\u201d -","robots":{"index":"index","follow":"follow","max-snippet":"max-snippet:-1","max-image-preview":"max-image-preview:large","max-video-preview":"max-video-preview:-1"},"canonical":"https:\/\/veritasinfo.org\/?p=9044","og_locale":"en_US","og_type":"article","og_title":"Qytetar\u00ebt n\u00eb veri t\u00eb Kosov\u00ebs p\u00ebr vendimin e KQZ-s\u00eb: \u201cN\u00ebse Lista Serbe nuk merr pjes\u00eb, ndoshta m\u00eb n\u00eb fund do t\u00eb shfaqet ndonj\u00eb alternativ\u00eb e re, njer\u00ebzit e kan\u00eb humbur besimin tek ata\u201d -","og_description":"Mitrovic\u00eb e Veriut 22 gusht 2025 Vendimi i Komisionit Qendror Zgjedhor (KQZ) t\u00eb Kosov\u00ebs p\u00ebr t\u00eb refuzuar certifikimin e List\u00ebs Serbe p\u00ebr pjes\u00ebmarrje n\u00eb zgjedhjet","og_url":"https:\/\/veritasinfo.org\/?p=9044","article_published_time":"2025-08-22T12:31:33+00:00","og_image":[{"width":1600,"height":1200,"url":"https:\/\/veritasinfo.org\/wp-content\/uploads\/2025\/08\/mitrovica-qytet.jpg","type":"image\/jpeg"}],"author":"US1","twitter_card":"summary_large_image","twitter_misc":{"Written by":"US1","Est. reading time":"3 minutes"},"schema":{"@context":"https:\/\/schema.org","@graph":[{"@type":"WebPage","@id":"https:\/\/veritasinfo.org\/?p=9044","url":"https:\/\/veritasinfo.org\/?p=9044","name":"Qytetar\u00ebt n\u00eb veri t\u00eb Kosov\u00ebs p\u00ebr vendimin e KQZ-s\u00eb: \u201cN\u00ebse Lista Serbe nuk merr pjes\u00eb, ndoshta m\u00eb n\u00eb fund do t\u00eb shfaqet ndonj\u00eb alternativ\u00eb e re, njer\u00ebzit e kan\u00eb humbur besimin tek ata\u201d -","isPartOf":{"@id":"https:\/\/veritasinfo.org\/#website"},"primaryImageOfPage":{"@id":"https:\/\/veritasinfo.org\/?p=9044#primaryimage"},"image":{"@id":"https:\/\/veritasinfo.org\/?p=9044#primaryimage"},"thumbnailUrl":"https:\/\/veritasinfo.org\/wp-content\/uploads\/2025\/08\/mitrovica-qytet.jpg","datePublished":"2025-08-22T12:31:33+00:00","author":{"@id":"https:\/\/veritasinfo.org\/#\/schema\/person\/c2b8be262ea994d0995addca692c5e98"},"breadcrumb":{"@id":"https:\/\/veritasinfo.org\/?p=9044#breadcrumb"},"inLanguage":"en-US","potentialAction":[{"@type":"ReadAction","target":["https:\/\/veritasinfo.org\/?p=9044"]}]},{"@type":"ImageObject","inLanguage":"en-US","@id":"https:\/\/veritasinfo.org\/?p=9044#primaryimage","url":"https:\/\/veritasinfo.org\/wp-content\/uploads\/2025\/08\/mitrovica-qytet.jpg","contentUrl":"https:\/\/veritasinfo.org\/wp-content\/uploads\/2025\/08\/mitrovica-qytet.jpg","width":1600,"height":1200},{"@type":"BreadcrumbList","@id":"https:\/\/veritasinfo.org\/?p=9044#breadcrumb","itemListElement":[{"@type":"ListItem","position":1,"name":"Home","item":"https:\/\/veritasinfo.org\/"},{"@type":"ListItem","position":2,"name":"Qytetar\u00ebt n\u00eb veri t\u00eb Kosov\u00ebs p\u00ebr vendimin e KQZ-s\u00eb: \u201cN\u00ebse Lista Serbe nuk merr pjes\u00eb, ndoshta m\u00eb n\u00eb fund do t\u00eb shfaqet ndonj\u00eb alternativ\u00eb e re, njer\u00ebzit e kan\u00eb humbur besimin tek ata\u201d"}]},{"@type":"WebSite","@id":"https:\/\/veritasinfo.org\/#website","url":"https:\/\/veritasinfo.org\/","name":"","description":"","potentialAction":[{"@type":"SearchAction","target":{"@type":"EntryPoint","urlTemplate":"https:\/\/veritasinfo.org\/?s={search_term_string}"},"query-input":{"@type":"PropertyValueSpecification","valueRequired":true,"valueName":"search_term_string"}}],"inLanguage":"en-US"},{"@type":"Person","@id":"https:\/\/veritasinfo.org\/#\/schema\/person\/c2b8be262ea994d0995addca692c5e98","name":"US1","image":{"@type":"ImageObject","inLanguage":"en-US","@id":"https:\/\/veritasinfo.org\/#\/schema\/person\/image\/","url":"https:\/\/secure.gravatar.com\/avatar\/4e96a59bd256abf9956eb9963ac891a47461ffb364d47b0e9aab113328fdb75b?s=96&d=mm&r=g","contentUrl":"https:\/\/secure.gravatar.com\/avatar\/4e96a59bd256abf9956eb9963ac891a47461ffb364d47b0e9aab113328fdb75b?s=96&d=mm&r=g","caption":"US1"},"url":"https:\/\/veritasinfo.org\/?author=2"}]}},"featured_image_urls":{"full":["https:\/\/veritasinfo.org\/wp-content\/uploads\/2025\/08\/mitrovica-qytet.jpg",1600,1200,false],"thumbnail":["https:\/\/veritasinfo.org\/wp-content\/uploads\/2025\/08\/mitrovica-qytet-150x150.jpg",150,150,true],"medium":["https:\/\/veritasinfo.org\/wp-content\/uploads\/2025\/08\/mitrovica-qytet-300x225.jpg",300,225,true],"medium_large":["https:\/\/veritasinfo.org\/wp-content\/uploads\/2025\/08\/mitrovica-qytet-768x576.jpg",640,480,true],"large":["https:\/\/veritasinfo.org\/wp-content\/uploads\/2025\/08\/mitrovica-qytet-1024x768.jpg",640,480,true],"1536x1536":["https:\/\/veritasinfo.org\/wp-content\/uploads\/2025\/08\/mitrovica-qytet-1536x1152.jpg",1536,1152,true],"2048x2048":["https:\/\/veritasinfo.org\/wp-content\/uploads\/2025\/08\/mitrovica-qytet.jpg",1600,1200,false],"kreeti-slider-full":["https:\/\/veritasinfo.org\/wp-content\/uploads\/2025\/08\/mitrovica-qytet.jpg",960,720,false],"kreeti-featured":["https:\/\/veritasinfo.org\/wp-content\/uploads\/2025\/08\/mitrovica-qytet.jpg",1024,768,false],"kreeti-medium":["https:\/\/veritasinfo.org\/wp-content\/uploads\/2025\/08\/mitrovica-qytet.jpg",707,530,false],"kreeti-medium-square":["https:\/\/veritasinfo.org\/wp-content\/uploads\/2025\/08\/mitrovica-qytet.jpg",350,263,false]},"author_info":{"info":["US1"]},"category_info":"<a href=\"https:\/\/veritasinfo.org\/?cat=58\" rel=\"category\">Politik\u00eb<\/a>","tag_info":"Politik\u00eb","comment_count":"0","_links":{"self":[{"href":"https:\/\/veritasinfo.org\/index.php?rest_route=\/wp\/v2\/posts\/9044","targetHints":{"allow":["GET"]}}],"collection":[{"href":"https:\/\/veritasinfo.org\/index.php?rest_route=\/wp\/v2\/posts"}],"about":[{"href":"https:\/\/veritasinfo.org\/index.php?rest_route=\/wp\/v2\/types\/post"}],"author":[{"embeddable":true,"href":"https:\/\/veritasinfo.org\/index.php?rest_route=\/wp\/v2\/users\/2"}],"replies":[{"embeddable":true,"href":"https:\/\/veritasinfo.org\/index.php?rest_route=%2Fwp%2Fv2%2Fcomments&post=9044"}],"version-history":[{"count":1,"href":"https:\/\/veritasinfo.org\/index.php?rest_route=\/wp\/v2\/posts\/9044\/revisions"}],"predecessor-version":[{"id":9046,"href":"https:\/\/veritasinfo.org\/index.php?rest_route=\/wp\/v2\/posts\/9044\/revisions\/9046"}],"wp:featuredmedia":[{"embeddable":true,"href":"https:\/\/veritasinfo.org\/index.php?rest_route=\/wp\/v2\/media\/9045"}],"wp:attachment":[{"href":"https:\/\/veritasinfo.org\/index.php?rest_route=%2Fwp%2Fv2%2Fmedia&parent=9044"}],"wp:term":[{"taxonomy":"category","embeddable":true,"href":"https:\/\/veritasinfo.org\/index.php?rest_route=%2Fwp%2Fv2%2Fcategories&post=9044"},{"taxonomy":"post_tag","embeddable":true,"href":"https:\/\/veritasinfo.org\/index.php?rest_route=%2Fwp%2Fv2%2Ftags&post=9044"}],"curies":[{"name":"wp","href":"https:\/\/api.w.org\/{rel}","templated":true}]}}