{"id":9034,"date":"2025-08-22T13:52:46","date_gmt":"2025-08-22T11:52:46","guid":{"rendered":"https:\/\/veritasinfo.org\/?p=9034"},"modified":"2025-08-22T13:52:46","modified_gmt":"2025-08-22T11:52:46","slug":"kuvendi-i-republikes-serpska-dhe-dodik-sfidojne-bosnjen-me-referendum","status":"publish","type":"post","link":"https:\/\/veritasinfo.org\/?p=9034","title":{"rendered":"Kuvendi i Republik\u00ebs S\u00ebrpska dhe Dodik sfidojn\u00eb Bosnj\u00ebn me referendum"},"content":{"rendered":"<p>Bosnje e Hercegovin\u00eb, 22 Gusht 2025<\/p>\n<p><strong>Kuvendi i Republik\u00ebs S\u00ebrpska (RS) m\u00eb 22 gusht do t\u00eb mbaj\u00eb nj\u00eb seanc\u00eb t\u00eb jasht\u00ebzakonshme, me tem\u00eb kryesore vendimin e Gjykat\u00ebs s\u00eb Bosnj\u00eb e Hercegovin\u00ebs ndaj Millorad Dodikut.<\/strong><\/p>\n<p>Dodik \u00ebsht\u00eb d\u00ebnuar me nj\u00eb vit burgim, por e ka shlyer d\u00ebnimin me pages\u00eb prej rreth 18 mij\u00eb eurosh. P\u00ebrve\u00e7 k\u00ebsaj, ai \u00ebsht\u00eb d\u00ebnuar edhe me gjasht\u00eb vjet ndalim p\u00ebr t\u00eb ushtruar funksione publike \u2013 vendim q\u00eb b\u00ebri q\u00eb Komisioni Qendror i Zgjedhjeve (KQZ) i Bosnje e Hercegovin\u00ebs t\u2019ia merrte mandatin e presidentit t\u00eb RS-s\u00eb.<\/p>\n<p>Pasi deputet\u00ebt hyn\u00eb n\u00eb sall\u00ebn e Kuvendit t\u00eb RS-s\u00eb, sh\u00ebrbimet i informuan se ishte pranuar nj\u00eb thirrje anonime p\u00ebr nj\u00eb bomb\u00eb t\u00eb vendosur. T\u00eb gjith\u00eb u evakuuan nga nd\u00ebrtesa dhe po pritet q\u00eb policia t\u00eb kryej\u00eb kontrollin.<\/p>\n<p>Seanca do t\u00eb vazhdoj\u00eb n\u00eb or\u00ebn 11:30, tha para gazetar\u00ebve n\u00eb Kuvend, sekretari Bojan Bosani\u00e7iq.<\/p>\n<p>N\u00eb seanc\u00eb do t\u00eb shqyrtohen edhe ndryshimet n\u00eb Ligjin p\u00ebr Referendum, t\u00eb cilat po shqyrtohen me procedur\u00eb t\u00eb p\u00ebrshpejtuar. Sipas propozimit, Kuvendi do t\u00eb mund t\u00eb formoj\u00eb vet\u00eb komisione t\u00eb posa\u00e7me p\u00ebr referendum, nd\u00ebrsa ligji do t\u00eb hynte n\u00eb fuqi menj\u00ebher\u00eb dit\u00ebn pas miratimit \u2013 gj\u00eb e pazakont\u00eb p\u00ebr procedurat ligjore.<\/p>\n<p>N\u00ebse ndryshimet miratohen, deputet\u00ebt pritet t\u00eb votojn\u00eb p\u00ebr mbajtjen e nj\u00eb referendumi, p\u00ebrmes t\u00eb cilit qytetar\u00ebt do t\u00eb shprehnin q\u00ebndrimin e tyre ndaj vendimeve t\u00eb Gjykat\u00ebs dhe KQZ-s\u00eb, me t\u00eb cilat Dodikut iu mor mandati.<\/p>\n<p>Koalicioni qeveris\u00ebs ka propozuar q\u00eb referendumi t\u00eb mbahet m\u00eb 18 ose 25 tetor, por deri n\u00eb fillim t\u00eb seanc\u00ebs nuk ishte sqaruar se si do t\u00eb formulohet pyetja e referendumit.<\/p>\n<p>Kushtetuta e Bosnj\u00ebs nuk parashikon q\u00eb nj\u00eb nivel m\u00eb i ul\u00ebt i pushtetit, si\u00e7 \u00ebsht\u00eb entiteti, t\u00eb mund t\u00eb shpall\u00eb referendume p\u00ebr vendime t\u00eb institucioneve shtet\u00ebrore, \u00e7ka e v\u00eb n\u00eb pik\u00ebpyetje ligjshm\u00ebrin\u00eb e gjith\u00eb procesit.<\/p>\n<p>N\u00eb rend t\u00eb dit\u00ebs jan\u00eb gjithashtu \u201chapat e ardhsh\u00ebm t\u00eb institucioneve t\u00eb RS-s\u00eb\u201d, si dhe miratimi formal i dor\u00ebheqjes s\u00eb kryeministrit Radovan Vishkoviq. N\u00eb k\u00ebt\u00eb m\u00ebnyr\u00eb, entiteti do t\u00eb mbetej pa president dhe pa kryeminist\u00ebr.<\/p>\n<p>Dodik \u00ebsht\u00eb d\u00ebnuar p\u00ebr mosrespektim t\u00eb vendimeve t\u00eb P\u00ebrfaq\u00ebsuesit t\u00eb Lart\u00eb nd\u00ebrkomb\u00ebtar n\u00eb Bosnje e Hercegovin\u00eb, i ngarkuar me zbatimin e Marr\u00ebveshjes s\u00eb Paqes s\u00eb Dejtonit.<\/p>\n<p>Si president i RS-s\u00eb, ai kishte n\u00ebnshkruar ligje q\u00eb parashihnin moszbatimin e vendimeve t\u00eb Gjykat\u00ebs Kushtetuese t\u00eb Bosnj\u00ebs dhe t\u00eb Zyr\u00ebs s\u00eb P\u00ebrfaq\u00ebsuesit t\u00eb Lart\u00eb n\u00eb territorin e entitetit. K\u00ebto ligje ishin anuluar paraprakisht nga P\u00ebrfaq\u00ebsuesi i Lart\u00eb, Christian Schmidt.<\/p>\n<p>Mbrojtja e Dodikut ka paraqitur apel n\u00eb Gjykat\u00ebn Kushtetuese t\u00eb Bosnj\u00ebs, nd\u00ebrsa KQZ \u00ebsht\u00eb e obliguar q\u00eb, sipas ligjit, t\u00eb shpall\u00eb zgjedhje t\u00eb parakohshme p\u00ebr presidentin e RS-s\u00eb brenda 90 dit\u00ebsh.<\/p>\n","protected":false},"excerpt":{"rendered":"<p>Bosnje e Hercegovin\u00eb, 22 Gusht 2025 Kuvendi i Republik\u00ebs S\u00ebrpska (RS) m\u00eb 22 gusht do t\u00eb mbaj\u00eb nj\u00eb seanc\u00eb t\u00eb jasht\u00ebzakonshme, me tem\u00eb kryesore vendimin<\/p>\n","protected":false},"author":1,"featured_media":9035,"comment_status":"open","ping_status":"open","sticky":false,"template":"","format":"standard","meta":{"footnotes":""},"categories":[72],"tags":[],"class_list":["post-9034","post","type-post","status-publish","format-standard","has-post-thumbnail","hentry","category-bota"],"yoast_head":"<!-- This site is optimized with the Yoast SEO plugin v25.3.1 - https:\/\/yoast.com\/wordpress\/plugins\/seo\/ -->\n<title>Kuvendi i Republik\u00ebs S\u00ebrpska dhe Dodik sfidojn\u00eb Bosnj\u00ebn me referendum -<\/title>\n<meta name=\"robots\" content=\"index, follow, max-snippet:-1, max-image-preview:large, max-video-preview:-1\" \/>\n<link rel=\"canonical\" href=\"https:\/\/veritasinfo.org\/?p=9034\" \/>\n<meta property=\"og:locale\" content=\"en_US\" \/>\n<meta property=\"og:type\" content=\"article\" \/>\n<meta property=\"og:title\" content=\"Kuvendi i Republik\u00ebs S\u00ebrpska dhe Dodik sfidojn\u00eb Bosnj\u00ebn me referendum -\" \/>\n<meta property=\"og:description\" content=\"Bosnje e Hercegovin\u00eb, 22 Gusht 2025 Kuvendi i Republik\u00ebs S\u00ebrpska (RS) m\u00eb 22 gusht do t\u00eb mbaj\u00eb nj\u00eb seanc\u00eb t\u00eb jasht\u00ebzakonshme, me tem\u00eb kryesore vendimin\" \/>\n<meta property=\"og:url\" content=\"https:\/\/veritasinfo.org\/?p=9034\" \/>\n<meta property=\"article:published_time\" content=\"2025-08-22T11:52:46+00:00\" \/>\n<meta property=\"og:image\" content=\"https:\/\/veritasinfo.org\/wp-content\/uploads\/2025\/08\/IMG_2688.png\" \/>\n\t<meta property=\"og:image:width\" content=\"780\" \/>\n\t<meta property=\"og:image:height\" content=\"500\" \/>\n\t<meta property=\"og:image:type\" content=\"image\/png\" \/>\n<meta name=\"author\" content=\"admin\" \/>\n<meta name=\"twitter:card\" content=\"summary_large_image\" \/>\n<meta name=\"twitter:label1\" content=\"Written by\" \/>\n\t<meta name=\"twitter:data1\" content=\"admin\" \/>\n\t<meta name=\"twitter:label2\" content=\"Est. reading time\" \/>\n\t<meta name=\"twitter:data2\" content=\"3 minutes\" \/>\n<script type=\"application\/ld+json\" class=\"yoast-schema-graph\">{\"@context\":\"https:\/\/schema.org\",\"@graph\":[{\"@type\":\"WebPage\",\"@id\":\"https:\/\/veritasinfo.org\/?p=9034\",\"url\":\"https:\/\/veritasinfo.org\/?p=9034\",\"name\":\"Kuvendi i Republik\u00ebs S\u00ebrpska dhe Dodik sfidojn\u00eb Bosnj\u00ebn me referendum -\",\"isPartOf\":{\"@id\":\"https:\/\/veritasinfo.org\/#website\"},\"primaryImageOfPage\":{\"@id\":\"https:\/\/veritasinfo.org\/?p=9034#primaryimage\"},\"image\":{\"@id\":\"https:\/\/veritasinfo.org\/?p=9034#primaryimage\"},\"thumbnailUrl\":\"https:\/\/veritasinfo.org\/wp-content\/uploads\/2025\/08\/IMG_2688.png\",\"datePublished\":\"2025-08-22T11:52:46+00:00\",\"author\":{\"@id\":\"https:\/\/veritasinfo.org\/#\/schema\/person\/7701f8c088bece422266b100a712374f\"},\"breadcrumb\":{\"@id\":\"https:\/\/veritasinfo.org\/?p=9034#breadcrumb\"},\"inLanguage\":\"en-US\",\"potentialAction\":[{\"@type\":\"ReadAction\",\"target\":[\"https:\/\/veritasinfo.org\/?p=9034\"]}]},{\"@type\":\"ImageObject\",\"inLanguage\":\"en-US\",\"@id\":\"https:\/\/veritasinfo.org\/?p=9034#primaryimage\",\"url\":\"https:\/\/veritasinfo.org\/wp-content\/uploads\/2025\/08\/IMG_2688.png\",\"contentUrl\":\"https:\/\/veritasinfo.org\/wp-content\/uploads\/2025\/08\/IMG_2688.png\",\"width\":780,\"height\":500},{\"@type\":\"BreadcrumbList\",\"@id\":\"https:\/\/veritasinfo.org\/?p=9034#breadcrumb\",\"itemListElement\":[{\"@type\":\"ListItem\",\"position\":1,\"name\":\"Home\",\"item\":\"https:\/\/veritasinfo.org\/\"},{\"@type\":\"ListItem\",\"position\":2,\"name\":\"Kuvendi i Republik\u00ebs S\u00ebrpska dhe Dodik sfidojn\u00eb Bosnj\u00ebn me referendum\"}]},{\"@type\":\"WebSite\",\"@id\":\"https:\/\/veritasinfo.org\/#website\",\"url\":\"https:\/\/veritasinfo.org\/\",\"name\":\"\",\"description\":\"\",\"potentialAction\":[{\"@type\":\"SearchAction\",\"target\":{\"@type\":\"EntryPoint\",\"urlTemplate\":\"https:\/\/veritasinfo.org\/?s={search_term_string}\"},\"query-input\":{\"@type\":\"PropertyValueSpecification\",\"valueRequired\":true,\"valueName\":\"search_term_string\"}}],\"inLanguage\":\"en-US\"},{\"@type\":\"Person\",\"@id\":\"https:\/\/veritasinfo.org\/#\/schema\/person\/7701f8c088bece422266b100a712374f\",\"name\":\"admin\",\"image\":{\"@type\":\"ImageObject\",\"inLanguage\":\"en-US\",\"@id\":\"https:\/\/veritasinfo.org\/#\/schema\/person\/image\/\",\"url\":\"https:\/\/secure.gravatar.com\/avatar\/ea53aa3bf6c9a12d5fde8ce4deff43fef3885ae33cf60184161a50d6987cfd2f?s=96&d=mm&r=g\",\"contentUrl\":\"https:\/\/secure.gravatar.com\/avatar\/ea53aa3bf6c9a12d5fde8ce4deff43fef3885ae33cf60184161a50d6987cfd2f?s=96&d=mm&r=g\",\"caption\":\"admin\"},\"sameAs\":[\"https:\/\/veritasinfo.org\"],\"url\":\"https:\/\/veritasinfo.org\/?author=1\"}]}<\/script>\n<!-- \/ Yoast SEO plugin. -->","yoast_head_json":{"title":"Kuvendi i Republik\u00ebs S\u00ebrpska dhe Dodik sfidojn\u00eb Bosnj\u00ebn me referendum -","robots":{"index":"index","follow":"follow","max-snippet":"max-snippet:-1","max-image-preview":"max-image-preview:large","max-video-preview":"max-video-preview:-1"},"canonical":"https:\/\/veritasinfo.org\/?p=9034","og_locale":"en_US","og_type":"article","og_title":"Kuvendi i Republik\u00ebs S\u00ebrpska dhe Dodik sfidojn\u00eb Bosnj\u00ebn me referendum -","og_description":"Bosnje e Hercegovin\u00eb, 22 Gusht 2025 Kuvendi i Republik\u00ebs S\u00ebrpska (RS) m\u00eb 22 gusht do t\u00eb mbaj\u00eb nj\u00eb seanc\u00eb t\u00eb jasht\u00ebzakonshme, me tem\u00eb kryesore vendimin","og_url":"https:\/\/veritasinfo.org\/?p=9034","article_published_time":"2025-08-22T11:52:46+00:00","og_image":[{"width":780,"height":500,"url":"https:\/\/veritasinfo.org\/wp-content\/uploads\/2025\/08\/IMG_2688.png","type":"image\/png"}],"author":"admin","twitter_card":"summary_large_image","twitter_misc":{"Written by":"admin","Est. reading time":"3 minutes"},"schema":{"@context":"https:\/\/schema.org","@graph":[{"@type":"WebPage","@id":"https:\/\/veritasinfo.org\/?p=9034","url":"https:\/\/veritasinfo.org\/?p=9034","name":"Kuvendi i Republik\u00ebs S\u00ebrpska dhe Dodik sfidojn\u00eb Bosnj\u00ebn me referendum -","isPartOf":{"@id":"https:\/\/veritasinfo.org\/#website"},"primaryImageOfPage":{"@id":"https:\/\/veritasinfo.org\/?p=9034#primaryimage"},"image":{"@id":"https:\/\/veritasinfo.org\/?p=9034#primaryimage"},"thumbnailUrl":"https:\/\/veritasinfo.org\/wp-content\/uploads\/2025\/08\/IMG_2688.png","datePublished":"2025-08-22T11:52:46+00:00","author":{"@id":"https:\/\/veritasinfo.org\/#\/schema\/person\/7701f8c088bece422266b100a712374f"},"breadcrumb":{"@id":"https:\/\/veritasinfo.org\/?p=9034#breadcrumb"},"inLanguage":"en-US","potentialAction":[{"@type":"ReadAction","target":["https:\/\/veritasinfo.org\/?p=9034"]}]},{"@type":"ImageObject","inLanguage":"en-US","@id":"https:\/\/veritasinfo.org\/?p=9034#primaryimage","url":"https:\/\/veritasinfo.org\/wp-content\/uploads\/2025\/08\/IMG_2688.png","contentUrl":"https:\/\/veritasinfo.org\/wp-content\/uploads\/2025\/08\/IMG_2688.png","width":780,"height":500},{"@type":"BreadcrumbList","@id":"https:\/\/veritasinfo.org\/?p=9034#breadcrumb","itemListElement":[{"@type":"ListItem","position":1,"name":"Home","item":"https:\/\/veritasinfo.org\/"},{"@type":"ListItem","position":2,"name":"Kuvendi i Republik\u00ebs S\u00ebrpska dhe Dodik sfidojn\u00eb Bosnj\u00ebn me referendum"}]},{"@type":"WebSite","@id":"https:\/\/veritasinfo.org\/#website","url":"https:\/\/veritasinfo.org\/","name":"","description":"","potentialAction":[{"@type":"SearchAction","target":{"@type":"EntryPoint","urlTemplate":"https:\/\/veritasinfo.org\/?s={search_term_string}"},"query-input":{"@type":"PropertyValueSpecification","valueRequired":true,"valueName":"search_term_string"}}],"inLanguage":"en-US"},{"@type":"Person","@id":"https:\/\/veritasinfo.org\/#\/schema\/person\/7701f8c088bece422266b100a712374f","name":"admin","image":{"@type":"ImageObject","inLanguage":"en-US","@id":"https:\/\/veritasinfo.org\/#\/schema\/person\/image\/","url":"https:\/\/secure.gravatar.com\/avatar\/ea53aa3bf6c9a12d5fde8ce4deff43fef3885ae33cf60184161a50d6987cfd2f?s=96&d=mm&r=g","contentUrl":"https:\/\/secure.gravatar.com\/avatar\/ea53aa3bf6c9a12d5fde8ce4deff43fef3885ae33cf60184161a50d6987cfd2f?s=96&d=mm&r=g","caption":"admin"},"sameAs":["https:\/\/veritasinfo.org"],"url":"https:\/\/veritasinfo.org\/?author=1"}]}},"featured_image_urls":{"full":["https:\/\/veritasinfo.org\/wp-content\/uploads\/2025\/08\/IMG_2688.png",780,500,false],"thumbnail":["https:\/\/veritasinfo.org\/wp-content\/uploads\/2025\/08\/IMG_2688-150x150.png",150,150,true],"medium":["https:\/\/veritasinfo.org\/wp-content\/uploads\/2025\/08\/IMG_2688-300x192.png",300,192,true],"medium_large":["https:\/\/veritasinfo.org\/wp-content\/uploads\/2025\/08\/IMG_2688-768x492.png",640,410,true],"large":["https:\/\/veritasinfo.org\/wp-content\/uploads\/2025\/08\/IMG_2688.png",640,410,false],"1536x1536":["https:\/\/veritasinfo.org\/wp-content\/uploads\/2025\/08\/IMG_2688.png",780,500,false],"2048x2048":["https:\/\/veritasinfo.org\/wp-content\/uploads\/2025\/08\/IMG_2688.png",780,500,false],"kreeti-slider-full":["https:\/\/veritasinfo.org\/wp-content\/uploads\/2025\/08\/IMG_2688.png",780,500,false],"kreeti-featured":["https:\/\/veritasinfo.org\/wp-content\/uploads\/2025\/08\/IMG_2688.png",780,500,false],"kreeti-medium":["https:\/\/veritasinfo.org\/wp-content\/uploads\/2025\/08\/IMG_2688.png",720,462,false],"kreeti-medium-square":["https:\/\/veritasinfo.org\/wp-content\/uploads\/2025\/08\/IMG_2688.png",350,224,false]},"author_info":{"info":["admin"]},"category_info":"<a href=\"https:\/\/veritasinfo.org\/?cat=72\" rel=\"category\">Bota<\/a>","tag_info":"Bota","comment_count":"0","_links":{"self":[{"href":"https:\/\/veritasinfo.org\/index.php?rest_route=\/wp\/v2\/posts\/9034","targetHints":{"allow":["GET"]}}],"collection":[{"href":"https:\/\/veritasinfo.org\/index.php?rest_route=\/wp\/v2\/posts"}],"about":[{"href":"https:\/\/veritasinfo.org\/index.php?rest_route=\/wp\/v2\/types\/post"}],"author":[{"embeddable":true,"href":"https:\/\/veritasinfo.org\/index.php?rest_route=\/wp\/v2\/users\/1"}],"replies":[{"embeddable":true,"href":"https:\/\/veritasinfo.org\/index.php?rest_route=%2Fwp%2Fv2%2Fcomments&post=9034"}],"version-history":[{"count":1,"href":"https:\/\/veritasinfo.org\/index.php?rest_route=\/wp\/v2\/posts\/9034\/revisions"}],"predecessor-version":[{"id":9036,"href":"https:\/\/veritasinfo.org\/index.php?rest_route=\/wp\/v2\/posts\/9034\/revisions\/9036"}],"wp:featuredmedia":[{"embeddable":true,"href":"https:\/\/veritasinfo.org\/index.php?rest_route=\/wp\/v2\/media\/9035"}],"wp:attachment":[{"href":"https:\/\/veritasinfo.org\/index.php?rest_route=%2Fwp%2Fv2%2Fmedia&parent=9034"}],"wp:term":[{"taxonomy":"category","embeddable":true,"href":"https:\/\/veritasinfo.org\/index.php?rest_route=%2Fwp%2Fv2%2Fcategories&post=9034"},{"taxonomy":"post_tag","embeddable":true,"href":"https:\/\/veritasinfo.org\/index.php?rest_route=%2Fwp%2Fv2%2Ftags&post=9034"}],"curies":[{"name":"wp","href":"https:\/\/api.w.org\/{rel}","templated":true}]}}