{"id":8989,"date":"2025-08-21T23:14:02","date_gmt":"2025-08-21T21:14:02","guid":{"rendered":"https:\/\/veritasinfo.org\/?p=8989"},"modified":"2025-08-21T23:14:02","modified_gmt":"2025-08-21T21:14:02","slug":"kryeziu-lista-serbe-nuk-eshte-parti-e-zakonshme-kryesohet-ende-nga-radoiciq","status":"publish","type":"post","link":"https:\/\/veritasinfo.org\/?p=8989","title":{"rendered":"Kryeziu: Lista Serbe nuk \u00ebsht\u00eb parti e zakonshme, kryesohet ende nga Radoi\u00e7iq"},"content":{"rendered":"<p><strong>Prishtin\u00eb, 21 gusht 2025<\/strong><\/p>\n<p>Z\u00ebdh\u00ebn\u00ebsi i Qeveris\u00eb n\u00eb detyr\u00eb t\u00eb Kosov\u00ebs, P\u00ebrparim Kryeziu, ka deklaruar se q\u00ebndrimi i kryeministrit n\u00eb detyr\u00eb Albin Kurti dhe i L\u00ebvizjes Vet\u00ebvendosje p\u00ebr List\u00ebn Serbe \u00ebsht\u00eb i qart\u00eb dhe i pandryshuar.<\/p>\n<p>Kryeziu tha se Lista Serbe nuk mund t\u00eb trajtohet si parti e zakonshme politike n\u00eb Kosov\u00eb, pasi q\u00eb kryetari i saj de facto vazhdon t\u00eb jet\u00eb Millan Radoi\u00e7iq.<\/p>\n<p>\u201cMe 23 dhjetor t\u00eb vitit t\u00eb kaluar, p\u00ebrfaq\u00ebsuesit e LVV-s\u00eb n\u00eb KQZ votuan kund\u00ebr certifikimit t\u00eb List\u00ebs Serbe p\u00ebr zgjedhjet parlamentare. Prej at\u00ebher\u00eb, Lista Serbe nuk \u00ebsht\u00eb b\u00ebr\u00eb m\u00eb e mir\u00eb, p\u00ebrkundrazi. Ka informacione, t\u00eb dh\u00ebna, fakte dhe argumente t\u00eb shumta q\u00eb d\u00ebshmojn\u00eb qart\u00eb se kjo nuk \u00ebsht\u00eb aspak parti e zakonshme apo normale. Kryetari i saj de fakto vazhdon t\u00eb jet\u00eb Millan Radoi\u00e7iq, ndaj t\u00eb cilit ka aktakuz\u00eb p\u00ebr sulmin terrorist n\u00eb Banjsk\u00eb m\u00eb 24 shtator 2023, ku u vra polici Afrim Bunjaku\u201d, tha Kryeziu.<\/p>\n<p>Ai theksoi se strukturat ilegale t\u00eb Serbis\u00eb e p\u00ebrdorin List\u00ebn Serbe si platform\u00eb politike n\u00eb Kosov\u00eb, nd\u00ebrsa komuniteti serb n\u00eb vend ka mund\u00ebsi t\u00eb tjera p\u00ebrfaq\u00ebsimi.<\/p>\n<p>\u201cSerb\u00ebt e Kosov\u00ebs nuk duhet ta ken\u00eb vet\u00ebm nj\u00eb parti politike. Jan\u00eb 12 subjekte t\u00eb tjera serbe q\u00eb tashm\u00eb jan\u00eb certifikuar p\u00ebr zgjedhjet lokale t\u00eb tetorit. \u00cbsht\u00eb e padrejt\u00eb q\u00eb ato t\u00eb neglizhohen p\u00ebr hir t\u00eb List\u00ebs Serbe, e cila p\u00ebrfaq\u00ebson interesat e Beogradit, jo t\u00eb qytetar\u00ebve serb\u00eb t\u00eb Kosov\u00ebs\u201d, tha Kryeziu.<\/p>\n<p>Ai kujtoi se m\u00eb 29 qershor 2023, Qeveria e Kosov\u00ebs i shpalli organizata terroriste \u201cMbrojtjen Civile\u201d dhe \u201cBrigad\u00ebn Veriore\u201d, p\u00ebr \u00e7ka, sipas tij, u kritikua ashp\u00ebr, por thot\u00eb se koha tregoi se vendimi ishte i drejt\u00eb.<\/p>\n<p>\u201cKosova \u00ebsht\u00eb shtet i pavarur dhe demokratik. Qeveria nuk ndalon partit\u00eb politike, as List\u00ebn Serbe. Por i takon KQZ-s\u00eb t\u00eb mos i certifikoj\u00eb ato dhe prokuroris\u00eb e gjyq\u00ebsorit t\u00eb veprojn\u00eb mbi baz\u00ebn e informacionit dhe evidenc\u00ebs s\u00eb bollshme q\u00eb kan\u00eb organet e siguris\u00eb dhe t\u00eb inteligjenc\u00ebs\u201d, tha ai.<\/p>\n","protected":false},"excerpt":{"rendered":"<p>Prishtin\u00eb, 21 gusht 2025 Z\u00ebdh\u00ebn\u00ebsi i Qeveris\u00eb n\u00eb detyr\u00eb t\u00eb Kosov\u00ebs, P\u00ebrparim Kryeziu, ka deklaruar se q\u00ebndrimi i kryeministrit n\u00eb detyr\u00eb Albin Kurti dhe i<\/p>\n","protected":false},"author":2,"featured_media":8990,"comment_status":"open","ping_status":"open","sticky":false,"template":"","format":"standard","meta":{"footnotes":""},"categories":[58],"tags":[],"class_list":["post-8989","post","type-post","status-publish","format-standard","has-post-thumbnail","hentry","category-politike-sq"],"yoast_head":"<!-- This site is optimized with the Yoast SEO plugin v25.3.1 - https:\/\/yoast.com\/wordpress\/plugins\/seo\/ -->\n<title>Kryeziu: Lista Serbe nuk \u00ebsht\u00eb parti e zakonshme, kryesohet ende nga Radoi\u00e7iq -<\/title>\n<meta name=\"robots\" content=\"index, follow, max-snippet:-1, max-image-preview:large, max-video-preview:-1\" \/>\n<link rel=\"canonical\" href=\"https:\/\/veritasinfo.org\/?p=8989\" \/>\n<meta property=\"og:locale\" content=\"en_US\" \/>\n<meta property=\"og:type\" content=\"article\" \/>\n<meta property=\"og:title\" content=\"Kryeziu: Lista Serbe nuk \u00ebsht\u00eb parti e zakonshme, kryesohet ende nga Radoi\u00e7iq -\" \/>\n<meta property=\"og:description\" content=\"Prishtin\u00eb, 21 gusht 2025 Z\u00ebdh\u00ebn\u00ebsi i Qeveris\u00eb n\u00eb detyr\u00eb t\u00eb Kosov\u00ebs, P\u00ebrparim Kryeziu, ka deklaruar se q\u00ebndrimi i kryeministrit n\u00eb detyr\u00eb Albin Kurti dhe i\" \/>\n<meta property=\"og:url\" content=\"https:\/\/veritasinfo.org\/?p=8989\" \/>\n<meta property=\"article:published_time\" content=\"2025-08-21T21:14:02+00:00\" \/>\n<meta property=\"og:image\" content=\"https:\/\/veritasinfo.org\/wp-content\/uploads\/2025\/08\/perparim-kryeziu-600x360-1.jpg\" \/>\n\t<meta property=\"og:image:width\" content=\"600\" \/>\n\t<meta property=\"og:image:height\" content=\"360\" \/>\n\t<meta property=\"og:image:type\" content=\"image\/jpeg\" \/>\n<meta name=\"author\" content=\"US1\" \/>\n<meta name=\"twitter:card\" content=\"summary_large_image\" \/>\n<meta name=\"twitter:label1\" content=\"Written by\" \/>\n\t<meta name=\"twitter:data1\" content=\"US1\" \/>\n\t<meta name=\"twitter:label2\" content=\"Est. reading time\" \/>\n\t<meta name=\"twitter:data2\" content=\"2 minutes\" \/>\n<script type=\"application\/ld+json\" class=\"yoast-schema-graph\">{\"@context\":\"https:\/\/schema.org\",\"@graph\":[{\"@type\":\"WebPage\",\"@id\":\"https:\/\/veritasinfo.org\/?p=8989\",\"url\":\"https:\/\/veritasinfo.org\/?p=8989\",\"name\":\"Kryeziu: Lista Serbe nuk \u00ebsht\u00eb parti e zakonshme, kryesohet ende nga Radoi\u00e7iq -\",\"isPartOf\":{\"@id\":\"https:\/\/veritasinfo.org\/#website\"},\"primaryImageOfPage\":{\"@id\":\"https:\/\/veritasinfo.org\/?p=8989#primaryimage\"},\"image\":{\"@id\":\"https:\/\/veritasinfo.org\/?p=8989#primaryimage\"},\"thumbnailUrl\":\"https:\/\/veritasinfo.org\/wp-content\/uploads\/2025\/08\/perparim-kryeziu-600x360-1.jpg\",\"datePublished\":\"2025-08-21T21:14:02+00:00\",\"author\":{\"@id\":\"https:\/\/veritasinfo.org\/#\/schema\/person\/c2b8be262ea994d0995addca692c5e98\"},\"breadcrumb\":{\"@id\":\"https:\/\/veritasinfo.org\/?p=8989#breadcrumb\"},\"inLanguage\":\"en-US\",\"potentialAction\":[{\"@type\":\"ReadAction\",\"target\":[\"https:\/\/veritasinfo.org\/?p=8989\"]}]},{\"@type\":\"ImageObject\",\"inLanguage\":\"en-US\",\"@id\":\"https:\/\/veritasinfo.org\/?p=8989#primaryimage\",\"url\":\"https:\/\/veritasinfo.org\/wp-content\/uploads\/2025\/08\/perparim-kryeziu-600x360-1.jpg\",\"contentUrl\":\"https:\/\/veritasinfo.org\/wp-content\/uploads\/2025\/08\/perparim-kryeziu-600x360-1.jpg\",\"width\":600,\"height\":360},{\"@type\":\"BreadcrumbList\",\"@id\":\"https:\/\/veritasinfo.org\/?p=8989#breadcrumb\",\"itemListElement\":[{\"@type\":\"ListItem\",\"position\":1,\"name\":\"Home\",\"item\":\"https:\/\/veritasinfo.org\/\"},{\"@type\":\"ListItem\",\"position\":2,\"name\":\"Kryeziu: Lista Serbe nuk \u00ebsht\u00eb parti e zakonshme, kryesohet ende nga Radoi\u00e7iq\"}]},{\"@type\":\"WebSite\",\"@id\":\"https:\/\/veritasinfo.org\/#website\",\"url\":\"https:\/\/veritasinfo.org\/\",\"name\":\"\",\"description\":\"\",\"potentialAction\":[{\"@type\":\"SearchAction\",\"target\":{\"@type\":\"EntryPoint\",\"urlTemplate\":\"https:\/\/veritasinfo.org\/?s={search_term_string}\"},\"query-input\":{\"@type\":\"PropertyValueSpecification\",\"valueRequired\":true,\"valueName\":\"search_term_string\"}}],\"inLanguage\":\"en-US\"},{\"@type\":\"Person\",\"@id\":\"https:\/\/veritasinfo.org\/#\/schema\/person\/c2b8be262ea994d0995addca692c5e98\",\"name\":\"US1\",\"image\":{\"@type\":\"ImageObject\",\"inLanguage\":\"en-US\",\"@id\":\"https:\/\/veritasinfo.org\/#\/schema\/person\/image\/\",\"url\":\"https:\/\/secure.gravatar.com\/avatar\/4e96a59bd256abf9956eb9963ac891a47461ffb364d47b0e9aab113328fdb75b?s=96&d=mm&r=g\",\"contentUrl\":\"https:\/\/secure.gravatar.com\/avatar\/4e96a59bd256abf9956eb9963ac891a47461ffb364d47b0e9aab113328fdb75b?s=96&d=mm&r=g\",\"caption\":\"US1\"},\"url\":\"https:\/\/veritasinfo.org\/?author=2\"}]}<\/script>\n<!-- \/ Yoast SEO plugin. -->","yoast_head_json":{"title":"Kryeziu: Lista Serbe nuk \u00ebsht\u00eb parti e zakonshme, kryesohet ende nga Radoi\u00e7iq -","robots":{"index":"index","follow":"follow","max-snippet":"max-snippet:-1","max-image-preview":"max-image-preview:large","max-video-preview":"max-video-preview:-1"},"canonical":"https:\/\/veritasinfo.org\/?p=8989","og_locale":"en_US","og_type":"article","og_title":"Kryeziu: Lista Serbe nuk \u00ebsht\u00eb parti e zakonshme, kryesohet ende nga Radoi\u00e7iq -","og_description":"Prishtin\u00eb, 21 gusht 2025 Z\u00ebdh\u00ebn\u00ebsi i Qeveris\u00eb n\u00eb detyr\u00eb t\u00eb Kosov\u00ebs, P\u00ebrparim Kryeziu, ka deklaruar se q\u00ebndrimi i kryeministrit n\u00eb detyr\u00eb Albin Kurti dhe i","og_url":"https:\/\/veritasinfo.org\/?p=8989","article_published_time":"2025-08-21T21:14:02+00:00","og_image":[{"width":600,"height":360,"url":"https:\/\/veritasinfo.org\/wp-content\/uploads\/2025\/08\/perparim-kryeziu-600x360-1.jpg","type":"image\/jpeg"}],"author":"US1","twitter_card":"summary_large_image","twitter_misc":{"Written by":"US1","Est. reading time":"2 minutes"},"schema":{"@context":"https:\/\/schema.org","@graph":[{"@type":"WebPage","@id":"https:\/\/veritasinfo.org\/?p=8989","url":"https:\/\/veritasinfo.org\/?p=8989","name":"Kryeziu: Lista Serbe nuk \u00ebsht\u00eb parti e zakonshme, kryesohet ende nga Radoi\u00e7iq -","isPartOf":{"@id":"https:\/\/veritasinfo.org\/#website"},"primaryImageOfPage":{"@id":"https:\/\/veritasinfo.org\/?p=8989#primaryimage"},"image":{"@id":"https:\/\/veritasinfo.org\/?p=8989#primaryimage"},"thumbnailUrl":"https:\/\/veritasinfo.org\/wp-content\/uploads\/2025\/08\/perparim-kryeziu-600x360-1.jpg","datePublished":"2025-08-21T21:14:02+00:00","author":{"@id":"https:\/\/veritasinfo.org\/#\/schema\/person\/c2b8be262ea994d0995addca692c5e98"},"breadcrumb":{"@id":"https:\/\/veritasinfo.org\/?p=8989#breadcrumb"},"inLanguage":"en-US","potentialAction":[{"@type":"ReadAction","target":["https:\/\/veritasinfo.org\/?p=8989"]}]},{"@type":"ImageObject","inLanguage":"en-US","@id":"https:\/\/veritasinfo.org\/?p=8989#primaryimage","url":"https:\/\/veritasinfo.org\/wp-content\/uploads\/2025\/08\/perparim-kryeziu-600x360-1.jpg","contentUrl":"https:\/\/veritasinfo.org\/wp-content\/uploads\/2025\/08\/perparim-kryeziu-600x360-1.jpg","width":600,"height":360},{"@type":"BreadcrumbList","@id":"https:\/\/veritasinfo.org\/?p=8989#breadcrumb","itemListElement":[{"@type":"ListItem","position":1,"name":"Home","item":"https:\/\/veritasinfo.org\/"},{"@type":"ListItem","position":2,"name":"Kryeziu: Lista Serbe nuk \u00ebsht\u00eb parti e zakonshme, kryesohet ende nga Radoi\u00e7iq"}]},{"@type":"WebSite","@id":"https:\/\/veritasinfo.org\/#website","url":"https:\/\/veritasinfo.org\/","name":"","description":"","potentialAction":[{"@type":"SearchAction","target":{"@type":"EntryPoint","urlTemplate":"https:\/\/veritasinfo.org\/?s={search_term_string}"},"query-input":{"@type":"PropertyValueSpecification","valueRequired":true,"valueName":"search_term_string"}}],"inLanguage":"en-US"},{"@type":"Person","@id":"https:\/\/veritasinfo.org\/#\/schema\/person\/c2b8be262ea994d0995addca692c5e98","name":"US1","image":{"@type":"ImageObject","inLanguage":"en-US","@id":"https:\/\/veritasinfo.org\/#\/schema\/person\/image\/","url":"https:\/\/secure.gravatar.com\/avatar\/4e96a59bd256abf9956eb9963ac891a47461ffb364d47b0e9aab113328fdb75b?s=96&d=mm&r=g","contentUrl":"https:\/\/secure.gravatar.com\/avatar\/4e96a59bd256abf9956eb9963ac891a47461ffb364d47b0e9aab113328fdb75b?s=96&d=mm&r=g","caption":"US1"},"url":"https:\/\/veritasinfo.org\/?author=2"}]}},"featured_image_urls":{"full":["https:\/\/veritasinfo.org\/wp-content\/uploads\/2025\/08\/perparim-kryeziu-600x360-1.jpg",600,360,false],"thumbnail":["https:\/\/veritasinfo.org\/wp-content\/uploads\/2025\/08\/perparim-kryeziu-600x360-1-150x150.jpg",150,150,true],"medium":["https:\/\/veritasinfo.org\/wp-content\/uploads\/2025\/08\/perparim-kryeziu-600x360-1-300x180.jpg",300,180,true],"medium_large":["https:\/\/veritasinfo.org\/wp-content\/uploads\/2025\/08\/perparim-kryeziu-600x360-1.jpg",600,360,false],"large":["https:\/\/veritasinfo.org\/wp-content\/uploads\/2025\/08\/perparim-kryeziu-600x360-1.jpg",600,360,false],"1536x1536":["https:\/\/veritasinfo.org\/wp-content\/uploads\/2025\/08\/perparim-kryeziu-600x360-1.jpg",600,360,false],"2048x2048":["https:\/\/veritasinfo.org\/wp-content\/uploads\/2025\/08\/perparim-kryeziu-600x360-1.jpg",600,360,false],"kreeti-slider-full":["https:\/\/veritasinfo.org\/wp-content\/uploads\/2025\/08\/perparim-kryeziu-600x360-1.jpg",600,360,false],"kreeti-featured":["https:\/\/veritasinfo.org\/wp-content\/uploads\/2025\/08\/perparim-kryeziu-600x360-1.jpg",600,360,false],"kreeti-medium":["https:\/\/veritasinfo.org\/wp-content\/uploads\/2025\/08\/perparim-kryeziu-600x360-1.jpg",600,360,false],"kreeti-medium-square":["https:\/\/veritasinfo.org\/wp-content\/uploads\/2025\/08\/perparim-kryeziu-600x360-1.jpg",350,210,false]},"author_info":{"info":["US1"]},"category_info":"<a href=\"https:\/\/veritasinfo.org\/?cat=58\" rel=\"category\">Politik\u00eb<\/a>","tag_info":"Politik\u00eb","comment_count":"0","_links":{"self":[{"href":"https:\/\/veritasinfo.org\/index.php?rest_route=\/wp\/v2\/posts\/8989","targetHints":{"allow":["GET"]}}],"collection":[{"href":"https:\/\/veritasinfo.org\/index.php?rest_route=\/wp\/v2\/posts"}],"about":[{"href":"https:\/\/veritasinfo.org\/index.php?rest_route=\/wp\/v2\/types\/post"}],"author":[{"embeddable":true,"href":"https:\/\/veritasinfo.org\/index.php?rest_route=\/wp\/v2\/users\/2"}],"replies":[{"embeddable":true,"href":"https:\/\/veritasinfo.org\/index.php?rest_route=%2Fwp%2Fv2%2Fcomments&post=8989"}],"version-history":[{"count":1,"href":"https:\/\/veritasinfo.org\/index.php?rest_route=\/wp\/v2\/posts\/8989\/revisions"}],"predecessor-version":[{"id":8991,"href":"https:\/\/veritasinfo.org\/index.php?rest_route=\/wp\/v2\/posts\/8989\/revisions\/8991"}],"wp:featuredmedia":[{"embeddable":true,"href":"https:\/\/veritasinfo.org\/index.php?rest_route=\/wp\/v2\/media\/8990"}],"wp:attachment":[{"href":"https:\/\/veritasinfo.org\/index.php?rest_route=%2Fwp%2Fv2%2Fmedia&parent=8989"}],"wp:term":[{"taxonomy":"category","embeddable":true,"href":"https:\/\/veritasinfo.org\/index.php?rest_route=%2Fwp%2Fv2%2Fcategories&post=8989"},{"taxonomy":"post_tag","embeddable":true,"href":"https:\/\/veritasinfo.org\/index.php?rest_route=%2Fwp%2Fv2%2Ftags&post=8989"}],"curies":[{"name":"wp","href":"https:\/\/api.w.org\/{rel}","templated":true}]}}