{"id":8974,"date":"2025-08-21T19:48:59","date_gmt":"2025-08-21T17:48:59","guid":{"rendered":"https:\/\/veritasinfo.org\/?p=8974"},"modified":"2025-08-21T19:48:59","modified_gmt":"2025-08-21T17:48:59","slug":"haxhiu-moscertifikimi-i-listes-serbe-fitore-e-rendesishme-per-demokracine","status":"publish","type":"post","link":"https:\/\/veritasinfo.org\/?p=8974","title":{"rendered":"Haxhiu: Moscertifikimi i List\u00ebs Serbe fitore e r\u00ebnd\u00ebsishme p\u00ebr demokracin\u00eb"},"content":{"rendered":"<p><strong>Prishtin\u00eb, 21 gusht 2025<\/strong><\/p>\n<p>Ministrja n\u00eb detyr\u00eb e Drejt\u00ebsis\u00eb, Albulena Haxhiu, ka th\u00ebn\u00eb se moscertifikimi i List\u00ebs Serbe n\u00eb mbledhjen e sotme t\u00eb Komisionit Qendror t\u00eb Zgjedhjeve (KQZ) p\u00ebrb\u00ebn nj\u00eb fitore t\u00eb r\u00ebnd\u00ebsishme p\u00ebr demokracin\u00eb.<\/p>\n<p>Haxhiu n\u00eb nj\u00eb postim n\u00eb Facebook ka th\u00ebn\u00eb se Lista Serbe ka d\u00ebshmuar se \u00ebsht\u00eb dor\u00eb e zgjatur e presidentit t\u00eb Serbis\u00eb, Aleksandar Vu\u00e7iq.<\/p>\n<p>\u201cVendimi p\u00ebr moscertifikimin e List\u00ebs Serbe p\u00ebr zgjedhjet lokale p\u00ebrb\u00ebn nj\u00eb fitore t\u00eb r\u00ebnd\u00ebsishme p\u00ebr demokracin\u00eb, p\u00ebr integritetin e procesit zgjedhor dhe p\u00ebr sigurin\u00eb qytetare e shtet\u00ebrore. Lista Serbe, n\u00eb m\u00ebnyr\u00eb t\u00eb p\u00ebrs\u00ebritur, ka vepruar kund\u00ebr parimeve kushtetuese dhe ka cenuar rendin demokratik t\u00eb Republik\u00ebs s\u00eb Kosov\u00ebs. Lista serbe ka d\u00ebshmuar q\u00eb nuk synon p\u00ebrfaq\u00ebsimin qytetar, por q\u00eb \u00ebsht\u00eb dor\u00eb e zgjatur e Vu\u00e7iqit. Sulmi terrorist n\u00eb Banjsk\u00eb i organizuar nga kryetari faktik i saj, kryekrimineli Milan Radoi\u00e7iq, \u00ebsht\u00eb nj\u00eb nga aktet terroriste ndaj t\u00eb cilave Republika e Kosov\u00ebs vepron me vendosshm\u00ebri\u201d, ka shkruar Haxhiu.<\/p>\n","protected":false},"excerpt":{"rendered":"<p>Prishtin\u00eb, 21 gusht 2025 Ministrja n\u00eb detyr\u00eb e Drejt\u00ebsis\u00eb, Albulena Haxhiu, ka th\u00ebn\u00eb se moscertifikimi i List\u00ebs Serbe n\u00eb mbledhjen e sotme t\u00eb Komisionit Qendror<\/p>\n","protected":false},"author":2,"featured_media":8975,"comment_status":"open","ping_status":"open","sticky":false,"template":"","format":"standard","meta":{"footnotes":""},"categories":[58],"tags":[],"class_list":["post-8974","post","type-post","status-publish","format-standard","has-post-thumbnail","hentry","category-politike-sq"],"yoast_head":"<!-- This site is optimized with the Yoast SEO plugin v25.3.1 - https:\/\/yoast.com\/wordpress\/plugins\/seo\/ -->\n<title>Haxhiu: Moscertifikimi i List\u00ebs Serbe fitore e r\u00ebnd\u00ebsishme p\u00ebr demokracin\u00eb -<\/title>\n<meta name=\"robots\" content=\"index, follow, max-snippet:-1, max-image-preview:large, max-video-preview:-1\" \/>\n<link rel=\"canonical\" href=\"https:\/\/veritasinfo.org\/?p=8974\" \/>\n<meta property=\"og:locale\" content=\"en_US\" \/>\n<meta property=\"og:type\" content=\"article\" \/>\n<meta property=\"og:title\" content=\"Haxhiu: Moscertifikimi i List\u00ebs Serbe fitore e r\u00ebnd\u00ebsishme p\u00ebr demokracin\u00eb -\" \/>\n<meta property=\"og:description\" content=\"Prishtin\u00eb, 21 gusht 2025 Ministrja n\u00eb detyr\u00eb e Drejt\u00ebsis\u00eb, Albulena Haxhiu, ka th\u00ebn\u00eb se moscertifikimi i List\u00ebs Serbe n\u00eb mbledhjen e sotme t\u00eb Komisionit Qendror\" \/>\n<meta property=\"og:url\" content=\"https:\/\/veritasinfo.org\/?p=8974\" \/>\n<meta property=\"article:published_time\" content=\"2025-08-21T17:48:59+00:00\" \/>\n<meta property=\"og:image\" content=\"https:\/\/veritasinfo.org\/wp-content\/uploads\/2025\/08\/haxhiu.png\" \/>\n\t<meta property=\"og:image:width\" content=\"1208\" \/>\n\t<meta property=\"og:image:height\" content=\"731\" \/>\n\t<meta property=\"og:image:type\" content=\"image\/png\" \/>\n<meta name=\"author\" content=\"US1\" \/>\n<meta name=\"twitter:card\" content=\"summary_large_image\" \/>\n<meta name=\"twitter:label1\" content=\"Written by\" \/>\n\t<meta name=\"twitter:data1\" content=\"US1\" \/>\n\t<meta name=\"twitter:label2\" content=\"Est. reading time\" \/>\n\t<meta name=\"twitter:data2\" content=\"1 minute\" \/>\n<script type=\"application\/ld+json\" class=\"yoast-schema-graph\">{\"@context\":\"https:\/\/schema.org\",\"@graph\":[{\"@type\":\"WebPage\",\"@id\":\"https:\/\/veritasinfo.org\/?p=8974\",\"url\":\"https:\/\/veritasinfo.org\/?p=8974\",\"name\":\"Haxhiu: Moscertifikimi i List\u00ebs Serbe fitore e r\u00ebnd\u00ebsishme p\u00ebr demokracin\u00eb -\",\"isPartOf\":{\"@id\":\"https:\/\/veritasinfo.org\/#website\"},\"primaryImageOfPage\":{\"@id\":\"https:\/\/veritasinfo.org\/?p=8974#primaryimage\"},\"image\":{\"@id\":\"https:\/\/veritasinfo.org\/?p=8974#primaryimage\"},\"thumbnailUrl\":\"https:\/\/veritasinfo.org\/wp-content\/uploads\/2025\/08\/haxhiu.png\",\"datePublished\":\"2025-08-21T17:48:59+00:00\",\"author\":{\"@id\":\"https:\/\/veritasinfo.org\/#\/schema\/person\/c2b8be262ea994d0995addca692c5e98\"},\"breadcrumb\":{\"@id\":\"https:\/\/veritasinfo.org\/?p=8974#breadcrumb\"},\"inLanguage\":\"en-US\",\"potentialAction\":[{\"@type\":\"ReadAction\",\"target\":[\"https:\/\/veritasinfo.org\/?p=8974\"]}]},{\"@type\":\"ImageObject\",\"inLanguage\":\"en-US\",\"@id\":\"https:\/\/veritasinfo.org\/?p=8974#primaryimage\",\"url\":\"https:\/\/veritasinfo.org\/wp-content\/uploads\/2025\/08\/haxhiu.png\",\"contentUrl\":\"https:\/\/veritasinfo.org\/wp-content\/uploads\/2025\/08\/haxhiu.png\",\"width\":1208,\"height\":731},{\"@type\":\"BreadcrumbList\",\"@id\":\"https:\/\/veritasinfo.org\/?p=8974#breadcrumb\",\"itemListElement\":[{\"@type\":\"ListItem\",\"position\":1,\"name\":\"Home\",\"item\":\"https:\/\/veritasinfo.org\/\"},{\"@type\":\"ListItem\",\"position\":2,\"name\":\"Haxhiu: Moscertifikimi i List\u00ebs Serbe fitore e r\u00ebnd\u00ebsishme p\u00ebr demokracin\u00eb\"}]},{\"@type\":\"WebSite\",\"@id\":\"https:\/\/veritasinfo.org\/#website\",\"url\":\"https:\/\/veritasinfo.org\/\",\"name\":\"\",\"description\":\"\",\"potentialAction\":[{\"@type\":\"SearchAction\",\"target\":{\"@type\":\"EntryPoint\",\"urlTemplate\":\"https:\/\/veritasinfo.org\/?s={search_term_string}\"},\"query-input\":{\"@type\":\"PropertyValueSpecification\",\"valueRequired\":true,\"valueName\":\"search_term_string\"}}],\"inLanguage\":\"en-US\"},{\"@type\":\"Person\",\"@id\":\"https:\/\/veritasinfo.org\/#\/schema\/person\/c2b8be262ea994d0995addca692c5e98\",\"name\":\"US1\",\"image\":{\"@type\":\"ImageObject\",\"inLanguage\":\"en-US\",\"@id\":\"https:\/\/veritasinfo.org\/#\/schema\/person\/image\/\",\"url\":\"https:\/\/secure.gravatar.com\/avatar\/4e96a59bd256abf9956eb9963ac891a47461ffb364d47b0e9aab113328fdb75b?s=96&d=mm&r=g\",\"contentUrl\":\"https:\/\/secure.gravatar.com\/avatar\/4e96a59bd256abf9956eb9963ac891a47461ffb364d47b0e9aab113328fdb75b?s=96&d=mm&r=g\",\"caption\":\"US1\"},\"url\":\"https:\/\/veritasinfo.org\/?author=2\"}]}<\/script>\n<!-- \/ Yoast SEO plugin. -->","yoast_head_json":{"title":"Haxhiu: Moscertifikimi i List\u00ebs Serbe fitore e r\u00ebnd\u00ebsishme p\u00ebr demokracin\u00eb -","robots":{"index":"index","follow":"follow","max-snippet":"max-snippet:-1","max-image-preview":"max-image-preview:large","max-video-preview":"max-video-preview:-1"},"canonical":"https:\/\/veritasinfo.org\/?p=8974","og_locale":"en_US","og_type":"article","og_title":"Haxhiu: Moscertifikimi i List\u00ebs Serbe fitore e r\u00ebnd\u00ebsishme p\u00ebr demokracin\u00eb -","og_description":"Prishtin\u00eb, 21 gusht 2025 Ministrja n\u00eb detyr\u00eb e Drejt\u00ebsis\u00eb, Albulena Haxhiu, ka th\u00ebn\u00eb se moscertifikimi i List\u00ebs Serbe n\u00eb mbledhjen e sotme t\u00eb Komisionit Qendror","og_url":"https:\/\/veritasinfo.org\/?p=8974","article_published_time":"2025-08-21T17:48:59+00:00","og_image":[{"width":1208,"height":731,"url":"https:\/\/veritasinfo.org\/wp-content\/uploads\/2025\/08\/haxhiu.png","type":"image\/png"}],"author":"US1","twitter_card":"summary_large_image","twitter_misc":{"Written by":"US1","Est. reading time":"1 minute"},"schema":{"@context":"https:\/\/schema.org","@graph":[{"@type":"WebPage","@id":"https:\/\/veritasinfo.org\/?p=8974","url":"https:\/\/veritasinfo.org\/?p=8974","name":"Haxhiu: Moscertifikimi i List\u00ebs Serbe fitore e r\u00ebnd\u00ebsishme p\u00ebr demokracin\u00eb -","isPartOf":{"@id":"https:\/\/veritasinfo.org\/#website"},"primaryImageOfPage":{"@id":"https:\/\/veritasinfo.org\/?p=8974#primaryimage"},"image":{"@id":"https:\/\/veritasinfo.org\/?p=8974#primaryimage"},"thumbnailUrl":"https:\/\/veritasinfo.org\/wp-content\/uploads\/2025\/08\/haxhiu.png","datePublished":"2025-08-21T17:48:59+00:00","author":{"@id":"https:\/\/veritasinfo.org\/#\/schema\/person\/c2b8be262ea994d0995addca692c5e98"},"breadcrumb":{"@id":"https:\/\/veritasinfo.org\/?p=8974#breadcrumb"},"inLanguage":"en-US","potentialAction":[{"@type":"ReadAction","target":["https:\/\/veritasinfo.org\/?p=8974"]}]},{"@type":"ImageObject","inLanguage":"en-US","@id":"https:\/\/veritasinfo.org\/?p=8974#primaryimage","url":"https:\/\/veritasinfo.org\/wp-content\/uploads\/2025\/08\/haxhiu.png","contentUrl":"https:\/\/veritasinfo.org\/wp-content\/uploads\/2025\/08\/haxhiu.png","width":1208,"height":731},{"@type":"BreadcrumbList","@id":"https:\/\/veritasinfo.org\/?p=8974#breadcrumb","itemListElement":[{"@type":"ListItem","position":1,"name":"Home","item":"https:\/\/veritasinfo.org\/"},{"@type":"ListItem","position":2,"name":"Haxhiu: Moscertifikimi i List\u00ebs Serbe fitore e r\u00ebnd\u00ebsishme p\u00ebr demokracin\u00eb"}]},{"@type":"WebSite","@id":"https:\/\/veritasinfo.org\/#website","url":"https:\/\/veritasinfo.org\/","name":"","description":"","potentialAction":[{"@type":"SearchAction","target":{"@type":"EntryPoint","urlTemplate":"https:\/\/veritasinfo.org\/?s={search_term_string}"},"query-input":{"@type":"PropertyValueSpecification","valueRequired":true,"valueName":"search_term_string"}}],"inLanguage":"en-US"},{"@type":"Person","@id":"https:\/\/veritasinfo.org\/#\/schema\/person\/c2b8be262ea994d0995addca692c5e98","name":"US1","image":{"@type":"ImageObject","inLanguage":"en-US","@id":"https:\/\/veritasinfo.org\/#\/schema\/person\/image\/","url":"https:\/\/secure.gravatar.com\/avatar\/4e96a59bd256abf9956eb9963ac891a47461ffb364d47b0e9aab113328fdb75b?s=96&d=mm&r=g","contentUrl":"https:\/\/secure.gravatar.com\/avatar\/4e96a59bd256abf9956eb9963ac891a47461ffb364d47b0e9aab113328fdb75b?s=96&d=mm&r=g","caption":"US1"},"url":"https:\/\/veritasinfo.org\/?author=2"}]}},"featured_image_urls":{"full":["https:\/\/veritasinfo.org\/wp-content\/uploads\/2025\/08\/haxhiu.png",1208,731,false],"thumbnail":["https:\/\/veritasinfo.org\/wp-content\/uploads\/2025\/08\/haxhiu-150x150.png",150,150,true],"medium":["https:\/\/veritasinfo.org\/wp-content\/uploads\/2025\/08\/haxhiu-300x182.png",300,182,true],"medium_large":["https:\/\/veritasinfo.org\/wp-content\/uploads\/2025\/08\/haxhiu-768x465.png",640,388,true],"large":["https:\/\/veritasinfo.org\/wp-content\/uploads\/2025\/08\/haxhiu-1024x620.png",640,388,true],"1536x1536":["https:\/\/veritasinfo.org\/wp-content\/uploads\/2025\/08\/haxhiu.png",1208,731,false],"2048x2048":["https:\/\/veritasinfo.org\/wp-content\/uploads\/2025\/08\/haxhiu.png",1208,731,false],"kreeti-slider-full":["https:\/\/veritasinfo.org\/wp-content\/uploads\/2025\/08\/haxhiu.png",1190,720,false],"kreeti-featured":["https:\/\/veritasinfo.org\/wp-content\/uploads\/2025\/08\/haxhiu.png",1024,620,false],"kreeti-medium":["https:\/\/veritasinfo.org\/wp-content\/uploads\/2025\/08\/haxhiu.png",720,436,false],"kreeti-medium-square":["https:\/\/veritasinfo.org\/wp-content\/uploads\/2025\/08\/haxhiu.png",350,212,false]},"author_info":{"info":["US1"]},"category_info":"<a href=\"https:\/\/veritasinfo.org\/?cat=58\" rel=\"category\">Politik\u00eb<\/a>","tag_info":"Politik\u00eb","comment_count":"0","_links":{"self":[{"href":"https:\/\/veritasinfo.org\/index.php?rest_route=\/wp\/v2\/posts\/8974","targetHints":{"allow":["GET"]}}],"collection":[{"href":"https:\/\/veritasinfo.org\/index.php?rest_route=\/wp\/v2\/posts"}],"about":[{"href":"https:\/\/veritasinfo.org\/index.php?rest_route=\/wp\/v2\/types\/post"}],"author":[{"embeddable":true,"href":"https:\/\/veritasinfo.org\/index.php?rest_route=\/wp\/v2\/users\/2"}],"replies":[{"embeddable":true,"href":"https:\/\/veritasinfo.org\/index.php?rest_route=%2Fwp%2Fv2%2Fcomments&post=8974"}],"version-history":[{"count":1,"href":"https:\/\/veritasinfo.org\/index.php?rest_route=\/wp\/v2\/posts\/8974\/revisions"}],"predecessor-version":[{"id":8976,"href":"https:\/\/veritasinfo.org\/index.php?rest_route=\/wp\/v2\/posts\/8974\/revisions\/8976"}],"wp:featuredmedia":[{"embeddable":true,"href":"https:\/\/veritasinfo.org\/index.php?rest_route=\/wp\/v2\/media\/8975"}],"wp:attachment":[{"href":"https:\/\/veritasinfo.org\/index.php?rest_route=%2Fwp%2Fv2%2Fmedia&parent=8974"}],"wp:term":[{"taxonomy":"category","embeddable":true,"href":"https:\/\/veritasinfo.org\/index.php?rest_route=%2Fwp%2Fv2%2Fcategories&post=8974"},{"taxonomy":"post_tag","embeddable":true,"href":"https:\/\/veritasinfo.org\/index.php?rest_route=%2Fwp%2Fv2%2Ftags&post=8974"}],"curies":[{"name":"wp","href":"https:\/\/api.w.org\/{rel}","templated":true}]}}