{"id":8890,"date":"2025-08-21T08:56:09","date_gmt":"2025-08-21T06:56:09","guid":{"rendered":"https:\/\/veritasinfo.org\/?p=8890"},"modified":"2025-08-21T08:56:09","modified_gmt":"2025-08-21T06:56:09","slug":"picula-askush-ne-be-ska-iluzione-kush-eshte-vuciqi-kjo-serbi-smund-te-anetaresohet-ne-union","status":"publish","type":"post","link":"https:\/\/veritasinfo.org\/?p=8890","title":{"rendered":"Picula: Askush n\u00eb BE s\u2019ka iluzione kush \u00ebsht\u00eb Vu\u00e7iqi \u2013 kjo Serbi s\u2019mund t\u00eb an\u00ebtar\u00ebsohet n\u00eb Union"},"content":{"rendered":"<p>Strasburg, 21 Gusht 2025<\/p>\n<p><strong>Raportuesi i Parlamentit Evropian p\u00ebr Serbin\u00eb, Tonino Picula, deklaroi se askush nga faktor\u00ebt politik\u00eb relevant\u00eb n\u00eb Bashkimin Evropian nuk ka m\u00eb iluzione rreth asaj se kush \u00ebsht\u00eb presidenti i Serbis\u00eb, Alleksandar Vu\u00e7iq, dhe \u00e7far\u00eb lloj pushteti ai ushtron.<\/strong><\/p>\n<p>Sipas tij, Serbia n\u00eb gjendjen aktuale nuk ka mund\u00ebsi t\u00eb an\u00ebtar\u00ebsohet n\u00eb BE.<\/p>\n<p>\u201c\u00c7\u00ebshtja \u00ebsht\u00eb si t\u00eb p\u00ebrcaktohet raporti ndaj alternativ\u00ebs, pra ndaj atyre q\u00eb potencialisht mund t\u00eb vijn\u00eb nes\u00ebr n\u00eb pushtet, gj\u00eb q\u00eb sot mbetet nj\u00eb dram\u00eb politike e pasigurt. Mua m\u00eb duket se pushteti i Vu\u00e7iqit ka legalitet, por ata q\u00eb protestojn\u00eb po fitojn\u00eb legjitimitet\u201d, tha Picula.<\/p>\n<p>Ai kujtoi edhe tragjedin\u00eb e r\u00ebnies s\u00eb \u00e7atis\u00eb n\u00eb Stacionin Hekurudhor t\u00eb Novi Sadit, ku humb\u00ebn jet\u00ebn 16 persona, duke paralajm\u00ebruar se \u201cviktima e 17-t\u00eb mund t\u00eb shfaqet n\u00eb p\u00ebrplasjet gjithnj\u00eb e m\u00eb t\u00eb ashpra n\u00ebp\u00ebr rrug\u00ebt e qyteteve serbe\u201d.<\/p>\n<div id=\"gazet-545459862\" class=\"gazet-brenda-tekst1\">\n<div id=\"gazet-1335233241\" class=\"gazet-target\" data-advadstrackid=\"543311\" data-advadstrackbid=\"1\">\u201cKy \u00ebsht\u00eb nj\u00eb paralajm\u00ebrim jasht\u00ebzakonisht serioz p\u00ebr ata q\u00eb mund t\u00eb vendosin p\u00ebr kompromiset lidhur me Serbin\u00eb. Zgjidhja duhet t\u00eb gjendet p\u00ebrmes zgjedhjeve\u201d, u shpreh ai.<\/div>\n<\/div>\n<p>Picula shtoi se Kroacia duhet t\u00eb jet\u00eb politikisht m\u00eb e ashp\u00ebr ndaj, si\u00e7 tha, manipulimeve t\u00eb pushtetit t\u00eb Vu\u00e7iqit, i cili shpesh ndalon qytetar\u00eb kroat\u00eb dhe i d\u00ebbon nga Serbia.<\/p>\n<p>&nbsp;<\/p>\n","protected":false},"excerpt":{"rendered":"<p>Strasburg, 21 Gusht 2025 Raportuesi i Parlamentit Evropian p\u00ebr Serbin\u00eb, Tonino Picula, deklaroi se askush nga faktor\u00ebt politik\u00eb relevant\u00eb n\u00eb Bashkimin Evropian nuk ka m\u00eb<\/p>\n","protected":false},"author":1,"featured_media":8891,"comment_status":"open","ping_status":"open","sticky":false,"template":"","format":"standard","meta":{"footnotes":""},"categories":[58],"tags":[],"class_list":["post-8890","post","type-post","status-publish","format-standard","has-post-thumbnail","hentry","category-politike-sq"],"yoast_head":"<!-- This site is optimized with the Yoast SEO plugin v25.3.1 - https:\/\/yoast.com\/wordpress\/plugins\/seo\/ -->\n<title>Picula: Askush n\u00eb BE s\u2019ka iluzione kush \u00ebsht\u00eb Vu\u00e7iqi \u2013 kjo Serbi s\u2019mund t\u00eb an\u00ebtar\u00ebsohet n\u00eb Union -<\/title>\n<meta name=\"robots\" content=\"index, follow, max-snippet:-1, max-image-preview:large, max-video-preview:-1\" \/>\n<link rel=\"canonical\" href=\"https:\/\/veritasinfo.org\/?p=8890\" \/>\n<meta property=\"og:locale\" content=\"en_US\" \/>\n<meta property=\"og:type\" content=\"article\" \/>\n<meta property=\"og:title\" content=\"Picula: Askush n\u00eb BE s\u2019ka iluzione kush \u00ebsht\u00eb Vu\u00e7iqi \u2013 kjo Serbi s\u2019mund t\u00eb an\u00ebtar\u00ebsohet n\u00eb Union -\" \/>\n<meta property=\"og:description\" content=\"Strasburg, 21 Gusht 2025 Raportuesi i Parlamentit Evropian p\u00ebr Serbin\u00eb, Tonino Picula, deklaroi se askush nga faktor\u00ebt politik\u00eb relevant\u00eb n\u00eb Bashkimin Evropian nuk ka m\u00eb\" \/>\n<meta property=\"og:url\" content=\"https:\/\/veritasinfo.org\/?p=8890\" \/>\n<meta property=\"article:published_time\" content=\"2025-08-21T06:56:09+00:00\" \/>\n<meta property=\"og:image\" content=\"https:\/\/veritasinfo.org\/wp-content\/uploads\/2025\/08\/IMG_3306.webp\" \/>\n\t<meta property=\"og:image:width\" content=\"800\" \/>\n\t<meta property=\"og:image:height\" content=\"534\" \/>\n\t<meta property=\"og:image:type\" content=\"image\/webp\" \/>\n<meta name=\"author\" content=\"admin\" \/>\n<meta name=\"twitter:card\" content=\"summary_large_image\" \/>\n<meta name=\"twitter:label1\" content=\"Written by\" \/>\n\t<meta name=\"twitter:data1\" content=\"admin\" \/>\n\t<meta name=\"twitter:label2\" content=\"Est. reading time\" \/>\n\t<meta name=\"twitter:data2\" content=\"2 minutes\" \/>\n<script type=\"application\/ld+json\" class=\"yoast-schema-graph\">{\"@context\":\"https:\/\/schema.org\",\"@graph\":[{\"@type\":\"WebPage\",\"@id\":\"https:\/\/veritasinfo.org\/?p=8890\",\"url\":\"https:\/\/veritasinfo.org\/?p=8890\",\"name\":\"Picula: Askush n\u00eb BE s\u2019ka iluzione kush \u00ebsht\u00eb Vu\u00e7iqi \u2013 kjo Serbi s\u2019mund t\u00eb an\u00ebtar\u00ebsohet n\u00eb Union -\",\"isPartOf\":{\"@id\":\"https:\/\/veritasinfo.org\/#website\"},\"primaryImageOfPage\":{\"@id\":\"https:\/\/veritasinfo.org\/?p=8890#primaryimage\"},\"image\":{\"@id\":\"https:\/\/veritasinfo.org\/?p=8890#primaryimage\"},\"thumbnailUrl\":\"https:\/\/veritasinfo.org\/wp-content\/uploads\/2025\/08\/IMG_3306.webp\",\"datePublished\":\"2025-08-21T06:56:09+00:00\",\"author\":{\"@id\":\"https:\/\/veritasinfo.org\/#\/schema\/person\/7701f8c088bece422266b100a712374f\"},\"breadcrumb\":{\"@id\":\"https:\/\/veritasinfo.org\/?p=8890#breadcrumb\"},\"inLanguage\":\"en-US\",\"potentialAction\":[{\"@type\":\"ReadAction\",\"target\":[\"https:\/\/veritasinfo.org\/?p=8890\"]}]},{\"@type\":\"ImageObject\",\"inLanguage\":\"en-US\",\"@id\":\"https:\/\/veritasinfo.org\/?p=8890#primaryimage\",\"url\":\"https:\/\/veritasinfo.org\/wp-content\/uploads\/2025\/08\/IMG_3306.webp\",\"contentUrl\":\"https:\/\/veritasinfo.org\/wp-content\/uploads\/2025\/08\/IMG_3306.webp\",\"width\":800,\"height\":534},{\"@type\":\"BreadcrumbList\",\"@id\":\"https:\/\/veritasinfo.org\/?p=8890#breadcrumb\",\"itemListElement\":[{\"@type\":\"ListItem\",\"position\":1,\"name\":\"Home\",\"item\":\"https:\/\/veritasinfo.org\/\"},{\"@type\":\"ListItem\",\"position\":2,\"name\":\"Picula: Askush n\u00eb BE s\u2019ka iluzione kush \u00ebsht\u00eb Vu\u00e7iqi \u2013 kjo Serbi s\u2019mund t\u00eb an\u00ebtar\u00ebsohet n\u00eb Union\"}]},{\"@type\":\"WebSite\",\"@id\":\"https:\/\/veritasinfo.org\/#website\",\"url\":\"https:\/\/veritasinfo.org\/\",\"name\":\"\",\"description\":\"\",\"potentialAction\":[{\"@type\":\"SearchAction\",\"target\":{\"@type\":\"EntryPoint\",\"urlTemplate\":\"https:\/\/veritasinfo.org\/?s={search_term_string}\"},\"query-input\":{\"@type\":\"PropertyValueSpecification\",\"valueRequired\":true,\"valueName\":\"search_term_string\"}}],\"inLanguage\":\"en-US\"},{\"@type\":\"Person\",\"@id\":\"https:\/\/veritasinfo.org\/#\/schema\/person\/7701f8c088bece422266b100a712374f\",\"name\":\"admin\",\"image\":{\"@type\":\"ImageObject\",\"inLanguage\":\"en-US\",\"@id\":\"https:\/\/veritasinfo.org\/#\/schema\/person\/image\/\",\"url\":\"https:\/\/secure.gravatar.com\/avatar\/ea53aa3bf6c9a12d5fde8ce4deff43fef3885ae33cf60184161a50d6987cfd2f?s=96&d=mm&r=g\",\"contentUrl\":\"https:\/\/secure.gravatar.com\/avatar\/ea53aa3bf6c9a12d5fde8ce4deff43fef3885ae33cf60184161a50d6987cfd2f?s=96&d=mm&r=g\",\"caption\":\"admin\"},\"sameAs\":[\"https:\/\/veritasinfo.org\"],\"url\":\"https:\/\/veritasinfo.org\/?author=1\"}]}<\/script>\n<!-- \/ Yoast SEO plugin. -->","yoast_head_json":{"title":"Picula: Askush n\u00eb BE s\u2019ka iluzione kush \u00ebsht\u00eb Vu\u00e7iqi \u2013 kjo Serbi s\u2019mund t\u00eb an\u00ebtar\u00ebsohet n\u00eb Union -","robots":{"index":"index","follow":"follow","max-snippet":"max-snippet:-1","max-image-preview":"max-image-preview:large","max-video-preview":"max-video-preview:-1"},"canonical":"https:\/\/veritasinfo.org\/?p=8890","og_locale":"en_US","og_type":"article","og_title":"Picula: Askush n\u00eb BE s\u2019ka iluzione kush \u00ebsht\u00eb Vu\u00e7iqi \u2013 kjo Serbi s\u2019mund t\u00eb an\u00ebtar\u00ebsohet n\u00eb Union -","og_description":"Strasburg, 21 Gusht 2025 Raportuesi i Parlamentit Evropian p\u00ebr Serbin\u00eb, Tonino Picula, deklaroi se askush nga faktor\u00ebt politik\u00eb relevant\u00eb n\u00eb Bashkimin Evropian nuk ka m\u00eb","og_url":"https:\/\/veritasinfo.org\/?p=8890","article_published_time":"2025-08-21T06:56:09+00:00","og_image":[{"width":800,"height":534,"url":"https:\/\/veritasinfo.org\/wp-content\/uploads\/2025\/08\/IMG_3306.webp","type":"image\/webp"}],"author":"admin","twitter_card":"summary_large_image","twitter_misc":{"Written by":"admin","Est. reading time":"2 minutes"},"schema":{"@context":"https:\/\/schema.org","@graph":[{"@type":"WebPage","@id":"https:\/\/veritasinfo.org\/?p=8890","url":"https:\/\/veritasinfo.org\/?p=8890","name":"Picula: Askush n\u00eb BE s\u2019ka iluzione kush \u00ebsht\u00eb Vu\u00e7iqi \u2013 kjo Serbi s\u2019mund t\u00eb an\u00ebtar\u00ebsohet n\u00eb Union -","isPartOf":{"@id":"https:\/\/veritasinfo.org\/#website"},"primaryImageOfPage":{"@id":"https:\/\/veritasinfo.org\/?p=8890#primaryimage"},"image":{"@id":"https:\/\/veritasinfo.org\/?p=8890#primaryimage"},"thumbnailUrl":"https:\/\/veritasinfo.org\/wp-content\/uploads\/2025\/08\/IMG_3306.webp","datePublished":"2025-08-21T06:56:09+00:00","author":{"@id":"https:\/\/veritasinfo.org\/#\/schema\/person\/7701f8c088bece422266b100a712374f"},"breadcrumb":{"@id":"https:\/\/veritasinfo.org\/?p=8890#breadcrumb"},"inLanguage":"en-US","potentialAction":[{"@type":"ReadAction","target":["https:\/\/veritasinfo.org\/?p=8890"]}]},{"@type":"ImageObject","inLanguage":"en-US","@id":"https:\/\/veritasinfo.org\/?p=8890#primaryimage","url":"https:\/\/veritasinfo.org\/wp-content\/uploads\/2025\/08\/IMG_3306.webp","contentUrl":"https:\/\/veritasinfo.org\/wp-content\/uploads\/2025\/08\/IMG_3306.webp","width":800,"height":534},{"@type":"BreadcrumbList","@id":"https:\/\/veritasinfo.org\/?p=8890#breadcrumb","itemListElement":[{"@type":"ListItem","position":1,"name":"Home","item":"https:\/\/veritasinfo.org\/"},{"@type":"ListItem","position":2,"name":"Picula: Askush n\u00eb BE s\u2019ka iluzione kush \u00ebsht\u00eb Vu\u00e7iqi \u2013 kjo Serbi s\u2019mund t\u00eb an\u00ebtar\u00ebsohet n\u00eb Union"}]},{"@type":"WebSite","@id":"https:\/\/veritasinfo.org\/#website","url":"https:\/\/veritasinfo.org\/","name":"","description":"","potentialAction":[{"@type":"SearchAction","target":{"@type":"EntryPoint","urlTemplate":"https:\/\/veritasinfo.org\/?s={search_term_string}"},"query-input":{"@type":"PropertyValueSpecification","valueRequired":true,"valueName":"search_term_string"}}],"inLanguage":"en-US"},{"@type":"Person","@id":"https:\/\/veritasinfo.org\/#\/schema\/person\/7701f8c088bece422266b100a712374f","name":"admin","image":{"@type":"ImageObject","inLanguage":"en-US","@id":"https:\/\/veritasinfo.org\/#\/schema\/person\/image\/","url":"https:\/\/secure.gravatar.com\/avatar\/ea53aa3bf6c9a12d5fde8ce4deff43fef3885ae33cf60184161a50d6987cfd2f?s=96&d=mm&r=g","contentUrl":"https:\/\/secure.gravatar.com\/avatar\/ea53aa3bf6c9a12d5fde8ce4deff43fef3885ae33cf60184161a50d6987cfd2f?s=96&d=mm&r=g","caption":"admin"},"sameAs":["https:\/\/veritasinfo.org"],"url":"https:\/\/veritasinfo.org\/?author=1"}]}},"featured_image_urls":{"full":["https:\/\/veritasinfo.org\/wp-content\/uploads\/2025\/08\/IMG_3306.webp",800,534,false],"thumbnail":["https:\/\/veritasinfo.org\/wp-content\/uploads\/2025\/08\/IMG_3306-150x150.webp",150,150,true],"medium":["https:\/\/veritasinfo.org\/wp-content\/uploads\/2025\/08\/IMG_3306-300x200.webp",300,200,true],"medium_large":["https:\/\/veritasinfo.org\/wp-content\/uploads\/2025\/08\/IMG_3306-768x513.webp",640,428,true],"large":["https:\/\/veritasinfo.org\/wp-content\/uploads\/2025\/08\/IMG_3306.webp",640,427,false],"1536x1536":["https:\/\/veritasinfo.org\/wp-content\/uploads\/2025\/08\/IMG_3306.webp",800,534,false],"2048x2048":["https:\/\/veritasinfo.org\/wp-content\/uploads\/2025\/08\/IMG_3306.webp",800,534,false],"kreeti-slider-full":["https:\/\/veritasinfo.org\/wp-content\/uploads\/2025\/08\/IMG_3306.webp",800,534,false],"kreeti-featured":["https:\/\/veritasinfo.org\/wp-content\/uploads\/2025\/08\/IMG_3306.webp",800,534,false],"kreeti-medium":["https:\/\/veritasinfo.org\/wp-content\/uploads\/2025\/08\/IMG_3306.webp",720,481,false],"kreeti-medium-square":["https:\/\/veritasinfo.org\/wp-content\/uploads\/2025\/08\/IMG_3306.webp",350,234,false]},"author_info":{"info":["admin"]},"category_info":"<a href=\"https:\/\/veritasinfo.org\/?cat=58\" rel=\"category\">Politik\u00eb<\/a>","tag_info":"Politik\u00eb","comment_count":"0","_links":{"self":[{"href":"https:\/\/veritasinfo.org\/index.php?rest_route=\/wp\/v2\/posts\/8890","targetHints":{"allow":["GET"]}}],"collection":[{"href":"https:\/\/veritasinfo.org\/index.php?rest_route=\/wp\/v2\/posts"}],"about":[{"href":"https:\/\/veritasinfo.org\/index.php?rest_route=\/wp\/v2\/types\/post"}],"author":[{"embeddable":true,"href":"https:\/\/veritasinfo.org\/index.php?rest_route=\/wp\/v2\/users\/1"}],"replies":[{"embeddable":true,"href":"https:\/\/veritasinfo.org\/index.php?rest_route=%2Fwp%2Fv2%2Fcomments&post=8890"}],"version-history":[{"count":1,"href":"https:\/\/veritasinfo.org\/index.php?rest_route=\/wp\/v2\/posts\/8890\/revisions"}],"predecessor-version":[{"id":8892,"href":"https:\/\/veritasinfo.org\/index.php?rest_route=\/wp\/v2\/posts\/8890\/revisions\/8892"}],"wp:featuredmedia":[{"embeddable":true,"href":"https:\/\/veritasinfo.org\/index.php?rest_route=\/wp\/v2\/media\/8891"}],"wp:attachment":[{"href":"https:\/\/veritasinfo.org\/index.php?rest_route=%2Fwp%2Fv2%2Fmedia&parent=8890"}],"wp:term":[{"taxonomy":"category","embeddable":true,"href":"https:\/\/veritasinfo.org\/index.php?rest_route=%2Fwp%2Fv2%2Fcategories&post=8890"},{"taxonomy":"post_tag","embeddable":true,"href":"https:\/\/veritasinfo.org\/index.php?rest_route=%2Fwp%2Fv2%2Ftags&post=8890"}],"curies":[{"name":"wp","href":"https:\/\/api.w.org\/{rel}","templated":true}]}}