{"id":8886,"date":"2025-08-21T08:46:47","date_gmt":"2025-08-21T06:46:47","guid":{"rendered":"https:\/\/veritasinfo.org\/?p=8886"},"modified":"2025-08-21T08:46:47","modified_gmt":"2025-08-21T06:46:47","slug":"pse-vuciqi-ka-marre-fund","status":"publish","type":"post","link":"https:\/\/veritasinfo.org\/?p=8886","title":{"rendered":"Pse Vu\u00e7iqi ka marr\u00eb fund?"},"content":{"rendered":"<p data-start=\"92\" data-end=\"752\">Deri dje regjimi i Aleksandar Vu\u00e7iqit dukej i fort\u00eb dhe i pathyesh\u00ebm. Ai ka sunduar pa konkurrenc\u00eb p\u00ebr 12 vjet, ka n\u00ebnshtruar sh\u00ebrbimet e siguris\u00eb, mediat, gjyq\u00ebsorin, policin\u00eb dhe institucionet (pa ndonj\u00eb rezistenc\u00eb t\u00eb madhe), duke vendosur kontroll mbi procesin zgjedhor q\u00eb u shnd\u00ebrrua n\u00eb fars\u00eb. N\u00eb t\u00ebr\u00eb vendin ka organizuar nj\u00eb rrjet t\u00eb dendur t\u00eb njer\u00ebzve besnik\u00eb, t\u00eb dhunsh\u00ebm e t\u00eb friksh\u00ebm, t\u00eb cil\u00ebt mbanin \u00e7do gj\u00eb n\u00ebn kontroll. Ka marginalizuar opozit\u00ebn, ka ngushtuar hap\u00ebsir\u00ebn p\u00ebr revolt\u00eb qytetare dhe ka ngritur nj\u00eb autokraci, duke krijuar nj\u00eb gubern\u00eb ruse n\u00eb Ballkan, e financuar kryesisht nga parat\u00eb q\u00eb vinin fal\u00eb integrimeve t\u00eb rreme evropiane.<\/p>\n<p data-start=\"754\" data-end=\"1283\">Shantazhet, ryshfetet, presionet, ndjekjet, shpifjet, etiketimet, manipulimi me votat, zgjedhjet jo t\u00eb rregullta, blerja e votuesve dhe e lojalitetit, ushtrit\u00eb e bot\u00ebve, mediat e sh\u00ebrbimeve speciale dhe shp\u00eblarja e trurit \u2013 k\u00ebto ishin mjetet me t\u00eb cilat Vu\u00e7iqi mbante pushtetin e vet. Ka pasur shum\u00eb protesta dhe demonstrata kund\u00ebr regjimit t\u00eb tij n\u00eb vitet e fundit, por asnj\u00eb nuk ia ka l\u00ebkundur fuqin\u00eb, madje as revolta masive e qytetar\u00ebve pas masakrave n\u00eb shkoll\u00ebn fillore \u201cVladislav Ribnikar\u201d, n\u00eb Dubon\u00eb dhe n\u00eb Mallo Ora\u0161je.<\/p>\n<h3 data-start=\"1285\" data-end=\"1318\">Student\u00ebt k\u00ebrkojn\u00eb drejt\u00ebsi<\/h3>\n<p data-start=\"1320\" data-end=\"1849\">M\u00eb 1 n\u00ebntor t\u00eb vitit t\u00eb kaluar ra \u00e7atia n\u00eb Stacionin Hekurudhor t\u00eb Novi Sadit, duke vrar\u00eb gjasht\u00ebmb\u00ebdhjet\u00eb njer\u00ebz dhe plagosur r\u00ebnd\u00eb edhe nj\u00eb tjet\u00ebr. Pas asaj tragjedie, t\u00eb shkaktuar nga neglizhenca, korrupsioni, paaft\u00ebsia, joprofesionalizmi dhe etja p\u00ebr pasuri e regjimit \u2013 asgj\u00eb nuk ishte m\u00eb si m\u00eb par\u00eb. Protestat shp\u00ebrthyen menj\u00ebher\u00eb, opozita bllokoi institucionet, student\u00ebt iu bashkuan masivisht, derisa pas sulmit ndaj tyre shp\u00ebrtheu nj\u00eb kryengritje e p\u00ebrgjithshme e rinis\u00eb q\u00eb ndezi nj\u00eb val\u00eb protestash n\u00eb gjith\u00eb Serbin\u00eb.<\/p>\n<p data-start=\"1851\" data-end=\"2601\">L\u00ebvizja studentore e zgjoi vendin e fjetur, nxiti nj\u00eb kryengritje masive kund\u00ebr regjimit dhe ringjalli shpres\u00ebn se ndryshimi \u00ebsht\u00eb i mundur. Student\u00ebt e b\u00ebn\u00eb Vu\u00e7iqin t\u00eb par\u00ebnd\u00ebsish\u00ebm \u2013 nuk bisedojn\u00eb e as nuk negociojn\u00eb me t\u00eb, p\u00ebr arsyen e thjesht\u00eb se presidenti nuk \u00ebsht\u00eb kompetent p\u00ebr k\u00ebrkesat e tyre. Student\u00ebt k\u00ebrkojn\u00eb drejt\u00ebsi: arrestimin dhe ndjekjen e t\u00eb gjith\u00eb p\u00ebrgjegj\u00ebsve p\u00ebr vrasjet n\u00eb Stacionin Hekurudhor, publikimin e plot\u00eb t\u00eb dokumentacionit p\u00ebr rind\u00ebrtimin \u2013 dhe p\u00ebr k\u00ebt\u00eb jan\u00eb p\u00ebrgjegj\u00ebse institucione t\u00eb tjera, jo kabineti i presidentit. Me pak fjal\u00eb, student\u00ebt k\u00ebrkojn\u00eb q\u00eb shteti ligjor t\u00eb funksionoj\u00eb, nd\u00ebrsa Vu\u00e7iqi \u00ebsht\u00eb mbyt\u00ebsi dhe shkat\u00ebrruesi i atij shteti ligjor, duke u gjendur k\u00ebshtu n\u00eb nj\u00eb pozit\u00eb t\u00eb pamundur dhe pa dalje.<\/p>\n<h3 data-start=\"2603\" data-end=\"2632\">Bllokada e p\u00ebrgjithshme<\/h3>\n<p data-start=\"2634\" data-end=\"3306\">Fakultetet jan\u00eb n\u00eb bllokad\u00eb prej muajsh, nuk ka m\u00ebsim, nuk ka provime derisa k\u00ebrkesat t\u00eb plot\u00ebsohen. Shum\u00eb shkolla t\u00eb mesme jan\u00eb n\u00eb grev\u00eb, pun\u00ebtor\u00ebt e arsimit protestojn\u00eb, avokat\u00ebt nd\u00ebrpren\u00eb pun\u00ebn fillimisht p\u00ebr nj\u00eb jav\u00eb, pastaj p\u00ebr nj\u00eb muaj. Student\u00ebve iu bashkuan edhe bujqit me traktor\u00eb, profesor\u00ebt universitar\u00eb, artist\u00ebt, intelektual\u00ebt dhe personalitete publike nga vendi e bota \u2013 madje edhe Madonna. \u00c7do dit\u00eb ka protesta, bllokada, demonstrata, aq shum\u00eb ngjarje sa \u00ebsht\u00eb e v\u00ebshtir\u00eb t\u00eb ndiqen t\u00eb gjitha. Deri m\u00eb tani, protesta jan\u00eb mbajtur n\u00eb mbi dyqind qytete e fshatra, nd\u00ebrkoh\u00eb q\u00eb iu bashkua edhe diaspora, duke e kthyer l\u00ebvizjen studentore n\u00eb nj\u00eb fenomen global.<\/p>\n<h3 data-start=\"3308\" data-end=\"3333\">Nj\u00eb katarz\u00eb e madhe<\/h3>\n<p data-start=\"3335\" data-end=\"3652\">Kryengritja studentore shkat\u00ebrroi frik\u00ebn, largoi apatin\u00eb, shp\u00ebrndau d\u00ebshp\u00ebrimin e qytetar\u00ebve dhe fitoi mb\u00ebshtetjen aktive t\u00eb shtresave t\u00eb gjera t\u00eb shoq\u00ebris\u00eb. Kjo u pa gjat\u00eb marshit nga Beogradi n\u00eb Novi Sad p\u00ebr bllokimin e tre urave: student\u00ebt u prit\u00ebn n\u00eb \u00e7do vend nga turma banor\u00ebsh q\u00eb u sillnin ushqime dhe ndihma.<\/p>\n<p data-start=\"3654\" data-end=\"4106\">Ata i p\u00ebrqafonin, u p\u00ebruleshin, i uronin, kishte shum\u00eb lot g\u00ebzimi e leht\u00ebsimi shpirt\u00ebror, pas shum\u00eb vitesh dhune psikologjike e mendore nga regjimi. N\u00eb vend ka shp\u00ebrthyer nj\u00eb katarz\u00eb e madhe q\u00eb ka p\u00ebrfshir\u00eb qindra mij\u00ebra qytetar\u00eb. Kur bllokadat p\u00ebrfunduan, taksist\u00ebt organizuan transportin e student\u00ebve nga Novi Sadi n\u00eb Beograd \u2013 mbi 700 makina formuan nj\u00eb kolon\u00eb kilometrike, dhe bashk\u00eb me ta edhe qytetar\u00eb q\u00eb nuk ishin profesionist\u00eb t\u00eb transportit.<\/p>\n<p data-start=\"4108\" data-end=\"4436\">Protestat mbahen n\u00eb qytete t\u00eb m\u00ebdha e t\u00eb vogla, fshatra e lagje, n\u00eb t\u00eb gjitha komunat e Beogradit. Edhe aty ku Partia Progresive Serbe tradicionalisht fiton shumic\u00ebn absolute, si n\u00eb Pe\u0107inci, turma t\u00eb m\u00ebdha dol\u00ebn n\u00eb rrug\u00eb. Baza e partis\u00eb po shembet, e gjithnj\u00eb m\u00eb pak njer\u00ebz kan\u00eb frik\u00eb nga presidenti dhe rrjeti i tij kriminal.<\/p>\n<h3 data-start=\"4438\" data-end=\"4471\">Kryengritja gjith\u00ebpopullore<\/h3>\n<p data-start=\"4473\" data-end=\"4993\">Protesta studentore po shnd\u00ebrrohet n\u00eb nj\u00eb kryengritje gjith\u00ebpopullore. Nuk ka shenja se do t\u00eb shuhet, p\u00ebrkundrazi \u2013 \u00e7do dit\u00eb b\u00ebhet m\u00eb e madhe dhe m\u00eb e fuqishme. Por nj\u00eb gj\u00eb \u00ebsht\u00eb e qart\u00eb: po i vjen fundi regjimit t\u00eb Aleksandar Vu\u00e7iqit. Nj\u00eb pasoj\u00eb konkrete e protestave ishte dor\u00ebheqja e kryeministrit Milo\u0161 Vu\u010devi\u0107 dhe r\u00ebnia e qeveris\u00eb. N\u00eb fakt, kryeministri ishte figur\u00eb e par\u00ebnd\u00ebsishme, Vu\u00e7iq vet\u00ebm sakrifikoi disa pion\u00eb p\u00ebr t\u00eb shp\u00ebtuar veten. Por ai \u00ebsht\u00eb i humbur, i hutuar, pa ide, i paaft\u00eb t\u00eb gjej\u00eb nj\u00eb zgjidhje.<\/p>\n<p data-start=\"4995\" data-end=\"5314\">\u00c7do p\u00ebrpjekje e regjimit p\u00ebr t\u00eb reaguar ishte e gabuar, qesharake dhe kund\u00ebrproduktive \u2013 nj\u00eb autogol politik. Nga g\u00ebnjeshtrat se \u00e7atia nuk ishte rinovuar, tek bandat q\u00eb demoluan nd\u00ebrtesa p\u00ebr t\u2019ia veshur fajin opozit\u00ebs, e deri te justifikimi i shtypjes s\u00eb demonstruesve me makina \u2013 gjith\u00e7ka vet\u00ebm e p\u00ebrshpejtoi r\u00ebnien.<\/p>\n<p data-start=\"5316\" data-end=\"5510\">Kjo paaft\u00ebsi p\u00ebr t\u00eb dh\u00ebn\u00eb nj\u00eb p\u00ebrgjigje t\u00eb arsyeshme tregon se forca e regjimit ka qen\u00eb nj\u00eb iluzion. Vu\u00e7iqi dhe partia e tij jan\u00eb thjesht t\u00eb mbivler\u00ebsuar, nj\u00eb mit i rrem\u00eb i nd\u00ebrtuar n\u00eb publik.<\/p>\n<h3 data-start=\"5512\" data-end=\"5534\">Fundi i tregimit<\/h3>\n<p data-start=\"5536\" data-end=\"5954\">Vu\u00e7iq \u00ebsht\u00eb i mbaruar, edhe pse askush nuk ia ka th\u00ebn\u00eb ende. I ka skaduar afati, nuk ka m\u00eb me \u00e7far\u00eb t\u00eb manipuloj\u00eb. Madje nuk \u00ebsht\u00eb n\u00eb gjendje as t\u00eb organizoj\u00eb nj\u00eb kontramiting serioz. Nd\u00ebrsa ai tubon me zor disa mij\u00ebra njer\u00ebz me autobus\u00eb dhe k\u00ebrc\u00ebnime, protestat pa asnj\u00eb organizim sjellin dhjet\u00ebra mij\u00ebra. Edhe mes atyre q\u00eb shkojn\u00eb me detyrim, ka nga ata q\u00eb publikisht faj\u00ebsojn\u00eb regjimin p\u00ebr tragjedin\u00eb n\u00eb Novi Sad.<\/p>\n<p data-start=\"5956\" data-end=\"6167\">Turneu i tij n\u00ebp\u00ebr Serbi \u00ebsht\u00eb i kot\u00eb: n\u00eb \u00e7do hap tregon arroganc\u00eb, munges\u00eb empatie dhe dhun\u00eb verbale. Madje edhe p\u00ebrkrah\u00ebsit e tij m\u00eb besnik\u00eb po e akuzojn\u00eb hapur si t\u00eb korruptuar dhe si sundimtar t\u00eb shthurur.<\/p>\n<p data-start=\"6169\" data-end=\"6391\">Historia ka mbaruar. \u00c7\u00ebshtja \u00ebsht\u00eb vet\u00ebm teknike: kur dhe si do t\u00eb largohet nga pushteti. Legjitimitetin e ka humbur prej koh\u00ebsh \u2013 n\u00ebse ndonj\u00ebher\u00eb e ka pasur \u2013 dhe qytetar\u00ebt \u00e7do dit\u00eb po i tregojn\u00eb qart\u00eb se nuk e duan m\u00eb.<\/p>\n","protected":false},"excerpt":{"rendered":"<p>Deri dje regjimi i Aleksandar Vu\u00e7iqit dukej i fort\u00eb dhe i pathyesh\u00ebm. Ai ka sunduar pa konkurrenc\u00eb p\u00ebr 12 vjet, ka n\u00ebnshtruar sh\u00ebrbimet e siguris\u00eb,<\/p>\n","protected":false},"author":1,"featured_media":8885,"comment_status":"open","ping_status":"open","sticky":false,"template":"","format":"standard","meta":{"footnotes":""},"categories":[58],"tags":[],"class_list":["post-8886","post","type-post","status-publish","format-standard","has-post-thumbnail","hentry","category-politike-sq"],"yoast_head":"<!-- This site is optimized with the Yoast SEO plugin v25.3.1 - https:\/\/yoast.com\/wordpress\/plugins\/seo\/ -->\n<title>Pse Vu\u00e7iqi ka marr\u00eb fund? -<\/title>\n<meta name=\"robots\" content=\"index, follow, max-snippet:-1, max-image-preview:large, max-video-preview:-1\" \/>\n<link rel=\"canonical\" href=\"https:\/\/veritasinfo.org\/?p=8886\" \/>\n<meta property=\"og:locale\" content=\"en_US\" \/>\n<meta property=\"og:type\" content=\"article\" \/>\n<meta property=\"og:title\" content=\"Pse Vu\u00e7iqi ka marr\u00eb fund? -\" \/>\n<meta property=\"og:description\" content=\"Deri dje regjimi i Aleksandar Vu\u00e7iqit dukej i fort\u00eb dhe i pathyesh\u00ebm. Ai ka sunduar pa konkurrenc\u00eb p\u00ebr 12 vjet, ka n\u00ebnshtruar sh\u00ebrbimet e siguris\u00eb,\" \/>\n<meta property=\"og:url\" content=\"https:\/\/veritasinfo.org\/?p=8886\" \/>\n<meta property=\"article:published_time\" content=\"2025-08-21T06:46:47+00:00\" \/>\n<meta property=\"og:image\" content=\"https:\/\/veritasinfo.org\/wp-content\/uploads\/2025\/08\/IMG_8765-1024x683-1.jpeg\" \/>\n\t<meta property=\"og:image:width\" content=\"1024\" \/>\n\t<meta property=\"og:image:height\" content=\"683\" \/>\n\t<meta property=\"og:image:type\" content=\"image\/jpeg\" \/>\n<meta name=\"author\" content=\"admin\" \/>\n<meta name=\"twitter:card\" content=\"summary_large_image\" \/>\n<meta name=\"twitter:label1\" content=\"Written by\" \/>\n\t<meta name=\"twitter:data1\" content=\"admin\" \/>\n\t<meta name=\"twitter:label2\" content=\"Est. reading time\" \/>\n\t<meta name=\"twitter:data2\" content=\"5 minutes\" \/>\n<script type=\"application\/ld+json\" class=\"yoast-schema-graph\">{\"@context\":\"https:\/\/schema.org\",\"@graph\":[{\"@type\":\"WebPage\",\"@id\":\"https:\/\/veritasinfo.org\/?p=8886\",\"url\":\"https:\/\/veritasinfo.org\/?p=8886\",\"name\":\"Pse Vu\u00e7iqi ka marr\u00eb fund? -\",\"isPartOf\":{\"@id\":\"https:\/\/veritasinfo.org\/#website\"},\"primaryImageOfPage\":{\"@id\":\"https:\/\/veritasinfo.org\/?p=8886#primaryimage\"},\"image\":{\"@id\":\"https:\/\/veritasinfo.org\/?p=8886#primaryimage\"},\"thumbnailUrl\":\"https:\/\/veritasinfo.org\/wp-content\/uploads\/2025\/08\/IMG_8765-1024x683-1.jpeg\",\"datePublished\":\"2025-08-21T06:46:47+00:00\",\"author\":{\"@id\":\"https:\/\/veritasinfo.org\/#\/schema\/person\/7701f8c088bece422266b100a712374f\"},\"breadcrumb\":{\"@id\":\"https:\/\/veritasinfo.org\/?p=8886#breadcrumb\"},\"inLanguage\":\"en-US\",\"potentialAction\":[{\"@type\":\"ReadAction\",\"target\":[\"https:\/\/veritasinfo.org\/?p=8886\"]}]},{\"@type\":\"ImageObject\",\"inLanguage\":\"en-US\",\"@id\":\"https:\/\/veritasinfo.org\/?p=8886#primaryimage\",\"url\":\"https:\/\/veritasinfo.org\/wp-content\/uploads\/2025\/08\/IMG_8765-1024x683-1.jpeg\",\"contentUrl\":\"https:\/\/veritasinfo.org\/wp-content\/uploads\/2025\/08\/IMG_8765-1024x683-1.jpeg\",\"width\":1024,\"height\":683},{\"@type\":\"BreadcrumbList\",\"@id\":\"https:\/\/veritasinfo.org\/?p=8886#breadcrumb\",\"itemListElement\":[{\"@type\":\"ListItem\",\"position\":1,\"name\":\"Home\",\"item\":\"https:\/\/veritasinfo.org\/\"},{\"@type\":\"ListItem\",\"position\":2,\"name\":\"Pse Vu\u00e7iqi ka marr\u00eb fund?\"}]},{\"@type\":\"WebSite\",\"@id\":\"https:\/\/veritasinfo.org\/#website\",\"url\":\"https:\/\/veritasinfo.org\/\",\"name\":\"\",\"description\":\"\",\"potentialAction\":[{\"@type\":\"SearchAction\",\"target\":{\"@type\":\"EntryPoint\",\"urlTemplate\":\"https:\/\/veritasinfo.org\/?s={search_term_string}\"},\"query-input\":{\"@type\":\"PropertyValueSpecification\",\"valueRequired\":true,\"valueName\":\"search_term_string\"}}],\"inLanguage\":\"en-US\"},{\"@type\":\"Person\",\"@id\":\"https:\/\/veritasinfo.org\/#\/schema\/person\/7701f8c088bece422266b100a712374f\",\"name\":\"admin\",\"image\":{\"@type\":\"ImageObject\",\"inLanguage\":\"en-US\",\"@id\":\"https:\/\/veritasinfo.org\/#\/schema\/person\/image\/\",\"url\":\"https:\/\/secure.gravatar.com\/avatar\/ea53aa3bf6c9a12d5fde8ce4deff43fef3885ae33cf60184161a50d6987cfd2f?s=96&d=mm&r=g\",\"contentUrl\":\"https:\/\/secure.gravatar.com\/avatar\/ea53aa3bf6c9a12d5fde8ce4deff43fef3885ae33cf60184161a50d6987cfd2f?s=96&d=mm&r=g\",\"caption\":\"admin\"},\"sameAs\":[\"https:\/\/veritasinfo.org\"],\"url\":\"https:\/\/veritasinfo.org\/?author=1\"}]}<\/script>\n<!-- \/ Yoast SEO plugin. -->","yoast_head_json":{"title":"Pse Vu\u00e7iqi ka marr\u00eb fund? -","robots":{"index":"index","follow":"follow","max-snippet":"max-snippet:-1","max-image-preview":"max-image-preview:large","max-video-preview":"max-video-preview:-1"},"canonical":"https:\/\/veritasinfo.org\/?p=8886","og_locale":"en_US","og_type":"article","og_title":"Pse Vu\u00e7iqi ka marr\u00eb fund? -","og_description":"Deri dje regjimi i Aleksandar Vu\u00e7iqit dukej i fort\u00eb dhe i pathyesh\u00ebm. Ai ka sunduar pa konkurrenc\u00eb p\u00ebr 12 vjet, ka n\u00ebnshtruar sh\u00ebrbimet e siguris\u00eb,","og_url":"https:\/\/veritasinfo.org\/?p=8886","article_published_time":"2025-08-21T06:46:47+00:00","og_image":[{"width":1024,"height":683,"url":"https:\/\/veritasinfo.org\/wp-content\/uploads\/2025\/08\/IMG_8765-1024x683-1.jpeg","type":"image\/jpeg"}],"author":"admin","twitter_card":"summary_large_image","twitter_misc":{"Written by":"admin","Est. reading time":"5 minutes"},"schema":{"@context":"https:\/\/schema.org","@graph":[{"@type":"WebPage","@id":"https:\/\/veritasinfo.org\/?p=8886","url":"https:\/\/veritasinfo.org\/?p=8886","name":"Pse Vu\u00e7iqi ka marr\u00eb fund? -","isPartOf":{"@id":"https:\/\/veritasinfo.org\/#website"},"primaryImageOfPage":{"@id":"https:\/\/veritasinfo.org\/?p=8886#primaryimage"},"image":{"@id":"https:\/\/veritasinfo.org\/?p=8886#primaryimage"},"thumbnailUrl":"https:\/\/veritasinfo.org\/wp-content\/uploads\/2025\/08\/IMG_8765-1024x683-1.jpeg","datePublished":"2025-08-21T06:46:47+00:00","author":{"@id":"https:\/\/veritasinfo.org\/#\/schema\/person\/7701f8c088bece422266b100a712374f"},"breadcrumb":{"@id":"https:\/\/veritasinfo.org\/?p=8886#breadcrumb"},"inLanguage":"en-US","potentialAction":[{"@type":"ReadAction","target":["https:\/\/veritasinfo.org\/?p=8886"]}]},{"@type":"ImageObject","inLanguage":"en-US","@id":"https:\/\/veritasinfo.org\/?p=8886#primaryimage","url":"https:\/\/veritasinfo.org\/wp-content\/uploads\/2025\/08\/IMG_8765-1024x683-1.jpeg","contentUrl":"https:\/\/veritasinfo.org\/wp-content\/uploads\/2025\/08\/IMG_8765-1024x683-1.jpeg","width":1024,"height":683},{"@type":"BreadcrumbList","@id":"https:\/\/veritasinfo.org\/?p=8886#breadcrumb","itemListElement":[{"@type":"ListItem","position":1,"name":"Home","item":"https:\/\/veritasinfo.org\/"},{"@type":"ListItem","position":2,"name":"Pse Vu\u00e7iqi ka marr\u00eb fund?"}]},{"@type":"WebSite","@id":"https:\/\/veritasinfo.org\/#website","url":"https:\/\/veritasinfo.org\/","name":"","description":"","potentialAction":[{"@type":"SearchAction","target":{"@type":"EntryPoint","urlTemplate":"https:\/\/veritasinfo.org\/?s={search_term_string}"},"query-input":{"@type":"PropertyValueSpecification","valueRequired":true,"valueName":"search_term_string"}}],"inLanguage":"en-US"},{"@type":"Person","@id":"https:\/\/veritasinfo.org\/#\/schema\/person\/7701f8c088bece422266b100a712374f","name":"admin","image":{"@type":"ImageObject","inLanguage":"en-US","@id":"https:\/\/veritasinfo.org\/#\/schema\/person\/image\/","url":"https:\/\/secure.gravatar.com\/avatar\/ea53aa3bf6c9a12d5fde8ce4deff43fef3885ae33cf60184161a50d6987cfd2f?s=96&d=mm&r=g","contentUrl":"https:\/\/secure.gravatar.com\/avatar\/ea53aa3bf6c9a12d5fde8ce4deff43fef3885ae33cf60184161a50d6987cfd2f?s=96&d=mm&r=g","caption":"admin"},"sameAs":["https:\/\/veritasinfo.org"],"url":"https:\/\/veritasinfo.org\/?author=1"}]}},"featured_image_urls":{"full":["https:\/\/veritasinfo.org\/wp-content\/uploads\/2025\/08\/IMG_8765-1024x683-1.jpeg",1024,683,false],"thumbnail":["https:\/\/veritasinfo.org\/wp-content\/uploads\/2025\/08\/IMG_8765-1024x683-1-150x150.jpeg",150,150,true],"medium":["https:\/\/veritasinfo.org\/wp-content\/uploads\/2025\/08\/IMG_8765-1024x683-1-300x200.jpeg",300,200,true],"medium_large":["https:\/\/veritasinfo.org\/wp-content\/uploads\/2025\/08\/IMG_8765-1024x683-1-768x512.jpeg",640,427,true],"large":["https:\/\/veritasinfo.org\/wp-content\/uploads\/2025\/08\/IMG_8765-1024x683-1.jpeg",640,427,false],"1536x1536":["https:\/\/veritasinfo.org\/wp-content\/uploads\/2025\/08\/IMG_8765-1024x683-1.jpeg",1024,683,false],"2048x2048":["https:\/\/veritasinfo.org\/wp-content\/uploads\/2025\/08\/IMG_8765-1024x683-1.jpeg",1024,683,false],"kreeti-slider-full":["https:\/\/veritasinfo.org\/wp-content\/uploads\/2025\/08\/IMG_8765-1024x683-1.jpeg",1024,683,false],"kreeti-featured":["https:\/\/veritasinfo.org\/wp-content\/uploads\/2025\/08\/IMG_8765-1024x683-1.jpeg",1024,683,false],"kreeti-medium":["https:\/\/veritasinfo.org\/wp-content\/uploads\/2025\/08\/IMG_8765-1024x683-1.jpeg",720,480,false],"kreeti-medium-square":["https:\/\/veritasinfo.org\/wp-content\/uploads\/2025\/08\/IMG_8765-1024x683-1.jpeg",350,233,false]},"author_info":{"info":["admin"]},"category_info":"<a href=\"https:\/\/veritasinfo.org\/?cat=58\" rel=\"category\">Politik\u00eb<\/a>","tag_info":"Politik\u00eb","comment_count":"0","_links":{"self":[{"href":"https:\/\/veritasinfo.org\/index.php?rest_route=\/wp\/v2\/posts\/8886","targetHints":{"allow":["GET"]}}],"collection":[{"href":"https:\/\/veritasinfo.org\/index.php?rest_route=\/wp\/v2\/posts"}],"about":[{"href":"https:\/\/veritasinfo.org\/index.php?rest_route=\/wp\/v2\/types\/post"}],"author":[{"embeddable":true,"href":"https:\/\/veritasinfo.org\/index.php?rest_route=\/wp\/v2\/users\/1"}],"replies":[{"embeddable":true,"href":"https:\/\/veritasinfo.org\/index.php?rest_route=%2Fwp%2Fv2%2Fcomments&post=8886"}],"version-history":[{"count":1,"href":"https:\/\/veritasinfo.org\/index.php?rest_route=\/wp\/v2\/posts\/8886\/revisions"}],"predecessor-version":[{"id":8887,"href":"https:\/\/veritasinfo.org\/index.php?rest_route=\/wp\/v2\/posts\/8886\/revisions\/8887"}],"wp:featuredmedia":[{"embeddable":true,"href":"https:\/\/veritasinfo.org\/index.php?rest_route=\/wp\/v2\/media\/8885"}],"wp:attachment":[{"href":"https:\/\/veritasinfo.org\/index.php?rest_route=%2Fwp%2Fv2%2Fmedia&parent=8886"}],"wp:term":[{"taxonomy":"category","embeddable":true,"href":"https:\/\/veritasinfo.org\/index.php?rest_route=%2Fwp%2Fv2%2Fcategories&post=8886"},{"taxonomy":"post_tag","embeddable":true,"href":"https:\/\/veritasinfo.org\/index.php?rest_route=%2Fwp%2Fv2%2Ftags&post=8886"}],"curies":[{"name":"wp","href":"https:\/\/api.w.org\/{rel}","templated":true}]}}