{"id":8872,"date":"2025-08-21T08:19:06","date_gmt":"2025-08-21T06:19:06","guid":{"rendered":"https:\/\/veritasinfo.org\/?p=8872"},"modified":"2025-08-21T08:19:06","modified_gmt":"2025-08-21T06:19:06","slug":"ndalimi-i-vizitave-ne-hage-vleresohet-si-shkelje-e-te-drejtave-te-njeriut","status":"publish","type":"post","link":"https:\/\/veritasinfo.org\/?p=8872","title":{"rendered":"Ndalimi i vizitave n\u00eb Hag\u00eb vler\u00ebsohet si shkelje e t\u00eb drejtave t\u00eb njeriut"},"content":{"rendered":"<p>Prishtin\u00eb, 21 Gusht 2025<\/p>\n<p>Vendimi p\u00ebr ndalimin e vizitave t\u00eb t\u00eb af\u00ebrmve t\u00eb ish-presidentit Hashim Tha\u00e7i n\u00eb Qendr\u00ebn e Paraburgimit n\u00eb Hag\u00eb, nga k\u00ebndv\u00ebshtrimi i njoh\u00ebsve t\u00eb drejt\u00ebsis\u00eb, vler\u00ebsohet shkelje e t\u00eb drejtave t\u00eb njeriut. Nd\u00ebrkoh\u00eb, mbrojtja tashm\u00eb ka b\u00ebr\u00eb t\u00eb ditur se planifikon q\u00eb n\u00eb kuad\u00ebr t\u00eb d\u00ebshmive n\u00eb rastin e krer\u00ebve t\u00eb U\u00c7K-s\u00eb, t\u2019i p\u00ebrdor\u00eb d\u00ebshmit\u00eb e ish-sekretares amerikane t\u00eb shtetit, Madeleine Albright, Richard Holbrooke, senatorit Doll e disa personalitete t\u00eb tjera t\u00eb r\u00ebnd\u00ebsishme.<\/p>\n<p>Gjykata Speciale ka publikuar n\u00eb faqen e saj vendimin p\u00ebr ndalimin e vizitave t\u00eb t\u00eb af\u00ebrmve t\u00eb ish-presidentit Hashim Tha\u00e7i n\u00eb Qendr\u00ebn e Paraburgimit n\u00eb Hag\u00eb. Ky vendim, nga k\u00ebndv\u00ebshtrimi i nj\u00eb juristi, \u00ebsht\u00eb shkelje e t\u00eb drejtave t\u00eb njeriut.<\/p>\n<p>\u201c\u00cbsht\u00eb jasht\u00ebzakonisht e paligjshme, e panevojshme k\u00ebrkesa e prokurorit q\u00eb t\u00eb merret me \u00e7\u00ebshtjen se kush ta vizitoj\u00eb t\u00eb akuzuarin, pasi q\u00eb gjat\u00eb mbajtjes n\u00eb paraburgim \u00ebsht\u00eb gjyqtari i procedur\u00ebs paraprake ai q\u00eb kujdeset p\u00ebr t\u00eb akuzuarit, t\u00eb dyshuarin n\u00eb mas\u00ebn e paraburgimit, pastaj \u00ebsht\u00eb kryetari i trupit gjykues, tash kemi kryetar t\u00eb trupit gjykues dhe n\u00eb asnj\u00eb form\u00eb dhe n\u00eb asnj\u00eb variant nuk ka t\u00eb drejt\u00eb prokurori t\u00eb parashtroj k\u00ebso k\u00ebrkesash n\u00eb kund\u00ebrshtim me kodin e procedur\u00ebs penale e q\u00eb \u00ebsht\u00eb edhe n\u00eb kund\u00ebrshtim me konvent\u00ebn p\u00ebr t\u00eb drejtat e njeriut\u201d, tha Skender Musa, avokat i licencuar nga Gjykata Speciale.<\/p>\n<p>&nbsp;<\/p>\n","protected":false},"excerpt":{"rendered":"<p>Prishtin\u00eb, 21 Gusht 2025 Vendimi p\u00ebr ndalimin e vizitave t\u00eb t\u00eb af\u00ebrmve t\u00eb ish-presidentit Hashim Tha\u00e7i n\u00eb Qendr\u00ebn e Paraburgimit n\u00eb Hag\u00eb, nga k\u00ebndv\u00ebshtrimi i<\/p>\n","protected":false},"author":1,"featured_media":8873,"comment_status":"open","ping_status":"open","sticky":false,"template":"","format":"standard","meta":{"footnotes":""},"categories":[58],"tags":[],"class_list":["post-8872","post","type-post","status-publish","format-standard","has-post-thumbnail","hentry","category-politike-sq"],"yoast_head":"<!-- This site is optimized with the Yoast SEO plugin v25.3.1 - https:\/\/yoast.com\/wordpress\/plugins\/seo\/ -->\n<title>Ndalimi i vizitave n\u00eb Hag\u00eb vler\u00ebsohet si shkelje e t\u00eb drejtave t\u00eb njeriut -<\/title>\n<meta name=\"robots\" content=\"index, follow, max-snippet:-1, max-image-preview:large, max-video-preview:-1\" \/>\n<link rel=\"canonical\" href=\"https:\/\/veritasinfo.org\/?p=8872\" \/>\n<meta property=\"og:locale\" content=\"en_US\" \/>\n<meta property=\"og:type\" content=\"article\" \/>\n<meta property=\"og:title\" content=\"Ndalimi i vizitave n\u00eb Hag\u00eb vler\u00ebsohet si shkelje e t\u00eb drejtave t\u00eb njeriut -\" \/>\n<meta property=\"og:description\" content=\"Prishtin\u00eb, 21 Gusht 2025 Vendimi p\u00ebr ndalimin e vizitave t\u00eb t\u00eb af\u00ebrmve t\u00eb ish-presidentit Hashim Tha\u00e7i n\u00eb Qendr\u00ebn e Paraburgimit n\u00eb Hag\u00eb, nga k\u00ebndv\u00ebshtrimi i\" \/>\n<meta property=\"og:url\" content=\"https:\/\/veritasinfo.org\/?p=8872\" \/>\n<meta property=\"article:published_time\" content=\"2025-08-21T06:19:06+00:00\" \/>\n<meta property=\"og:image\" content=\"https:\/\/veritasinfo.org\/wp-content\/uploads\/2025\/08\/IMG_3304.jpeg\" \/>\n\t<meta property=\"og:image:width\" content=\"780\" \/>\n\t<meta property=\"og:image:height\" content=\"500\" \/>\n\t<meta property=\"og:image:type\" content=\"image\/jpeg\" \/>\n<meta name=\"author\" content=\"admin\" \/>\n<meta name=\"twitter:card\" content=\"summary_large_image\" \/>\n<meta name=\"twitter:label1\" content=\"Written by\" \/>\n\t<meta name=\"twitter:data1\" content=\"admin\" \/>\n\t<meta name=\"twitter:label2\" content=\"Est. reading time\" \/>\n\t<meta name=\"twitter:data2\" content=\"2 minutes\" \/>\n<script type=\"application\/ld+json\" class=\"yoast-schema-graph\">{\"@context\":\"https:\/\/schema.org\",\"@graph\":[{\"@type\":\"WebPage\",\"@id\":\"https:\/\/veritasinfo.org\/?p=8872\",\"url\":\"https:\/\/veritasinfo.org\/?p=8872\",\"name\":\"Ndalimi i vizitave n\u00eb Hag\u00eb vler\u00ebsohet si shkelje e t\u00eb drejtave t\u00eb njeriut -\",\"isPartOf\":{\"@id\":\"https:\/\/veritasinfo.org\/#website\"},\"primaryImageOfPage\":{\"@id\":\"https:\/\/veritasinfo.org\/?p=8872#primaryimage\"},\"image\":{\"@id\":\"https:\/\/veritasinfo.org\/?p=8872#primaryimage\"},\"thumbnailUrl\":\"https:\/\/veritasinfo.org\/wp-content\/uploads\/2025\/08\/IMG_3304.jpeg\",\"datePublished\":\"2025-08-21T06:19:06+00:00\",\"author\":{\"@id\":\"https:\/\/veritasinfo.org\/#\/schema\/person\/7701f8c088bece422266b100a712374f\"},\"breadcrumb\":{\"@id\":\"https:\/\/veritasinfo.org\/?p=8872#breadcrumb\"},\"inLanguage\":\"en-US\",\"potentialAction\":[{\"@type\":\"ReadAction\",\"target\":[\"https:\/\/veritasinfo.org\/?p=8872\"]}]},{\"@type\":\"ImageObject\",\"inLanguage\":\"en-US\",\"@id\":\"https:\/\/veritasinfo.org\/?p=8872#primaryimage\",\"url\":\"https:\/\/veritasinfo.org\/wp-content\/uploads\/2025\/08\/IMG_3304.jpeg\",\"contentUrl\":\"https:\/\/veritasinfo.org\/wp-content\/uploads\/2025\/08\/IMG_3304.jpeg\",\"width\":780,\"height\":500},{\"@type\":\"BreadcrumbList\",\"@id\":\"https:\/\/veritasinfo.org\/?p=8872#breadcrumb\",\"itemListElement\":[{\"@type\":\"ListItem\",\"position\":1,\"name\":\"Home\",\"item\":\"https:\/\/veritasinfo.org\/\"},{\"@type\":\"ListItem\",\"position\":2,\"name\":\"Ndalimi i vizitave n\u00eb Hag\u00eb vler\u00ebsohet si shkelje e t\u00eb drejtave t\u00eb njeriut\"}]},{\"@type\":\"WebSite\",\"@id\":\"https:\/\/veritasinfo.org\/#website\",\"url\":\"https:\/\/veritasinfo.org\/\",\"name\":\"\",\"description\":\"\",\"potentialAction\":[{\"@type\":\"SearchAction\",\"target\":{\"@type\":\"EntryPoint\",\"urlTemplate\":\"https:\/\/veritasinfo.org\/?s={search_term_string}\"},\"query-input\":{\"@type\":\"PropertyValueSpecification\",\"valueRequired\":true,\"valueName\":\"search_term_string\"}}],\"inLanguage\":\"en-US\"},{\"@type\":\"Person\",\"@id\":\"https:\/\/veritasinfo.org\/#\/schema\/person\/7701f8c088bece422266b100a712374f\",\"name\":\"admin\",\"image\":{\"@type\":\"ImageObject\",\"inLanguage\":\"en-US\",\"@id\":\"https:\/\/veritasinfo.org\/#\/schema\/person\/image\/\",\"url\":\"https:\/\/secure.gravatar.com\/avatar\/ea53aa3bf6c9a12d5fde8ce4deff43fef3885ae33cf60184161a50d6987cfd2f?s=96&d=mm&r=g\",\"contentUrl\":\"https:\/\/secure.gravatar.com\/avatar\/ea53aa3bf6c9a12d5fde8ce4deff43fef3885ae33cf60184161a50d6987cfd2f?s=96&d=mm&r=g\",\"caption\":\"admin\"},\"sameAs\":[\"https:\/\/veritasinfo.org\"],\"url\":\"https:\/\/veritasinfo.org\/?author=1\"}]}<\/script>\n<!-- \/ Yoast SEO plugin. -->","yoast_head_json":{"title":"Ndalimi i vizitave n\u00eb Hag\u00eb vler\u00ebsohet si shkelje e t\u00eb drejtave t\u00eb njeriut -","robots":{"index":"index","follow":"follow","max-snippet":"max-snippet:-1","max-image-preview":"max-image-preview:large","max-video-preview":"max-video-preview:-1"},"canonical":"https:\/\/veritasinfo.org\/?p=8872","og_locale":"en_US","og_type":"article","og_title":"Ndalimi i vizitave n\u00eb Hag\u00eb vler\u00ebsohet si shkelje e t\u00eb drejtave t\u00eb njeriut -","og_description":"Prishtin\u00eb, 21 Gusht 2025 Vendimi p\u00ebr ndalimin e vizitave t\u00eb t\u00eb af\u00ebrmve t\u00eb ish-presidentit Hashim Tha\u00e7i n\u00eb Qendr\u00ebn e Paraburgimit n\u00eb Hag\u00eb, nga k\u00ebndv\u00ebshtrimi i","og_url":"https:\/\/veritasinfo.org\/?p=8872","article_published_time":"2025-08-21T06:19:06+00:00","og_image":[{"width":780,"height":500,"url":"https:\/\/veritasinfo.org\/wp-content\/uploads\/2025\/08\/IMG_3304.jpeg","type":"image\/jpeg"}],"author":"admin","twitter_card":"summary_large_image","twitter_misc":{"Written by":"admin","Est. reading time":"2 minutes"},"schema":{"@context":"https:\/\/schema.org","@graph":[{"@type":"WebPage","@id":"https:\/\/veritasinfo.org\/?p=8872","url":"https:\/\/veritasinfo.org\/?p=8872","name":"Ndalimi i vizitave n\u00eb Hag\u00eb vler\u00ebsohet si shkelje e t\u00eb drejtave t\u00eb njeriut -","isPartOf":{"@id":"https:\/\/veritasinfo.org\/#website"},"primaryImageOfPage":{"@id":"https:\/\/veritasinfo.org\/?p=8872#primaryimage"},"image":{"@id":"https:\/\/veritasinfo.org\/?p=8872#primaryimage"},"thumbnailUrl":"https:\/\/veritasinfo.org\/wp-content\/uploads\/2025\/08\/IMG_3304.jpeg","datePublished":"2025-08-21T06:19:06+00:00","author":{"@id":"https:\/\/veritasinfo.org\/#\/schema\/person\/7701f8c088bece422266b100a712374f"},"breadcrumb":{"@id":"https:\/\/veritasinfo.org\/?p=8872#breadcrumb"},"inLanguage":"en-US","potentialAction":[{"@type":"ReadAction","target":["https:\/\/veritasinfo.org\/?p=8872"]}]},{"@type":"ImageObject","inLanguage":"en-US","@id":"https:\/\/veritasinfo.org\/?p=8872#primaryimage","url":"https:\/\/veritasinfo.org\/wp-content\/uploads\/2025\/08\/IMG_3304.jpeg","contentUrl":"https:\/\/veritasinfo.org\/wp-content\/uploads\/2025\/08\/IMG_3304.jpeg","width":780,"height":500},{"@type":"BreadcrumbList","@id":"https:\/\/veritasinfo.org\/?p=8872#breadcrumb","itemListElement":[{"@type":"ListItem","position":1,"name":"Home","item":"https:\/\/veritasinfo.org\/"},{"@type":"ListItem","position":2,"name":"Ndalimi i vizitave n\u00eb Hag\u00eb vler\u00ebsohet si shkelje e t\u00eb drejtave t\u00eb njeriut"}]},{"@type":"WebSite","@id":"https:\/\/veritasinfo.org\/#website","url":"https:\/\/veritasinfo.org\/","name":"","description":"","potentialAction":[{"@type":"SearchAction","target":{"@type":"EntryPoint","urlTemplate":"https:\/\/veritasinfo.org\/?s={search_term_string}"},"query-input":{"@type":"PropertyValueSpecification","valueRequired":true,"valueName":"search_term_string"}}],"inLanguage":"en-US"},{"@type":"Person","@id":"https:\/\/veritasinfo.org\/#\/schema\/person\/7701f8c088bece422266b100a712374f","name":"admin","image":{"@type":"ImageObject","inLanguage":"en-US","@id":"https:\/\/veritasinfo.org\/#\/schema\/person\/image\/","url":"https:\/\/secure.gravatar.com\/avatar\/ea53aa3bf6c9a12d5fde8ce4deff43fef3885ae33cf60184161a50d6987cfd2f?s=96&d=mm&r=g","contentUrl":"https:\/\/secure.gravatar.com\/avatar\/ea53aa3bf6c9a12d5fde8ce4deff43fef3885ae33cf60184161a50d6987cfd2f?s=96&d=mm&r=g","caption":"admin"},"sameAs":["https:\/\/veritasinfo.org"],"url":"https:\/\/veritasinfo.org\/?author=1"}]}},"featured_image_urls":{"full":["https:\/\/veritasinfo.org\/wp-content\/uploads\/2025\/08\/IMG_3304.jpeg",780,500,false],"thumbnail":["https:\/\/veritasinfo.org\/wp-content\/uploads\/2025\/08\/IMG_3304-150x150.jpeg",150,150,true],"medium":["https:\/\/veritasinfo.org\/wp-content\/uploads\/2025\/08\/IMG_3304-300x192.jpeg",300,192,true],"medium_large":["https:\/\/veritasinfo.org\/wp-content\/uploads\/2025\/08\/IMG_3304-768x492.jpeg",640,410,true],"large":["https:\/\/veritasinfo.org\/wp-content\/uploads\/2025\/08\/IMG_3304.jpeg",640,410,false],"1536x1536":["https:\/\/veritasinfo.org\/wp-content\/uploads\/2025\/08\/IMG_3304.jpeg",780,500,false],"2048x2048":["https:\/\/veritasinfo.org\/wp-content\/uploads\/2025\/08\/IMG_3304.jpeg",780,500,false],"kreeti-slider-full":["https:\/\/veritasinfo.org\/wp-content\/uploads\/2025\/08\/IMG_3304.jpeg",780,500,false],"kreeti-featured":["https:\/\/veritasinfo.org\/wp-content\/uploads\/2025\/08\/IMG_3304.jpeg",780,500,false],"kreeti-medium":["https:\/\/veritasinfo.org\/wp-content\/uploads\/2025\/08\/IMG_3304.jpeg",720,462,false],"kreeti-medium-square":["https:\/\/veritasinfo.org\/wp-content\/uploads\/2025\/08\/IMG_3304.jpeg",350,224,false]},"author_info":{"info":["admin"]},"category_info":"<a href=\"https:\/\/veritasinfo.org\/?cat=58\" rel=\"category\">Politik\u00eb<\/a>","tag_info":"Politik\u00eb","comment_count":"0","_links":{"self":[{"href":"https:\/\/veritasinfo.org\/index.php?rest_route=\/wp\/v2\/posts\/8872","targetHints":{"allow":["GET"]}}],"collection":[{"href":"https:\/\/veritasinfo.org\/index.php?rest_route=\/wp\/v2\/posts"}],"about":[{"href":"https:\/\/veritasinfo.org\/index.php?rest_route=\/wp\/v2\/types\/post"}],"author":[{"embeddable":true,"href":"https:\/\/veritasinfo.org\/index.php?rest_route=\/wp\/v2\/users\/1"}],"replies":[{"embeddable":true,"href":"https:\/\/veritasinfo.org\/index.php?rest_route=%2Fwp%2Fv2%2Fcomments&post=8872"}],"version-history":[{"count":1,"href":"https:\/\/veritasinfo.org\/index.php?rest_route=\/wp\/v2\/posts\/8872\/revisions"}],"predecessor-version":[{"id":8874,"href":"https:\/\/veritasinfo.org\/index.php?rest_route=\/wp\/v2\/posts\/8872\/revisions\/8874"}],"wp:featuredmedia":[{"embeddable":true,"href":"https:\/\/veritasinfo.org\/index.php?rest_route=\/wp\/v2\/media\/8873"}],"wp:attachment":[{"href":"https:\/\/veritasinfo.org\/index.php?rest_route=%2Fwp%2Fv2%2Fmedia&parent=8872"}],"wp:term":[{"taxonomy":"category","embeddable":true,"href":"https:\/\/veritasinfo.org\/index.php?rest_route=%2Fwp%2Fv2%2Fcategories&post=8872"},{"taxonomy":"post_tag","embeddable":true,"href":"https:\/\/veritasinfo.org\/index.php?rest_route=%2Fwp%2Fv2%2Ftags&post=8872"}],"curies":[{"name":"wp","href":"https:\/\/api.w.org\/{rel}","templated":true}]}}