{"id":881,"date":"2025-06-17T16:54:20","date_gmt":"2025-06-17T14:54:20","guid":{"rendered":"https:\/\/veritasinfo.org\/?p=881"},"modified":"2025-06-17T16:54:20","modified_gmt":"2025-06-17T14:54:20","slug":"shortim-relativisht-i-lehte-per-skuadrat-kosovare-ne-europe","status":"publish","type":"post","link":"https:\/\/veritasinfo.org\/?p=881","title":{"rendered":"Shortim relativisht i leht\u00eb p\u00ebr skuadrat kosovare n\u00eb Europ\u00eb"},"content":{"rendered":"<p>Tri Skuadrat kosovare kan\u00eb m\u00ebsuar emrat e kund\u00ebrshtar\u00ebve t\u00eb tyre n\u00eb kuad\u00ebr t\u00eb kualifikimeve n\u00eb garat evropiane.<\/p>\n<p>Drita e Gjilanit do t\u00eb p\u00ebrballet me kampionin e Luksemburgut, Differdange 03, n\u00eb raundin e par\u00eb kualifikues t\u00eb Lig\u00ebs s\u00eb Kampion\u00ebve.<br \/>\nNdeshja e par\u00eb do t\u00eb zhvillohet m\u00eb 8 apo 9 korrik n\u00eb stadiumin \u201cFadil Vokrri\u201d n\u00eb Prishtin\u00eb, nd\u00ebrsa e kthimit m\u00eb 15 apo 16 korrik n\u00eb Luksemburg.<\/p>\n<p>Nd\u00ebrsa <span style=\"font-style: inherit; font-weight: inherit;\">Prishtina do t\u00eb p\u00ebrballet me skuadr\u00ebn e njohur moldave, Sheriff Tiraspol, n\u00eb raundin e par\u00eb kualifikues t\u00eb Lig\u00ebs s\u00eb Evrop\u00ebs.<br \/>\n<\/span><span style=\"font-style: inherit;\">Liga e Evrop\u00ebs \u00ebsht\u00eb gara e dyt\u00eb kontinentale p\u00ebr nga r\u00ebnd\u00ebsia.<br \/>\n<\/span><span style=\"font-style: inherit;\">Sheriffi do t\u00eb jet\u00eb vendas n\u00eb ndeshjen e par\u00eb, nd\u00ebrsa Prishtina n\u00eb t\u00eb dyt\u00ebn. Ndeshjet e raundit t\u00eb par\u00eb kualifikues t\u00eb Lig\u00ebs s\u00eb Evrop\u00ebs jan\u00eb m\u00eb 10 e 17 korrik.<br \/>\n<\/span><span style=\"font-style: inherit; font-weight: inherit;\">Prishtina paraqitet n\u00eb Lig\u00ebn e Evrop\u00ebs si fituese e Kup\u00ebs s\u00eb Kosov\u00ebs n\u00eb futboll.<\/span><\/p>\n<p>Nd\u00ebrasa Vikinguri i Island\u00ebs do t\u00eb jet\u00eb kund\u00ebrshtari i par\u00eb i Malishev\u00ebs n\u00eb Lig\u00ebn e Konferenc\u00ebs.<br \/>\nMalisheva e mbylli sezonin n\u00eb vendin e tret\u00eb n\u00eb edicionin 2024\/2025 n\u00eb Superlig\u00ebn e Kosov\u00ebs n\u00eb futboll.<\/p>\n<p>Shorti p\u00ebr raundin e par\u00eb kualifikues t\u00eb Lig\u00ebs s\u00eb Konferenc\u00ebs u t\u00ebrhoq t\u00eb mart\u00ebn pasdite n\u00eb Nyon t\u00eb Zvicr\u00ebs.<\/p>\n<p>&nbsp;<\/p>\n<p>&nbsp;<\/p>\n","protected":false},"excerpt":{"rendered":"<p>Tri Skuadrat kosovare kan\u00eb m\u00ebsuar emrat e kund\u00ebrshtar\u00ebve t\u00eb tyre n\u00eb kuad\u00ebr t\u00eb kualifikimeve n\u00eb garat evropiane. Drita e Gjilanit do t\u00eb p\u00ebrballet me kampionin<\/p>\n","protected":false},"author":1,"featured_media":882,"comment_status":"open","ping_status":"open","sticky":false,"template":"","format":"standard","meta":{"footnotes":""},"categories":[5],"tags":[],"class_list":["post-881","post","type-post","status-publish","format-standard","has-post-thumbnail","hentry","category-sport-sq"],"yoast_head":"<!-- This site is optimized with the Yoast SEO plugin v25.3.1 - https:\/\/yoast.com\/wordpress\/plugins\/seo\/ -->\n<title>Shortim relativisht i leht\u00eb p\u00ebr skuadrat kosovare n\u00eb Europ\u00eb -<\/title>\n<meta name=\"robots\" content=\"index, follow, max-snippet:-1, max-image-preview:large, max-video-preview:-1\" \/>\n<link rel=\"canonical\" href=\"https:\/\/veritasinfo.org\/?p=881\" \/>\n<meta property=\"og:locale\" content=\"en_US\" \/>\n<meta property=\"og:type\" content=\"article\" \/>\n<meta property=\"og:title\" content=\"Shortim relativisht i leht\u00eb p\u00ebr skuadrat kosovare n\u00eb Europ\u00eb -\" \/>\n<meta property=\"og:description\" content=\"Tri Skuadrat kosovare kan\u00eb m\u00ebsuar emrat e kund\u00ebrshtar\u00ebve t\u00eb tyre n\u00eb kuad\u00ebr t\u00eb kualifikimeve n\u00eb garat evropiane. Drita e Gjilanit do t\u00eb p\u00ebrballet me kampionin\" \/>\n<meta property=\"og:url\" content=\"https:\/\/veritasinfo.org\/?p=881\" \/>\n<meta property=\"article:published_time\" content=\"2025-06-17T14:54:20+00:00\" \/>\n<meta property=\"og:image\" content=\"https:\/\/veritasinfo.org\/wp-content\/uploads\/2025\/06\/IMG_9959.jpeg\" \/>\n\t<meta property=\"og:image:width\" content=\"700\" \/>\n\t<meta property=\"og:image:height\" content=\"451\" \/>\n\t<meta property=\"og:image:type\" content=\"image\/jpeg\" \/>\n<meta name=\"author\" content=\"admin\" \/>\n<meta name=\"twitter:card\" content=\"summary_large_image\" \/>\n<meta name=\"twitter:label1\" content=\"Written by\" \/>\n\t<meta name=\"twitter:data1\" content=\"admin\" \/>\n\t<meta name=\"twitter:label2\" content=\"Est. reading time\" \/>\n\t<meta name=\"twitter:data2\" content=\"2 minutes\" \/>\n<script type=\"application\/ld+json\" class=\"yoast-schema-graph\">{\"@context\":\"https:\/\/schema.org\",\"@graph\":[{\"@type\":\"WebPage\",\"@id\":\"https:\/\/veritasinfo.org\/?p=881\",\"url\":\"https:\/\/veritasinfo.org\/?p=881\",\"name\":\"Shortim relativisht i leht\u00eb p\u00ebr skuadrat kosovare n\u00eb Europ\u00eb -\",\"isPartOf\":{\"@id\":\"https:\/\/veritasinfo.org\/#website\"},\"primaryImageOfPage\":{\"@id\":\"https:\/\/veritasinfo.org\/?p=881#primaryimage\"},\"image\":{\"@id\":\"https:\/\/veritasinfo.org\/?p=881#primaryimage\"},\"thumbnailUrl\":\"https:\/\/veritasinfo.org\/wp-content\/uploads\/2025\/06\/IMG_9959.jpeg\",\"datePublished\":\"2025-06-17T14:54:20+00:00\",\"author\":{\"@id\":\"https:\/\/veritasinfo.org\/#\/schema\/person\/7701f8c088bece422266b100a712374f\"},\"breadcrumb\":{\"@id\":\"https:\/\/veritasinfo.org\/?p=881#breadcrumb\"},\"inLanguage\":\"en-US\",\"potentialAction\":[{\"@type\":\"ReadAction\",\"target\":[\"https:\/\/veritasinfo.org\/?p=881\"]}]},{\"@type\":\"ImageObject\",\"inLanguage\":\"en-US\",\"@id\":\"https:\/\/veritasinfo.org\/?p=881#primaryimage\",\"url\":\"https:\/\/veritasinfo.org\/wp-content\/uploads\/2025\/06\/IMG_9959.jpeg\",\"contentUrl\":\"https:\/\/veritasinfo.org\/wp-content\/uploads\/2025\/06\/IMG_9959.jpeg\",\"width\":700,\"height\":451},{\"@type\":\"BreadcrumbList\",\"@id\":\"https:\/\/veritasinfo.org\/?p=881#breadcrumb\",\"itemListElement\":[{\"@type\":\"ListItem\",\"position\":1,\"name\":\"Home\",\"item\":\"https:\/\/veritasinfo.org\/\"},{\"@type\":\"ListItem\",\"position\":2,\"name\":\"Shortim relativisht i leht\u00eb p\u00ebr skuadrat kosovare n\u00eb Europ\u00eb\"}]},{\"@type\":\"WebSite\",\"@id\":\"https:\/\/veritasinfo.org\/#website\",\"url\":\"https:\/\/veritasinfo.org\/\",\"name\":\"\",\"description\":\"\",\"potentialAction\":[{\"@type\":\"SearchAction\",\"target\":{\"@type\":\"EntryPoint\",\"urlTemplate\":\"https:\/\/veritasinfo.org\/?s={search_term_string}\"},\"query-input\":{\"@type\":\"PropertyValueSpecification\",\"valueRequired\":true,\"valueName\":\"search_term_string\"}}],\"inLanguage\":\"en-US\"},{\"@type\":\"Person\",\"@id\":\"https:\/\/veritasinfo.org\/#\/schema\/person\/7701f8c088bece422266b100a712374f\",\"name\":\"admin\",\"image\":{\"@type\":\"ImageObject\",\"inLanguage\":\"en-US\",\"@id\":\"https:\/\/veritasinfo.org\/#\/schema\/person\/image\/\",\"url\":\"https:\/\/secure.gravatar.com\/avatar\/ea53aa3bf6c9a12d5fde8ce4deff43fef3885ae33cf60184161a50d6987cfd2f?s=96&d=mm&r=g\",\"contentUrl\":\"https:\/\/secure.gravatar.com\/avatar\/ea53aa3bf6c9a12d5fde8ce4deff43fef3885ae33cf60184161a50d6987cfd2f?s=96&d=mm&r=g\",\"caption\":\"admin\"},\"sameAs\":[\"https:\/\/veritasinfo.org\"],\"url\":\"https:\/\/veritasinfo.org\/?author=1\"}]}<\/script>\n<!-- \/ Yoast SEO plugin. -->","yoast_head_json":{"title":"Shortim relativisht i leht\u00eb p\u00ebr skuadrat kosovare n\u00eb Europ\u00eb -","robots":{"index":"index","follow":"follow","max-snippet":"max-snippet:-1","max-image-preview":"max-image-preview:large","max-video-preview":"max-video-preview:-1"},"canonical":"https:\/\/veritasinfo.org\/?p=881","og_locale":"en_US","og_type":"article","og_title":"Shortim relativisht i leht\u00eb p\u00ebr skuadrat kosovare n\u00eb Europ\u00eb -","og_description":"Tri Skuadrat kosovare kan\u00eb m\u00ebsuar emrat e kund\u00ebrshtar\u00ebve t\u00eb tyre n\u00eb kuad\u00ebr t\u00eb kualifikimeve n\u00eb garat evropiane. Drita e Gjilanit do t\u00eb p\u00ebrballet me kampionin","og_url":"https:\/\/veritasinfo.org\/?p=881","article_published_time":"2025-06-17T14:54:20+00:00","og_image":[{"width":700,"height":451,"url":"https:\/\/veritasinfo.org\/wp-content\/uploads\/2025\/06\/IMG_9959.jpeg","type":"image\/jpeg"}],"author":"admin","twitter_card":"summary_large_image","twitter_misc":{"Written by":"admin","Est. reading time":"2 minutes"},"schema":{"@context":"https:\/\/schema.org","@graph":[{"@type":"WebPage","@id":"https:\/\/veritasinfo.org\/?p=881","url":"https:\/\/veritasinfo.org\/?p=881","name":"Shortim relativisht i leht\u00eb p\u00ebr skuadrat kosovare n\u00eb Europ\u00eb -","isPartOf":{"@id":"https:\/\/veritasinfo.org\/#website"},"primaryImageOfPage":{"@id":"https:\/\/veritasinfo.org\/?p=881#primaryimage"},"image":{"@id":"https:\/\/veritasinfo.org\/?p=881#primaryimage"},"thumbnailUrl":"https:\/\/veritasinfo.org\/wp-content\/uploads\/2025\/06\/IMG_9959.jpeg","datePublished":"2025-06-17T14:54:20+00:00","author":{"@id":"https:\/\/veritasinfo.org\/#\/schema\/person\/7701f8c088bece422266b100a712374f"},"breadcrumb":{"@id":"https:\/\/veritasinfo.org\/?p=881#breadcrumb"},"inLanguage":"en-US","potentialAction":[{"@type":"ReadAction","target":["https:\/\/veritasinfo.org\/?p=881"]}]},{"@type":"ImageObject","inLanguage":"en-US","@id":"https:\/\/veritasinfo.org\/?p=881#primaryimage","url":"https:\/\/veritasinfo.org\/wp-content\/uploads\/2025\/06\/IMG_9959.jpeg","contentUrl":"https:\/\/veritasinfo.org\/wp-content\/uploads\/2025\/06\/IMG_9959.jpeg","width":700,"height":451},{"@type":"BreadcrumbList","@id":"https:\/\/veritasinfo.org\/?p=881#breadcrumb","itemListElement":[{"@type":"ListItem","position":1,"name":"Home","item":"https:\/\/veritasinfo.org\/"},{"@type":"ListItem","position":2,"name":"Shortim relativisht i leht\u00eb p\u00ebr skuadrat kosovare n\u00eb Europ\u00eb"}]},{"@type":"WebSite","@id":"https:\/\/veritasinfo.org\/#website","url":"https:\/\/veritasinfo.org\/","name":"","description":"","potentialAction":[{"@type":"SearchAction","target":{"@type":"EntryPoint","urlTemplate":"https:\/\/veritasinfo.org\/?s={search_term_string}"},"query-input":{"@type":"PropertyValueSpecification","valueRequired":true,"valueName":"search_term_string"}}],"inLanguage":"en-US"},{"@type":"Person","@id":"https:\/\/veritasinfo.org\/#\/schema\/person\/7701f8c088bece422266b100a712374f","name":"admin","image":{"@type":"ImageObject","inLanguage":"en-US","@id":"https:\/\/veritasinfo.org\/#\/schema\/person\/image\/","url":"https:\/\/secure.gravatar.com\/avatar\/ea53aa3bf6c9a12d5fde8ce4deff43fef3885ae33cf60184161a50d6987cfd2f?s=96&d=mm&r=g","contentUrl":"https:\/\/secure.gravatar.com\/avatar\/ea53aa3bf6c9a12d5fde8ce4deff43fef3885ae33cf60184161a50d6987cfd2f?s=96&d=mm&r=g","caption":"admin"},"sameAs":["https:\/\/veritasinfo.org"],"url":"https:\/\/veritasinfo.org\/?author=1"}]}},"featured_image_urls":{"full":["https:\/\/veritasinfo.org\/wp-content\/uploads\/2025\/06\/IMG_9959.jpeg",700,451,false],"thumbnail":["https:\/\/veritasinfo.org\/wp-content\/uploads\/2025\/06\/IMG_9959-150x150.jpeg",150,150,true],"medium":["https:\/\/veritasinfo.org\/wp-content\/uploads\/2025\/06\/IMG_9959-300x193.jpeg",300,193,true],"medium_large":["https:\/\/veritasinfo.org\/wp-content\/uploads\/2025\/06\/IMG_9959.jpeg",640,412,false],"large":["https:\/\/veritasinfo.org\/wp-content\/uploads\/2025\/06\/IMG_9959.jpeg",640,412,false],"1536x1536":["https:\/\/veritasinfo.org\/wp-content\/uploads\/2025\/06\/IMG_9959.jpeg",700,451,false],"2048x2048":["https:\/\/veritasinfo.org\/wp-content\/uploads\/2025\/06\/IMG_9959.jpeg",700,451,false],"kreeti-slider-full":["https:\/\/veritasinfo.org\/wp-content\/uploads\/2025\/06\/IMG_9959.jpeg",700,451,false],"kreeti-featured":["https:\/\/veritasinfo.org\/wp-content\/uploads\/2025\/06\/IMG_9959.jpeg",700,451,false],"kreeti-medium":["https:\/\/veritasinfo.org\/wp-content\/uploads\/2025\/06\/IMG_9959.jpeg",700,451,false],"kreeti-medium-square":["https:\/\/veritasinfo.org\/wp-content\/uploads\/2025\/06\/IMG_9959.jpeg",350,226,false]},"author_info":{"info":["admin"]},"category_info":"<a href=\"https:\/\/veritasinfo.org\/?cat=5\" rel=\"category\">Sport<\/a>","tag_info":"Sport","comment_count":"0","_links":{"self":[{"href":"https:\/\/veritasinfo.org\/index.php?rest_route=\/wp\/v2\/posts\/881","targetHints":{"allow":["GET"]}}],"collection":[{"href":"https:\/\/veritasinfo.org\/index.php?rest_route=\/wp\/v2\/posts"}],"about":[{"href":"https:\/\/veritasinfo.org\/index.php?rest_route=\/wp\/v2\/types\/post"}],"author":[{"embeddable":true,"href":"https:\/\/veritasinfo.org\/index.php?rest_route=\/wp\/v2\/users\/1"}],"replies":[{"embeddable":true,"href":"https:\/\/veritasinfo.org\/index.php?rest_route=%2Fwp%2Fv2%2Fcomments&post=881"}],"version-history":[{"count":2,"href":"https:\/\/veritasinfo.org\/index.php?rest_route=\/wp\/v2\/posts\/881\/revisions"}],"predecessor-version":[{"id":888,"href":"https:\/\/veritasinfo.org\/index.php?rest_route=\/wp\/v2\/posts\/881\/revisions\/888"}],"wp:featuredmedia":[{"embeddable":true,"href":"https:\/\/veritasinfo.org\/index.php?rest_route=\/wp\/v2\/media\/882"}],"wp:attachment":[{"href":"https:\/\/veritasinfo.org\/index.php?rest_route=%2Fwp%2Fv2%2Fmedia&parent=881"}],"wp:term":[{"taxonomy":"category","embeddable":true,"href":"https:\/\/veritasinfo.org\/index.php?rest_route=%2Fwp%2Fv2%2Fcategories&post=881"},{"taxonomy":"post_tag","embeddable":true,"href":"https:\/\/veritasinfo.org\/index.php?rest_route=%2Fwp%2Fv2%2Ftags&post=881"}],"curies":[{"name":"wp","href":"https:\/\/api.w.org\/{rel}","templated":true}]}}