{"id":8775,"date":"2025-08-20T08:44:45","date_gmt":"2025-08-20T06:44:45","guid":{"rendered":"https:\/\/veritasinfo.org\/?p=8775"},"modified":"2025-08-20T08:44:45","modified_gmt":"2025-08-20T06:44:45","slug":"avokati-artan-qerkini-gjyqi-ndaj-ish-krereve-te-uck-se-mund-te-perfundoje-ne-fillim-te-vitit-2026","status":"publish","type":"post","link":"https:\/\/veritasinfo.org\/?p=8775","title":{"rendered":"Avokati Artan Qerkini: Gjyqi ndaj ish-krer\u00ebve t\u00eb U\u00c7K-s\u00eb mund t\u00eb p\u00ebrfundoj\u00eb n\u00eb fillim t\u00eb vitit 2026"},"content":{"rendered":"<p data-start=\"201\" data-end=\"378\"><strong data-start=\"201\" data-end=\"229\">20 gusht 2025<\/strong><\/p>\n<p data-start=\"201\" data-end=\"378\">Avokati Artan Qerkini ka deklaruar se procesi gjyq\u00ebsor ndaj ish-krer\u00ebve t\u00eb U\u00c7K-s\u00eb n\u00eb Hag\u00eb mund t\u00eb arrij\u00eb epilogun e tij n\u00eb fillim t\u00eb vitit 2026.<\/p>\n<p data-start=\"380\" data-end=\"473\">Sipas tij, nj\u00eb p\u00ebrfundim i till\u00eb varet nga shum\u00eb faktor\u00eb q\u00eb lidhen me ecurin\u00eb e procedur\u00ebs.<\/p>\n<p data-start=\"475\" data-end=\"814\">\u201cN\u00eb baz\u00eb t\u00eb rrjedhave t\u00eb deritanishme, epilogu mund t\u00eb pritet ndoshta nga fillimi i vitit q\u00eb vjen. Kjo do t\u00eb varet nga shum\u00eb element\u00eb \u2013 nga koh\u00ebzgjatja e d\u00ebshmive t\u00eb d\u00ebshmitar\u00ebve t\u00eb ftuar nga mbrojtja, vonesat e mundshme n\u00eb thirrjen e tyre, si dhe nga fjal\u00ebt p\u00ebrfundimtare, t\u00eb cilat pritet t\u00eb marrin koh\u00eb t\u00eb konsiderueshme,\u201d tha Qerkini.<\/p>\n<p data-start=\"816\" data-end=\"977\">Procesi n\u00eb Hag\u00eb, i cili ka t\u00ebrhequr v\u00ebmendje t\u00eb madhe publike dhe politike, ka hyr\u00eb n\u00eb nj\u00eb faz\u00eb ku pritet t\u00eb p\u00ebrcaktohen drejtimet p\u00ebrfundimtare t\u00eb procedur\u00ebs.<\/p>\n","protected":false},"excerpt":{"rendered":"<p>20 gusht 2025 Avokati Artan Qerkini ka deklaruar se procesi gjyq\u00ebsor ndaj ish-krer\u00ebve t\u00eb U\u00c7K-s\u00eb n\u00eb Hag\u00eb mund t\u00eb arrij\u00eb epilogun e tij n\u00eb fillim<\/p>\n","protected":false},"author":1,"featured_media":8776,"comment_status":"open","ping_status":"open","sticky":false,"template":"","format":"standard","meta":{"footnotes":""},"categories":[58],"tags":[],"class_list":["post-8775","post","type-post","status-publish","format-standard","has-post-thumbnail","hentry","category-politike-sq"],"yoast_head":"<!-- This site is optimized with the Yoast SEO plugin v25.3.1 - https:\/\/yoast.com\/wordpress\/plugins\/seo\/ -->\n<title>Avokati Artan Qerkini: Gjyqi ndaj ish-krer\u00ebve t\u00eb U\u00c7K-s\u00eb mund t\u00eb p\u00ebrfundoj\u00eb n\u00eb fillim t\u00eb vitit 2026 -<\/title>\n<meta name=\"robots\" content=\"index, follow, max-snippet:-1, max-image-preview:large, max-video-preview:-1\" \/>\n<link rel=\"canonical\" href=\"https:\/\/veritasinfo.org\/?p=8775\" \/>\n<meta property=\"og:locale\" content=\"en_US\" \/>\n<meta property=\"og:type\" content=\"article\" \/>\n<meta property=\"og:title\" content=\"Avokati Artan Qerkini: Gjyqi ndaj ish-krer\u00ebve t\u00eb U\u00c7K-s\u00eb mund t\u00eb p\u00ebrfundoj\u00eb n\u00eb fillim t\u00eb vitit 2026 -\" \/>\n<meta property=\"og:description\" content=\"20 gusht 2025 Avokati Artan Qerkini ka deklaruar se procesi gjyq\u00ebsor ndaj ish-krer\u00ebve t\u00eb U\u00c7K-s\u00eb n\u00eb Hag\u00eb mund t\u00eb arrij\u00eb epilogun e tij n\u00eb fillim\" \/>\n<meta property=\"og:url\" content=\"https:\/\/veritasinfo.org\/?p=8775\" \/>\n<meta property=\"article:published_time\" content=\"2025-08-20T06:44:45+00:00\" \/>\n<meta property=\"og:image\" content=\"https:\/\/veritasinfo.org\/wp-content\/uploads\/2025\/08\/99.jpg\" \/>\n\t<meta property=\"og:image:width\" content=\"1079\" \/>\n\t<meta property=\"og:image:height\" content=\"591\" \/>\n\t<meta property=\"og:image:type\" content=\"image\/jpeg\" \/>\n<meta name=\"author\" content=\"admin\" \/>\n<meta name=\"twitter:card\" content=\"summary_large_image\" \/>\n<meta name=\"twitter:label1\" content=\"Written by\" \/>\n\t<meta name=\"twitter:data1\" content=\"admin\" \/>\n\t<meta name=\"twitter:label2\" content=\"Est. reading time\" \/>\n\t<meta name=\"twitter:data2\" content=\"1 minute\" \/>\n<script type=\"application\/ld+json\" class=\"yoast-schema-graph\">{\"@context\":\"https:\/\/schema.org\",\"@graph\":[{\"@type\":\"WebPage\",\"@id\":\"https:\/\/veritasinfo.org\/?p=8775\",\"url\":\"https:\/\/veritasinfo.org\/?p=8775\",\"name\":\"Avokati Artan Qerkini: Gjyqi ndaj ish-krer\u00ebve t\u00eb U\u00c7K-s\u00eb mund t\u00eb p\u00ebrfundoj\u00eb n\u00eb fillim t\u00eb vitit 2026 -\",\"isPartOf\":{\"@id\":\"https:\/\/veritasinfo.org\/#website\"},\"primaryImageOfPage\":{\"@id\":\"https:\/\/veritasinfo.org\/?p=8775#primaryimage\"},\"image\":{\"@id\":\"https:\/\/veritasinfo.org\/?p=8775#primaryimage\"},\"thumbnailUrl\":\"https:\/\/veritasinfo.org\/wp-content\/uploads\/2025\/08\/99.jpg\",\"datePublished\":\"2025-08-20T06:44:45+00:00\",\"author\":{\"@id\":\"https:\/\/veritasinfo.org\/#\/schema\/person\/7701f8c088bece422266b100a712374f\"},\"breadcrumb\":{\"@id\":\"https:\/\/veritasinfo.org\/?p=8775#breadcrumb\"},\"inLanguage\":\"en-US\",\"potentialAction\":[{\"@type\":\"ReadAction\",\"target\":[\"https:\/\/veritasinfo.org\/?p=8775\"]}]},{\"@type\":\"ImageObject\",\"inLanguage\":\"en-US\",\"@id\":\"https:\/\/veritasinfo.org\/?p=8775#primaryimage\",\"url\":\"https:\/\/veritasinfo.org\/wp-content\/uploads\/2025\/08\/99.jpg\",\"contentUrl\":\"https:\/\/veritasinfo.org\/wp-content\/uploads\/2025\/08\/99.jpg\",\"width\":1079,\"height\":591},{\"@type\":\"BreadcrumbList\",\"@id\":\"https:\/\/veritasinfo.org\/?p=8775#breadcrumb\",\"itemListElement\":[{\"@type\":\"ListItem\",\"position\":1,\"name\":\"Home\",\"item\":\"https:\/\/veritasinfo.org\/\"},{\"@type\":\"ListItem\",\"position\":2,\"name\":\"Avokati Artan Qerkini: Gjyqi ndaj ish-krer\u00ebve t\u00eb U\u00c7K-s\u00eb mund t\u00eb p\u00ebrfundoj\u00eb n\u00eb fillim t\u00eb vitit 2026\"}]},{\"@type\":\"WebSite\",\"@id\":\"https:\/\/veritasinfo.org\/#website\",\"url\":\"https:\/\/veritasinfo.org\/\",\"name\":\"\",\"description\":\"\",\"potentialAction\":[{\"@type\":\"SearchAction\",\"target\":{\"@type\":\"EntryPoint\",\"urlTemplate\":\"https:\/\/veritasinfo.org\/?s={search_term_string}\"},\"query-input\":{\"@type\":\"PropertyValueSpecification\",\"valueRequired\":true,\"valueName\":\"search_term_string\"}}],\"inLanguage\":\"en-US\"},{\"@type\":\"Person\",\"@id\":\"https:\/\/veritasinfo.org\/#\/schema\/person\/7701f8c088bece422266b100a712374f\",\"name\":\"admin\",\"image\":{\"@type\":\"ImageObject\",\"inLanguage\":\"en-US\",\"@id\":\"https:\/\/veritasinfo.org\/#\/schema\/person\/image\/\",\"url\":\"https:\/\/secure.gravatar.com\/avatar\/ea53aa3bf6c9a12d5fde8ce4deff43fef3885ae33cf60184161a50d6987cfd2f?s=96&d=mm&r=g\",\"contentUrl\":\"https:\/\/secure.gravatar.com\/avatar\/ea53aa3bf6c9a12d5fde8ce4deff43fef3885ae33cf60184161a50d6987cfd2f?s=96&d=mm&r=g\",\"caption\":\"admin\"},\"sameAs\":[\"https:\/\/veritasinfo.org\"],\"url\":\"https:\/\/veritasinfo.org\/?author=1\"}]}<\/script>\n<!-- \/ Yoast SEO plugin. -->","yoast_head_json":{"title":"Avokati Artan Qerkini: Gjyqi ndaj ish-krer\u00ebve t\u00eb U\u00c7K-s\u00eb mund t\u00eb p\u00ebrfundoj\u00eb n\u00eb fillim t\u00eb vitit 2026 -","robots":{"index":"index","follow":"follow","max-snippet":"max-snippet:-1","max-image-preview":"max-image-preview:large","max-video-preview":"max-video-preview:-1"},"canonical":"https:\/\/veritasinfo.org\/?p=8775","og_locale":"en_US","og_type":"article","og_title":"Avokati Artan Qerkini: Gjyqi ndaj ish-krer\u00ebve t\u00eb U\u00c7K-s\u00eb mund t\u00eb p\u00ebrfundoj\u00eb n\u00eb fillim t\u00eb vitit 2026 -","og_description":"20 gusht 2025 Avokati Artan Qerkini ka deklaruar se procesi gjyq\u00ebsor ndaj ish-krer\u00ebve t\u00eb U\u00c7K-s\u00eb n\u00eb Hag\u00eb mund t\u00eb arrij\u00eb epilogun e tij n\u00eb fillim","og_url":"https:\/\/veritasinfo.org\/?p=8775","article_published_time":"2025-08-20T06:44:45+00:00","og_image":[{"width":1079,"height":591,"url":"https:\/\/veritasinfo.org\/wp-content\/uploads\/2025\/08\/99.jpg","type":"image\/jpeg"}],"author":"admin","twitter_card":"summary_large_image","twitter_misc":{"Written by":"admin","Est. reading time":"1 minute"},"schema":{"@context":"https:\/\/schema.org","@graph":[{"@type":"WebPage","@id":"https:\/\/veritasinfo.org\/?p=8775","url":"https:\/\/veritasinfo.org\/?p=8775","name":"Avokati Artan Qerkini: Gjyqi ndaj ish-krer\u00ebve t\u00eb U\u00c7K-s\u00eb mund t\u00eb p\u00ebrfundoj\u00eb n\u00eb fillim t\u00eb vitit 2026 -","isPartOf":{"@id":"https:\/\/veritasinfo.org\/#website"},"primaryImageOfPage":{"@id":"https:\/\/veritasinfo.org\/?p=8775#primaryimage"},"image":{"@id":"https:\/\/veritasinfo.org\/?p=8775#primaryimage"},"thumbnailUrl":"https:\/\/veritasinfo.org\/wp-content\/uploads\/2025\/08\/99.jpg","datePublished":"2025-08-20T06:44:45+00:00","author":{"@id":"https:\/\/veritasinfo.org\/#\/schema\/person\/7701f8c088bece422266b100a712374f"},"breadcrumb":{"@id":"https:\/\/veritasinfo.org\/?p=8775#breadcrumb"},"inLanguage":"en-US","potentialAction":[{"@type":"ReadAction","target":["https:\/\/veritasinfo.org\/?p=8775"]}]},{"@type":"ImageObject","inLanguage":"en-US","@id":"https:\/\/veritasinfo.org\/?p=8775#primaryimage","url":"https:\/\/veritasinfo.org\/wp-content\/uploads\/2025\/08\/99.jpg","contentUrl":"https:\/\/veritasinfo.org\/wp-content\/uploads\/2025\/08\/99.jpg","width":1079,"height":591},{"@type":"BreadcrumbList","@id":"https:\/\/veritasinfo.org\/?p=8775#breadcrumb","itemListElement":[{"@type":"ListItem","position":1,"name":"Home","item":"https:\/\/veritasinfo.org\/"},{"@type":"ListItem","position":2,"name":"Avokati Artan Qerkini: Gjyqi ndaj ish-krer\u00ebve t\u00eb U\u00c7K-s\u00eb mund t\u00eb p\u00ebrfundoj\u00eb n\u00eb fillim t\u00eb vitit 2026"}]},{"@type":"WebSite","@id":"https:\/\/veritasinfo.org\/#website","url":"https:\/\/veritasinfo.org\/","name":"","description":"","potentialAction":[{"@type":"SearchAction","target":{"@type":"EntryPoint","urlTemplate":"https:\/\/veritasinfo.org\/?s={search_term_string}"},"query-input":{"@type":"PropertyValueSpecification","valueRequired":true,"valueName":"search_term_string"}}],"inLanguage":"en-US"},{"@type":"Person","@id":"https:\/\/veritasinfo.org\/#\/schema\/person\/7701f8c088bece422266b100a712374f","name":"admin","image":{"@type":"ImageObject","inLanguage":"en-US","@id":"https:\/\/veritasinfo.org\/#\/schema\/person\/image\/","url":"https:\/\/secure.gravatar.com\/avatar\/ea53aa3bf6c9a12d5fde8ce4deff43fef3885ae33cf60184161a50d6987cfd2f?s=96&d=mm&r=g","contentUrl":"https:\/\/secure.gravatar.com\/avatar\/ea53aa3bf6c9a12d5fde8ce4deff43fef3885ae33cf60184161a50d6987cfd2f?s=96&d=mm&r=g","caption":"admin"},"sameAs":["https:\/\/veritasinfo.org"],"url":"https:\/\/veritasinfo.org\/?author=1"}]}},"featured_image_urls":{"full":["https:\/\/veritasinfo.org\/wp-content\/uploads\/2025\/08\/99.jpg",1079,591,false],"thumbnail":["https:\/\/veritasinfo.org\/wp-content\/uploads\/2025\/08\/99-150x150.jpg",150,150,true],"medium":["https:\/\/veritasinfo.org\/wp-content\/uploads\/2025\/08\/99-300x164.jpg",300,164,true],"medium_large":["https:\/\/veritasinfo.org\/wp-content\/uploads\/2025\/08\/99-768x421.jpg",640,351,true],"large":["https:\/\/veritasinfo.org\/wp-content\/uploads\/2025\/08\/99-1024x561.jpg",640,351,true],"1536x1536":["https:\/\/veritasinfo.org\/wp-content\/uploads\/2025\/08\/99.jpg",1079,591,false],"2048x2048":["https:\/\/veritasinfo.org\/wp-content\/uploads\/2025\/08\/99.jpg",1079,591,false],"kreeti-slider-full":["https:\/\/veritasinfo.org\/wp-content\/uploads\/2025\/08\/99.jpg",1079,591,false],"kreeti-featured":["https:\/\/veritasinfo.org\/wp-content\/uploads\/2025\/08\/99.jpg",1024,561,false],"kreeti-medium":["https:\/\/veritasinfo.org\/wp-content\/uploads\/2025\/08\/99.jpg",720,394,false],"kreeti-medium-square":["https:\/\/veritasinfo.org\/wp-content\/uploads\/2025\/08\/99.jpg",350,192,false]},"author_info":{"info":["admin"]},"category_info":"<a href=\"https:\/\/veritasinfo.org\/?cat=58\" rel=\"category\">Politik\u00eb<\/a>","tag_info":"Politik\u00eb","comment_count":"0","_links":{"self":[{"href":"https:\/\/veritasinfo.org\/index.php?rest_route=\/wp\/v2\/posts\/8775","targetHints":{"allow":["GET"]}}],"collection":[{"href":"https:\/\/veritasinfo.org\/index.php?rest_route=\/wp\/v2\/posts"}],"about":[{"href":"https:\/\/veritasinfo.org\/index.php?rest_route=\/wp\/v2\/types\/post"}],"author":[{"embeddable":true,"href":"https:\/\/veritasinfo.org\/index.php?rest_route=\/wp\/v2\/users\/1"}],"replies":[{"embeddable":true,"href":"https:\/\/veritasinfo.org\/index.php?rest_route=%2Fwp%2Fv2%2Fcomments&post=8775"}],"version-history":[{"count":1,"href":"https:\/\/veritasinfo.org\/index.php?rest_route=\/wp\/v2\/posts\/8775\/revisions"}],"predecessor-version":[{"id":8777,"href":"https:\/\/veritasinfo.org\/index.php?rest_route=\/wp\/v2\/posts\/8775\/revisions\/8777"}],"wp:featuredmedia":[{"embeddable":true,"href":"https:\/\/veritasinfo.org\/index.php?rest_route=\/wp\/v2\/media\/8776"}],"wp:attachment":[{"href":"https:\/\/veritasinfo.org\/index.php?rest_route=%2Fwp%2Fv2%2Fmedia&parent=8775"}],"wp:term":[{"taxonomy":"category","embeddable":true,"href":"https:\/\/veritasinfo.org\/index.php?rest_route=%2Fwp%2Fv2%2Fcategories&post=8775"},{"taxonomy":"post_tag","embeddable":true,"href":"https:\/\/veritasinfo.org\/index.php?rest_route=%2Fwp%2Fv2%2Ftags&post=8775"}],"curies":[{"name":"wp","href":"https:\/\/api.w.org\/{rel}","templated":true}]}}