{"id":8724,"date":"2025-08-19T18:30:22","date_gmt":"2025-08-19T16:30:22","guid":{"rendered":"https:\/\/veritasinfo.org\/?p=8724"},"modified":"2025-08-19T18:30:22","modified_gmt":"2025-08-19T16:30:22","slug":"kurti-e-gashi-vleresojne-se-marreveshjet-ndershteterore-kane-dhene-efekt","status":"publish","type":"post","link":"https:\/\/veritasinfo.org\/?p=8724","title":{"rendered":"Kurti e Gashi vler\u00ebsojn\u00eb se marr\u00ebveshjet nd\u00ebrshtet\u00ebrore kan\u00eb dh\u00ebn\u00eb efekt"},"content":{"rendered":"<p>Prishtin\u00eb, 19 gusht 2025<\/p>\n<p>Kryeministri n\u00eb detyr\u00eb i Kosov\u00ebs, Albin Kurti ka pritur n\u00eb takim kryetarin e Kuvendit t\u00eb Maqedonis\u00eb s\u00eb Veriut, Afrim Gashi.<\/p>\n<p>N\u00eb k\u00ebt\u00eb takim sipas Zyr\u00ebs s\u00eb Kryeministrit \u00ebsht\u00eb diskutuar p\u00ebr raportet nd\u00ebrmejt dy vendeve.<br \/>\nPoashtu si\u00e7 thuhet n\u00eb komunikat\u00eb marr\u00ebveshjet nd\u00ebrmjet dy vend\u00ebve kan\u00eb dh\u00ebn\u00eb efekt.<\/p>\n<p>\u201cN\u00eb nj\u00eb takim miq\u00ebsor e t\u00eb p\u00ebrzem\u00ebrt, diskutuan bashk\u00eb p\u00ebr raportet dypal\u00ebshe Kosov\u00eb\u2013Maqedoni e Veriut, bashk\u00ebpunimin e deritanish\u00ebm dhe p\u00ebr zhvillimet e fundit n\u00eb t\u00eb dy vendet. U ve\u00e7uan efektet pozitive t\u00eb marr\u00ebveshjeve nd\u00ebrshtet\u00ebrore p\u00ebr qytetar\u00ebt e dy vendeve, me theks te ato q\u00eb kan\u00eb p\u00ebr q\u00ebllim leht\u00ebsimin e l\u00ebvizjes s\u00eb qytetar\u00ebve dhe mallrave, si rasti me dy pik\u00ebkalimet e p\u00ebrbashk\u00ebta kufitare Hani i Elezit \u2013 Bllac\u00eb dhe Gllobo\u00e7ic\u00eb \u2013 Jazhinc\u00eb, dhe projektet infrastrukturore si ai i rrug\u00ebs Prizren \u2013 Tetov\u00eb\u201d, thuhet n\u00eb komunikat\u00eb.<\/p>\n","protected":false},"excerpt":{"rendered":"<p>Prishtin\u00eb, 19 gusht 2025 Kryeministri n\u00eb detyr\u00eb i Kosov\u00ebs, Albin Kurti ka pritur n\u00eb takim kryetarin e Kuvendit t\u00eb Maqedonis\u00eb s\u00eb Veriut, Afrim Gashi. N\u00eb<\/p>\n","protected":false},"author":1,"featured_media":8725,"comment_status":"open","ping_status":"open","sticky":false,"template":"","format":"standard","meta":{"footnotes":""},"categories":[93],"tags":[],"class_list":["post-8724","post","type-post","status-publish","format-standard","has-post-thumbnail","hentry","category-politika-sq"],"yoast_head":"<!-- This site is optimized with the Yoast SEO plugin v25.3.1 - https:\/\/yoast.com\/wordpress\/plugins\/seo\/ -->\n<title>Kurti e Gashi vler\u00ebsojn\u00eb se marr\u00ebveshjet nd\u00ebrshtet\u00ebrore kan\u00eb dh\u00ebn\u00eb efekt -<\/title>\n<meta name=\"robots\" content=\"index, follow, max-snippet:-1, max-image-preview:large, max-video-preview:-1\" \/>\n<link rel=\"canonical\" href=\"https:\/\/veritasinfo.org\/?p=8724\" \/>\n<meta property=\"og:locale\" content=\"en_US\" \/>\n<meta property=\"og:type\" content=\"article\" \/>\n<meta property=\"og:title\" content=\"Kurti e Gashi vler\u00ebsojn\u00eb se marr\u00ebveshjet nd\u00ebrshtet\u00ebrore kan\u00eb dh\u00ebn\u00eb efekt -\" \/>\n<meta property=\"og:description\" content=\"Prishtin\u00eb, 19 gusht 2025 Kryeministri n\u00eb detyr\u00eb i Kosov\u00ebs, Albin Kurti ka pritur n\u00eb takim kryetarin e Kuvendit t\u00eb Maqedonis\u00eb s\u00eb Veriut, Afrim Gashi. N\u00eb\" \/>\n<meta property=\"og:url\" content=\"https:\/\/veritasinfo.org\/?p=8724\" \/>\n<meta property=\"article:published_time\" content=\"2025-08-19T16:30:22+00:00\" \/>\n<meta property=\"og:image\" content=\"https:\/\/veritasinfo.org\/wp-content\/uploads\/2025\/08\/IMG_3276.jpeg\" \/>\n\t<meta property=\"og:image:width\" content=\"600\" \/>\n\t<meta property=\"og:image:height\" content=\"360\" \/>\n\t<meta property=\"og:image:type\" content=\"image\/jpeg\" \/>\n<meta name=\"author\" content=\"admin\" \/>\n<meta name=\"twitter:card\" content=\"summary_large_image\" \/>\n<meta name=\"twitter:label1\" content=\"Written by\" \/>\n\t<meta name=\"twitter:data1\" content=\"admin\" \/>\n\t<meta name=\"twitter:label2\" content=\"Est. reading time\" \/>\n\t<meta name=\"twitter:data2\" content=\"1 minute\" \/>\n<script type=\"application\/ld+json\" class=\"yoast-schema-graph\">{\"@context\":\"https:\/\/schema.org\",\"@graph\":[{\"@type\":\"WebPage\",\"@id\":\"https:\/\/veritasinfo.org\/?p=8724\",\"url\":\"https:\/\/veritasinfo.org\/?p=8724\",\"name\":\"Kurti e Gashi vler\u00ebsojn\u00eb se marr\u00ebveshjet nd\u00ebrshtet\u00ebrore kan\u00eb dh\u00ebn\u00eb efekt -\",\"isPartOf\":{\"@id\":\"https:\/\/veritasinfo.org\/#website\"},\"primaryImageOfPage\":{\"@id\":\"https:\/\/veritasinfo.org\/?p=8724#primaryimage\"},\"image\":{\"@id\":\"https:\/\/veritasinfo.org\/?p=8724#primaryimage\"},\"thumbnailUrl\":\"https:\/\/veritasinfo.org\/wp-content\/uploads\/2025\/08\/IMG_3276.jpeg\",\"datePublished\":\"2025-08-19T16:30:22+00:00\",\"author\":{\"@id\":\"https:\/\/veritasinfo.org\/#\/schema\/person\/7701f8c088bece422266b100a712374f\"},\"breadcrumb\":{\"@id\":\"https:\/\/veritasinfo.org\/?p=8724#breadcrumb\"},\"inLanguage\":\"en-US\",\"potentialAction\":[{\"@type\":\"ReadAction\",\"target\":[\"https:\/\/veritasinfo.org\/?p=8724\"]}]},{\"@type\":\"ImageObject\",\"inLanguage\":\"en-US\",\"@id\":\"https:\/\/veritasinfo.org\/?p=8724#primaryimage\",\"url\":\"https:\/\/veritasinfo.org\/wp-content\/uploads\/2025\/08\/IMG_3276.jpeg\",\"contentUrl\":\"https:\/\/veritasinfo.org\/wp-content\/uploads\/2025\/08\/IMG_3276.jpeg\",\"width\":600,\"height\":360},{\"@type\":\"BreadcrumbList\",\"@id\":\"https:\/\/veritasinfo.org\/?p=8724#breadcrumb\",\"itemListElement\":[{\"@type\":\"ListItem\",\"position\":1,\"name\":\"Home\",\"item\":\"https:\/\/veritasinfo.org\/\"},{\"@type\":\"ListItem\",\"position\":2,\"name\":\"Kurti e Gashi vler\u00ebsojn\u00eb se marr\u00ebveshjet nd\u00ebrshtet\u00ebrore kan\u00eb dh\u00ebn\u00eb efekt\"}]},{\"@type\":\"WebSite\",\"@id\":\"https:\/\/veritasinfo.org\/#website\",\"url\":\"https:\/\/veritasinfo.org\/\",\"name\":\"\",\"description\":\"\",\"potentialAction\":[{\"@type\":\"SearchAction\",\"target\":{\"@type\":\"EntryPoint\",\"urlTemplate\":\"https:\/\/veritasinfo.org\/?s={search_term_string}\"},\"query-input\":{\"@type\":\"PropertyValueSpecification\",\"valueRequired\":true,\"valueName\":\"search_term_string\"}}],\"inLanguage\":\"en-US\"},{\"@type\":\"Person\",\"@id\":\"https:\/\/veritasinfo.org\/#\/schema\/person\/7701f8c088bece422266b100a712374f\",\"name\":\"admin\",\"image\":{\"@type\":\"ImageObject\",\"inLanguage\":\"en-US\",\"@id\":\"https:\/\/veritasinfo.org\/#\/schema\/person\/image\/\",\"url\":\"https:\/\/secure.gravatar.com\/avatar\/ea53aa3bf6c9a12d5fde8ce4deff43fef3885ae33cf60184161a50d6987cfd2f?s=96&d=mm&r=g\",\"contentUrl\":\"https:\/\/secure.gravatar.com\/avatar\/ea53aa3bf6c9a12d5fde8ce4deff43fef3885ae33cf60184161a50d6987cfd2f?s=96&d=mm&r=g\",\"caption\":\"admin\"},\"sameAs\":[\"https:\/\/veritasinfo.org\"],\"url\":\"https:\/\/veritasinfo.org\/?author=1\"}]}<\/script>\n<!-- \/ Yoast SEO plugin. -->","yoast_head_json":{"title":"Kurti e Gashi vler\u00ebsojn\u00eb se marr\u00ebveshjet nd\u00ebrshtet\u00ebrore kan\u00eb dh\u00ebn\u00eb efekt -","robots":{"index":"index","follow":"follow","max-snippet":"max-snippet:-1","max-image-preview":"max-image-preview:large","max-video-preview":"max-video-preview:-1"},"canonical":"https:\/\/veritasinfo.org\/?p=8724","og_locale":"en_US","og_type":"article","og_title":"Kurti e Gashi vler\u00ebsojn\u00eb se marr\u00ebveshjet nd\u00ebrshtet\u00ebrore kan\u00eb dh\u00ebn\u00eb efekt -","og_description":"Prishtin\u00eb, 19 gusht 2025 Kryeministri n\u00eb detyr\u00eb i Kosov\u00ebs, Albin Kurti ka pritur n\u00eb takim kryetarin e Kuvendit t\u00eb Maqedonis\u00eb s\u00eb Veriut, Afrim Gashi. N\u00eb","og_url":"https:\/\/veritasinfo.org\/?p=8724","article_published_time":"2025-08-19T16:30:22+00:00","og_image":[{"width":600,"height":360,"url":"https:\/\/veritasinfo.org\/wp-content\/uploads\/2025\/08\/IMG_3276.jpeg","type":"image\/jpeg"}],"author":"admin","twitter_card":"summary_large_image","twitter_misc":{"Written by":"admin","Est. reading time":"1 minute"},"schema":{"@context":"https:\/\/schema.org","@graph":[{"@type":"WebPage","@id":"https:\/\/veritasinfo.org\/?p=8724","url":"https:\/\/veritasinfo.org\/?p=8724","name":"Kurti e Gashi vler\u00ebsojn\u00eb se marr\u00ebveshjet nd\u00ebrshtet\u00ebrore kan\u00eb dh\u00ebn\u00eb efekt -","isPartOf":{"@id":"https:\/\/veritasinfo.org\/#website"},"primaryImageOfPage":{"@id":"https:\/\/veritasinfo.org\/?p=8724#primaryimage"},"image":{"@id":"https:\/\/veritasinfo.org\/?p=8724#primaryimage"},"thumbnailUrl":"https:\/\/veritasinfo.org\/wp-content\/uploads\/2025\/08\/IMG_3276.jpeg","datePublished":"2025-08-19T16:30:22+00:00","author":{"@id":"https:\/\/veritasinfo.org\/#\/schema\/person\/7701f8c088bece422266b100a712374f"},"breadcrumb":{"@id":"https:\/\/veritasinfo.org\/?p=8724#breadcrumb"},"inLanguage":"en-US","potentialAction":[{"@type":"ReadAction","target":["https:\/\/veritasinfo.org\/?p=8724"]}]},{"@type":"ImageObject","inLanguage":"en-US","@id":"https:\/\/veritasinfo.org\/?p=8724#primaryimage","url":"https:\/\/veritasinfo.org\/wp-content\/uploads\/2025\/08\/IMG_3276.jpeg","contentUrl":"https:\/\/veritasinfo.org\/wp-content\/uploads\/2025\/08\/IMG_3276.jpeg","width":600,"height":360},{"@type":"BreadcrumbList","@id":"https:\/\/veritasinfo.org\/?p=8724#breadcrumb","itemListElement":[{"@type":"ListItem","position":1,"name":"Home","item":"https:\/\/veritasinfo.org\/"},{"@type":"ListItem","position":2,"name":"Kurti e Gashi vler\u00ebsojn\u00eb se marr\u00ebveshjet nd\u00ebrshtet\u00ebrore kan\u00eb dh\u00ebn\u00eb efekt"}]},{"@type":"WebSite","@id":"https:\/\/veritasinfo.org\/#website","url":"https:\/\/veritasinfo.org\/","name":"","description":"","potentialAction":[{"@type":"SearchAction","target":{"@type":"EntryPoint","urlTemplate":"https:\/\/veritasinfo.org\/?s={search_term_string}"},"query-input":{"@type":"PropertyValueSpecification","valueRequired":true,"valueName":"search_term_string"}}],"inLanguage":"en-US"},{"@type":"Person","@id":"https:\/\/veritasinfo.org\/#\/schema\/person\/7701f8c088bece422266b100a712374f","name":"admin","image":{"@type":"ImageObject","inLanguage":"en-US","@id":"https:\/\/veritasinfo.org\/#\/schema\/person\/image\/","url":"https:\/\/secure.gravatar.com\/avatar\/ea53aa3bf6c9a12d5fde8ce4deff43fef3885ae33cf60184161a50d6987cfd2f?s=96&d=mm&r=g","contentUrl":"https:\/\/secure.gravatar.com\/avatar\/ea53aa3bf6c9a12d5fde8ce4deff43fef3885ae33cf60184161a50d6987cfd2f?s=96&d=mm&r=g","caption":"admin"},"sameAs":["https:\/\/veritasinfo.org"],"url":"https:\/\/veritasinfo.org\/?author=1"}]}},"featured_image_urls":{"full":["https:\/\/veritasinfo.org\/wp-content\/uploads\/2025\/08\/IMG_3276.jpeg",600,360,false],"thumbnail":["https:\/\/veritasinfo.org\/wp-content\/uploads\/2025\/08\/IMG_3276-150x150.jpeg",150,150,true],"medium":["https:\/\/veritasinfo.org\/wp-content\/uploads\/2025\/08\/IMG_3276-300x180.jpeg",300,180,true],"medium_large":["https:\/\/veritasinfo.org\/wp-content\/uploads\/2025\/08\/IMG_3276.jpeg",600,360,false],"large":["https:\/\/veritasinfo.org\/wp-content\/uploads\/2025\/08\/IMG_3276.jpeg",600,360,false],"1536x1536":["https:\/\/veritasinfo.org\/wp-content\/uploads\/2025\/08\/IMG_3276.jpeg",600,360,false],"2048x2048":["https:\/\/veritasinfo.org\/wp-content\/uploads\/2025\/08\/IMG_3276.jpeg",600,360,false],"kreeti-slider-full":["https:\/\/veritasinfo.org\/wp-content\/uploads\/2025\/08\/IMG_3276.jpeg",600,360,false],"kreeti-featured":["https:\/\/veritasinfo.org\/wp-content\/uploads\/2025\/08\/IMG_3276.jpeg",600,360,false],"kreeti-medium":["https:\/\/veritasinfo.org\/wp-content\/uploads\/2025\/08\/IMG_3276.jpeg",600,360,false],"kreeti-medium-square":["https:\/\/veritasinfo.org\/wp-content\/uploads\/2025\/08\/IMG_3276.jpeg",350,210,false]},"author_info":{"info":["admin"]},"category_info":"<a href=\"https:\/\/veritasinfo.org\/?cat=93\" rel=\"category\">Politika<\/a>","tag_info":"Politika","comment_count":"0","_links":{"self":[{"href":"https:\/\/veritasinfo.org\/index.php?rest_route=\/wp\/v2\/posts\/8724","targetHints":{"allow":["GET"]}}],"collection":[{"href":"https:\/\/veritasinfo.org\/index.php?rest_route=\/wp\/v2\/posts"}],"about":[{"href":"https:\/\/veritasinfo.org\/index.php?rest_route=\/wp\/v2\/types\/post"}],"author":[{"embeddable":true,"href":"https:\/\/veritasinfo.org\/index.php?rest_route=\/wp\/v2\/users\/1"}],"replies":[{"embeddable":true,"href":"https:\/\/veritasinfo.org\/index.php?rest_route=%2Fwp%2Fv2%2Fcomments&post=8724"}],"version-history":[{"count":1,"href":"https:\/\/veritasinfo.org\/index.php?rest_route=\/wp\/v2\/posts\/8724\/revisions"}],"predecessor-version":[{"id":8726,"href":"https:\/\/veritasinfo.org\/index.php?rest_route=\/wp\/v2\/posts\/8724\/revisions\/8726"}],"wp:featuredmedia":[{"embeddable":true,"href":"https:\/\/veritasinfo.org\/index.php?rest_route=\/wp\/v2\/media\/8725"}],"wp:attachment":[{"href":"https:\/\/veritasinfo.org\/index.php?rest_route=%2Fwp%2Fv2%2Fmedia&parent=8724"}],"wp:term":[{"taxonomy":"category","embeddable":true,"href":"https:\/\/veritasinfo.org\/index.php?rest_route=%2Fwp%2Fv2%2Fcategories&post=8724"},{"taxonomy":"post_tag","embeddable":true,"href":"https:\/\/veritasinfo.org\/index.php?rest_route=%2Fwp%2Fv2%2Ftags&post=8724"}],"curies":[{"name":"wp","href":"https:\/\/api.w.org\/{rel}","templated":true}]}}