{"id":8700,"date":"2025-08-19T15:27:38","date_gmt":"2025-08-19T13:27:38","guid":{"rendered":"https:\/\/veritasinfo.org\/?p=8700"},"modified":"2025-08-19T15:28:30","modified_gmt":"2025-08-19T13:28:30","slug":"1-muaj-paraburgim-te-dyshuarit-per-krime-lufte-ne-vushtrri","status":"publish","type":"post","link":"https:\/\/veritasinfo.org\/?p=8700","title":{"rendered":"1 muaj paraburgim t\u00eb dyshuarit p\u00ebr krime lufte n\u00eb Vushtrri"},"content":{"rendered":"<p>Prishtin\u00eb, 19 Gusht 2025<\/p>\n<p>I \u00ebsht\u00eb caktuar 1 muaj paraburgim t\u00eb dyshuarit S.S., p\u00ebr krime lufte n\u00eb Vushtrri.<\/p>\n<div class=\"code-block code-block-8\">\n<div id=\"futureads_d773fe1afb07405e8d2f0e46933877d3_zone_104122_sect_47401_site_41437\" data-sender=\"futureads\">\u201cS.S. dyshohet se n\u00eb bashk\u00ebpunim me pjes\u00ebtar\u00eb t\u00eb tjer\u00eb t\u00eb uniformuar duke vepruar n\u00eb grup si zyrtar\u00eb t\u00eb mobilizuar rezervsit aktiv me nj\u00ebsi t\u00eb p\u00ebrb\u00ebra nga Ministria e Pun\u00ebve t\u00eb Brendshme e Serbis\u00eb, gjat\u00eb periudh\u00ebs s\u00eb luft\u00ebs n\u00eb Kosov\u00eb ka marr\u00eb pjes\u00eb n\u00eb vrasjen e civil\u00ebve t\u00eb paarmatosur n\u00eb Komun\u00ebn e Vushtrris\u00eb\u201d, thuhet n\u00eb njoftim.<\/div>\n<\/div>\n<p>Nd\u00ebr t\u00eb tjera, S.S. dyshohet se m\u00eb 06.04.1999 n\u00eb bashk\u00ebkryerje, gjat\u00eb nj\u00eb aksioni ka pla\u00e7kitur dhe djegur sht\u00ebpi, si dhe ka ushtruar dhun\u00eb fizike dhe seksuale ndaj civil\u00ebve t\u00eb paarmatosur.<\/p>\n<p>&nbsp;<\/p>\n","protected":false},"excerpt":{"rendered":"<p>Prishtin\u00eb, 19 Gusht 2025 I \u00ebsht\u00eb caktuar 1 muaj paraburgim t\u00eb dyshuarit S.S., p\u00ebr krime lufte n\u00eb Vushtrri. \u201cS.S. dyshohet se n\u00eb bashk\u00ebpunim me pjes\u00ebtar\u00eb<\/p>\n","protected":false},"author":1,"featured_media":8701,"comment_status":"open","ping_status":"open","sticky":false,"template":"","format":"standard","meta":{"footnotes":""},"categories":[60],"tags":[],"class_list":["post-8700","post","type-post","status-publish","format-standard","has-post-thumbnail","hentry","category-shoqerore-sq"],"yoast_head":"<!-- This site is optimized with the Yoast SEO plugin v25.3.1 - https:\/\/yoast.com\/wordpress\/plugins\/seo\/ -->\n<title>1 muaj paraburgim t\u00eb dyshuarit p\u00ebr krime lufte n\u00eb Vushtrri -<\/title>\n<meta name=\"robots\" content=\"index, follow, max-snippet:-1, max-image-preview:large, max-video-preview:-1\" \/>\n<link rel=\"canonical\" href=\"https:\/\/veritasinfo.org\/?p=8700\" \/>\n<meta property=\"og:locale\" content=\"en_US\" \/>\n<meta property=\"og:type\" content=\"article\" \/>\n<meta property=\"og:title\" content=\"1 muaj paraburgim t\u00eb dyshuarit p\u00ebr krime lufte n\u00eb Vushtrri -\" \/>\n<meta property=\"og:description\" content=\"Prishtin\u00eb, 19 Gusht 2025 I \u00ebsht\u00eb caktuar 1 muaj paraburgim t\u00eb dyshuarit S.S., p\u00ebr krime lufte n\u00eb Vushtrri. \u201cS.S. dyshohet se n\u00eb bashk\u00ebpunim me pjes\u00ebtar\u00eb\" \/>\n<meta property=\"og:url\" content=\"https:\/\/veritasinfo.org\/?p=8700\" \/>\n<meta property=\"article:published_time\" content=\"2025-08-19T13:27:38+00:00\" \/>\n<meta property=\"article:modified_time\" content=\"2025-08-19T13:28:30+00:00\" \/>\n<meta property=\"og:image\" content=\"https:\/\/veritasinfo.org\/wp-content\/uploads\/2025\/08\/IMG_3268-1.jpeg\" \/>\n\t<meta property=\"og:image:width\" content=\"850\" \/>\n\t<meta property=\"og:image:height\" content=\"478\" \/>\n\t<meta property=\"og:image:type\" content=\"image\/jpeg\" \/>\n<meta name=\"author\" content=\"admin\" \/>\n<meta name=\"twitter:card\" content=\"summary_large_image\" \/>\n<meta name=\"twitter:label1\" content=\"Written by\" \/>\n\t<meta name=\"twitter:data1\" content=\"admin\" \/>\n\t<meta name=\"twitter:label2\" content=\"Est. reading time\" \/>\n\t<meta name=\"twitter:data2\" content=\"1 minute\" \/>\n<script type=\"application\/ld+json\" class=\"yoast-schema-graph\">{\"@context\":\"https:\/\/schema.org\",\"@graph\":[{\"@type\":\"WebPage\",\"@id\":\"https:\/\/veritasinfo.org\/?p=8700\",\"url\":\"https:\/\/veritasinfo.org\/?p=8700\",\"name\":\"1 muaj paraburgim t\u00eb dyshuarit p\u00ebr krime lufte n\u00eb Vushtrri -\",\"isPartOf\":{\"@id\":\"https:\/\/veritasinfo.org\/#website\"},\"primaryImageOfPage\":{\"@id\":\"https:\/\/veritasinfo.org\/?p=8700#primaryimage\"},\"image\":{\"@id\":\"https:\/\/veritasinfo.org\/?p=8700#primaryimage\"},\"thumbnailUrl\":\"https:\/\/veritasinfo.org\/wp-content\/uploads\/2025\/08\/IMG_3268-1.jpeg\",\"datePublished\":\"2025-08-19T13:27:38+00:00\",\"dateModified\":\"2025-08-19T13:28:30+00:00\",\"author\":{\"@id\":\"https:\/\/veritasinfo.org\/#\/schema\/person\/7701f8c088bece422266b100a712374f\"},\"breadcrumb\":{\"@id\":\"https:\/\/veritasinfo.org\/?p=8700#breadcrumb\"},\"inLanguage\":\"en-US\",\"potentialAction\":[{\"@type\":\"ReadAction\",\"target\":[\"https:\/\/veritasinfo.org\/?p=8700\"]}]},{\"@type\":\"ImageObject\",\"inLanguage\":\"en-US\",\"@id\":\"https:\/\/veritasinfo.org\/?p=8700#primaryimage\",\"url\":\"https:\/\/veritasinfo.org\/wp-content\/uploads\/2025\/08\/IMG_3268-1.jpeg\",\"contentUrl\":\"https:\/\/veritasinfo.org\/wp-content\/uploads\/2025\/08\/IMG_3268-1.jpeg\",\"width\":850,\"height\":478},{\"@type\":\"BreadcrumbList\",\"@id\":\"https:\/\/veritasinfo.org\/?p=8700#breadcrumb\",\"itemListElement\":[{\"@type\":\"ListItem\",\"position\":1,\"name\":\"Home\",\"item\":\"https:\/\/veritasinfo.org\/\"},{\"@type\":\"ListItem\",\"position\":2,\"name\":\"1 muaj paraburgim t\u00eb dyshuarit p\u00ebr krime lufte n\u00eb Vushtrri\"}]},{\"@type\":\"WebSite\",\"@id\":\"https:\/\/veritasinfo.org\/#website\",\"url\":\"https:\/\/veritasinfo.org\/\",\"name\":\"\",\"description\":\"\",\"potentialAction\":[{\"@type\":\"SearchAction\",\"target\":{\"@type\":\"EntryPoint\",\"urlTemplate\":\"https:\/\/veritasinfo.org\/?s={search_term_string}\"},\"query-input\":{\"@type\":\"PropertyValueSpecification\",\"valueRequired\":true,\"valueName\":\"search_term_string\"}}],\"inLanguage\":\"en-US\"},{\"@type\":\"Person\",\"@id\":\"https:\/\/veritasinfo.org\/#\/schema\/person\/7701f8c088bece422266b100a712374f\",\"name\":\"admin\",\"image\":{\"@type\":\"ImageObject\",\"inLanguage\":\"en-US\",\"@id\":\"https:\/\/veritasinfo.org\/#\/schema\/person\/image\/\",\"url\":\"https:\/\/secure.gravatar.com\/avatar\/ea53aa3bf6c9a12d5fde8ce4deff43fef3885ae33cf60184161a50d6987cfd2f?s=96&d=mm&r=g\",\"contentUrl\":\"https:\/\/secure.gravatar.com\/avatar\/ea53aa3bf6c9a12d5fde8ce4deff43fef3885ae33cf60184161a50d6987cfd2f?s=96&d=mm&r=g\",\"caption\":\"admin\"},\"sameAs\":[\"https:\/\/veritasinfo.org\"],\"url\":\"https:\/\/veritasinfo.org\/?author=1\"}]}<\/script>\n<!-- \/ Yoast SEO plugin. -->","yoast_head_json":{"title":"1 muaj paraburgim t\u00eb dyshuarit p\u00ebr krime lufte n\u00eb Vushtrri -","robots":{"index":"index","follow":"follow","max-snippet":"max-snippet:-1","max-image-preview":"max-image-preview:large","max-video-preview":"max-video-preview:-1"},"canonical":"https:\/\/veritasinfo.org\/?p=8700","og_locale":"en_US","og_type":"article","og_title":"1 muaj paraburgim t\u00eb dyshuarit p\u00ebr krime lufte n\u00eb Vushtrri -","og_description":"Prishtin\u00eb, 19 Gusht 2025 I \u00ebsht\u00eb caktuar 1 muaj paraburgim t\u00eb dyshuarit S.S., p\u00ebr krime lufte n\u00eb Vushtrri. \u201cS.S. dyshohet se n\u00eb bashk\u00ebpunim me pjes\u00ebtar\u00eb","og_url":"https:\/\/veritasinfo.org\/?p=8700","article_published_time":"2025-08-19T13:27:38+00:00","article_modified_time":"2025-08-19T13:28:30+00:00","og_image":[{"width":850,"height":478,"url":"https:\/\/veritasinfo.org\/wp-content\/uploads\/2025\/08\/IMG_3268-1.jpeg","type":"image\/jpeg"}],"author":"admin","twitter_card":"summary_large_image","twitter_misc":{"Written by":"admin","Est. reading time":"1 minute"},"schema":{"@context":"https:\/\/schema.org","@graph":[{"@type":"WebPage","@id":"https:\/\/veritasinfo.org\/?p=8700","url":"https:\/\/veritasinfo.org\/?p=8700","name":"1 muaj paraburgim t\u00eb dyshuarit p\u00ebr krime lufte n\u00eb Vushtrri -","isPartOf":{"@id":"https:\/\/veritasinfo.org\/#website"},"primaryImageOfPage":{"@id":"https:\/\/veritasinfo.org\/?p=8700#primaryimage"},"image":{"@id":"https:\/\/veritasinfo.org\/?p=8700#primaryimage"},"thumbnailUrl":"https:\/\/veritasinfo.org\/wp-content\/uploads\/2025\/08\/IMG_3268-1.jpeg","datePublished":"2025-08-19T13:27:38+00:00","dateModified":"2025-08-19T13:28:30+00:00","author":{"@id":"https:\/\/veritasinfo.org\/#\/schema\/person\/7701f8c088bece422266b100a712374f"},"breadcrumb":{"@id":"https:\/\/veritasinfo.org\/?p=8700#breadcrumb"},"inLanguage":"en-US","potentialAction":[{"@type":"ReadAction","target":["https:\/\/veritasinfo.org\/?p=8700"]}]},{"@type":"ImageObject","inLanguage":"en-US","@id":"https:\/\/veritasinfo.org\/?p=8700#primaryimage","url":"https:\/\/veritasinfo.org\/wp-content\/uploads\/2025\/08\/IMG_3268-1.jpeg","contentUrl":"https:\/\/veritasinfo.org\/wp-content\/uploads\/2025\/08\/IMG_3268-1.jpeg","width":850,"height":478},{"@type":"BreadcrumbList","@id":"https:\/\/veritasinfo.org\/?p=8700#breadcrumb","itemListElement":[{"@type":"ListItem","position":1,"name":"Home","item":"https:\/\/veritasinfo.org\/"},{"@type":"ListItem","position":2,"name":"1 muaj paraburgim t\u00eb dyshuarit p\u00ebr krime lufte n\u00eb Vushtrri"}]},{"@type":"WebSite","@id":"https:\/\/veritasinfo.org\/#website","url":"https:\/\/veritasinfo.org\/","name":"","description":"","potentialAction":[{"@type":"SearchAction","target":{"@type":"EntryPoint","urlTemplate":"https:\/\/veritasinfo.org\/?s={search_term_string}"},"query-input":{"@type":"PropertyValueSpecification","valueRequired":true,"valueName":"search_term_string"}}],"inLanguage":"en-US"},{"@type":"Person","@id":"https:\/\/veritasinfo.org\/#\/schema\/person\/7701f8c088bece422266b100a712374f","name":"admin","image":{"@type":"ImageObject","inLanguage":"en-US","@id":"https:\/\/veritasinfo.org\/#\/schema\/person\/image\/","url":"https:\/\/secure.gravatar.com\/avatar\/ea53aa3bf6c9a12d5fde8ce4deff43fef3885ae33cf60184161a50d6987cfd2f?s=96&d=mm&r=g","contentUrl":"https:\/\/secure.gravatar.com\/avatar\/ea53aa3bf6c9a12d5fde8ce4deff43fef3885ae33cf60184161a50d6987cfd2f?s=96&d=mm&r=g","caption":"admin"},"sameAs":["https:\/\/veritasinfo.org"],"url":"https:\/\/veritasinfo.org\/?author=1"}]}},"featured_image_urls":{"full":["https:\/\/veritasinfo.org\/wp-content\/uploads\/2025\/08\/IMG_3268-1.jpeg",850,478,false],"thumbnail":["https:\/\/veritasinfo.org\/wp-content\/uploads\/2025\/08\/IMG_3268-1-150x150.jpeg",150,150,true],"medium":["https:\/\/veritasinfo.org\/wp-content\/uploads\/2025\/08\/IMG_3268-1-300x169.jpeg",300,169,true],"medium_large":["https:\/\/veritasinfo.org\/wp-content\/uploads\/2025\/08\/IMG_3268-1-768x432.jpeg",640,360,true],"large":["https:\/\/veritasinfo.org\/wp-content\/uploads\/2025\/08\/IMG_3268-1.jpeg",640,360,false],"1536x1536":["https:\/\/veritasinfo.org\/wp-content\/uploads\/2025\/08\/IMG_3268-1.jpeg",850,478,false],"2048x2048":["https:\/\/veritasinfo.org\/wp-content\/uploads\/2025\/08\/IMG_3268-1.jpeg",850,478,false],"kreeti-slider-full":["https:\/\/veritasinfo.org\/wp-content\/uploads\/2025\/08\/IMG_3268-1.jpeg",850,478,false],"kreeti-featured":["https:\/\/veritasinfo.org\/wp-content\/uploads\/2025\/08\/IMG_3268-1.jpeg",850,478,false],"kreeti-medium":["https:\/\/veritasinfo.org\/wp-content\/uploads\/2025\/08\/IMG_3268-1.jpeg",720,405,false],"kreeti-medium-square":["https:\/\/veritasinfo.org\/wp-content\/uploads\/2025\/08\/IMG_3268-1.jpeg",350,197,false]},"author_info":{"info":["admin"]},"category_info":"<a href=\"https:\/\/veritasinfo.org\/?cat=60\" rel=\"category\">Shoq\u00ebrore<\/a>","tag_info":"Shoq\u00ebrore","comment_count":"0","_links":{"self":[{"href":"https:\/\/veritasinfo.org\/index.php?rest_route=\/wp\/v2\/posts\/8700","targetHints":{"allow":["GET"]}}],"collection":[{"href":"https:\/\/veritasinfo.org\/index.php?rest_route=\/wp\/v2\/posts"}],"about":[{"href":"https:\/\/veritasinfo.org\/index.php?rest_route=\/wp\/v2\/types\/post"}],"author":[{"embeddable":true,"href":"https:\/\/veritasinfo.org\/index.php?rest_route=\/wp\/v2\/users\/1"}],"replies":[{"embeddable":true,"href":"https:\/\/veritasinfo.org\/index.php?rest_route=%2Fwp%2Fv2%2Fcomments&post=8700"}],"version-history":[{"count":2,"href":"https:\/\/veritasinfo.org\/index.php?rest_route=\/wp\/v2\/posts\/8700\/revisions"}],"predecessor-version":[{"id":8703,"href":"https:\/\/veritasinfo.org\/index.php?rest_route=\/wp\/v2\/posts\/8700\/revisions\/8703"}],"wp:featuredmedia":[{"embeddable":true,"href":"https:\/\/veritasinfo.org\/index.php?rest_route=\/wp\/v2\/media\/8701"}],"wp:attachment":[{"href":"https:\/\/veritasinfo.org\/index.php?rest_route=%2Fwp%2Fv2%2Fmedia&parent=8700"}],"wp:term":[{"taxonomy":"category","embeddable":true,"href":"https:\/\/veritasinfo.org\/index.php?rest_route=%2Fwp%2Fv2%2Fcategories&post=8700"},{"taxonomy":"post_tag","embeddable":true,"href":"https:\/\/veritasinfo.org\/index.php?rest_route=%2Fwp%2Fv2%2Ftags&post=8700"}],"curies":[{"name":"wp","href":"https:\/\/api.w.org\/{rel}","templated":true}]}}