{"id":8694,"date":"2025-08-19T15:19:01","date_gmt":"2025-08-19T13:19:01","guid":{"rendered":"https:\/\/veritasinfo.org\/?p=8694"},"modified":"2025-08-19T15:19:01","modified_gmt":"2025-08-19T13:19:01","slug":"biblioteka-kombetare-e-kosoves-pjese-e-kongresit-boteror-te-bibliotekave-dhe-informacionit","status":"publish","type":"post","link":"https:\/\/veritasinfo.org\/?p=8694","title":{"rendered":"Biblioteka Komb\u00ebtare e Kosov\u00ebs pjes\u00eb e Kongresit Bot\u00ebror t\u00eb Bibliotekave dhe Informacionit"},"content":{"rendered":"<p>Astana, 19 Gusht 2025<\/p>\n<p><strong>Biblioteka Komb\u00ebtare e Kosov\u00ebs po merr pjes\u00eb n\u00eb Kongresin Bot\u00ebror t\u00eb Bibliotekave dhe Informacionit, t\u00eb organizuar nga IFLA \u2013 Federata Nd\u00ebrkomb\u00ebtare e Shoqatave dhe Institucioneve Bibliotekare, i cili k\u00ebt\u00eb vit po mbahet n\u00eb Astana, Kazakistan.<\/strong><\/p>\n<p>Biblioteka Komb\u00ebtare e Kosov\u00ebs po p\u00ebrfaq\u00ebson vendin n\u00eb k\u00ebt\u00eb ngjarje t\u00eb madhe dhe t\u00eb r\u00ebnd\u00ebsihme p\u00ebr bibliotekat n\u00eb mesin e 114 shteteve t\u00eb ndryshme t\u00eb bot\u00ebs.<\/p>\n<p>\u201cPjes\u00ebmarrja e Bibliotek\u00ebs Komb\u00ebtare t\u00eb Kosov\u00ebs n\u00eb k\u00ebt\u00eb ngjarje globale \u00ebsht\u00eb d\u00ebshmi e p\u00ebrkushtimit ton\u00eb p\u00ebr t\u00eb nd\u00ebrtuar ura bashk\u00ebpunimi, p\u00ebr t\u00eb ndar\u00eb p\u00ebrvoja dhe p\u00ebr t\u00eb qen\u00eb pjes\u00eb aktive e zhvillimeve nd\u00ebrkomb\u00ebtare n\u00eb fush\u00ebn e dijes dhe qasjes n\u00eb informacion\u201d, thuhet n\u00eb komunikat\u00ebn e BKK-s\u00eb.<\/p>\n","protected":false},"excerpt":{"rendered":"<p>Astana, 19 Gusht 2025 Biblioteka Komb\u00ebtare e Kosov\u00ebs po merr pjes\u00eb n\u00eb Kongresin Bot\u00ebror t\u00eb Bibliotekave dhe Informacionit, t\u00eb organizuar nga IFLA \u2013 Federata Nd\u00ebrkomb\u00ebtare<\/p>\n","protected":false},"author":1,"featured_media":8696,"comment_status":"open","ping_status":"open","sticky":false,"template":"","format":"standard","meta":{"footnotes":""},"categories":[54],"tags":[],"class_list":["post-8694","post","type-post","status-publish","format-standard","has-post-thumbnail","hentry","category-kulture-sq"],"yoast_head":"<!-- This site is optimized with the Yoast SEO plugin v25.3.1 - https:\/\/yoast.com\/wordpress\/plugins\/seo\/ -->\n<title>Biblioteka Komb\u00ebtare e Kosov\u00ebs pjes\u00eb e Kongresit Bot\u00ebror t\u00eb Bibliotekave dhe Informacionit -<\/title>\n<meta name=\"robots\" content=\"index, follow, max-snippet:-1, max-image-preview:large, max-video-preview:-1\" \/>\n<link rel=\"canonical\" href=\"https:\/\/veritasinfo.org\/?p=8694\" \/>\n<meta property=\"og:locale\" content=\"en_US\" \/>\n<meta property=\"og:type\" content=\"article\" \/>\n<meta property=\"og:title\" content=\"Biblioteka Komb\u00ebtare e Kosov\u00ebs pjes\u00eb e Kongresit Bot\u00ebror t\u00eb Bibliotekave dhe Informacionit -\" \/>\n<meta property=\"og:description\" content=\"Astana, 19 Gusht 2025 Biblioteka Komb\u00ebtare e Kosov\u00ebs po merr pjes\u00eb n\u00eb Kongresin Bot\u00ebror t\u00eb Bibliotekave dhe Informacionit, t\u00eb organizuar nga IFLA \u2013 Federata Nd\u00ebrkomb\u00ebtare\" \/>\n<meta property=\"og:url\" content=\"https:\/\/veritasinfo.org\/?p=8694\" \/>\n<meta property=\"article:published_time\" content=\"2025-08-19T13:19:01+00:00\" \/>\n<meta property=\"og:image\" content=\"https:\/\/veritasinfo.org\/wp-content\/uploads\/2025\/08\/IMG_2630.png\" \/>\n\t<meta property=\"og:image:width\" content=\"728\" \/>\n\t<meta property=\"og:image:height\" content=\"430\" \/>\n\t<meta property=\"og:image:type\" content=\"image\/png\" \/>\n<meta name=\"author\" content=\"admin\" \/>\n<meta name=\"twitter:card\" content=\"summary_large_image\" \/>\n<meta name=\"twitter:label1\" content=\"Written by\" \/>\n\t<meta name=\"twitter:data1\" content=\"admin\" \/>\n\t<meta name=\"twitter:label2\" content=\"Est. reading time\" \/>\n\t<meta name=\"twitter:data2\" content=\"1 minute\" \/>\n<script type=\"application\/ld+json\" class=\"yoast-schema-graph\">{\"@context\":\"https:\/\/schema.org\",\"@graph\":[{\"@type\":\"WebPage\",\"@id\":\"https:\/\/veritasinfo.org\/?p=8694\",\"url\":\"https:\/\/veritasinfo.org\/?p=8694\",\"name\":\"Biblioteka Komb\u00ebtare e Kosov\u00ebs pjes\u00eb e Kongresit Bot\u00ebror t\u00eb Bibliotekave dhe Informacionit -\",\"isPartOf\":{\"@id\":\"https:\/\/veritasinfo.org\/#website\"},\"primaryImageOfPage\":{\"@id\":\"https:\/\/veritasinfo.org\/?p=8694#primaryimage\"},\"image\":{\"@id\":\"https:\/\/veritasinfo.org\/?p=8694#primaryimage\"},\"thumbnailUrl\":\"https:\/\/veritasinfo.org\/wp-content\/uploads\/2025\/08\/IMG_2630.png\",\"datePublished\":\"2025-08-19T13:19:01+00:00\",\"author\":{\"@id\":\"https:\/\/veritasinfo.org\/#\/schema\/person\/7701f8c088bece422266b100a712374f\"},\"breadcrumb\":{\"@id\":\"https:\/\/veritasinfo.org\/?p=8694#breadcrumb\"},\"inLanguage\":\"en-US\",\"potentialAction\":[{\"@type\":\"ReadAction\",\"target\":[\"https:\/\/veritasinfo.org\/?p=8694\"]}]},{\"@type\":\"ImageObject\",\"inLanguage\":\"en-US\",\"@id\":\"https:\/\/veritasinfo.org\/?p=8694#primaryimage\",\"url\":\"https:\/\/veritasinfo.org\/wp-content\/uploads\/2025\/08\/IMG_2630.png\",\"contentUrl\":\"https:\/\/veritasinfo.org\/wp-content\/uploads\/2025\/08\/IMG_2630.png\",\"width\":728,\"height\":430},{\"@type\":\"BreadcrumbList\",\"@id\":\"https:\/\/veritasinfo.org\/?p=8694#breadcrumb\",\"itemListElement\":[{\"@type\":\"ListItem\",\"position\":1,\"name\":\"Home\",\"item\":\"https:\/\/veritasinfo.org\/\"},{\"@type\":\"ListItem\",\"position\":2,\"name\":\"Biblioteka Komb\u00ebtare e Kosov\u00ebs pjes\u00eb e Kongresit Bot\u00ebror t\u00eb Bibliotekave dhe Informacionit\"}]},{\"@type\":\"WebSite\",\"@id\":\"https:\/\/veritasinfo.org\/#website\",\"url\":\"https:\/\/veritasinfo.org\/\",\"name\":\"\",\"description\":\"\",\"potentialAction\":[{\"@type\":\"SearchAction\",\"target\":{\"@type\":\"EntryPoint\",\"urlTemplate\":\"https:\/\/veritasinfo.org\/?s={search_term_string}\"},\"query-input\":{\"@type\":\"PropertyValueSpecification\",\"valueRequired\":true,\"valueName\":\"search_term_string\"}}],\"inLanguage\":\"en-US\"},{\"@type\":\"Person\",\"@id\":\"https:\/\/veritasinfo.org\/#\/schema\/person\/7701f8c088bece422266b100a712374f\",\"name\":\"admin\",\"image\":{\"@type\":\"ImageObject\",\"inLanguage\":\"en-US\",\"@id\":\"https:\/\/veritasinfo.org\/#\/schema\/person\/image\/\",\"url\":\"https:\/\/secure.gravatar.com\/avatar\/ea53aa3bf6c9a12d5fde8ce4deff43fef3885ae33cf60184161a50d6987cfd2f?s=96&d=mm&r=g\",\"contentUrl\":\"https:\/\/secure.gravatar.com\/avatar\/ea53aa3bf6c9a12d5fde8ce4deff43fef3885ae33cf60184161a50d6987cfd2f?s=96&d=mm&r=g\",\"caption\":\"admin\"},\"sameAs\":[\"https:\/\/veritasinfo.org\"],\"url\":\"https:\/\/veritasinfo.org\/?author=1\"}]}<\/script>\n<!-- \/ Yoast SEO plugin. -->","yoast_head_json":{"title":"Biblioteka Komb\u00ebtare e Kosov\u00ebs pjes\u00eb e Kongresit Bot\u00ebror t\u00eb Bibliotekave dhe Informacionit -","robots":{"index":"index","follow":"follow","max-snippet":"max-snippet:-1","max-image-preview":"max-image-preview:large","max-video-preview":"max-video-preview:-1"},"canonical":"https:\/\/veritasinfo.org\/?p=8694","og_locale":"en_US","og_type":"article","og_title":"Biblioteka Komb\u00ebtare e Kosov\u00ebs pjes\u00eb e Kongresit Bot\u00ebror t\u00eb Bibliotekave dhe Informacionit -","og_description":"Astana, 19 Gusht 2025 Biblioteka Komb\u00ebtare e Kosov\u00ebs po merr pjes\u00eb n\u00eb Kongresin Bot\u00ebror t\u00eb Bibliotekave dhe Informacionit, t\u00eb organizuar nga IFLA \u2013 Federata Nd\u00ebrkomb\u00ebtare","og_url":"https:\/\/veritasinfo.org\/?p=8694","article_published_time":"2025-08-19T13:19:01+00:00","og_image":[{"width":728,"height":430,"url":"https:\/\/veritasinfo.org\/wp-content\/uploads\/2025\/08\/IMG_2630.png","type":"image\/png"}],"author":"admin","twitter_card":"summary_large_image","twitter_misc":{"Written by":"admin","Est. reading time":"1 minute"},"schema":{"@context":"https:\/\/schema.org","@graph":[{"@type":"WebPage","@id":"https:\/\/veritasinfo.org\/?p=8694","url":"https:\/\/veritasinfo.org\/?p=8694","name":"Biblioteka Komb\u00ebtare e Kosov\u00ebs pjes\u00eb e Kongresit Bot\u00ebror t\u00eb Bibliotekave dhe Informacionit -","isPartOf":{"@id":"https:\/\/veritasinfo.org\/#website"},"primaryImageOfPage":{"@id":"https:\/\/veritasinfo.org\/?p=8694#primaryimage"},"image":{"@id":"https:\/\/veritasinfo.org\/?p=8694#primaryimage"},"thumbnailUrl":"https:\/\/veritasinfo.org\/wp-content\/uploads\/2025\/08\/IMG_2630.png","datePublished":"2025-08-19T13:19:01+00:00","author":{"@id":"https:\/\/veritasinfo.org\/#\/schema\/person\/7701f8c088bece422266b100a712374f"},"breadcrumb":{"@id":"https:\/\/veritasinfo.org\/?p=8694#breadcrumb"},"inLanguage":"en-US","potentialAction":[{"@type":"ReadAction","target":["https:\/\/veritasinfo.org\/?p=8694"]}]},{"@type":"ImageObject","inLanguage":"en-US","@id":"https:\/\/veritasinfo.org\/?p=8694#primaryimage","url":"https:\/\/veritasinfo.org\/wp-content\/uploads\/2025\/08\/IMG_2630.png","contentUrl":"https:\/\/veritasinfo.org\/wp-content\/uploads\/2025\/08\/IMG_2630.png","width":728,"height":430},{"@type":"BreadcrumbList","@id":"https:\/\/veritasinfo.org\/?p=8694#breadcrumb","itemListElement":[{"@type":"ListItem","position":1,"name":"Home","item":"https:\/\/veritasinfo.org\/"},{"@type":"ListItem","position":2,"name":"Biblioteka Komb\u00ebtare e Kosov\u00ebs pjes\u00eb e Kongresit Bot\u00ebror t\u00eb Bibliotekave dhe Informacionit"}]},{"@type":"WebSite","@id":"https:\/\/veritasinfo.org\/#website","url":"https:\/\/veritasinfo.org\/","name":"","description":"","potentialAction":[{"@type":"SearchAction","target":{"@type":"EntryPoint","urlTemplate":"https:\/\/veritasinfo.org\/?s={search_term_string}"},"query-input":{"@type":"PropertyValueSpecification","valueRequired":true,"valueName":"search_term_string"}}],"inLanguage":"en-US"},{"@type":"Person","@id":"https:\/\/veritasinfo.org\/#\/schema\/person\/7701f8c088bece422266b100a712374f","name":"admin","image":{"@type":"ImageObject","inLanguage":"en-US","@id":"https:\/\/veritasinfo.org\/#\/schema\/person\/image\/","url":"https:\/\/secure.gravatar.com\/avatar\/ea53aa3bf6c9a12d5fde8ce4deff43fef3885ae33cf60184161a50d6987cfd2f?s=96&d=mm&r=g","contentUrl":"https:\/\/secure.gravatar.com\/avatar\/ea53aa3bf6c9a12d5fde8ce4deff43fef3885ae33cf60184161a50d6987cfd2f?s=96&d=mm&r=g","caption":"admin"},"sameAs":["https:\/\/veritasinfo.org"],"url":"https:\/\/veritasinfo.org\/?author=1"}]}},"featured_image_urls":{"full":["https:\/\/veritasinfo.org\/wp-content\/uploads\/2025\/08\/IMG_2630.png",728,430,false],"thumbnail":["https:\/\/veritasinfo.org\/wp-content\/uploads\/2025\/08\/IMG_2630-150x150.png",150,150,true],"medium":["https:\/\/veritasinfo.org\/wp-content\/uploads\/2025\/08\/IMG_2630-300x177.png",300,177,true],"medium_large":["https:\/\/veritasinfo.org\/wp-content\/uploads\/2025\/08\/IMG_2630.png",640,378,false],"large":["https:\/\/veritasinfo.org\/wp-content\/uploads\/2025\/08\/IMG_2630.png",640,378,false],"1536x1536":["https:\/\/veritasinfo.org\/wp-content\/uploads\/2025\/08\/IMG_2630.png",728,430,false],"2048x2048":["https:\/\/veritasinfo.org\/wp-content\/uploads\/2025\/08\/IMG_2630.png",728,430,false],"kreeti-slider-full":["https:\/\/veritasinfo.org\/wp-content\/uploads\/2025\/08\/IMG_2630.png",728,430,false],"kreeti-featured":["https:\/\/veritasinfo.org\/wp-content\/uploads\/2025\/08\/IMG_2630.png",728,430,false],"kreeti-medium":["https:\/\/veritasinfo.org\/wp-content\/uploads\/2025\/08\/IMG_2630.png",720,425,false],"kreeti-medium-square":["https:\/\/veritasinfo.org\/wp-content\/uploads\/2025\/08\/IMG_2630.png",350,207,false]},"author_info":{"info":["admin"]},"category_info":"<a href=\"https:\/\/veritasinfo.org\/?cat=54\" rel=\"category\">Kultur\u00eb<\/a>","tag_info":"Kultur\u00eb","comment_count":"0","_links":{"self":[{"href":"https:\/\/veritasinfo.org\/index.php?rest_route=\/wp\/v2\/posts\/8694","targetHints":{"allow":["GET"]}}],"collection":[{"href":"https:\/\/veritasinfo.org\/index.php?rest_route=\/wp\/v2\/posts"}],"about":[{"href":"https:\/\/veritasinfo.org\/index.php?rest_route=\/wp\/v2\/types\/post"}],"author":[{"embeddable":true,"href":"https:\/\/veritasinfo.org\/index.php?rest_route=\/wp\/v2\/users\/1"}],"replies":[{"embeddable":true,"href":"https:\/\/veritasinfo.org\/index.php?rest_route=%2Fwp%2Fv2%2Fcomments&post=8694"}],"version-history":[{"count":1,"href":"https:\/\/veritasinfo.org\/index.php?rest_route=\/wp\/v2\/posts\/8694\/revisions"}],"predecessor-version":[{"id":8697,"href":"https:\/\/veritasinfo.org\/index.php?rest_route=\/wp\/v2\/posts\/8694\/revisions\/8697"}],"wp:featuredmedia":[{"embeddable":true,"href":"https:\/\/veritasinfo.org\/index.php?rest_route=\/wp\/v2\/media\/8696"}],"wp:attachment":[{"href":"https:\/\/veritasinfo.org\/index.php?rest_route=%2Fwp%2Fv2%2Fmedia&parent=8694"}],"wp:term":[{"taxonomy":"category","embeddable":true,"href":"https:\/\/veritasinfo.org\/index.php?rest_route=%2Fwp%2Fv2%2Fcategories&post=8694"},{"taxonomy":"post_tag","embeddable":true,"href":"https:\/\/veritasinfo.org\/index.php?rest_route=%2Fwp%2Fv2%2Ftags&post=8694"}],"curies":[{"name":"wp","href":"https:\/\/api.w.org\/{rel}","templated":true}]}}