{"id":8684,"date":"2025-08-19T12:49:54","date_gmt":"2025-08-19T10:49:54","guid":{"rendered":"https:\/\/veritasinfo.org\/?p=8684"},"modified":"2025-08-19T12:51:25","modified_gmt":"2025-08-19T10:51:25","slug":"dosja-e-prokurorise-ndaj-sinisha-spasiqit-i-dyshuar-per-krime-lufte-ne-reznik-te-vushtrrise","status":"publish","type":"post","link":"https:\/\/veritasinfo.org\/?p=8684","title":{"rendered":"Dosja e Prokuroris\u00eb ndaj Sinisha Spasiqit, i dyshuar p\u00ebr krime lufte n\u00eb Reznik t\u00eb Vushtrris\u00eb"},"content":{"rendered":"<p>Prishtin\u00eb, 19 Gusht 2025<\/p>\n<p class=\"s3\"><strong><span class=\"s2\"><span class=\"bumpedFont15\">Prokuroria Speciale e Republik\u00ebs s\u00eb Kosov\u00ebs (PSRK), ka <\/span><\/span><span class=\"s2\"><span class=\"bumpedFont15\">d\u00ebrzuar<\/span><\/span><span class=\"s2\"><span class=\"bumpedFont15\"> k<\/span><\/span><span class=\"s2\"><span class=\"bumpedFont15\">\u00eb<\/span><\/span><span class=\"s2\"><span class=\"bumpedFont15\">rkes<\/span><\/span><span class=\"s2\"><span class=\"bumpedFont15\">\u00eb<\/span><\/span><span class=\"s2\"><span class=\"bumpedFont15\"> p<\/span><\/span><span class=\"s2\"><span class=\"bumpedFont15\">\u00eb<\/span><\/span><span class=\"s2\"><span class=\"bumpedFont15\">r caktim t<\/span><\/span><span class=\"s2\"><span class=\"bumpedFont15\">\u00eb<\/span><\/span><span class=\"s2\"><span class=\"bumpedFont15\">mas\u00ebs s<\/span><\/span><span class=\"s2\"><span class=\"bumpedFont15\">\u00eb<\/span><\/span><span class=\"s2\"><span class=\"bumpedFont15\"> paraburgimit ndaj <\/span><\/span><span class=\"s2\"><span class=\"bumpedFont15\">Sinisha<\/span><\/span> <span class=\"s2\"><span class=\"bumpedFont15\">Spasiq,<\/span><\/span><span class=\"s2\"><span class=\"bumpedFont15\"> i dyshuar p<\/span><\/span><span class=\"s2\"><span class=\"bumpedFont15\">\u00eb<\/span><\/span><span class=\"s2\"><span class=\"bumpedFont15\">r krime lufte n<\/span><\/span><span class=\"s2\"><span class=\"bumpedFont15\">\u00eb<\/span><\/span><span class=\"s2\"><span class=\"bumpedFont15\"> fshatin <\/span><\/span><span class=\"s2\"><span class=\"bumpedFont15\">Reznik<\/span><\/span><span class=\"s2\"><span class=\"bumpedFont15\"> t<\/span><\/span><span class=\"s2\"><span class=\"bumpedFont15\">\u00eb<\/span><\/span><span class=\"s2\"><span class=\"bumpedFont15\"> Vushtrris<\/span><\/span><span class=\"s2\"><span class=\"bumpedFont15\">\u00eb<\/span><\/span><span class=\"s2\"><span class=\"bumpedFont15\">.<\/span><\/span><\/strong><\/p>\n<p class=\"s5\"><span class=\"s4\"><span class=\"bumpedFont15\">Sipas k\u00ebrkes\u00ebs, thuhet se <\/span><\/span><span class=\"s4\"><span class=\"bumpedFont15\">Spasiq<\/span><\/span><span class=\"s4\"><span class=\"bumpedFont15\"> s\u00eb bashku me <\/span><\/span><span class=\"s4\"><span class=\"bumpedFont15\">pjes\u00ebtar\u00eb<\/span><\/span><span class=\"s4\"><span class=\"bumpedFont15\">t\u00eb tjer\u00eb t\u00eb <\/span><\/span><span class=\"s4\"><span class=\"bumpedFont15\">uniformuar<\/span><\/span><span class=\"s4\"><span class=\"bumpedFont15\"> me uniforma t\u00eb policis\u00eb, n\u00eb fshatin <\/span><\/span><span class=\"s4\"><span class=\"bumpedFont15\">Reznik<\/span><\/span><span class=\"s4\"><span class=\"bumpedFont15\"> t\u00eb Vushtrris\u00eb gjat\u00eb periudh\u00ebs s\u00eb luft\u00ebs n\u00eb Kosov\u00eb, respektivisht me dat\u00eb 6 prill 1999 gjat\u00eb aksionit <\/span><\/span><span class=\"s4\"><span class=\"bumpedFont15\">mir\u00eb <\/span><\/span><span class=\"s4\"><span class=\"bumpedFont15\">t\u00eb organizuar fillojn\u00eb zbatimin e urdhrave.<\/span><\/span><\/p>\n<p class=\"s5\"><span class=\"s4\"><span class=\"bumpedFont15\">Tutje, thuhet se urdhrat p\u00ebrfshinin pla\u00e7kitjen, <\/span><\/span><span class=\"s4\"><span class=\"bumpedFont15\">djegien<\/span><\/span><span class=\"s4\"><span class=\"bumpedFont15\"> e sht\u00ebpive, si dhe duke vrar\u00eb civil\u00eb t\u00eb paarmatosur n\u00eb <\/span><\/span><span class=\"s4\"><span class=\"bumpedFont15\">Reznik<\/span><\/span><span class=\"s4\"><span class=\"bumpedFont15\"> dhe at\u00eb: I.U., M.U., B.U., F.U., S.U dhe F.U.<\/span><\/span><span class=\"s4\"><span class=\"bumpedFont15\">, e ku m\u00eb pas e kishin marr\u00eb me dhun\u00eb viktim\u00ebn <\/span><\/span><span class=\"s4\"><span class=\"bumpedFont15\">B.U, q\u00eb fillimisht<\/span><\/span><span class=\"s4\"><span class=\"bumpedFont15\">\u00a0e <\/span><\/span><span class=\"s4\"><span class=\"bumpedFont15\">maltretojn\u00eb<\/span><\/span><span class=\"s4\"><span class=\"bumpedFont15\"> dhe m\u00eb pastaj e dhunojn\u00eb.<\/span><\/span><\/p>\n<p class=\"s5\"><span class=\"s4\"><span class=\"bumpedFont15\">Andaj, p\u00ebr k\u00ebto veprime <\/span><\/span><span class=\"s4\"><span class=\"bumpedFont15\">Spasiq<\/span><\/span><span class=\"s4\"><span class=\"bumpedFont15\"> po dyshohet p\u00ebr vepr\u00ebn penale \u201cKrime lufte kund\u00ebr popullat\u00ebs civile\u201d, e parapar\u00eb me nenin 142 dhe 22 t\u00eb Kodit Penal t\u00eb Republik\u00ebs Socialiste Federative t\u00eb Jugosllavis\u00eb.<\/span><\/span><\/p>\n<p class=\"s5\"><span class=\"s4\"><span class=\"bumpedFont15\">P\u00ebr k\u00ebt\u00eb rast, tashm\u00eb \u00ebsht\u00eb duke u mbajtur seanca d\u00ebgjimore p\u00ebr caktim t\u00eb mas\u00ebs s\u00eb siguris\u00eb.<\/span><\/span><\/p>\n<p>&nbsp;<\/p>\n","protected":false},"excerpt":{"rendered":"<p>Prishtin\u00eb, 19 Gusht 2025 Prokuroria Speciale e Republik\u00ebs s\u00eb Kosov\u00ebs (PSRK), ka d\u00ebrzuar k\u00ebrkes\u00eb p\u00ebr caktim t\u00ebmas\u00ebs s\u00eb paraburgimit ndaj Sinisha Spasiq, i dyshuar p\u00ebr<\/p>\n","protected":false},"author":1,"featured_media":8685,"comment_status":"open","ping_status":"open","sticky":false,"template":"","format":"standard","meta":{"footnotes":""},"categories":[60],"tags":[],"class_list":["post-8684","post","type-post","status-publish","format-standard","has-post-thumbnail","hentry","category-shoqerore-sq"],"yoast_head":"<!-- This site is optimized with the Yoast SEO plugin v25.3.1 - https:\/\/yoast.com\/wordpress\/plugins\/seo\/ -->\n<title>Dosja e Prokuroris\u00eb ndaj Sinisha Spasiqit, i dyshuar p\u00ebr krime lufte n\u00eb Reznik t\u00eb Vushtrris\u00eb -<\/title>\n<meta name=\"robots\" content=\"index, follow, max-snippet:-1, max-image-preview:large, max-video-preview:-1\" \/>\n<link rel=\"canonical\" href=\"https:\/\/veritasinfo.org\/?p=8684\" \/>\n<meta property=\"og:locale\" content=\"en_US\" \/>\n<meta property=\"og:type\" content=\"article\" \/>\n<meta property=\"og:title\" content=\"Dosja e Prokuroris\u00eb ndaj Sinisha Spasiqit, i dyshuar p\u00ebr krime lufte n\u00eb Reznik t\u00eb Vushtrris\u00eb -\" \/>\n<meta property=\"og:description\" content=\"Prishtin\u00eb, 19 Gusht 2025 Prokuroria Speciale e Republik\u00ebs s\u00eb Kosov\u00ebs (PSRK), ka d\u00ebrzuar k\u00ebrkes\u00eb p\u00ebr caktim t\u00ebmas\u00ebs s\u00eb paraburgimit ndaj Sinisha Spasiq, i dyshuar p\u00ebr\" \/>\n<meta property=\"og:url\" content=\"https:\/\/veritasinfo.org\/?p=8684\" \/>\n<meta property=\"article:published_time\" content=\"2025-08-19T10:49:54+00:00\" \/>\n<meta property=\"article:modified_time\" content=\"2025-08-19T10:51:25+00:00\" \/>\n<meta property=\"og:image\" content=\"https:\/\/veritasinfo.org\/wp-content\/uploads\/2025\/08\/IMG_3268.jpeg\" \/>\n\t<meta property=\"og:image:width\" content=\"850\" \/>\n\t<meta property=\"og:image:height\" content=\"478\" \/>\n\t<meta property=\"og:image:type\" content=\"image\/jpeg\" \/>\n<meta name=\"author\" content=\"admin\" \/>\n<meta name=\"twitter:card\" content=\"summary_large_image\" \/>\n<meta name=\"twitter:label1\" content=\"Written by\" \/>\n\t<meta name=\"twitter:data1\" content=\"admin\" \/>\n\t<meta name=\"twitter:label2\" content=\"Est. reading time\" \/>\n\t<meta name=\"twitter:data2\" content=\"1 minute\" \/>\n<script type=\"application\/ld+json\" class=\"yoast-schema-graph\">{\"@context\":\"https:\/\/schema.org\",\"@graph\":[{\"@type\":\"WebPage\",\"@id\":\"https:\/\/veritasinfo.org\/?p=8684\",\"url\":\"https:\/\/veritasinfo.org\/?p=8684\",\"name\":\"Dosja e Prokuroris\u00eb ndaj Sinisha Spasiqit, i dyshuar p\u00ebr krime lufte n\u00eb Reznik t\u00eb Vushtrris\u00eb -\",\"isPartOf\":{\"@id\":\"https:\/\/veritasinfo.org\/#website\"},\"primaryImageOfPage\":{\"@id\":\"https:\/\/veritasinfo.org\/?p=8684#primaryimage\"},\"image\":{\"@id\":\"https:\/\/veritasinfo.org\/?p=8684#primaryimage\"},\"thumbnailUrl\":\"https:\/\/veritasinfo.org\/wp-content\/uploads\/2025\/08\/IMG_3268.jpeg\",\"datePublished\":\"2025-08-19T10:49:54+00:00\",\"dateModified\":\"2025-08-19T10:51:25+00:00\",\"author\":{\"@id\":\"https:\/\/veritasinfo.org\/#\/schema\/person\/7701f8c088bece422266b100a712374f\"},\"breadcrumb\":{\"@id\":\"https:\/\/veritasinfo.org\/?p=8684#breadcrumb\"},\"inLanguage\":\"en-US\",\"potentialAction\":[{\"@type\":\"ReadAction\",\"target\":[\"https:\/\/veritasinfo.org\/?p=8684\"]}]},{\"@type\":\"ImageObject\",\"inLanguage\":\"en-US\",\"@id\":\"https:\/\/veritasinfo.org\/?p=8684#primaryimage\",\"url\":\"https:\/\/veritasinfo.org\/wp-content\/uploads\/2025\/08\/IMG_3268.jpeg\",\"contentUrl\":\"https:\/\/veritasinfo.org\/wp-content\/uploads\/2025\/08\/IMG_3268.jpeg\",\"width\":850,\"height\":478},{\"@type\":\"BreadcrumbList\",\"@id\":\"https:\/\/veritasinfo.org\/?p=8684#breadcrumb\",\"itemListElement\":[{\"@type\":\"ListItem\",\"position\":1,\"name\":\"Home\",\"item\":\"https:\/\/veritasinfo.org\/\"},{\"@type\":\"ListItem\",\"position\":2,\"name\":\"Dosja e Prokuroris\u00eb ndaj Sinisha Spasiqit, i dyshuar p\u00ebr krime lufte n\u00eb Reznik t\u00eb Vushtrris\u00eb\"}]},{\"@type\":\"WebSite\",\"@id\":\"https:\/\/veritasinfo.org\/#website\",\"url\":\"https:\/\/veritasinfo.org\/\",\"name\":\"\",\"description\":\"\",\"potentialAction\":[{\"@type\":\"SearchAction\",\"target\":{\"@type\":\"EntryPoint\",\"urlTemplate\":\"https:\/\/veritasinfo.org\/?s={search_term_string}\"},\"query-input\":{\"@type\":\"PropertyValueSpecification\",\"valueRequired\":true,\"valueName\":\"search_term_string\"}}],\"inLanguage\":\"en-US\"},{\"@type\":\"Person\",\"@id\":\"https:\/\/veritasinfo.org\/#\/schema\/person\/7701f8c088bece422266b100a712374f\",\"name\":\"admin\",\"image\":{\"@type\":\"ImageObject\",\"inLanguage\":\"en-US\",\"@id\":\"https:\/\/veritasinfo.org\/#\/schema\/person\/image\/\",\"url\":\"https:\/\/secure.gravatar.com\/avatar\/ea53aa3bf6c9a12d5fde8ce4deff43fef3885ae33cf60184161a50d6987cfd2f?s=96&d=mm&r=g\",\"contentUrl\":\"https:\/\/secure.gravatar.com\/avatar\/ea53aa3bf6c9a12d5fde8ce4deff43fef3885ae33cf60184161a50d6987cfd2f?s=96&d=mm&r=g\",\"caption\":\"admin\"},\"sameAs\":[\"https:\/\/veritasinfo.org\"],\"url\":\"https:\/\/veritasinfo.org\/?author=1\"}]}<\/script>\n<!-- \/ Yoast SEO plugin. -->","yoast_head_json":{"title":"Dosja e Prokuroris\u00eb ndaj Sinisha Spasiqit, i dyshuar p\u00ebr krime lufte n\u00eb Reznik t\u00eb Vushtrris\u00eb -","robots":{"index":"index","follow":"follow","max-snippet":"max-snippet:-1","max-image-preview":"max-image-preview:large","max-video-preview":"max-video-preview:-1"},"canonical":"https:\/\/veritasinfo.org\/?p=8684","og_locale":"en_US","og_type":"article","og_title":"Dosja e Prokuroris\u00eb ndaj Sinisha Spasiqit, i dyshuar p\u00ebr krime lufte n\u00eb Reznik t\u00eb Vushtrris\u00eb -","og_description":"Prishtin\u00eb, 19 Gusht 2025 Prokuroria Speciale e Republik\u00ebs s\u00eb Kosov\u00ebs (PSRK), ka d\u00ebrzuar k\u00ebrkes\u00eb p\u00ebr caktim t\u00ebmas\u00ebs s\u00eb paraburgimit ndaj Sinisha Spasiq, i dyshuar p\u00ebr","og_url":"https:\/\/veritasinfo.org\/?p=8684","article_published_time":"2025-08-19T10:49:54+00:00","article_modified_time":"2025-08-19T10:51:25+00:00","og_image":[{"width":850,"height":478,"url":"https:\/\/veritasinfo.org\/wp-content\/uploads\/2025\/08\/IMG_3268.jpeg","type":"image\/jpeg"}],"author":"admin","twitter_card":"summary_large_image","twitter_misc":{"Written by":"admin","Est. reading time":"1 minute"},"schema":{"@context":"https:\/\/schema.org","@graph":[{"@type":"WebPage","@id":"https:\/\/veritasinfo.org\/?p=8684","url":"https:\/\/veritasinfo.org\/?p=8684","name":"Dosja e Prokuroris\u00eb ndaj Sinisha Spasiqit, i dyshuar p\u00ebr krime lufte n\u00eb Reznik t\u00eb Vushtrris\u00eb -","isPartOf":{"@id":"https:\/\/veritasinfo.org\/#website"},"primaryImageOfPage":{"@id":"https:\/\/veritasinfo.org\/?p=8684#primaryimage"},"image":{"@id":"https:\/\/veritasinfo.org\/?p=8684#primaryimage"},"thumbnailUrl":"https:\/\/veritasinfo.org\/wp-content\/uploads\/2025\/08\/IMG_3268.jpeg","datePublished":"2025-08-19T10:49:54+00:00","dateModified":"2025-08-19T10:51:25+00:00","author":{"@id":"https:\/\/veritasinfo.org\/#\/schema\/person\/7701f8c088bece422266b100a712374f"},"breadcrumb":{"@id":"https:\/\/veritasinfo.org\/?p=8684#breadcrumb"},"inLanguage":"en-US","potentialAction":[{"@type":"ReadAction","target":["https:\/\/veritasinfo.org\/?p=8684"]}]},{"@type":"ImageObject","inLanguage":"en-US","@id":"https:\/\/veritasinfo.org\/?p=8684#primaryimage","url":"https:\/\/veritasinfo.org\/wp-content\/uploads\/2025\/08\/IMG_3268.jpeg","contentUrl":"https:\/\/veritasinfo.org\/wp-content\/uploads\/2025\/08\/IMG_3268.jpeg","width":850,"height":478},{"@type":"BreadcrumbList","@id":"https:\/\/veritasinfo.org\/?p=8684#breadcrumb","itemListElement":[{"@type":"ListItem","position":1,"name":"Home","item":"https:\/\/veritasinfo.org\/"},{"@type":"ListItem","position":2,"name":"Dosja e Prokuroris\u00eb ndaj Sinisha Spasiqit, i dyshuar p\u00ebr krime lufte n\u00eb Reznik t\u00eb Vushtrris\u00eb"}]},{"@type":"WebSite","@id":"https:\/\/veritasinfo.org\/#website","url":"https:\/\/veritasinfo.org\/","name":"","description":"","potentialAction":[{"@type":"SearchAction","target":{"@type":"EntryPoint","urlTemplate":"https:\/\/veritasinfo.org\/?s={search_term_string}"},"query-input":{"@type":"PropertyValueSpecification","valueRequired":true,"valueName":"search_term_string"}}],"inLanguage":"en-US"},{"@type":"Person","@id":"https:\/\/veritasinfo.org\/#\/schema\/person\/7701f8c088bece422266b100a712374f","name":"admin","image":{"@type":"ImageObject","inLanguage":"en-US","@id":"https:\/\/veritasinfo.org\/#\/schema\/person\/image\/","url":"https:\/\/secure.gravatar.com\/avatar\/ea53aa3bf6c9a12d5fde8ce4deff43fef3885ae33cf60184161a50d6987cfd2f?s=96&d=mm&r=g","contentUrl":"https:\/\/secure.gravatar.com\/avatar\/ea53aa3bf6c9a12d5fde8ce4deff43fef3885ae33cf60184161a50d6987cfd2f?s=96&d=mm&r=g","caption":"admin"},"sameAs":["https:\/\/veritasinfo.org"],"url":"https:\/\/veritasinfo.org\/?author=1"}]}},"featured_image_urls":{"full":["https:\/\/veritasinfo.org\/wp-content\/uploads\/2025\/08\/IMG_3268.jpeg",850,478,false],"thumbnail":["https:\/\/veritasinfo.org\/wp-content\/uploads\/2025\/08\/IMG_3268-150x150.jpeg",150,150,true],"medium":["https:\/\/veritasinfo.org\/wp-content\/uploads\/2025\/08\/IMG_3268-300x169.jpeg",300,169,true],"medium_large":["https:\/\/veritasinfo.org\/wp-content\/uploads\/2025\/08\/IMG_3268-768x432.jpeg",640,360,true],"large":["https:\/\/veritasinfo.org\/wp-content\/uploads\/2025\/08\/IMG_3268.jpeg",640,360,false],"1536x1536":["https:\/\/veritasinfo.org\/wp-content\/uploads\/2025\/08\/IMG_3268.jpeg",850,478,false],"2048x2048":["https:\/\/veritasinfo.org\/wp-content\/uploads\/2025\/08\/IMG_3268.jpeg",850,478,false],"kreeti-slider-full":["https:\/\/veritasinfo.org\/wp-content\/uploads\/2025\/08\/IMG_3268.jpeg",850,478,false],"kreeti-featured":["https:\/\/veritasinfo.org\/wp-content\/uploads\/2025\/08\/IMG_3268.jpeg",850,478,false],"kreeti-medium":["https:\/\/veritasinfo.org\/wp-content\/uploads\/2025\/08\/IMG_3268.jpeg",720,405,false],"kreeti-medium-square":["https:\/\/veritasinfo.org\/wp-content\/uploads\/2025\/08\/IMG_3268.jpeg",350,197,false]},"author_info":{"info":["admin"]},"category_info":"<a href=\"https:\/\/veritasinfo.org\/?cat=60\" rel=\"category\">Shoq\u00ebrore<\/a>","tag_info":"Shoq\u00ebrore","comment_count":"0","_links":{"self":[{"href":"https:\/\/veritasinfo.org\/index.php?rest_route=\/wp\/v2\/posts\/8684","targetHints":{"allow":["GET"]}}],"collection":[{"href":"https:\/\/veritasinfo.org\/index.php?rest_route=\/wp\/v2\/posts"}],"about":[{"href":"https:\/\/veritasinfo.org\/index.php?rest_route=\/wp\/v2\/types\/post"}],"author":[{"embeddable":true,"href":"https:\/\/veritasinfo.org\/index.php?rest_route=\/wp\/v2\/users\/1"}],"replies":[{"embeddable":true,"href":"https:\/\/veritasinfo.org\/index.php?rest_route=%2Fwp%2Fv2%2Fcomments&post=8684"}],"version-history":[{"count":2,"href":"https:\/\/veritasinfo.org\/index.php?rest_route=\/wp\/v2\/posts\/8684\/revisions"}],"predecessor-version":[{"id":8687,"href":"https:\/\/veritasinfo.org\/index.php?rest_route=\/wp\/v2\/posts\/8684\/revisions\/8687"}],"wp:featuredmedia":[{"embeddable":true,"href":"https:\/\/veritasinfo.org\/index.php?rest_route=\/wp\/v2\/media\/8685"}],"wp:attachment":[{"href":"https:\/\/veritasinfo.org\/index.php?rest_route=%2Fwp%2Fv2%2Fmedia&parent=8684"}],"wp:term":[{"taxonomy":"category","embeddable":true,"href":"https:\/\/veritasinfo.org\/index.php?rest_route=%2Fwp%2Fv2%2Fcategories&post=8684"},{"taxonomy":"post_tag","embeddable":true,"href":"https:\/\/veritasinfo.org\/index.php?rest_route=%2Fwp%2Fv2%2Ftags&post=8684"}],"curies":[{"name":"wp","href":"https:\/\/api.w.org\/{rel}","templated":true}]}}