{"id":8678,"date":"2025-08-19T12:27:56","date_gmt":"2025-08-19T10:27:56","guid":{"rendered":"https:\/\/veritasinfo.org\/?p=8678"},"modified":"2025-08-19T12:27:56","modified_gmt":"2025-08-19T10:27:56","slug":"specialja-merr-vendim-11-personave-u-ndalohen-vizitat-te-thaci","status":"publish","type":"post","link":"https:\/\/veritasinfo.org\/?p=8678","title":{"rendered":"Specialja merr vendim, 11 personave u ndalohen vizitat te Tha\u00e7i"},"content":{"rendered":"<p>Hag\u00eb, 19 Gusht 1025<\/p>\n<p><strong>N\u00eb Dhomat e Specializuara t\u00eb Kosov\u00ebs (DhSK) n\u00eb Hag\u00eb, \u00ebsht\u00eb marr\u00eb vendim p\u00ebr t\u00eb vendosur kufizime n\u00eb vizitat e Hashim Tha\u00e7it p\u00ebr 11 persona, n\u00eb \u00e7\u00ebshtjen kund\u00ebr administrimit t\u00eb drejt\u00ebsis\u00eb<\/strong><\/p>\n<p>Ndon\u00ebse prokuroria k\u00ebrkoi q\u00eb vizitat t\u00eb ndaloheshin p\u00ebr tre v\u00ebllez\u00ebrit e Tha\u00e7it, k\u00ebrkesa u miratuar vet\u00ebm p\u00ebr 11 t\u00eb tjer\u00eb. Pra, vizitat u ndaluan p\u00ebr Artan Behramin, Blerim Shal\u00ebn, Ismail Syl\u00ebn, Vllaznim Kryeziun, Milaim Ahmetajn, Milaim Cakiqin, Avni Kastratin dhe kat\u00ebr persona t\u00eb tjer\u00eb emri i t\u00eb cil\u00ebve \u00ebsht\u00eb i redaktuar ngjash\u00ebm si i v\u00ebllez\u00ebrve t\u00eb Tha\u00e7it, raporton \u201cBetimi p\u00ebr Drejt\u00ebsi\u201c.<br \/>\nVendimi \u00ebsht\u00eb marr\u00eb m\u00eb 18 gusht 2025 nga gjyqtarja e procedur\u00ebs paraprake, Marjorie Masselot.<br \/>\nProkuroria k\u00ebrkes\u00ebn e vet e arsyeton me pretendime se k\u00ebta persona kur kan\u00eb vizituar Tha\u00e7in m\u00eb her\u00ebt kan\u00eb folur me z\u00eb t\u00eb ul\u00ebt dhe i akuzuari iu ka dh\u00ebn\u00eb udh\u00ebzime q\u00eb t\u2019i p\u00ebrcillnin tek d\u00ebshmitar\u00ebt.<\/p>\n<p>P\u00ebr nj\u00ebrin nga personat- emri i t\u00eb cilit \u00ebsht\u00eb i redaktuar, gjyqtarja thot\u00eb se \u00ebsht\u00eb em\u00ebruar konsulent n\u00eb ekipin mbrojt\u00ebs n\u00eb \u00e7\u00ebshtjen p\u00ebr krime lufte n\u00eb baz\u00eb t\u00eb nj\u00eb letre konfidenciale q\u00eb mbrojt\u00ebsi i Tha\u00e7it ia ka drejtuar administratores.<\/p>\n<p>Sipas vendimit, ky person, m\u00eb 1 korrik 2023 ishte pjes\u00eb e nj\u00eb vizite tek Tha\u00e7i n\u00eb t\u00eb cilat ky i fundit s\u00eb bashku me Behramin dhe Kastratin kishin folur lidhur me d\u00ebshmin\u00eb e nj\u00eb d\u00ebshmitari t\u00eb mbrojtur. Sipas gjyqtares s\u00eb procedur\u00ebs paraprake, ky \u00ebsht\u00eb nj\u00eb indikacion i besuesh\u00ebm q\u00eb personi n\u00eb fjal\u00eb mund t\u00eb p\u00ebrfshihet n\u00eb sjellje t\u00eb papranueshme p\u00ebr integritetin e procedurave.<\/p>\n<p>\u201cDuke marr\u00eb n\u00eb konsiderat\u00eb t\u00eb gjitha rrethanat dhe faktor\u00ebt e p\u00ebrmendur m\u00eb sip\u00ebr si nj\u00eb t\u00ebr\u00ebsi, Gjykat\u00ebsi i Procedur\u00ebs Paraprake e konsideron t\u00eb nevojshme t\u00eb ndalohet [REDAKTUAR] nga mbajtja e vizitave jo t\u00eb privilegjuara me z. Tha\u00e7i n\u00eb pranin\u00eb e pal\u00ebve t\u00eb treta\u201d, thuhet n\u00eb vendim.<\/p>\n<p>P\u00ebr tre v\u00ebllez\u00ebrit e tij, Masselot thot\u00eb se m\u00eb 12 gusht dhe 1 tetor, ata, Tha\u00e7i dhe persona t\u00eb tjer\u00eb biseduan p\u00ebr d\u00ebshmitar\u00eb t\u00eb mbrojtur dhe m\u00ebnyr\u00ebn se si duhet t\u00eb d\u00ebshmoj\u00eb nj\u00eb d\u00ebshmitar. Po ashtu, u tha se ata biseduan edhe p\u00ebr d\u00ebshmin\u00eb e nj\u00eb d\u00ebshmitari viktim\u00eb n\u00eb nj\u00eb seanc\u00eb private.<\/p>\n<p>Masselot thot\u00eb se kjo ofron indikacione t\u00eb besueshme q\u00eb tre v\u00ebllez\u00ebrit e Tha\u00e7it kan\u00eb marr\u00eb pjes\u00eb n\u00eb vizita n\u00eb t\u00eb cilat i akuzuari ka zbuluar informacione konfidenciale.<\/p>\n<p>Megjithat\u00eb, Masselot thot\u00eb se n\u00eb nj\u00eb mjedis paraburgimi \u00ebsht\u00eb e drejt\u00eb thelb\u00ebsore e t\u00eb paraburgosurit p\u00ebr respektimin e jet\u00ebs familjare q\u00eb kontakti me t\u00eb af\u00ebrmit, duke p\u00ebrfshir\u00eb edhe v\u00ebllez\u00ebrit e tij, t\u00eb ruhet.<\/p>\n<p>Gjyqtarja Masselot mori n\u00eb konsiderat\u00eb edhe parashtrimin e mbrojtjes q\u00eb tre v\u00ebllez\u00ebrit e Tha\u00e7it i japin mb\u00ebshtetje morale atij gjat\u00eb k\u00ebsaj periudhe t\u00eb ballafaqimit me drejt\u00ebsin\u00eb. Andaj, Masselot n\u00eb vendim tha se \u00ebsht\u00eb e vet\u00ebdijshme p\u00ebr faktin se babai i Tha\u00e7it ka nd\u00ebrruar jet\u00eb se fundmi dhe pranoi se n\u00eb rrethana t\u00eb tilla, ruajtja e kontaktit me an\u00ebtar\u00ebt e familjes duke p\u00ebrfshir\u00eb edhe v\u00ebllez\u00ebrit e tij, \u00ebsht\u00eb thelb\u00ebsore.<\/p>\n<p>Si rrjedhoj\u00eb, refuzoi k\u00ebrkes\u00ebn e Prokuroris\u00eb p\u00ebr t\u00eb vendosur kufizime n\u00eb vizitat e v\u00ebllez\u00ebrve t\u00eb Tha\u00e7it.<\/p>\n<p>Nd\u00ebrsa, p\u00ebr k\u00ebrkes\u00ebn p\u00ebr t\u00eb vendosur kufizime lidhur me diskutimet p\u00ebr \u00e7\u00ebshtjen p\u00ebr krime lufte dhe at\u00eb kund\u00ebr administrimit t\u00eb drejt\u00ebsis\u00eb, Masselot ka vendosur se nj\u00eb gj\u00eb e till\u00eb nuk \u00ebsht\u00eb e nevojshme.<\/p>\n<p>Hashim Tha\u00e7i ndodhet n\u00eb Qendr\u00ebn e Paraburgimit n\u00eb Hag\u00eb q\u00eb nga n\u00ebntori i vitit 2020. Ai \u00ebsht\u00eb duke u gjykuar p\u00ebr krime lufte, si dhe vitin e kaluar i \u00ebsht\u00eb ngritur aktakuza kund\u00ebr administrimit t\u00eb drejt\u00ebsis\u00eb.<\/p>\n<p>&nbsp;<\/p>\n","protected":false},"excerpt":{"rendered":"<p>Hag\u00eb, 19 Gusht 1025 N\u00eb Dhomat e Specializuara t\u00eb Kosov\u00ebs (DhSK) n\u00eb Hag\u00eb, \u00ebsht\u00eb marr\u00eb vendim p\u00ebr t\u00eb vendosur kufizime n\u00eb vizitat e Hashim Tha\u00e7it<\/p>\n","protected":false},"author":1,"featured_media":8679,"comment_status":"open","ping_status":"open","sticky":false,"template":"","format":"standard","meta":{"footnotes":""},"categories":[60],"tags":[],"class_list":["post-8678","post","type-post","status-publish","format-standard","has-post-thumbnail","hentry","category-shoqerore-sq"],"yoast_head":"<!-- This site is optimized with the Yoast SEO plugin v25.3.1 - https:\/\/yoast.com\/wordpress\/plugins\/seo\/ -->\n<title>Specialja merr vendim, 11 personave u ndalohen vizitat te Tha\u00e7i -<\/title>\n<meta name=\"robots\" content=\"index, follow, max-snippet:-1, max-image-preview:large, max-video-preview:-1\" \/>\n<link rel=\"canonical\" href=\"https:\/\/veritasinfo.org\/?p=8678\" \/>\n<meta property=\"og:locale\" content=\"en_US\" \/>\n<meta property=\"og:type\" content=\"article\" \/>\n<meta property=\"og:title\" content=\"Specialja merr vendim, 11 personave u ndalohen vizitat te Tha\u00e7i -\" \/>\n<meta property=\"og:description\" content=\"Hag\u00eb, 19 Gusht 1025 N\u00eb Dhomat e Specializuara t\u00eb Kosov\u00ebs (DhSK) n\u00eb Hag\u00eb, \u00ebsht\u00eb marr\u00eb vendim p\u00ebr t\u00eb vendosur kufizime n\u00eb vizitat e Hashim Tha\u00e7it\" \/>\n<meta property=\"og:url\" content=\"https:\/\/veritasinfo.org\/?p=8678\" \/>\n<meta property=\"article:published_time\" content=\"2025-08-19T10:27:56+00:00\" \/>\n<meta property=\"og:image\" content=\"https:\/\/veritasinfo.org\/wp-content\/uploads\/2025\/08\/IMG_3267.jpeg\" \/>\n\t<meta property=\"og:image:width\" content=\"900\" \/>\n\t<meta property=\"og:image:height\" content=\"544\" \/>\n\t<meta property=\"og:image:type\" content=\"image\/jpeg\" \/>\n<meta name=\"author\" content=\"admin\" \/>\n<meta name=\"twitter:card\" content=\"summary_large_image\" \/>\n<meta name=\"twitter:label1\" content=\"Written by\" \/>\n\t<meta name=\"twitter:data1\" content=\"admin\" \/>\n\t<meta name=\"twitter:label2\" content=\"Est. reading time\" \/>\n\t<meta name=\"twitter:data2\" content=\"3 minutes\" \/>\n<script type=\"application\/ld+json\" class=\"yoast-schema-graph\">{\"@context\":\"https:\/\/schema.org\",\"@graph\":[{\"@type\":\"WebPage\",\"@id\":\"https:\/\/veritasinfo.org\/?p=8678\",\"url\":\"https:\/\/veritasinfo.org\/?p=8678\",\"name\":\"Specialja merr vendim, 11 personave u ndalohen vizitat te Tha\u00e7i -\",\"isPartOf\":{\"@id\":\"https:\/\/veritasinfo.org\/#website\"},\"primaryImageOfPage\":{\"@id\":\"https:\/\/veritasinfo.org\/?p=8678#primaryimage\"},\"image\":{\"@id\":\"https:\/\/veritasinfo.org\/?p=8678#primaryimage\"},\"thumbnailUrl\":\"https:\/\/veritasinfo.org\/wp-content\/uploads\/2025\/08\/IMG_3267.jpeg\",\"datePublished\":\"2025-08-19T10:27:56+00:00\",\"author\":{\"@id\":\"https:\/\/veritasinfo.org\/#\/schema\/person\/7701f8c088bece422266b100a712374f\"},\"breadcrumb\":{\"@id\":\"https:\/\/veritasinfo.org\/?p=8678#breadcrumb\"},\"inLanguage\":\"en-US\",\"potentialAction\":[{\"@type\":\"ReadAction\",\"target\":[\"https:\/\/veritasinfo.org\/?p=8678\"]}]},{\"@type\":\"ImageObject\",\"inLanguage\":\"en-US\",\"@id\":\"https:\/\/veritasinfo.org\/?p=8678#primaryimage\",\"url\":\"https:\/\/veritasinfo.org\/wp-content\/uploads\/2025\/08\/IMG_3267.jpeg\",\"contentUrl\":\"https:\/\/veritasinfo.org\/wp-content\/uploads\/2025\/08\/IMG_3267.jpeg\",\"width\":900,\"height\":544},{\"@type\":\"BreadcrumbList\",\"@id\":\"https:\/\/veritasinfo.org\/?p=8678#breadcrumb\",\"itemListElement\":[{\"@type\":\"ListItem\",\"position\":1,\"name\":\"Home\",\"item\":\"https:\/\/veritasinfo.org\/\"},{\"@type\":\"ListItem\",\"position\":2,\"name\":\"Specialja merr vendim, 11 personave u ndalohen vizitat te Tha\u00e7i\"}]},{\"@type\":\"WebSite\",\"@id\":\"https:\/\/veritasinfo.org\/#website\",\"url\":\"https:\/\/veritasinfo.org\/\",\"name\":\"\",\"description\":\"\",\"potentialAction\":[{\"@type\":\"SearchAction\",\"target\":{\"@type\":\"EntryPoint\",\"urlTemplate\":\"https:\/\/veritasinfo.org\/?s={search_term_string}\"},\"query-input\":{\"@type\":\"PropertyValueSpecification\",\"valueRequired\":true,\"valueName\":\"search_term_string\"}}],\"inLanguage\":\"en-US\"},{\"@type\":\"Person\",\"@id\":\"https:\/\/veritasinfo.org\/#\/schema\/person\/7701f8c088bece422266b100a712374f\",\"name\":\"admin\",\"image\":{\"@type\":\"ImageObject\",\"inLanguage\":\"en-US\",\"@id\":\"https:\/\/veritasinfo.org\/#\/schema\/person\/image\/\",\"url\":\"https:\/\/secure.gravatar.com\/avatar\/ea53aa3bf6c9a12d5fde8ce4deff43fef3885ae33cf60184161a50d6987cfd2f?s=96&d=mm&r=g\",\"contentUrl\":\"https:\/\/secure.gravatar.com\/avatar\/ea53aa3bf6c9a12d5fde8ce4deff43fef3885ae33cf60184161a50d6987cfd2f?s=96&d=mm&r=g\",\"caption\":\"admin\"},\"sameAs\":[\"https:\/\/veritasinfo.org\"],\"url\":\"https:\/\/veritasinfo.org\/?author=1\"}]}<\/script>\n<!-- \/ Yoast SEO plugin. -->","yoast_head_json":{"title":"Specialja merr vendim, 11 personave u ndalohen vizitat te Tha\u00e7i -","robots":{"index":"index","follow":"follow","max-snippet":"max-snippet:-1","max-image-preview":"max-image-preview:large","max-video-preview":"max-video-preview:-1"},"canonical":"https:\/\/veritasinfo.org\/?p=8678","og_locale":"en_US","og_type":"article","og_title":"Specialja merr vendim, 11 personave u ndalohen vizitat te Tha\u00e7i -","og_description":"Hag\u00eb, 19 Gusht 1025 N\u00eb Dhomat e Specializuara t\u00eb Kosov\u00ebs (DhSK) n\u00eb Hag\u00eb, \u00ebsht\u00eb marr\u00eb vendim p\u00ebr t\u00eb vendosur kufizime n\u00eb vizitat e Hashim Tha\u00e7it","og_url":"https:\/\/veritasinfo.org\/?p=8678","article_published_time":"2025-08-19T10:27:56+00:00","og_image":[{"width":900,"height":544,"url":"https:\/\/veritasinfo.org\/wp-content\/uploads\/2025\/08\/IMG_3267.jpeg","type":"image\/jpeg"}],"author":"admin","twitter_card":"summary_large_image","twitter_misc":{"Written by":"admin","Est. reading time":"3 minutes"},"schema":{"@context":"https:\/\/schema.org","@graph":[{"@type":"WebPage","@id":"https:\/\/veritasinfo.org\/?p=8678","url":"https:\/\/veritasinfo.org\/?p=8678","name":"Specialja merr vendim, 11 personave u ndalohen vizitat te Tha\u00e7i -","isPartOf":{"@id":"https:\/\/veritasinfo.org\/#website"},"primaryImageOfPage":{"@id":"https:\/\/veritasinfo.org\/?p=8678#primaryimage"},"image":{"@id":"https:\/\/veritasinfo.org\/?p=8678#primaryimage"},"thumbnailUrl":"https:\/\/veritasinfo.org\/wp-content\/uploads\/2025\/08\/IMG_3267.jpeg","datePublished":"2025-08-19T10:27:56+00:00","author":{"@id":"https:\/\/veritasinfo.org\/#\/schema\/person\/7701f8c088bece422266b100a712374f"},"breadcrumb":{"@id":"https:\/\/veritasinfo.org\/?p=8678#breadcrumb"},"inLanguage":"en-US","potentialAction":[{"@type":"ReadAction","target":["https:\/\/veritasinfo.org\/?p=8678"]}]},{"@type":"ImageObject","inLanguage":"en-US","@id":"https:\/\/veritasinfo.org\/?p=8678#primaryimage","url":"https:\/\/veritasinfo.org\/wp-content\/uploads\/2025\/08\/IMG_3267.jpeg","contentUrl":"https:\/\/veritasinfo.org\/wp-content\/uploads\/2025\/08\/IMG_3267.jpeg","width":900,"height":544},{"@type":"BreadcrumbList","@id":"https:\/\/veritasinfo.org\/?p=8678#breadcrumb","itemListElement":[{"@type":"ListItem","position":1,"name":"Home","item":"https:\/\/veritasinfo.org\/"},{"@type":"ListItem","position":2,"name":"Specialja merr vendim, 11 personave u ndalohen vizitat te Tha\u00e7i"}]},{"@type":"WebSite","@id":"https:\/\/veritasinfo.org\/#website","url":"https:\/\/veritasinfo.org\/","name":"","description":"","potentialAction":[{"@type":"SearchAction","target":{"@type":"EntryPoint","urlTemplate":"https:\/\/veritasinfo.org\/?s={search_term_string}"},"query-input":{"@type":"PropertyValueSpecification","valueRequired":true,"valueName":"search_term_string"}}],"inLanguage":"en-US"},{"@type":"Person","@id":"https:\/\/veritasinfo.org\/#\/schema\/person\/7701f8c088bece422266b100a712374f","name":"admin","image":{"@type":"ImageObject","inLanguage":"en-US","@id":"https:\/\/veritasinfo.org\/#\/schema\/person\/image\/","url":"https:\/\/secure.gravatar.com\/avatar\/ea53aa3bf6c9a12d5fde8ce4deff43fef3885ae33cf60184161a50d6987cfd2f?s=96&d=mm&r=g","contentUrl":"https:\/\/secure.gravatar.com\/avatar\/ea53aa3bf6c9a12d5fde8ce4deff43fef3885ae33cf60184161a50d6987cfd2f?s=96&d=mm&r=g","caption":"admin"},"sameAs":["https:\/\/veritasinfo.org"],"url":"https:\/\/veritasinfo.org\/?author=1"}]}},"featured_image_urls":{"full":["https:\/\/veritasinfo.org\/wp-content\/uploads\/2025\/08\/IMG_3267.jpeg",900,544,false],"thumbnail":["https:\/\/veritasinfo.org\/wp-content\/uploads\/2025\/08\/IMG_3267-150x150.jpeg",150,150,true],"medium":["https:\/\/veritasinfo.org\/wp-content\/uploads\/2025\/08\/IMG_3267-300x181.jpeg",300,181,true],"medium_large":["https:\/\/veritasinfo.org\/wp-content\/uploads\/2025\/08\/IMG_3267-768x464.jpeg",640,387,true],"large":["https:\/\/veritasinfo.org\/wp-content\/uploads\/2025\/08\/IMG_3267.jpeg",640,387,false],"1536x1536":["https:\/\/veritasinfo.org\/wp-content\/uploads\/2025\/08\/IMG_3267.jpeg",900,544,false],"2048x2048":["https:\/\/veritasinfo.org\/wp-content\/uploads\/2025\/08\/IMG_3267.jpeg",900,544,false],"kreeti-slider-full":["https:\/\/veritasinfo.org\/wp-content\/uploads\/2025\/08\/IMG_3267.jpeg",900,544,false],"kreeti-featured":["https:\/\/veritasinfo.org\/wp-content\/uploads\/2025\/08\/IMG_3267.jpeg",900,544,false],"kreeti-medium":["https:\/\/veritasinfo.org\/wp-content\/uploads\/2025\/08\/IMG_3267.jpeg",720,435,false],"kreeti-medium-square":["https:\/\/veritasinfo.org\/wp-content\/uploads\/2025\/08\/IMG_3267.jpeg",350,212,false]},"author_info":{"info":["admin"]},"category_info":"<a href=\"https:\/\/veritasinfo.org\/?cat=60\" rel=\"category\">Shoq\u00ebrore<\/a>","tag_info":"Shoq\u00ebrore","comment_count":"0","_links":{"self":[{"href":"https:\/\/veritasinfo.org\/index.php?rest_route=\/wp\/v2\/posts\/8678","targetHints":{"allow":["GET"]}}],"collection":[{"href":"https:\/\/veritasinfo.org\/index.php?rest_route=\/wp\/v2\/posts"}],"about":[{"href":"https:\/\/veritasinfo.org\/index.php?rest_route=\/wp\/v2\/types\/post"}],"author":[{"embeddable":true,"href":"https:\/\/veritasinfo.org\/index.php?rest_route=\/wp\/v2\/users\/1"}],"replies":[{"embeddable":true,"href":"https:\/\/veritasinfo.org\/index.php?rest_route=%2Fwp%2Fv2%2Fcomments&post=8678"}],"version-history":[{"count":1,"href":"https:\/\/veritasinfo.org\/index.php?rest_route=\/wp\/v2\/posts\/8678\/revisions"}],"predecessor-version":[{"id":8680,"href":"https:\/\/veritasinfo.org\/index.php?rest_route=\/wp\/v2\/posts\/8678\/revisions\/8680"}],"wp:featuredmedia":[{"embeddable":true,"href":"https:\/\/veritasinfo.org\/index.php?rest_route=\/wp\/v2\/media\/8679"}],"wp:attachment":[{"href":"https:\/\/veritasinfo.org\/index.php?rest_route=%2Fwp%2Fv2%2Fmedia&parent=8678"}],"wp:term":[{"taxonomy":"category","embeddable":true,"href":"https:\/\/veritasinfo.org\/index.php?rest_route=%2Fwp%2Fv2%2Fcategories&post=8678"},{"taxonomy":"post_tag","embeddable":true,"href":"https:\/\/veritasinfo.org\/index.php?rest_route=%2Fwp%2Fv2%2Ftags&post=8678"}],"curies":[{"name":"wp","href":"https:\/\/api.w.org\/{rel}","templated":true}]}}