{"id":8660,"date":"2025-08-19T09:16:05","date_gmt":"2025-08-19T07:16:05","guid":{"rendered":"https:\/\/veritasinfo.org\/?p=8660"},"modified":"2025-08-19T09:18:10","modified_gmt":"2025-08-19T07:18:10","slug":"dodik-refuzon-vendimin-e-gjykates-nuk-largohem-jam-presidenti-i-republikes-serbe","status":"publish","type":"post","link":"https:\/\/veritasinfo.org\/?p=8660","title":{"rendered":"Dodik refuzon vendimin e gjykat\u00ebs: Nuk largohem, jam presidenti i Republik\u00ebs Serbe"},"content":{"rendered":"<p>Banjalluk\u00eb, 19 Gusht 2025<\/p>\n<p>Pavar\u00ebsisht vendimit t\u00eb Gjykat\u00ebs s\u00eb Bosnj\u00eb dhe Hercegovin\u00ebs, Milorad Dodik ka deklaruar se nuk do ta njoh\u00eb heqjen e mandatit t\u00eb tij dhe do t\u00eb vazhdoj\u00eb t\u00eb veproj\u00eb si president i Republik\u00ebs Serbe.<\/p>\n<p>\u201cUn\u00eb nuk do ta respektoj k\u00ebt\u00eb vendim. Do t\u2019i p\u00ebrmbahem vet\u00ebm vullnetit t\u00eb popullit serb. Ju prisni q\u00eb t\u00eb n\u00ebnshtrohem, por un\u00eb nuk do ta b\u00ebj k\u00ebt\u00eb. Jam president i Republik\u00ebs Serbe dhe ju mund t\u00eb shkruani \u00e7far\u00eb t\u00eb doni. Populli m\u00eb ka zgjedhur, jo nj\u00eb qeveri e huaj\u201d, shkroi Dodik n\u00eb rrjetin social X, n\u00eb nj\u00eb reagim t\u00eb ashp\u00ebr ndaj vendimit.<\/p>\n<p>Ai akuzoi institucionet q\u00eb e hoq\u00ebn nga detyra se nuk kan\u00eb respektuar as Kushtetut\u00ebn e Bosnj\u00eb dhe Hercegovin\u00ebs, as at\u00eb t\u00eb Republik\u00ebs Serbe, e as ligjin.<\/p>\n<p>\u201cJu keni rrug\u00ebn tuaj, ne do t\u00eb ndjekim ton\u00ebn. Shpresoj q\u00eb ato rrug\u00eb t\u00eb mos takohen\u201d, p\u00ebrfundoi ai.<\/p>\n<div class=\"mandeta-ad mandeta-ad-tag_inarticle2\">\n<div>Vendimi i fundit erdhi pasi Dhoma e Apelit e Gjykat\u00ebs s\u00eb BeH hodhi posht\u00eb ankes\u00ebn e Dodikut kund\u00ebr vendimit t\u00eb Komisionit Qendror t\u00eb Zgjedhjeve, i cili i revokoi mandatin pas nj\u00eb aktgjykimi gjyq\u00ebsor q\u00eb e shpallte fajtor p\u00ebr shkelje t\u00eb ligjit.<\/div>\n<\/div>\n<p>&nbsp;<\/p>\n","protected":false},"excerpt":{"rendered":"<p>Banjalluk\u00eb, 19 Gusht 2025 Pavar\u00ebsisht vendimit t\u00eb Gjykat\u00ebs s\u00eb Bosnj\u00eb dhe Hercegovin\u00ebs, Milorad Dodik ka deklaruar se nuk do ta njoh\u00eb heqjen e mandatit t\u00eb<\/p>\n","protected":false},"author":1,"featured_media":8661,"comment_status":"open","ping_status":"open","sticky":false,"template":"","format":"standard","meta":{"footnotes":""},"categories":[72],"tags":[],"class_list":["post-8660","post","type-post","status-publish","format-standard","has-post-thumbnail","hentry","category-bota"],"yoast_head":"<!-- This site is optimized with the Yoast SEO plugin v25.3.1 - https:\/\/yoast.com\/wordpress\/plugins\/seo\/ -->\n<title>Dodik refuzon vendimin e gjykat\u00ebs: Nuk largohem, jam presidenti i Republik\u00ebs Serbe -<\/title>\n<meta name=\"robots\" content=\"index, follow, max-snippet:-1, max-image-preview:large, max-video-preview:-1\" \/>\n<link rel=\"canonical\" href=\"https:\/\/veritasinfo.org\/?p=8660\" \/>\n<meta property=\"og:locale\" content=\"en_US\" \/>\n<meta property=\"og:type\" content=\"article\" \/>\n<meta property=\"og:title\" content=\"Dodik refuzon vendimin e gjykat\u00ebs: Nuk largohem, jam presidenti i Republik\u00ebs Serbe -\" \/>\n<meta property=\"og:description\" content=\"Banjalluk\u00eb, 19 Gusht 2025 Pavar\u00ebsisht vendimit t\u00eb Gjykat\u00ebs s\u00eb Bosnj\u00eb dhe Hercegovin\u00ebs, Milorad Dodik ka deklaruar se nuk do ta njoh\u00eb heqjen e mandatit t\u00eb\" \/>\n<meta property=\"og:url\" content=\"https:\/\/veritasinfo.org\/?p=8660\" \/>\n<meta property=\"article:published_time\" content=\"2025-08-19T07:16:05+00:00\" \/>\n<meta property=\"article:modified_time\" content=\"2025-08-19T07:18:10+00:00\" \/>\n<meta property=\"og:image\" content=\"https:\/\/veritasinfo.org\/wp-content\/uploads\/2025\/08\/IMG_3265.webp\" \/>\n\t<meta property=\"og:image:width\" content=\"600\" \/>\n\t<meta property=\"og:image:height\" content=\"360\" \/>\n\t<meta property=\"og:image:type\" content=\"image\/webp\" \/>\n<meta name=\"author\" content=\"admin\" \/>\n<meta name=\"twitter:card\" content=\"summary_large_image\" \/>\n<meta name=\"twitter:label1\" content=\"Written by\" \/>\n\t<meta name=\"twitter:data1\" content=\"admin\" \/>\n\t<meta name=\"twitter:label2\" content=\"Est. reading time\" \/>\n\t<meta name=\"twitter:data2\" content=\"2 minutes\" \/>\n<script type=\"application\/ld+json\" class=\"yoast-schema-graph\">{\"@context\":\"https:\/\/schema.org\",\"@graph\":[{\"@type\":\"WebPage\",\"@id\":\"https:\/\/veritasinfo.org\/?p=8660\",\"url\":\"https:\/\/veritasinfo.org\/?p=8660\",\"name\":\"Dodik refuzon vendimin e gjykat\u00ebs: Nuk largohem, jam presidenti i Republik\u00ebs Serbe -\",\"isPartOf\":{\"@id\":\"https:\/\/veritasinfo.org\/#website\"},\"primaryImageOfPage\":{\"@id\":\"https:\/\/veritasinfo.org\/?p=8660#primaryimage\"},\"image\":{\"@id\":\"https:\/\/veritasinfo.org\/?p=8660#primaryimage\"},\"thumbnailUrl\":\"https:\/\/veritasinfo.org\/wp-content\/uploads\/2025\/08\/IMG_3265.webp\",\"datePublished\":\"2025-08-19T07:16:05+00:00\",\"dateModified\":\"2025-08-19T07:18:10+00:00\",\"author\":{\"@id\":\"https:\/\/veritasinfo.org\/#\/schema\/person\/7701f8c088bece422266b100a712374f\"},\"breadcrumb\":{\"@id\":\"https:\/\/veritasinfo.org\/?p=8660#breadcrumb\"},\"inLanguage\":\"en-US\",\"potentialAction\":[{\"@type\":\"ReadAction\",\"target\":[\"https:\/\/veritasinfo.org\/?p=8660\"]}]},{\"@type\":\"ImageObject\",\"inLanguage\":\"en-US\",\"@id\":\"https:\/\/veritasinfo.org\/?p=8660#primaryimage\",\"url\":\"https:\/\/veritasinfo.org\/wp-content\/uploads\/2025\/08\/IMG_3265.webp\",\"contentUrl\":\"https:\/\/veritasinfo.org\/wp-content\/uploads\/2025\/08\/IMG_3265.webp\",\"width\":600,\"height\":360},{\"@type\":\"BreadcrumbList\",\"@id\":\"https:\/\/veritasinfo.org\/?p=8660#breadcrumb\",\"itemListElement\":[{\"@type\":\"ListItem\",\"position\":1,\"name\":\"Home\",\"item\":\"https:\/\/veritasinfo.org\/\"},{\"@type\":\"ListItem\",\"position\":2,\"name\":\"Dodik refuzon vendimin e gjykat\u00ebs: Nuk largohem, jam presidenti i Republik\u00ebs Serbe\"}]},{\"@type\":\"WebSite\",\"@id\":\"https:\/\/veritasinfo.org\/#website\",\"url\":\"https:\/\/veritasinfo.org\/\",\"name\":\"\",\"description\":\"\",\"potentialAction\":[{\"@type\":\"SearchAction\",\"target\":{\"@type\":\"EntryPoint\",\"urlTemplate\":\"https:\/\/veritasinfo.org\/?s={search_term_string}\"},\"query-input\":{\"@type\":\"PropertyValueSpecification\",\"valueRequired\":true,\"valueName\":\"search_term_string\"}}],\"inLanguage\":\"en-US\"},{\"@type\":\"Person\",\"@id\":\"https:\/\/veritasinfo.org\/#\/schema\/person\/7701f8c088bece422266b100a712374f\",\"name\":\"admin\",\"image\":{\"@type\":\"ImageObject\",\"inLanguage\":\"en-US\",\"@id\":\"https:\/\/veritasinfo.org\/#\/schema\/person\/image\/\",\"url\":\"https:\/\/secure.gravatar.com\/avatar\/ea53aa3bf6c9a12d5fde8ce4deff43fef3885ae33cf60184161a50d6987cfd2f?s=96&d=mm&r=g\",\"contentUrl\":\"https:\/\/secure.gravatar.com\/avatar\/ea53aa3bf6c9a12d5fde8ce4deff43fef3885ae33cf60184161a50d6987cfd2f?s=96&d=mm&r=g\",\"caption\":\"admin\"},\"sameAs\":[\"https:\/\/veritasinfo.org\"],\"url\":\"https:\/\/veritasinfo.org\/?author=1\"}]}<\/script>\n<!-- \/ Yoast SEO plugin. -->","yoast_head_json":{"title":"Dodik refuzon vendimin e gjykat\u00ebs: Nuk largohem, jam presidenti i Republik\u00ebs Serbe -","robots":{"index":"index","follow":"follow","max-snippet":"max-snippet:-1","max-image-preview":"max-image-preview:large","max-video-preview":"max-video-preview:-1"},"canonical":"https:\/\/veritasinfo.org\/?p=8660","og_locale":"en_US","og_type":"article","og_title":"Dodik refuzon vendimin e gjykat\u00ebs: Nuk largohem, jam presidenti i Republik\u00ebs Serbe -","og_description":"Banjalluk\u00eb, 19 Gusht 2025 Pavar\u00ebsisht vendimit t\u00eb Gjykat\u00ebs s\u00eb Bosnj\u00eb dhe Hercegovin\u00ebs, Milorad Dodik ka deklaruar se nuk do ta njoh\u00eb heqjen e mandatit t\u00eb","og_url":"https:\/\/veritasinfo.org\/?p=8660","article_published_time":"2025-08-19T07:16:05+00:00","article_modified_time":"2025-08-19T07:18:10+00:00","og_image":[{"width":600,"height":360,"url":"https:\/\/veritasinfo.org\/wp-content\/uploads\/2025\/08\/IMG_3265.webp","type":"image\/webp"}],"author":"admin","twitter_card":"summary_large_image","twitter_misc":{"Written by":"admin","Est. reading time":"2 minutes"},"schema":{"@context":"https:\/\/schema.org","@graph":[{"@type":"WebPage","@id":"https:\/\/veritasinfo.org\/?p=8660","url":"https:\/\/veritasinfo.org\/?p=8660","name":"Dodik refuzon vendimin e gjykat\u00ebs: Nuk largohem, jam presidenti i Republik\u00ebs Serbe -","isPartOf":{"@id":"https:\/\/veritasinfo.org\/#website"},"primaryImageOfPage":{"@id":"https:\/\/veritasinfo.org\/?p=8660#primaryimage"},"image":{"@id":"https:\/\/veritasinfo.org\/?p=8660#primaryimage"},"thumbnailUrl":"https:\/\/veritasinfo.org\/wp-content\/uploads\/2025\/08\/IMG_3265.webp","datePublished":"2025-08-19T07:16:05+00:00","dateModified":"2025-08-19T07:18:10+00:00","author":{"@id":"https:\/\/veritasinfo.org\/#\/schema\/person\/7701f8c088bece422266b100a712374f"},"breadcrumb":{"@id":"https:\/\/veritasinfo.org\/?p=8660#breadcrumb"},"inLanguage":"en-US","potentialAction":[{"@type":"ReadAction","target":["https:\/\/veritasinfo.org\/?p=8660"]}]},{"@type":"ImageObject","inLanguage":"en-US","@id":"https:\/\/veritasinfo.org\/?p=8660#primaryimage","url":"https:\/\/veritasinfo.org\/wp-content\/uploads\/2025\/08\/IMG_3265.webp","contentUrl":"https:\/\/veritasinfo.org\/wp-content\/uploads\/2025\/08\/IMG_3265.webp","width":600,"height":360},{"@type":"BreadcrumbList","@id":"https:\/\/veritasinfo.org\/?p=8660#breadcrumb","itemListElement":[{"@type":"ListItem","position":1,"name":"Home","item":"https:\/\/veritasinfo.org\/"},{"@type":"ListItem","position":2,"name":"Dodik refuzon vendimin e gjykat\u00ebs: Nuk largohem, jam presidenti i Republik\u00ebs Serbe"}]},{"@type":"WebSite","@id":"https:\/\/veritasinfo.org\/#website","url":"https:\/\/veritasinfo.org\/","name":"","description":"","potentialAction":[{"@type":"SearchAction","target":{"@type":"EntryPoint","urlTemplate":"https:\/\/veritasinfo.org\/?s={search_term_string}"},"query-input":{"@type":"PropertyValueSpecification","valueRequired":true,"valueName":"search_term_string"}}],"inLanguage":"en-US"},{"@type":"Person","@id":"https:\/\/veritasinfo.org\/#\/schema\/person\/7701f8c088bece422266b100a712374f","name":"admin","image":{"@type":"ImageObject","inLanguage":"en-US","@id":"https:\/\/veritasinfo.org\/#\/schema\/person\/image\/","url":"https:\/\/secure.gravatar.com\/avatar\/ea53aa3bf6c9a12d5fde8ce4deff43fef3885ae33cf60184161a50d6987cfd2f?s=96&d=mm&r=g","contentUrl":"https:\/\/secure.gravatar.com\/avatar\/ea53aa3bf6c9a12d5fde8ce4deff43fef3885ae33cf60184161a50d6987cfd2f?s=96&d=mm&r=g","caption":"admin"},"sameAs":["https:\/\/veritasinfo.org"],"url":"https:\/\/veritasinfo.org\/?author=1"}]}},"featured_image_urls":{"full":["https:\/\/veritasinfo.org\/wp-content\/uploads\/2025\/08\/IMG_3265.webp",600,360,false],"thumbnail":["https:\/\/veritasinfo.org\/wp-content\/uploads\/2025\/08\/IMG_3265-150x150.webp",150,150,true],"medium":["https:\/\/veritasinfo.org\/wp-content\/uploads\/2025\/08\/IMG_3265-300x180.webp",300,180,true],"medium_large":["https:\/\/veritasinfo.org\/wp-content\/uploads\/2025\/08\/IMG_3265.webp",600,360,false],"large":["https:\/\/veritasinfo.org\/wp-content\/uploads\/2025\/08\/IMG_3265.webp",600,360,false],"1536x1536":["https:\/\/veritasinfo.org\/wp-content\/uploads\/2025\/08\/IMG_3265.webp",600,360,false],"2048x2048":["https:\/\/veritasinfo.org\/wp-content\/uploads\/2025\/08\/IMG_3265.webp",600,360,false],"kreeti-slider-full":["https:\/\/veritasinfo.org\/wp-content\/uploads\/2025\/08\/IMG_3265.webp",600,360,false],"kreeti-featured":["https:\/\/veritasinfo.org\/wp-content\/uploads\/2025\/08\/IMG_3265.webp",600,360,false],"kreeti-medium":["https:\/\/veritasinfo.org\/wp-content\/uploads\/2025\/08\/IMG_3265.webp",600,360,false],"kreeti-medium-square":["https:\/\/veritasinfo.org\/wp-content\/uploads\/2025\/08\/IMG_3265.webp",350,210,false]},"author_info":{"info":["admin"]},"category_info":"<a href=\"https:\/\/veritasinfo.org\/?cat=72\" rel=\"category\">Bota<\/a>","tag_info":"Bota","comment_count":"0","_links":{"self":[{"href":"https:\/\/veritasinfo.org\/index.php?rest_route=\/wp\/v2\/posts\/8660","targetHints":{"allow":["GET"]}}],"collection":[{"href":"https:\/\/veritasinfo.org\/index.php?rest_route=\/wp\/v2\/posts"}],"about":[{"href":"https:\/\/veritasinfo.org\/index.php?rest_route=\/wp\/v2\/types\/post"}],"author":[{"embeddable":true,"href":"https:\/\/veritasinfo.org\/index.php?rest_route=\/wp\/v2\/users\/1"}],"replies":[{"embeddable":true,"href":"https:\/\/veritasinfo.org\/index.php?rest_route=%2Fwp%2Fv2%2Fcomments&post=8660"}],"version-history":[{"count":3,"href":"https:\/\/veritasinfo.org\/index.php?rest_route=\/wp\/v2\/posts\/8660\/revisions"}],"predecessor-version":[{"id":8664,"href":"https:\/\/veritasinfo.org\/index.php?rest_route=\/wp\/v2\/posts\/8660\/revisions\/8664"}],"wp:featuredmedia":[{"embeddable":true,"href":"https:\/\/veritasinfo.org\/index.php?rest_route=\/wp\/v2\/media\/8661"}],"wp:attachment":[{"href":"https:\/\/veritasinfo.org\/index.php?rest_route=%2Fwp%2Fv2%2Fmedia&parent=8660"}],"wp:term":[{"taxonomy":"category","embeddable":true,"href":"https:\/\/veritasinfo.org\/index.php?rest_route=%2Fwp%2Fv2%2Fcategories&post=8660"},{"taxonomy":"post_tag","embeddable":true,"href":"https:\/\/veritasinfo.org\/index.php?rest_route=%2Fwp%2Fv2%2Ftags&post=8660"}],"curies":[{"name":"wp","href":"https:\/\/api.w.org\/{rel}","templated":true}]}}