{"id":8650,"date":"2025-08-19T08:51:52","date_gmt":"2025-08-19T06:51:52","guid":{"rendered":"https:\/\/veritasinfo.org\/?p=8650"},"modified":"2025-08-19T08:51:52","modified_gmt":"2025-08-19T06:51:52","slug":"rutte-nato-po-shqyrton-garancite-e-sigurise-per-ukrainen-por-anetaresimi-nuk-eshte-ne-tryeze","status":"publish","type":"post","link":"https:\/\/veritasinfo.org\/?p=8650","title":{"rendered":"Rutte: NATO po shqyrton garancit\u00eb e siguris\u00eb p\u00ebr Ukrain\u00ebn, por an\u00ebtar\u00ebsimi nuk \u00ebsht\u00eb n\u00eb tryez\u00eb"},"content":{"rendered":"<p>Bruksel, 19 gusht 2025<\/p>\n<p>Sekretari i P\u00ebrgjithsh\u00ebm i NATO-s, Mark Rutte, deklaroi se an\u00ebtar\u00ebsimi i Ukrain\u00ebs n\u00eb Aleanc\u00eb nuk \u00ebsht\u00eb aktualisht objekt diskutimi, por se ka nj\u00eb diskutim mbi garancit\u00eb e siguris\u00eb.<\/p>\n<p>&#8220;SHBA-t\u00eb dhe disa vende t\u00eb tjera kund\u00ebrshtojn\u00eb an\u00ebtar\u00ebsimin e Ukrain\u00ebs n\u00eb NATO. Q\u00ebndrimi zyrtar i NATO-s \u00ebsht\u00eb se ekziston nj\u00eb rrug\u00eb e pakthyeshme p\u00ebr Ukrain\u00ebn p\u00ebr t&#8217;u bashkuar me NATO-n&#8221;, tha Rutte gjat\u00eb nj\u00eb interviste me Fox News, raportoi Reuters.<\/p>\n<p>Ai shtoi se diskutimi aktual nuk i referohet an\u00ebtar\u00ebsimit n\u00eb Aleanc\u00eb, por mund\u00ebsis\u00eb s\u00eb ofrimit t\u00eb garancive t\u00eb siguris\u00eb p\u00ebr Ukrain\u00ebn, t\u00eb tipit &#8220;Neni 5&#8221;, i cili do t\u00eb kishte nj\u00eb funksion t\u00eb ngjash\u00ebm me an\u00ebtar\u00ebsimin n\u00eb NATO.<\/p>\n","protected":false},"excerpt":{"rendered":"<p>Bruksel, 19 gusht 2025 Sekretari i P\u00ebrgjithsh\u00ebm i NATO-s, Mark Rutte, deklaroi se an\u00ebtar\u00ebsimi i Ukrain\u00ebs n\u00eb Aleanc\u00eb nuk \u00ebsht\u00eb aktualisht objekt diskutimi, por se<\/p>\n","protected":false},"author":1,"featured_media":8651,"comment_status":"open","ping_status":"open","sticky":false,"template":"","format":"standard","meta":{"footnotes":""},"categories":[72],"tags":[],"class_list":["post-8650","post","type-post","status-publish","format-standard","has-post-thumbnail","hentry","category-bota"],"yoast_head":"<!-- This site is optimized with the Yoast SEO plugin v25.3.1 - https:\/\/yoast.com\/wordpress\/plugins\/seo\/ -->\n<title>Rutte: NATO po shqyrton garancit\u00eb e siguris\u00eb p\u00ebr Ukrain\u00ebn, por an\u00ebtar\u00ebsimi nuk \u00ebsht\u00eb n\u00eb tryez\u00eb -<\/title>\n<meta name=\"robots\" content=\"index, follow, max-snippet:-1, max-image-preview:large, max-video-preview:-1\" \/>\n<link rel=\"canonical\" href=\"https:\/\/veritasinfo.org\/?p=8650\" \/>\n<meta property=\"og:locale\" content=\"en_US\" \/>\n<meta property=\"og:type\" content=\"article\" \/>\n<meta property=\"og:title\" content=\"Rutte: NATO po shqyrton garancit\u00eb e siguris\u00eb p\u00ebr Ukrain\u00ebn, por an\u00ebtar\u00ebsimi nuk \u00ebsht\u00eb n\u00eb tryez\u00eb -\" \/>\n<meta property=\"og:description\" content=\"Bruksel, 19 gusht 2025 Sekretari i P\u00ebrgjithsh\u00ebm i NATO-s, Mark Rutte, deklaroi se an\u00ebtar\u00ebsimi i Ukrain\u00ebs n\u00eb Aleanc\u00eb nuk \u00ebsht\u00eb aktualisht objekt diskutimi, por se\" \/>\n<meta property=\"og:url\" content=\"https:\/\/veritasinfo.org\/?p=8650\" \/>\n<meta property=\"article:published_time\" content=\"2025-08-19T06:51:52+00:00\" \/>\n<meta property=\"og:image\" content=\"https:\/\/veritasinfo.org\/wp-content\/uploads\/2025\/08\/IMG_3263.webp\" \/>\n\t<meta property=\"og:image:width\" content=\"1500\" \/>\n\t<meta property=\"og:image:height\" content=\"1000\" \/>\n\t<meta property=\"og:image:type\" content=\"image\/webp\" \/>\n<meta name=\"author\" content=\"admin\" \/>\n<meta name=\"twitter:card\" content=\"summary_large_image\" \/>\n<meta name=\"twitter:label1\" content=\"Written by\" \/>\n\t<meta name=\"twitter:data1\" content=\"admin\" \/>\n\t<meta name=\"twitter:label2\" content=\"Est. reading time\" \/>\n\t<meta name=\"twitter:data2\" content=\"1 minute\" \/>\n<script type=\"application\/ld+json\" class=\"yoast-schema-graph\">{\"@context\":\"https:\/\/schema.org\",\"@graph\":[{\"@type\":\"WebPage\",\"@id\":\"https:\/\/veritasinfo.org\/?p=8650\",\"url\":\"https:\/\/veritasinfo.org\/?p=8650\",\"name\":\"Rutte: NATO po shqyrton garancit\u00eb e siguris\u00eb p\u00ebr Ukrain\u00ebn, por an\u00ebtar\u00ebsimi nuk \u00ebsht\u00eb n\u00eb tryez\u00eb -\",\"isPartOf\":{\"@id\":\"https:\/\/veritasinfo.org\/#website\"},\"primaryImageOfPage\":{\"@id\":\"https:\/\/veritasinfo.org\/?p=8650#primaryimage\"},\"image\":{\"@id\":\"https:\/\/veritasinfo.org\/?p=8650#primaryimage\"},\"thumbnailUrl\":\"https:\/\/veritasinfo.org\/wp-content\/uploads\/2025\/08\/IMG_3263.webp\",\"datePublished\":\"2025-08-19T06:51:52+00:00\",\"author\":{\"@id\":\"https:\/\/veritasinfo.org\/#\/schema\/person\/7701f8c088bece422266b100a712374f\"},\"breadcrumb\":{\"@id\":\"https:\/\/veritasinfo.org\/?p=8650#breadcrumb\"},\"inLanguage\":\"en-US\",\"potentialAction\":[{\"@type\":\"ReadAction\",\"target\":[\"https:\/\/veritasinfo.org\/?p=8650\"]}]},{\"@type\":\"ImageObject\",\"inLanguage\":\"en-US\",\"@id\":\"https:\/\/veritasinfo.org\/?p=8650#primaryimage\",\"url\":\"https:\/\/veritasinfo.org\/wp-content\/uploads\/2025\/08\/IMG_3263.webp\",\"contentUrl\":\"https:\/\/veritasinfo.org\/wp-content\/uploads\/2025\/08\/IMG_3263.webp\",\"width\":1500,\"height\":1000},{\"@type\":\"BreadcrumbList\",\"@id\":\"https:\/\/veritasinfo.org\/?p=8650#breadcrumb\",\"itemListElement\":[{\"@type\":\"ListItem\",\"position\":1,\"name\":\"Home\",\"item\":\"https:\/\/veritasinfo.org\/\"},{\"@type\":\"ListItem\",\"position\":2,\"name\":\"Rutte: NATO po shqyrton garancit\u00eb e siguris\u00eb p\u00ebr Ukrain\u00ebn, por an\u00ebtar\u00ebsimi nuk \u00ebsht\u00eb n\u00eb tryez\u00eb\"}]},{\"@type\":\"WebSite\",\"@id\":\"https:\/\/veritasinfo.org\/#website\",\"url\":\"https:\/\/veritasinfo.org\/\",\"name\":\"\",\"description\":\"\",\"potentialAction\":[{\"@type\":\"SearchAction\",\"target\":{\"@type\":\"EntryPoint\",\"urlTemplate\":\"https:\/\/veritasinfo.org\/?s={search_term_string}\"},\"query-input\":{\"@type\":\"PropertyValueSpecification\",\"valueRequired\":true,\"valueName\":\"search_term_string\"}}],\"inLanguage\":\"en-US\"},{\"@type\":\"Person\",\"@id\":\"https:\/\/veritasinfo.org\/#\/schema\/person\/7701f8c088bece422266b100a712374f\",\"name\":\"admin\",\"image\":{\"@type\":\"ImageObject\",\"inLanguage\":\"en-US\",\"@id\":\"https:\/\/veritasinfo.org\/#\/schema\/person\/image\/\",\"url\":\"https:\/\/secure.gravatar.com\/avatar\/ea53aa3bf6c9a12d5fde8ce4deff43fef3885ae33cf60184161a50d6987cfd2f?s=96&d=mm&r=g\",\"contentUrl\":\"https:\/\/secure.gravatar.com\/avatar\/ea53aa3bf6c9a12d5fde8ce4deff43fef3885ae33cf60184161a50d6987cfd2f?s=96&d=mm&r=g\",\"caption\":\"admin\"},\"sameAs\":[\"https:\/\/veritasinfo.org\"],\"url\":\"https:\/\/veritasinfo.org\/?author=1\"}]}<\/script>\n<!-- \/ Yoast SEO plugin. -->","yoast_head_json":{"title":"Rutte: NATO po shqyrton garancit\u00eb e siguris\u00eb p\u00ebr Ukrain\u00ebn, por an\u00ebtar\u00ebsimi nuk \u00ebsht\u00eb n\u00eb tryez\u00eb -","robots":{"index":"index","follow":"follow","max-snippet":"max-snippet:-1","max-image-preview":"max-image-preview:large","max-video-preview":"max-video-preview:-1"},"canonical":"https:\/\/veritasinfo.org\/?p=8650","og_locale":"en_US","og_type":"article","og_title":"Rutte: NATO po shqyrton garancit\u00eb e siguris\u00eb p\u00ebr Ukrain\u00ebn, por an\u00ebtar\u00ebsimi nuk \u00ebsht\u00eb n\u00eb tryez\u00eb -","og_description":"Bruksel, 19 gusht 2025 Sekretari i P\u00ebrgjithsh\u00ebm i NATO-s, Mark Rutte, deklaroi se an\u00ebtar\u00ebsimi i Ukrain\u00ebs n\u00eb Aleanc\u00eb nuk \u00ebsht\u00eb aktualisht objekt diskutimi, por se","og_url":"https:\/\/veritasinfo.org\/?p=8650","article_published_time":"2025-08-19T06:51:52+00:00","og_image":[{"width":1500,"height":1000,"url":"https:\/\/veritasinfo.org\/wp-content\/uploads\/2025\/08\/IMG_3263.webp","type":"image\/webp"}],"author":"admin","twitter_card":"summary_large_image","twitter_misc":{"Written by":"admin","Est. reading time":"1 minute"},"schema":{"@context":"https:\/\/schema.org","@graph":[{"@type":"WebPage","@id":"https:\/\/veritasinfo.org\/?p=8650","url":"https:\/\/veritasinfo.org\/?p=8650","name":"Rutte: NATO po shqyrton garancit\u00eb e siguris\u00eb p\u00ebr Ukrain\u00ebn, por an\u00ebtar\u00ebsimi nuk \u00ebsht\u00eb n\u00eb tryez\u00eb -","isPartOf":{"@id":"https:\/\/veritasinfo.org\/#website"},"primaryImageOfPage":{"@id":"https:\/\/veritasinfo.org\/?p=8650#primaryimage"},"image":{"@id":"https:\/\/veritasinfo.org\/?p=8650#primaryimage"},"thumbnailUrl":"https:\/\/veritasinfo.org\/wp-content\/uploads\/2025\/08\/IMG_3263.webp","datePublished":"2025-08-19T06:51:52+00:00","author":{"@id":"https:\/\/veritasinfo.org\/#\/schema\/person\/7701f8c088bece422266b100a712374f"},"breadcrumb":{"@id":"https:\/\/veritasinfo.org\/?p=8650#breadcrumb"},"inLanguage":"en-US","potentialAction":[{"@type":"ReadAction","target":["https:\/\/veritasinfo.org\/?p=8650"]}]},{"@type":"ImageObject","inLanguage":"en-US","@id":"https:\/\/veritasinfo.org\/?p=8650#primaryimage","url":"https:\/\/veritasinfo.org\/wp-content\/uploads\/2025\/08\/IMG_3263.webp","contentUrl":"https:\/\/veritasinfo.org\/wp-content\/uploads\/2025\/08\/IMG_3263.webp","width":1500,"height":1000},{"@type":"BreadcrumbList","@id":"https:\/\/veritasinfo.org\/?p=8650#breadcrumb","itemListElement":[{"@type":"ListItem","position":1,"name":"Home","item":"https:\/\/veritasinfo.org\/"},{"@type":"ListItem","position":2,"name":"Rutte: NATO po shqyrton garancit\u00eb e siguris\u00eb p\u00ebr Ukrain\u00ebn, por an\u00ebtar\u00ebsimi nuk \u00ebsht\u00eb n\u00eb tryez\u00eb"}]},{"@type":"WebSite","@id":"https:\/\/veritasinfo.org\/#website","url":"https:\/\/veritasinfo.org\/","name":"","description":"","potentialAction":[{"@type":"SearchAction","target":{"@type":"EntryPoint","urlTemplate":"https:\/\/veritasinfo.org\/?s={search_term_string}"},"query-input":{"@type":"PropertyValueSpecification","valueRequired":true,"valueName":"search_term_string"}}],"inLanguage":"en-US"},{"@type":"Person","@id":"https:\/\/veritasinfo.org\/#\/schema\/person\/7701f8c088bece422266b100a712374f","name":"admin","image":{"@type":"ImageObject","inLanguage":"en-US","@id":"https:\/\/veritasinfo.org\/#\/schema\/person\/image\/","url":"https:\/\/secure.gravatar.com\/avatar\/ea53aa3bf6c9a12d5fde8ce4deff43fef3885ae33cf60184161a50d6987cfd2f?s=96&d=mm&r=g","contentUrl":"https:\/\/secure.gravatar.com\/avatar\/ea53aa3bf6c9a12d5fde8ce4deff43fef3885ae33cf60184161a50d6987cfd2f?s=96&d=mm&r=g","caption":"admin"},"sameAs":["https:\/\/veritasinfo.org"],"url":"https:\/\/veritasinfo.org\/?author=1"}]}},"featured_image_urls":{"full":["https:\/\/veritasinfo.org\/wp-content\/uploads\/2025\/08\/IMG_3263.webp",1500,1000,false],"thumbnail":["https:\/\/veritasinfo.org\/wp-content\/uploads\/2025\/08\/IMG_3263-150x150.webp",150,150,true],"medium":["https:\/\/veritasinfo.org\/wp-content\/uploads\/2025\/08\/IMG_3263-300x200.webp",300,200,true],"medium_large":["https:\/\/veritasinfo.org\/wp-content\/uploads\/2025\/08\/IMG_3263-768x512.webp",640,427,true],"large":["https:\/\/veritasinfo.org\/wp-content\/uploads\/2025\/08\/IMG_3263-1024x683.webp",640,427,true],"1536x1536":["https:\/\/veritasinfo.org\/wp-content\/uploads\/2025\/08\/IMG_3263.webp",1500,1000,false],"2048x2048":["https:\/\/veritasinfo.org\/wp-content\/uploads\/2025\/08\/IMG_3263.webp",1500,1000,false],"kreeti-slider-full":["https:\/\/veritasinfo.org\/wp-content\/uploads\/2025\/08\/IMG_3263.webp",1080,720,false],"kreeti-featured":["https:\/\/veritasinfo.org\/wp-content\/uploads\/2025\/08\/IMG_3263.webp",1024,683,false],"kreeti-medium":["https:\/\/veritasinfo.org\/wp-content\/uploads\/2025\/08\/IMG_3263.webp",720,480,false],"kreeti-medium-square":["https:\/\/veritasinfo.org\/wp-content\/uploads\/2025\/08\/IMG_3263.webp",350,233,false]},"author_info":{"info":["admin"]},"category_info":"<a href=\"https:\/\/veritasinfo.org\/?cat=72\" rel=\"category\">Bota<\/a>","tag_info":"Bota","comment_count":"0","_links":{"self":[{"href":"https:\/\/veritasinfo.org\/index.php?rest_route=\/wp\/v2\/posts\/8650","targetHints":{"allow":["GET"]}}],"collection":[{"href":"https:\/\/veritasinfo.org\/index.php?rest_route=\/wp\/v2\/posts"}],"about":[{"href":"https:\/\/veritasinfo.org\/index.php?rest_route=\/wp\/v2\/types\/post"}],"author":[{"embeddable":true,"href":"https:\/\/veritasinfo.org\/index.php?rest_route=\/wp\/v2\/users\/1"}],"replies":[{"embeddable":true,"href":"https:\/\/veritasinfo.org\/index.php?rest_route=%2Fwp%2Fv2%2Fcomments&post=8650"}],"version-history":[{"count":1,"href":"https:\/\/veritasinfo.org\/index.php?rest_route=\/wp\/v2\/posts\/8650\/revisions"}],"predecessor-version":[{"id":8652,"href":"https:\/\/veritasinfo.org\/index.php?rest_route=\/wp\/v2\/posts\/8650\/revisions\/8652"}],"wp:featuredmedia":[{"embeddable":true,"href":"https:\/\/veritasinfo.org\/index.php?rest_route=\/wp\/v2\/media\/8651"}],"wp:attachment":[{"href":"https:\/\/veritasinfo.org\/index.php?rest_route=%2Fwp%2Fv2%2Fmedia&parent=8650"}],"wp:term":[{"taxonomy":"category","embeddable":true,"href":"https:\/\/veritasinfo.org\/index.php?rest_route=%2Fwp%2Fv2%2Fcategories&post=8650"},{"taxonomy":"post_tag","embeddable":true,"href":"https:\/\/veritasinfo.org\/index.php?rest_route=%2Fwp%2Fv2%2Ftags&post=8650"}],"curies":[{"name":"wp","href":"https:\/\/api.w.org\/{rel}","templated":true}]}}