{"id":8631,"date":"2025-08-19T08:12:58","date_gmt":"2025-08-19T06:12:58","guid":{"rendered":"https:\/\/veritasinfo.org\/?p=8631"},"modified":"2025-08-19T08:12:58","modified_gmt":"2025-08-19T06:12:58","slug":"nata-e-shtate-e-protestave-tensione-ne-rruget-e-serbise","status":"publish","type":"post","link":"https:\/\/veritasinfo.org\/?p=8631","title":{"rendered":"Nata e shtat\u00eb e protestave, tensione n\u00eb rrug\u00ebt e Serbis\u00eb"},"content":{"rendered":"<p>Beograd, 19 Gusht 2025<\/p>\n<p>Protestat me moton \u201cKu e lam?\u201d po vazhdojn\u00eb n\u00eb Beograd dhe n\u00eb qytete t\u00eb tjera t\u00eb Serbis\u00eb. Edhe sonte jan\u00eb sh\u00ebnuar incidente, kur demonstruesit thyen xhamat e hap\u00ebsirave t\u00eb Partis\u00eb P\u00ebrparimtare Serbe (SNS) n\u00eb kryeqytet, ku menj\u00ebher\u00eb mb\u00ebrriti presidenti i Serbis\u00eb, Aleksandar Vu\u00e7iq, i shoq\u00ebruar nga disa p\u00ebrkrah\u00ebs t\u00eb tij.<\/p>\n<p>Pas marshimit n\u00ebp\u00ebr rrug\u00ebt kryesore t\u00eb Beogradit, nj\u00eb grup protestuesish t\u00eb maskuar hodhi gur\u00eb mbi selin\u00eb e SNS-s\u00eb. Menj\u00ebher\u00eb pas thyerjes s\u00eb xhamave, n\u00eb vendngjarje mb\u00ebrrit\u00ebn nj\u00ebsit\u00eb e Xhandarm\u00ebris\u00eb me automjete dhe filluan shp\u00ebrndarjen e qytetar\u00ebve. Pas tyre u pan\u00eb edhe disa p\u00ebrkrah\u00ebs t\u00eb partis\u00eb n\u00eb pushtet.<\/p>\n<p>Aleksandar Vu\u00e7iq,p\u00ebrs\u00ebriti se protestat p\u00ebrb\u00ebjn\u00eb tentativ\u00eb p\u00ebr nj\u00eb \u201crevolucion me ngjyra\u201d, t\u00eb organizuar dhe financuar nga jasht\u00eb Serbis\u00eb, duke theksuar se Ministria e Jashtme e Rusis\u00eb \u201cme t\u00eb drejt\u00eb ka konstatuar\u201d se b\u00ebhet fjal\u00eb p\u00ebr nj\u00eb skenar t\u00eb till\u00eb.<\/p>\n<p>Nd\u00ebrkoh\u00eb, turma e protestuesve marshoi edhe n\u00eb rrug\u00ebt e Beogradit t\u00eb ri, ku ishte vendosur nj\u00eb num\u00ebr i madh automjetesh policore. Protesta u zhvilluan edhe n\u00eb shum\u00eb qytete t\u00eb tjera t\u00eb Serbis\u00eb, shpesh para zyrave t\u00eb SNS-s\u00eb, ku ishin mbledhur p\u00ebrkrah\u00ebsit e pushtetit.<\/p>\n<p>N\u00eb dit\u00ebt e m\u00ebparshme jan\u00eb sh\u00ebnuar p\u00ebrleshje t\u00eb ashpra mes forcave t\u00eb siguris\u00eb dhe qytetar\u00ebve. Nd\u00ebr incidentet m\u00eb serioze p\u00ebrmenden p\u00ebrdorimi i forc\u00ebs ndaj t\u00eb rinjve dhe f\u00ebmij\u00ebve, si dhe hedhja e mjeteve piroteknike nga ambientet e SNS-s\u00eb n\u00eb drejtim t\u00eb protestuesve. N\u00eb Valjev\u00eb, pas hedhjes s\u00eb mjeteve piroteknike n\u00eb nd\u00ebrtes\u00ebn e k\u00ebsaj partie, shp\u00ebrtheu zjarr.<\/p>\n","protected":false},"excerpt":{"rendered":"<p>Beograd, 19 Gusht 2025 Protestat me moton \u201cKu e lam?\u201d po vazhdojn\u00eb n\u00eb Beograd dhe n\u00eb qytete t\u00eb tjera t\u00eb Serbis\u00eb. Edhe sonte jan\u00eb sh\u00ebnuar<\/p>\n","protected":false},"author":1,"featured_media":8632,"comment_status":"open","ping_status":"open","sticky":false,"template":"","format":"standard","meta":{"footnotes":""},"categories":[72],"tags":[],"class_list":["post-8631","post","type-post","status-publish","format-standard","has-post-thumbnail","hentry","category-bota"],"yoast_head":"<!-- This site is optimized with the Yoast SEO plugin v25.3.1 - https:\/\/yoast.com\/wordpress\/plugins\/seo\/ -->\n<title>Nata e shtat\u00eb e protestave, tensione n\u00eb rrug\u00ebt e Serbis\u00eb -<\/title>\n<meta name=\"robots\" content=\"index, follow, max-snippet:-1, max-image-preview:large, max-video-preview:-1\" \/>\n<link rel=\"canonical\" href=\"https:\/\/veritasinfo.org\/?p=8631\" \/>\n<meta property=\"og:locale\" content=\"en_US\" \/>\n<meta property=\"og:type\" content=\"article\" \/>\n<meta property=\"og:title\" content=\"Nata e shtat\u00eb e protestave, tensione n\u00eb rrug\u00ebt e Serbis\u00eb -\" \/>\n<meta property=\"og:description\" content=\"Beograd, 19 Gusht 2025 Protestat me moton \u201cKu e lam?\u201d po vazhdojn\u00eb n\u00eb Beograd dhe n\u00eb qytete t\u00eb tjera t\u00eb Serbis\u00eb. Edhe sonte jan\u00eb sh\u00ebnuar\" \/>\n<meta property=\"og:url\" content=\"https:\/\/veritasinfo.org\/?p=8631\" \/>\n<meta property=\"article:published_time\" content=\"2025-08-19T06:12:58+00:00\" \/>\n<meta property=\"og:image\" content=\"https:\/\/veritasinfo.org\/wp-content\/uploads\/2025\/08\/IMG_3259.jpeg\" \/>\n\t<meta property=\"og:image:width\" content=\"900\" \/>\n\t<meta property=\"og:image:height\" content=\"577\" \/>\n\t<meta property=\"og:image:type\" content=\"image\/jpeg\" \/>\n<meta name=\"author\" content=\"admin\" \/>\n<meta name=\"twitter:card\" content=\"summary_large_image\" \/>\n<meta name=\"twitter:label1\" content=\"Written by\" \/>\n\t<meta name=\"twitter:data1\" content=\"admin\" \/>\n\t<meta name=\"twitter:label2\" content=\"Est. reading time\" \/>\n\t<meta name=\"twitter:data2\" content=\"2 minutes\" \/>\n<script type=\"application\/ld+json\" class=\"yoast-schema-graph\">{\"@context\":\"https:\/\/schema.org\",\"@graph\":[{\"@type\":\"WebPage\",\"@id\":\"https:\/\/veritasinfo.org\/?p=8631\",\"url\":\"https:\/\/veritasinfo.org\/?p=8631\",\"name\":\"Nata e shtat\u00eb e protestave, tensione n\u00eb rrug\u00ebt e Serbis\u00eb -\",\"isPartOf\":{\"@id\":\"https:\/\/veritasinfo.org\/#website\"},\"primaryImageOfPage\":{\"@id\":\"https:\/\/veritasinfo.org\/?p=8631#primaryimage\"},\"image\":{\"@id\":\"https:\/\/veritasinfo.org\/?p=8631#primaryimage\"},\"thumbnailUrl\":\"https:\/\/veritasinfo.org\/wp-content\/uploads\/2025\/08\/IMG_3259.jpeg\",\"datePublished\":\"2025-08-19T06:12:58+00:00\",\"author\":{\"@id\":\"https:\/\/veritasinfo.org\/#\/schema\/person\/7701f8c088bece422266b100a712374f\"},\"breadcrumb\":{\"@id\":\"https:\/\/veritasinfo.org\/?p=8631#breadcrumb\"},\"inLanguage\":\"en-US\",\"potentialAction\":[{\"@type\":\"ReadAction\",\"target\":[\"https:\/\/veritasinfo.org\/?p=8631\"]}]},{\"@type\":\"ImageObject\",\"inLanguage\":\"en-US\",\"@id\":\"https:\/\/veritasinfo.org\/?p=8631#primaryimage\",\"url\":\"https:\/\/veritasinfo.org\/wp-content\/uploads\/2025\/08\/IMG_3259.jpeg\",\"contentUrl\":\"https:\/\/veritasinfo.org\/wp-content\/uploads\/2025\/08\/IMG_3259.jpeg\",\"width\":900,\"height\":577},{\"@type\":\"BreadcrumbList\",\"@id\":\"https:\/\/veritasinfo.org\/?p=8631#breadcrumb\",\"itemListElement\":[{\"@type\":\"ListItem\",\"position\":1,\"name\":\"Home\",\"item\":\"https:\/\/veritasinfo.org\/\"},{\"@type\":\"ListItem\",\"position\":2,\"name\":\"Nata e shtat\u00eb e protestave, tensione n\u00eb rrug\u00ebt e Serbis\u00eb\"}]},{\"@type\":\"WebSite\",\"@id\":\"https:\/\/veritasinfo.org\/#website\",\"url\":\"https:\/\/veritasinfo.org\/\",\"name\":\"\",\"description\":\"\",\"potentialAction\":[{\"@type\":\"SearchAction\",\"target\":{\"@type\":\"EntryPoint\",\"urlTemplate\":\"https:\/\/veritasinfo.org\/?s={search_term_string}\"},\"query-input\":{\"@type\":\"PropertyValueSpecification\",\"valueRequired\":true,\"valueName\":\"search_term_string\"}}],\"inLanguage\":\"en-US\"},{\"@type\":\"Person\",\"@id\":\"https:\/\/veritasinfo.org\/#\/schema\/person\/7701f8c088bece422266b100a712374f\",\"name\":\"admin\",\"image\":{\"@type\":\"ImageObject\",\"inLanguage\":\"en-US\",\"@id\":\"https:\/\/veritasinfo.org\/#\/schema\/person\/image\/\",\"url\":\"https:\/\/secure.gravatar.com\/avatar\/ea53aa3bf6c9a12d5fde8ce4deff43fef3885ae33cf60184161a50d6987cfd2f?s=96&d=mm&r=g\",\"contentUrl\":\"https:\/\/secure.gravatar.com\/avatar\/ea53aa3bf6c9a12d5fde8ce4deff43fef3885ae33cf60184161a50d6987cfd2f?s=96&d=mm&r=g\",\"caption\":\"admin\"},\"sameAs\":[\"https:\/\/veritasinfo.org\"],\"url\":\"https:\/\/veritasinfo.org\/?author=1\"}]}<\/script>\n<!-- \/ Yoast SEO plugin. -->","yoast_head_json":{"title":"Nata e shtat\u00eb e protestave, tensione n\u00eb rrug\u00ebt e Serbis\u00eb -","robots":{"index":"index","follow":"follow","max-snippet":"max-snippet:-1","max-image-preview":"max-image-preview:large","max-video-preview":"max-video-preview:-1"},"canonical":"https:\/\/veritasinfo.org\/?p=8631","og_locale":"en_US","og_type":"article","og_title":"Nata e shtat\u00eb e protestave, tensione n\u00eb rrug\u00ebt e Serbis\u00eb -","og_description":"Beograd, 19 Gusht 2025 Protestat me moton \u201cKu e lam?\u201d po vazhdojn\u00eb n\u00eb Beograd dhe n\u00eb qytete t\u00eb tjera t\u00eb Serbis\u00eb. Edhe sonte jan\u00eb sh\u00ebnuar","og_url":"https:\/\/veritasinfo.org\/?p=8631","article_published_time":"2025-08-19T06:12:58+00:00","og_image":[{"width":900,"height":577,"url":"https:\/\/veritasinfo.org\/wp-content\/uploads\/2025\/08\/IMG_3259.jpeg","type":"image\/jpeg"}],"author":"admin","twitter_card":"summary_large_image","twitter_misc":{"Written by":"admin","Est. reading time":"2 minutes"},"schema":{"@context":"https:\/\/schema.org","@graph":[{"@type":"WebPage","@id":"https:\/\/veritasinfo.org\/?p=8631","url":"https:\/\/veritasinfo.org\/?p=8631","name":"Nata e shtat\u00eb e protestave, tensione n\u00eb rrug\u00ebt e Serbis\u00eb -","isPartOf":{"@id":"https:\/\/veritasinfo.org\/#website"},"primaryImageOfPage":{"@id":"https:\/\/veritasinfo.org\/?p=8631#primaryimage"},"image":{"@id":"https:\/\/veritasinfo.org\/?p=8631#primaryimage"},"thumbnailUrl":"https:\/\/veritasinfo.org\/wp-content\/uploads\/2025\/08\/IMG_3259.jpeg","datePublished":"2025-08-19T06:12:58+00:00","author":{"@id":"https:\/\/veritasinfo.org\/#\/schema\/person\/7701f8c088bece422266b100a712374f"},"breadcrumb":{"@id":"https:\/\/veritasinfo.org\/?p=8631#breadcrumb"},"inLanguage":"en-US","potentialAction":[{"@type":"ReadAction","target":["https:\/\/veritasinfo.org\/?p=8631"]}]},{"@type":"ImageObject","inLanguage":"en-US","@id":"https:\/\/veritasinfo.org\/?p=8631#primaryimage","url":"https:\/\/veritasinfo.org\/wp-content\/uploads\/2025\/08\/IMG_3259.jpeg","contentUrl":"https:\/\/veritasinfo.org\/wp-content\/uploads\/2025\/08\/IMG_3259.jpeg","width":900,"height":577},{"@type":"BreadcrumbList","@id":"https:\/\/veritasinfo.org\/?p=8631#breadcrumb","itemListElement":[{"@type":"ListItem","position":1,"name":"Home","item":"https:\/\/veritasinfo.org\/"},{"@type":"ListItem","position":2,"name":"Nata e shtat\u00eb e protestave, tensione n\u00eb rrug\u00ebt e Serbis\u00eb"}]},{"@type":"WebSite","@id":"https:\/\/veritasinfo.org\/#website","url":"https:\/\/veritasinfo.org\/","name":"","description":"","potentialAction":[{"@type":"SearchAction","target":{"@type":"EntryPoint","urlTemplate":"https:\/\/veritasinfo.org\/?s={search_term_string}"},"query-input":{"@type":"PropertyValueSpecification","valueRequired":true,"valueName":"search_term_string"}}],"inLanguage":"en-US"},{"@type":"Person","@id":"https:\/\/veritasinfo.org\/#\/schema\/person\/7701f8c088bece422266b100a712374f","name":"admin","image":{"@type":"ImageObject","inLanguage":"en-US","@id":"https:\/\/veritasinfo.org\/#\/schema\/person\/image\/","url":"https:\/\/secure.gravatar.com\/avatar\/ea53aa3bf6c9a12d5fde8ce4deff43fef3885ae33cf60184161a50d6987cfd2f?s=96&d=mm&r=g","contentUrl":"https:\/\/secure.gravatar.com\/avatar\/ea53aa3bf6c9a12d5fde8ce4deff43fef3885ae33cf60184161a50d6987cfd2f?s=96&d=mm&r=g","caption":"admin"},"sameAs":["https:\/\/veritasinfo.org"],"url":"https:\/\/veritasinfo.org\/?author=1"}]}},"featured_image_urls":{"full":["https:\/\/veritasinfo.org\/wp-content\/uploads\/2025\/08\/IMG_3259.jpeg",900,577,false],"thumbnail":["https:\/\/veritasinfo.org\/wp-content\/uploads\/2025\/08\/IMG_3259-150x150.jpeg",150,150,true],"medium":["https:\/\/veritasinfo.org\/wp-content\/uploads\/2025\/08\/IMG_3259-300x192.jpeg",300,192,true],"medium_large":["https:\/\/veritasinfo.org\/wp-content\/uploads\/2025\/08\/IMG_3259-768x492.jpeg",640,410,true],"large":["https:\/\/veritasinfo.org\/wp-content\/uploads\/2025\/08\/IMG_3259.jpeg",640,410,false],"1536x1536":["https:\/\/veritasinfo.org\/wp-content\/uploads\/2025\/08\/IMG_3259.jpeg",900,577,false],"2048x2048":["https:\/\/veritasinfo.org\/wp-content\/uploads\/2025\/08\/IMG_3259.jpeg",900,577,false],"kreeti-slider-full":["https:\/\/veritasinfo.org\/wp-content\/uploads\/2025\/08\/IMG_3259.jpeg",900,577,false],"kreeti-featured":["https:\/\/veritasinfo.org\/wp-content\/uploads\/2025\/08\/IMG_3259.jpeg",900,577,false],"kreeti-medium":["https:\/\/veritasinfo.org\/wp-content\/uploads\/2025\/08\/IMG_3259.jpeg",720,462,false],"kreeti-medium-square":["https:\/\/veritasinfo.org\/wp-content\/uploads\/2025\/08\/IMG_3259.jpeg",350,224,false]},"author_info":{"info":["admin"]},"category_info":"<a href=\"https:\/\/veritasinfo.org\/?cat=72\" rel=\"category\">Bota<\/a>","tag_info":"Bota","comment_count":"0","_links":{"self":[{"href":"https:\/\/veritasinfo.org\/index.php?rest_route=\/wp\/v2\/posts\/8631","targetHints":{"allow":["GET"]}}],"collection":[{"href":"https:\/\/veritasinfo.org\/index.php?rest_route=\/wp\/v2\/posts"}],"about":[{"href":"https:\/\/veritasinfo.org\/index.php?rest_route=\/wp\/v2\/types\/post"}],"author":[{"embeddable":true,"href":"https:\/\/veritasinfo.org\/index.php?rest_route=\/wp\/v2\/users\/1"}],"replies":[{"embeddable":true,"href":"https:\/\/veritasinfo.org\/index.php?rest_route=%2Fwp%2Fv2%2Fcomments&post=8631"}],"version-history":[{"count":1,"href":"https:\/\/veritasinfo.org\/index.php?rest_route=\/wp\/v2\/posts\/8631\/revisions"}],"predecessor-version":[{"id":8633,"href":"https:\/\/veritasinfo.org\/index.php?rest_route=\/wp\/v2\/posts\/8631\/revisions\/8633"}],"wp:featuredmedia":[{"embeddable":true,"href":"https:\/\/veritasinfo.org\/index.php?rest_route=\/wp\/v2\/media\/8632"}],"wp:attachment":[{"href":"https:\/\/veritasinfo.org\/index.php?rest_route=%2Fwp%2Fv2%2Fmedia&parent=8631"}],"wp:term":[{"taxonomy":"category","embeddable":true,"href":"https:\/\/veritasinfo.org\/index.php?rest_route=%2Fwp%2Fv2%2Fcategories&post=8631"},{"taxonomy":"post_tag","embeddable":true,"href":"https:\/\/veritasinfo.org\/index.php?rest_route=%2Fwp%2Fv2%2Ftags&post=8631"}],"curies":[{"name":"wp","href":"https:\/\/api.w.org\/{rel}","templated":true}]}}