{"id":8617,"date":"2025-08-19T07:52:53","date_gmt":"2025-08-19T05:52:53","guid":{"rendered":"https:\/\/veritasinfo.org\/?p=8617"},"modified":"2025-08-19T07:55:40","modified_gmt":"2025-08-19T05:55:40","slug":"rikthimi-i-listes-serbe-ne-veri-atiq-flamujt-e-kosoves-nuk-hiqen-vendosja-e-tyre-eshte-vendim-i-perhershem","status":"publish","type":"post","link":"https:\/\/veritasinfo.org\/?p=8617","title":{"rendered":"\u201cRikthimi i List\u00ebs Serbe n\u00eb veri?\u201d, Atiq: Flamujt e Kosov\u00ebs nuk hiqen, vendosja e tyre \u00ebsht\u00eb vendim i p\u00ebrhersh\u00ebm"},"content":{"rendered":"<p>Mitrovic\u00eb Veriore, 19 Gusht 2025<\/p>\n<p data-start=\"109\" data-end=\"326\">Kryetari i Mitrovic\u00ebs s\u00eb Veriut, Erden Atiq, ka deklaruar se flamujt dhe simbolet shtet\u00ebrore t\u00eb Kosov\u00ebs q\u00eb jan\u00eb vendosur n\u00eb k\u00ebt\u00eb komun\u00eb do t\u00eb mbeten t\u00eb p\u00ebrhershme, pavar\u00ebsisht rezultatit t\u00eb zgjedhjeve t\u00eb 12 tetorit.<\/p>\n<p data-start=\"328\" data-end=\"587\"><span data-start=\"349\" data-end=\"361\">N\u00eb <\/span>Debat Plus, Atiq ka th\u00ebn\u00eb se k\u00ebto vendime jan\u00eb marr\u00eb me gatishm\u00ebrin\u00eb m\u00eb t\u00eb lart\u00eb t\u00eb institucioneve dhe nuk mund t\u00eb kthehen prapa. Sipas tij, \u00e7do tentim p\u00ebr t\u00eb larguar flamujt apo simbolet shtet\u00ebrore do t\u00eb p\u00ebrb\u00ebnte shkelje t\u00eb r\u00ebnd\u00eb ligjore.<\/p>\n<p data-start=\"589\" data-end=\"765\">\u201cJo, nuk hiqen flamujt dhe t\u00eb gjitha simbolet shtet\u00ebrore jan\u00eb vendosur aty me gatishm\u00ebrin\u00eb me t\u00eb lart\u00eb t\u00eb gjith\u00eb eksponent\u00ebve. Edhe \u00e7far\u00ebdo hapi prapa paraqet edhe shkelje t\u00eb r\u00ebnd\u00eb penale. Pun\u00ebn q\u00eb e kemi b\u00ebr\u00eb p\u00ebr afatshkurt\u00ebr, por gjitha vendimet q\u00eb i kemi marr\u00eb jan\u00eb t\u00eb p\u00ebrhershme\u201d, ka th\u00ebn\u00eb Atiq.<\/p>\n<p>&nbsp;<\/p>\n","protected":false},"excerpt":{"rendered":"<p>Mitrovic\u00eb Veriore, 19 Gusht 2025 Kryetari i Mitrovic\u00ebs s\u00eb Veriut, Erden Atiq, ka deklaruar se flamujt dhe simbolet shtet\u00ebrore t\u00eb Kosov\u00ebs q\u00eb jan\u00eb vendosur n\u00eb<\/p>\n","protected":false},"author":1,"featured_media":8622,"comment_status":"open","ping_status":"open","sticky":false,"template":"","format":"standard","meta":{"footnotes":""},"categories":[58],"tags":[],"class_list":["post-8617","post","type-post","status-publish","format-standard","has-post-thumbnail","hentry","category-politike-sq"],"yoast_head":"<!-- This site is optimized with the Yoast SEO plugin v25.3.1 - https:\/\/yoast.com\/wordpress\/plugins\/seo\/ -->\n<title>\u201cRikthimi i List\u00ebs Serbe n\u00eb veri?\u201d, Atiq: Flamujt e Kosov\u00ebs nuk hiqen, vendosja e tyre \u00ebsht\u00eb vendim i p\u00ebrhersh\u00ebm -<\/title>\n<meta name=\"robots\" content=\"index, follow, max-snippet:-1, max-image-preview:large, max-video-preview:-1\" \/>\n<link rel=\"canonical\" href=\"https:\/\/veritasinfo.org\/?p=8617\" \/>\n<meta property=\"og:locale\" content=\"en_US\" \/>\n<meta property=\"og:type\" content=\"article\" \/>\n<meta property=\"og:title\" content=\"\u201cRikthimi i List\u00ebs Serbe n\u00eb veri?\u201d, Atiq: Flamujt e Kosov\u00ebs nuk hiqen, vendosja e tyre \u00ebsht\u00eb vendim i p\u00ebrhersh\u00ebm -\" \/>\n<meta property=\"og:description\" content=\"Mitrovic\u00eb Veriore, 19 Gusht 2025 Kryetari i Mitrovic\u00ebs s\u00eb Veriut, Erden Atiq, ka deklaruar se flamujt dhe simbolet shtet\u00ebrore t\u00eb Kosov\u00ebs q\u00eb jan\u00eb vendosur n\u00eb\" \/>\n<meta property=\"og:url\" content=\"https:\/\/veritasinfo.org\/?p=8617\" \/>\n<meta property=\"article:published_time\" content=\"2025-08-19T05:52:53+00:00\" \/>\n<meta property=\"article:modified_time\" content=\"2025-08-19T05:55:40+00:00\" \/>\n<meta property=\"og:image\" content=\"https:\/\/veritasinfo.org\/wp-content\/uploads\/2025\/08\/IMG_3258.jpeg\" \/>\n\t<meta property=\"og:image:width\" content=\"960\" \/>\n\t<meta property=\"og:image:height\" content=\"600\" \/>\n\t<meta property=\"og:image:type\" content=\"image\/jpeg\" \/>\n<meta name=\"author\" content=\"admin\" \/>\n<meta name=\"twitter:card\" content=\"summary_large_image\" \/>\n<meta name=\"twitter:label1\" content=\"Written by\" \/>\n\t<meta name=\"twitter:data1\" content=\"admin\" \/>\n\t<meta name=\"twitter:label2\" content=\"Est. reading time\" \/>\n\t<meta name=\"twitter:data2\" content=\"1 minute\" \/>\n<script type=\"application\/ld+json\" class=\"yoast-schema-graph\">{\"@context\":\"https:\/\/schema.org\",\"@graph\":[{\"@type\":\"WebPage\",\"@id\":\"https:\/\/veritasinfo.org\/?p=8617\",\"url\":\"https:\/\/veritasinfo.org\/?p=8617\",\"name\":\"\u201cRikthimi i List\u00ebs Serbe n\u00eb veri?\u201d, Atiq: Flamujt e Kosov\u00ebs nuk hiqen, vendosja e tyre \u00ebsht\u00eb vendim i p\u00ebrhersh\u00ebm -\",\"isPartOf\":{\"@id\":\"https:\/\/veritasinfo.org\/#website\"},\"primaryImageOfPage\":{\"@id\":\"https:\/\/veritasinfo.org\/?p=8617#primaryimage\"},\"image\":{\"@id\":\"https:\/\/veritasinfo.org\/?p=8617#primaryimage\"},\"thumbnailUrl\":\"https:\/\/veritasinfo.org\/wp-content\/uploads\/2025\/08\/IMG_3258.jpeg\",\"datePublished\":\"2025-08-19T05:52:53+00:00\",\"dateModified\":\"2025-08-19T05:55:40+00:00\",\"author\":{\"@id\":\"https:\/\/veritasinfo.org\/#\/schema\/person\/7701f8c088bece422266b100a712374f\"},\"breadcrumb\":{\"@id\":\"https:\/\/veritasinfo.org\/?p=8617#breadcrumb\"},\"inLanguage\":\"en-US\",\"potentialAction\":[{\"@type\":\"ReadAction\",\"target\":[\"https:\/\/veritasinfo.org\/?p=8617\"]}]},{\"@type\":\"ImageObject\",\"inLanguage\":\"en-US\",\"@id\":\"https:\/\/veritasinfo.org\/?p=8617#primaryimage\",\"url\":\"https:\/\/veritasinfo.org\/wp-content\/uploads\/2025\/08\/IMG_3258.jpeg\",\"contentUrl\":\"https:\/\/veritasinfo.org\/wp-content\/uploads\/2025\/08\/IMG_3258.jpeg\",\"width\":960,\"height\":600},{\"@type\":\"BreadcrumbList\",\"@id\":\"https:\/\/veritasinfo.org\/?p=8617#breadcrumb\",\"itemListElement\":[{\"@type\":\"ListItem\",\"position\":1,\"name\":\"Home\",\"item\":\"https:\/\/veritasinfo.org\/\"},{\"@type\":\"ListItem\",\"position\":2,\"name\":\"\u201cRikthimi i List\u00ebs Serbe n\u00eb veri?\u201d, Atiq: Flamujt e Kosov\u00ebs nuk hiqen, vendosja e tyre \u00ebsht\u00eb vendim i p\u00ebrhersh\u00ebm\"}]},{\"@type\":\"WebSite\",\"@id\":\"https:\/\/veritasinfo.org\/#website\",\"url\":\"https:\/\/veritasinfo.org\/\",\"name\":\"\",\"description\":\"\",\"potentialAction\":[{\"@type\":\"SearchAction\",\"target\":{\"@type\":\"EntryPoint\",\"urlTemplate\":\"https:\/\/veritasinfo.org\/?s={search_term_string}\"},\"query-input\":{\"@type\":\"PropertyValueSpecification\",\"valueRequired\":true,\"valueName\":\"search_term_string\"}}],\"inLanguage\":\"en-US\"},{\"@type\":\"Person\",\"@id\":\"https:\/\/veritasinfo.org\/#\/schema\/person\/7701f8c088bece422266b100a712374f\",\"name\":\"admin\",\"image\":{\"@type\":\"ImageObject\",\"inLanguage\":\"en-US\",\"@id\":\"https:\/\/veritasinfo.org\/#\/schema\/person\/image\/\",\"url\":\"https:\/\/secure.gravatar.com\/avatar\/ea53aa3bf6c9a12d5fde8ce4deff43fef3885ae33cf60184161a50d6987cfd2f?s=96&d=mm&r=g\",\"contentUrl\":\"https:\/\/secure.gravatar.com\/avatar\/ea53aa3bf6c9a12d5fde8ce4deff43fef3885ae33cf60184161a50d6987cfd2f?s=96&d=mm&r=g\",\"caption\":\"admin\"},\"sameAs\":[\"https:\/\/veritasinfo.org\"],\"url\":\"https:\/\/veritasinfo.org\/?author=1\"}]}<\/script>\n<!-- \/ Yoast SEO plugin. -->","yoast_head_json":{"title":"\u201cRikthimi i List\u00ebs Serbe n\u00eb veri?\u201d, Atiq: Flamujt e Kosov\u00ebs nuk hiqen, vendosja e tyre \u00ebsht\u00eb vendim i p\u00ebrhersh\u00ebm -","robots":{"index":"index","follow":"follow","max-snippet":"max-snippet:-1","max-image-preview":"max-image-preview:large","max-video-preview":"max-video-preview:-1"},"canonical":"https:\/\/veritasinfo.org\/?p=8617","og_locale":"en_US","og_type":"article","og_title":"\u201cRikthimi i List\u00ebs Serbe n\u00eb veri?\u201d, Atiq: Flamujt e Kosov\u00ebs nuk hiqen, vendosja e tyre \u00ebsht\u00eb vendim i p\u00ebrhersh\u00ebm -","og_description":"Mitrovic\u00eb Veriore, 19 Gusht 2025 Kryetari i Mitrovic\u00ebs s\u00eb Veriut, Erden Atiq, ka deklaruar se flamujt dhe simbolet shtet\u00ebrore t\u00eb Kosov\u00ebs q\u00eb jan\u00eb vendosur n\u00eb","og_url":"https:\/\/veritasinfo.org\/?p=8617","article_published_time":"2025-08-19T05:52:53+00:00","article_modified_time":"2025-08-19T05:55:40+00:00","og_image":[{"width":960,"height":600,"url":"https:\/\/veritasinfo.org\/wp-content\/uploads\/2025\/08\/IMG_3258.jpeg","type":"image\/jpeg"}],"author":"admin","twitter_card":"summary_large_image","twitter_misc":{"Written by":"admin","Est. reading time":"1 minute"},"schema":{"@context":"https:\/\/schema.org","@graph":[{"@type":"WebPage","@id":"https:\/\/veritasinfo.org\/?p=8617","url":"https:\/\/veritasinfo.org\/?p=8617","name":"\u201cRikthimi i List\u00ebs Serbe n\u00eb veri?\u201d, Atiq: Flamujt e Kosov\u00ebs nuk hiqen, vendosja e tyre \u00ebsht\u00eb vendim i p\u00ebrhersh\u00ebm -","isPartOf":{"@id":"https:\/\/veritasinfo.org\/#website"},"primaryImageOfPage":{"@id":"https:\/\/veritasinfo.org\/?p=8617#primaryimage"},"image":{"@id":"https:\/\/veritasinfo.org\/?p=8617#primaryimage"},"thumbnailUrl":"https:\/\/veritasinfo.org\/wp-content\/uploads\/2025\/08\/IMG_3258.jpeg","datePublished":"2025-08-19T05:52:53+00:00","dateModified":"2025-08-19T05:55:40+00:00","author":{"@id":"https:\/\/veritasinfo.org\/#\/schema\/person\/7701f8c088bece422266b100a712374f"},"breadcrumb":{"@id":"https:\/\/veritasinfo.org\/?p=8617#breadcrumb"},"inLanguage":"en-US","potentialAction":[{"@type":"ReadAction","target":["https:\/\/veritasinfo.org\/?p=8617"]}]},{"@type":"ImageObject","inLanguage":"en-US","@id":"https:\/\/veritasinfo.org\/?p=8617#primaryimage","url":"https:\/\/veritasinfo.org\/wp-content\/uploads\/2025\/08\/IMG_3258.jpeg","contentUrl":"https:\/\/veritasinfo.org\/wp-content\/uploads\/2025\/08\/IMG_3258.jpeg","width":960,"height":600},{"@type":"BreadcrumbList","@id":"https:\/\/veritasinfo.org\/?p=8617#breadcrumb","itemListElement":[{"@type":"ListItem","position":1,"name":"Home","item":"https:\/\/veritasinfo.org\/"},{"@type":"ListItem","position":2,"name":"\u201cRikthimi i List\u00ebs Serbe n\u00eb veri?\u201d, Atiq: Flamujt e Kosov\u00ebs nuk hiqen, vendosja e tyre \u00ebsht\u00eb vendim i p\u00ebrhersh\u00ebm"}]},{"@type":"WebSite","@id":"https:\/\/veritasinfo.org\/#website","url":"https:\/\/veritasinfo.org\/","name":"","description":"","potentialAction":[{"@type":"SearchAction","target":{"@type":"EntryPoint","urlTemplate":"https:\/\/veritasinfo.org\/?s={search_term_string}"},"query-input":{"@type":"PropertyValueSpecification","valueRequired":true,"valueName":"search_term_string"}}],"inLanguage":"en-US"},{"@type":"Person","@id":"https:\/\/veritasinfo.org\/#\/schema\/person\/7701f8c088bece422266b100a712374f","name":"admin","image":{"@type":"ImageObject","inLanguage":"en-US","@id":"https:\/\/veritasinfo.org\/#\/schema\/person\/image\/","url":"https:\/\/secure.gravatar.com\/avatar\/ea53aa3bf6c9a12d5fde8ce4deff43fef3885ae33cf60184161a50d6987cfd2f?s=96&d=mm&r=g","contentUrl":"https:\/\/secure.gravatar.com\/avatar\/ea53aa3bf6c9a12d5fde8ce4deff43fef3885ae33cf60184161a50d6987cfd2f?s=96&d=mm&r=g","caption":"admin"},"sameAs":["https:\/\/veritasinfo.org"],"url":"https:\/\/veritasinfo.org\/?author=1"}]}},"featured_image_urls":{"full":["https:\/\/veritasinfo.org\/wp-content\/uploads\/2025\/08\/IMG_3258.jpeg",960,600,false],"thumbnail":["https:\/\/veritasinfo.org\/wp-content\/uploads\/2025\/08\/IMG_3258-150x150.jpeg",150,150,true],"medium":["https:\/\/veritasinfo.org\/wp-content\/uploads\/2025\/08\/IMG_3258-300x188.jpeg",300,188,true],"medium_large":["https:\/\/veritasinfo.org\/wp-content\/uploads\/2025\/08\/IMG_3258-768x480.jpeg",640,400,true],"large":["https:\/\/veritasinfo.org\/wp-content\/uploads\/2025\/08\/IMG_3258.jpeg",640,400,false],"1536x1536":["https:\/\/veritasinfo.org\/wp-content\/uploads\/2025\/08\/IMG_3258.jpeg",960,600,false],"2048x2048":["https:\/\/veritasinfo.org\/wp-content\/uploads\/2025\/08\/IMG_3258.jpeg",960,600,false],"kreeti-slider-full":["https:\/\/veritasinfo.org\/wp-content\/uploads\/2025\/08\/IMG_3258.jpeg",960,600,false],"kreeti-featured":["https:\/\/veritasinfo.org\/wp-content\/uploads\/2025\/08\/IMG_3258.jpeg",960,600,false],"kreeti-medium":["https:\/\/veritasinfo.org\/wp-content\/uploads\/2025\/08\/IMG_3258.jpeg",720,450,false],"kreeti-medium-square":["https:\/\/veritasinfo.org\/wp-content\/uploads\/2025\/08\/IMG_3258.jpeg",350,219,false]},"author_info":{"info":["admin"]},"category_info":"<a href=\"https:\/\/veritasinfo.org\/?cat=58\" rel=\"category\">Politik\u00eb<\/a>","tag_info":"Politik\u00eb","comment_count":"0","_links":{"self":[{"href":"https:\/\/veritasinfo.org\/index.php?rest_route=\/wp\/v2\/posts\/8617","targetHints":{"allow":["GET"]}}],"collection":[{"href":"https:\/\/veritasinfo.org\/index.php?rest_route=\/wp\/v2\/posts"}],"about":[{"href":"https:\/\/veritasinfo.org\/index.php?rest_route=\/wp\/v2\/types\/post"}],"author":[{"embeddable":true,"href":"https:\/\/veritasinfo.org\/index.php?rest_route=\/wp\/v2\/users\/1"}],"replies":[{"embeddable":true,"href":"https:\/\/veritasinfo.org\/index.php?rest_route=%2Fwp%2Fv2%2Fcomments&post=8617"}],"version-history":[{"count":1,"href":"https:\/\/veritasinfo.org\/index.php?rest_route=\/wp\/v2\/posts\/8617\/revisions"}],"predecessor-version":[{"id":8620,"href":"https:\/\/veritasinfo.org\/index.php?rest_route=\/wp\/v2\/posts\/8617\/revisions\/8620"}],"wp:featuredmedia":[{"embeddable":true,"href":"https:\/\/veritasinfo.org\/index.php?rest_route=\/wp\/v2\/media\/8622"}],"wp:attachment":[{"href":"https:\/\/veritasinfo.org\/index.php?rest_route=%2Fwp%2Fv2%2Fmedia&parent=8617"}],"wp:term":[{"taxonomy":"category","embeddable":true,"href":"https:\/\/veritasinfo.org\/index.php?rest_route=%2Fwp%2Fv2%2Fcategories&post=8617"},{"taxonomy":"post_tag","embeddable":true,"href":"https:\/\/veritasinfo.org\/index.php?rest_route=%2Fwp%2Fv2%2Ftags&post=8617"}],"curies":[{"name":"wp","href":"https:\/\/api.w.org\/{rel}","templated":true}]}}