{"id":8601,"date":"2025-08-18T21:59:26","date_gmt":"2025-08-18T19:59:26","guid":{"rendered":"https:\/\/veritasinfo.org\/?p=8601"},"modified":"2025-08-18T22:10:28","modified_gmt":"2025-08-18T20:10:28","slug":"zera-nga-meja-lush-krasniqi-rrefen-per-diten-e-tmerrit","status":"publish","type":"post","link":"https:\/\/veritasinfo.org\/?p=8601","title":{"rendered":"Rr\u00ebfimet e t\u00eb mbijetuarve nga Meja: Lush Krasniqi rr\u00ebfen p\u00ebr dit\u00ebn e tmerrit"},"content":{"rendered":"<h4 class=\"jeg_post_subtitle\">Pej\u00eb, 18 Gusht 2025<\/h4>\n<h4 class=\"jeg_post_subtitle\"><strong>I mbijetuari i masakr\u00ebs s\u00eb Mej\u00ebs, Lush Krasniqi, rr\u00ebfen p\u00ebr tmerrin q\u00eb p\u00ebrjetuan shqiptar\u00ebt nga forcat serbe n\u00eb prillin e vitit 1999. Gjat\u00eb k\u00ebsaj masakre, atij iu vran\u00eb dy v\u00ebllez\u00ebrit, Pashku dhe Marku, si edhe axha i tij, Pjetri. Sot, ai shprehet i zhg\u00ebnjyer me institucionet e vendit, t\u00eb cilat, sipas tij, po d\u00ebshtojn\u00eb n\u00eb dokumentimin e krimeve t\u00eb luft\u00ebs.<\/strong><\/h4>\n<p>Nj\u00eb pjes\u00eb t\u00eb sht\u00ebpis\u00eb s\u00eb tij, Lush Krasniqi e ka shnd\u00ebrruar n\u00eb muze kujtese.<\/p>\n<p>N\u00eb mesin e shum\u00eb sendeve, ai ruan edhe k\u00ebpuc\u00ebt e v\u00ebllez\u00ebrve t\u00eb tij, Pashkut dhe Markut, t\u00eb cil\u00ebt u vran\u00eb barbarisht nga forcat serbe gjat\u00eb masakr\u00ebs s\u00eb Mej\u00ebs.<\/p>\n<p>I mbijetuari i k\u00ebsaj masakre jeton me barr\u00ebn e kujtes\u00ebs p\u00ebr t\u00eb treguar tmerret q\u00eb shqiptar\u00ebt p\u00ebrjetuan m\u00eb 27 prill t\u00eb vitit 1999.<\/p>\n<p>\u201cD\u00ebshmitari ka menduar se do t\u2019i lironin v\u00ebllez\u00ebrit e mi, por prij\u00ebsi i forcave policore, q\u00eb ai e identifikon me nofk\u00ebn \u2018Markone\u2019, tha: \u2018I mori, i futi n\u00eb pyll\u2019 dhe pas dhjet\u00eb minutash d\u00ebgjoi t\u00eb sht\u00ebna. Kur u kthyen ekzekutuesit, ata dol\u00ebn duke qeshur e duke th\u00ebn\u00eb se kishin qen\u00eb shum\u00eb t\u00eb but\u00eb dhe t\u00eb ndersh\u00ebm me shqiptar\u00ebt \u201d, ka th\u00ebn\u00eb Krasniqi.<\/p>\n<p>Por, Lush Krasniqi nuk e fsheh zhg\u00ebnjimin q\u00eb ka edhe ndaj institucioneve t\u00eb vendit. Sipas tij, shteti dhe shoq\u00ebria kan\u00eb d\u00ebshtuar n\u00eb dokumentimin e krimeve t\u00eb luft\u00ebs.<\/p>\n<p>\u201cIu them me plot sinqeritet: kontrolloni t\u00eb gjitha arkivat e shtetit ton\u00eb, jan\u00eb t\u00eb mang\u00ebta dhe nuk do t\u00eb gjeni nj\u00eb statistik\u00eb t\u00eb plot\u00eb t\u00eb t\u00eb gjith\u00eb t\u00eb vrar\u00ebve n\u00eb luft\u00ebn e fundit n\u00eb Kosov\u00eb \u201d, u shpreh tutje Krasniqi<\/p>\n<p>N\u00eb masakr\u00ebn e Mej\u00ebs u ekzekutuan mbi 370 civil\u00eb shqiptar\u00eb nga forcat serbe, kryesisht burra e djem t\u00eb ndar\u00eb me dhun\u00eb nga familjet e tyre. Nd\u00ebrkoh\u00eb, shteti i Serbis\u00eb vazhdon t\u2019i mohoj\u00eb k\u00ebto krime.<\/p>\n","protected":false},"excerpt":{"rendered":"<p>Pej\u00eb, 18 Gusht 2025 I mbijetuari i masakr\u00ebs s\u00eb Mej\u00ebs, Lush Krasniqi, rr\u00ebfen p\u00ebr tmerrin q\u00eb p\u00ebrjetuan shqiptar\u00ebt nga forcat serbe n\u00eb prillin e vitit<\/p>\n","protected":false},"author":1,"featured_media":8603,"comment_status":"open","ping_status":"open","sticky":false,"template":"","format":"standard","meta":{"footnotes":""},"categories":[60],"tags":[],"class_list":["post-8601","post","type-post","status-publish","format-standard","has-post-thumbnail","hentry","category-shoqerore-sq"],"yoast_head":"<!-- This site is optimized with the Yoast SEO plugin v25.3.1 - https:\/\/yoast.com\/wordpress\/plugins\/seo\/ -->\n<title>Rr\u00ebfimet e t\u00eb mbijetuarve nga Meja: Lush Krasniqi rr\u00ebfen p\u00ebr dit\u00ebn e tmerrit -<\/title>\n<meta name=\"robots\" content=\"index, follow, max-snippet:-1, max-image-preview:large, max-video-preview:-1\" \/>\n<link rel=\"canonical\" href=\"https:\/\/veritasinfo.org\/?p=8601\" \/>\n<meta property=\"og:locale\" content=\"en_US\" \/>\n<meta property=\"og:type\" content=\"article\" \/>\n<meta property=\"og:title\" content=\"Rr\u00ebfimet e t\u00eb mbijetuarve nga Meja: Lush Krasniqi rr\u00ebfen p\u00ebr dit\u00ebn e tmerrit -\" \/>\n<meta property=\"og:description\" content=\"Pej\u00eb, 18 Gusht 2025 I mbijetuari i masakr\u00ebs s\u00eb Mej\u00ebs, Lush Krasniqi, rr\u00ebfen p\u00ebr tmerrin q\u00eb p\u00ebrjetuan shqiptar\u00ebt nga forcat serbe n\u00eb prillin e vitit\" \/>\n<meta property=\"og:url\" content=\"https:\/\/veritasinfo.org\/?p=8601\" \/>\n<meta property=\"article:published_time\" content=\"2025-08-18T19:59:26+00:00\" \/>\n<meta property=\"article:modified_time\" content=\"2025-08-18T20:10:28+00:00\" \/>\n<meta property=\"og:image\" content=\"https:\/\/veritasinfo.org\/wp-content\/uploads\/2025\/08\/IMG_2615.jpeg\" \/>\n\t<meta property=\"og:image:width\" content=\"1590\" \/>\n\t<meta property=\"og:image:height\" content=\"894\" \/>\n\t<meta property=\"og:image:type\" content=\"image\/jpeg\" \/>\n<meta name=\"author\" content=\"admin\" \/>\n<meta name=\"twitter:card\" content=\"summary_large_image\" \/>\n<meta name=\"twitter:label1\" content=\"Written by\" \/>\n\t<meta name=\"twitter:data1\" content=\"admin\" \/>\n\t<meta name=\"twitter:label2\" content=\"Est. reading time\" \/>\n\t<meta name=\"twitter:data2\" content=\"2 minutes\" \/>\n<script type=\"application\/ld+json\" class=\"yoast-schema-graph\">{\"@context\":\"https:\/\/schema.org\",\"@graph\":[{\"@type\":\"WebPage\",\"@id\":\"https:\/\/veritasinfo.org\/?p=8601\",\"url\":\"https:\/\/veritasinfo.org\/?p=8601\",\"name\":\"Rr\u00ebfimet e t\u00eb mbijetuarve nga Meja: Lush Krasniqi rr\u00ebfen p\u00ebr dit\u00ebn e tmerrit -\",\"isPartOf\":{\"@id\":\"https:\/\/veritasinfo.org\/#website\"},\"primaryImageOfPage\":{\"@id\":\"https:\/\/veritasinfo.org\/?p=8601#primaryimage\"},\"image\":{\"@id\":\"https:\/\/veritasinfo.org\/?p=8601#primaryimage\"},\"thumbnailUrl\":\"https:\/\/veritasinfo.org\/wp-content\/uploads\/2025\/08\/IMG_2615.jpeg\",\"datePublished\":\"2025-08-18T19:59:26+00:00\",\"dateModified\":\"2025-08-18T20:10:28+00:00\",\"author\":{\"@id\":\"https:\/\/veritasinfo.org\/#\/schema\/person\/7701f8c088bece422266b100a712374f\"},\"breadcrumb\":{\"@id\":\"https:\/\/veritasinfo.org\/?p=8601#breadcrumb\"},\"inLanguage\":\"en-US\",\"potentialAction\":[{\"@type\":\"ReadAction\",\"target\":[\"https:\/\/veritasinfo.org\/?p=8601\"]}]},{\"@type\":\"ImageObject\",\"inLanguage\":\"en-US\",\"@id\":\"https:\/\/veritasinfo.org\/?p=8601#primaryimage\",\"url\":\"https:\/\/veritasinfo.org\/wp-content\/uploads\/2025\/08\/IMG_2615.jpeg\",\"contentUrl\":\"https:\/\/veritasinfo.org\/wp-content\/uploads\/2025\/08\/IMG_2615.jpeg\",\"width\":1590,\"height\":894},{\"@type\":\"BreadcrumbList\",\"@id\":\"https:\/\/veritasinfo.org\/?p=8601#breadcrumb\",\"itemListElement\":[{\"@type\":\"ListItem\",\"position\":1,\"name\":\"Home\",\"item\":\"https:\/\/veritasinfo.org\/\"},{\"@type\":\"ListItem\",\"position\":2,\"name\":\"Rr\u00ebfimet e t\u00eb mbijetuarve nga Meja: Lush Krasniqi rr\u00ebfen p\u00ebr dit\u00ebn e tmerrit\"}]},{\"@type\":\"WebSite\",\"@id\":\"https:\/\/veritasinfo.org\/#website\",\"url\":\"https:\/\/veritasinfo.org\/\",\"name\":\"\",\"description\":\"\",\"potentialAction\":[{\"@type\":\"SearchAction\",\"target\":{\"@type\":\"EntryPoint\",\"urlTemplate\":\"https:\/\/veritasinfo.org\/?s={search_term_string}\"},\"query-input\":{\"@type\":\"PropertyValueSpecification\",\"valueRequired\":true,\"valueName\":\"search_term_string\"}}],\"inLanguage\":\"en-US\"},{\"@type\":\"Person\",\"@id\":\"https:\/\/veritasinfo.org\/#\/schema\/person\/7701f8c088bece422266b100a712374f\",\"name\":\"admin\",\"image\":{\"@type\":\"ImageObject\",\"inLanguage\":\"en-US\",\"@id\":\"https:\/\/veritasinfo.org\/#\/schema\/person\/image\/\",\"url\":\"https:\/\/secure.gravatar.com\/avatar\/ea53aa3bf6c9a12d5fde8ce4deff43fef3885ae33cf60184161a50d6987cfd2f?s=96&d=mm&r=g\",\"contentUrl\":\"https:\/\/secure.gravatar.com\/avatar\/ea53aa3bf6c9a12d5fde8ce4deff43fef3885ae33cf60184161a50d6987cfd2f?s=96&d=mm&r=g\",\"caption\":\"admin\"},\"sameAs\":[\"https:\/\/veritasinfo.org\"],\"url\":\"https:\/\/veritasinfo.org\/?author=1\"}]}<\/script>\n<!-- \/ Yoast SEO plugin. -->","yoast_head_json":{"title":"Rr\u00ebfimet e t\u00eb mbijetuarve nga Meja: Lush Krasniqi rr\u00ebfen p\u00ebr dit\u00ebn e tmerrit -","robots":{"index":"index","follow":"follow","max-snippet":"max-snippet:-1","max-image-preview":"max-image-preview:large","max-video-preview":"max-video-preview:-1"},"canonical":"https:\/\/veritasinfo.org\/?p=8601","og_locale":"en_US","og_type":"article","og_title":"Rr\u00ebfimet e t\u00eb mbijetuarve nga Meja: Lush Krasniqi rr\u00ebfen p\u00ebr dit\u00ebn e tmerrit -","og_description":"Pej\u00eb, 18 Gusht 2025 I mbijetuari i masakr\u00ebs s\u00eb Mej\u00ebs, Lush Krasniqi, rr\u00ebfen p\u00ebr tmerrin q\u00eb p\u00ebrjetuan shqiptar\u00ebt nga forcat serbe n\u00eb prillin e vitit","og_url":"https:\/\/veritasinfo.org\/?p=8601","article_published_time":"2025-08-18T19:59:26+00:00","article_modified_time":"2025-08-18T20:10:28+00:00","og_image":[{"width":1590,"height":894,"url":"https:\/\/veritasinfo.org\/wp-content\/uploads\/2025\/08\/IMG_2615.jpeg","type":"image\/jpeg"}],"author":"admin","twitter_card":"summary_large_image","twitter_misc":{"Written by":"admin","Est. reading time":"2 minutes"},"schema":{"@context":"https:\/\/schema.org","@graph":[{"@type":"WebPage","@id":"https:\/\/veritasinfo.org\/?p=8601","url":"https:\/\/veritasinfo.org\/?p=8601","name":"Rr\u00ebfimet e t\u00eb mbijetuarve nga Meja: Lush Krasniqi rr\u00ebfen p\u00ebr dit\u00ebn e tmerrit -","isPartOf":{"@id":"https:\/\/veritasinfo.org\/#website"},"primaryImageOfPage":{"@id":"https:\/\/veritasinfo.org\/?p=8601#primaryimage"},"image":{"@id":"https:\/\/veritasinfo.org\/?p=8601#primaryimage"},"thumbnailUrl":"https:\/\/veritasinfo.org\/wp-content\/uploads\/2025\/08\/IMG_2615.jpeg","datePublished":"2025-08-18T19:59:26+00:00","dateModified":"2025-08-18T20:10:28+00:00","author":{"@id":"https:\/\/veritasinfo.org\/#\/schema\/person\/7701f8c088bece422266b100a712374f"},"breadcrumb":{"@id":"https:\/\/veritasinfo.org\/?p=8601#breadcrumb"},"inLanguage":"en-US","potentialAction":[{"@type":"ReadAction","target":["https:\/\/veritasinfo.org\/?p=8601"]}]},{"@type":"ImageObject","inLanguage":"en-US","@id":"https:\/\/veritasinfo.org\/?p=8601#primaryimage","url":"https:\/\/veritasinfo.org\/wp-content\/uploads\/2025\/08\/IMG_2615.jpeg","contentUrl":"https:\/\/veritasinfo.org\/wp-content\/uploads\/2025\/08\/IMG_2615.jpeg","width":1590,"height":894},{"@type":"BreadcrumbList","@id":"https:\/\/veritasinfo.org\/?p=8601#breadcrumb","itemListElement":[{"@type":"ListItem","position":1,"name":"Home","item":"https:\/\/veritasinfo.org\/"},{"@type":"ListItem","position":2,"name":"Rr\u00ebfimet e t\u00eb mbijetuarve nga Meja: Lush Krasniqi rr\u00ebfen p\u00ebr dit\u00ebn e tmerrit"}]},{"@type":"WebSite","@id":"https:\/\/veritasinfo.org\/#website","url":"https:\/\/veritasinfo.org\/","name":"","description":"","potentialAction":[{"@type":"SearchAction","target":{"@type":"EntryPoint","urlTemplate":"https:\/\/veritasinfo.org\/?s={search_term_string}"},"query-input":{"@type":"PropertyValueSpecification","valueRequired":true,"valueName":"search_term_string"}}],"inLanguage":"en-US"},{"@type":"Person","@id":"https:\/\/veritasinfo.org\/#\/schema\/person\/7701f8c088bece422266b100a712374f","name":"admin","image":{"@type":"ImageObject","inLanguage":"en-US","@id":"https:\/\/veritasinfo.org\/#\/schema\/person\/image\/","url":"https:\/\/secure.gravatar.com\/avatar\/ea53aa3bf6c9a12d5fde8ce4deff43fef3885ae33cf60184161a50d6987cfd2f?s=96&d=mm&r=g","contentUrl":"https:\/\/secure.gravatar.com\/avatar\/ea53aa3bf6c9a12d5fde8ce4deff43fef3885ae33cf60184161a50d6987cfd2f?s=96&d=mm&r=g","caption":"admin"},"sameAs":["https:\/\/veritasinfo.org"],"url":"https:\/\/veritasinfo.org\/?author=1"}]}},"featured_image_urls":{"full":["https:\/\/veritasinfo.org\/wp-content\/uploads\/2025\/08\/IMG_2615.jpeg",1590,894,false],"thumbnail":["https:\/\/veritasinfo.org\/wp-content\/uploads\/2025\/08\/IMG_2615-150x150.jpeg",150,150,true],"medium":["https:\/\/veritasinfo.org\/wp-content\/uploads\/2025\/08\/IMG_2615-300x169.jpeg",300,169,true],"medium_large":["https:\/\/veritasinfo.org\/wp-content\/uploads\/2025\/08\/IMG_2615-768x432.jpeg",640,360,true],"large":["https:\/\/veritasinfo.org\/wp-content\/uploads\/2025\/08\/IMG_2615-1024x576.jpeg",640,360,true],"1536x1536":["https:\/\/veritasinfo.org\/wp-content\/uploads\/2025\/08\/IMG_2615-1536x864.jpeg",1536,864,true],"2048x2048":["https:\/\/veritasinfo.org\/wp-content\/uploads\/2025\/08\/IMG_2615.jpeg",1590,894,false],"kreeti-slider-full":["https:\/\/veritasinfo.org\/wp-content\/uploads\/2025\/08\/IMG_2615.jpeg",1280,720,false],"kreeti-featured":["https:\/\/veritasinfo.org\/wp-content\/uploads\/2025\/08\/IMG_2615.jpeg",1024,576,false],"kreeti-medium":["https:\/\/veritasinfo.org\/wp-content\/uploads\/2025\/08\/IMG_2615.jpeg",720,405,false],"kreeti-medium-square":["https:\/\/veritasinfo.org\/wp-content\/uploads\/2025\/08\/IMG_2615.jpeg",350,197,false]},"author_info":{"info":["admin"]},"category_info":"<a href=\"https:\/\/veritasinfo.org\/?cat=60\" rel=\"category\">Shoq\u00ebrore<\/a>","tag_info":"Shoq\u00ebrore","comment_count":"0","_links":{"self":[{"href":"https:\/\/veritasinfo.org\/index.php?rest_route=\/wp\/v2\/posts\/8601","targetHints":{"allow":["GET"]}}],"collection":[{"href":"https:\/\/veritasinfo.org\/index.php?rest_route=\/wp\/v2\/posts"}],"about":[{"href":"https:\/\/veritasinfo.org\/index.php?rest_route=\/wp\/v2\/types\/post"}],"author":[{"embeddable":true,"href":"https:\/\/veritasinfo.org\/index.php?rest_route=\/wp\/v2\/users\/1"}],"replies":[{"embeddable":true,"href":"https:\/\/veritasinfo.org\/index.php?rest_route=%2Fwp%2Fv2%2Fcomments&post=8601"}],"version-history":[{"count":3,"href":"https:\/\/veritasinfo.org\/index.php?rest_route=\/wp\/v2\/posts\/8601\/revisions"}],"predecessor-version":[{"id":8607,"href":"https:\/\/veritasinfo.org\/index.php?rest_route=\/wp\/v2\/posts\/8601\/revisions\/8607"}],"wp:featuredmedia":[{"embeddable":true,"href":"https:\/\/veritasinfo.org\/index.php?rest_route=\/wp\/v2\/media\/8603"}],"wp:attachment":[{"href":"https:\/\/veritasinfo.org\/index.php?rest_route=%2Fwp%2Fv2%2Fmedia&parent=8601"}],"wp:term":[{"taxonomy":"category","embeddable":true,"href":"https:\/\/veritasinfo.org\/index.php?rest_route=%2Fwp%2Fv2%2Fcategories&post=8601"},{"taxonomy":"post_tag","embeddable":true,"href":"https:\/\/veritasinfo.org\/index.php?rest_route=%2Fwp%2Fv2%2Ftags&post=8601"}],"curies":[{"name":"wp","href":"https:\/\/api.w.org\/{rel}","templated":true}]}}