{"id":8595,"date":"2025-08-18T20:28:35","date_gmt":"2025-08-18T18:28:35","guid":{"rendered":"https:\/\/veritasinfo.org\/?p=8595"},"modified":"2025-08-18T20:28:35","modified_gmt":"2025-08-18T18:28:35","slug":"intervistohen-kreret-e-ls-se-per-rastin-e-barrikadave-per-rakiqin-dhe-11-te-tjere-kerkohet-urdher-arrest","status":"publish","type":"post","link":"https:\/\/veritasinfo.org\/?p=8595","title":{"rendered":"Intervistohen krer\u00ebt e LS-s\u00eb p\u00ebr rastin e barrikadave, p\u00ebr Rakiqin dhe 11 t\u00eb tjer\u00eb k\u00ebrkohet urdh\u00ebr-arrest"},"content":{"rendered":"<p>Prishtin\u00eb, 18 Gusht 2025<\/p>\n<p><strong>Prokuroria Speciale ka k\u00ebrkuar urdh\u00ebrarrest ndaj ish-kryetarit t\u00eb List\u00ebs Serbe, Goran Rakiqit. Sipas prokuroris\u00eb q\u00eb po e hetonte at\u00eb si t\u00eb dyshuar n\u00eb rastin e barrikadave t\u00eb 2022-\u00ebs, ai fillimisht \u00ebsht\u00eb arsyetuar se s\u2019mund t\u00eb shkoj\u00eb n\u00eb prokuori p\u00ebr shkaqe sh\u00ebndet\u00ebsore. Prokuroria ka k\u00ebrkuar urdh\u00ebrarrest edhe ndaj 11 personave t\u00eb tjer\u00eb.<\/strong><\/p>\n<p>Prokuroria Speciale i ka parashtruar k\u00ebrkes\u00eb Gjykat\u00ebs Themelore n\u00eb Prishtin\u00eb p\u00ebr urdh\u00ebr arrest ndaj Goran Rakiqit, ish-kryetarit t\u00eb List\u00ebs Serbe, p\u00ebr rastin e barrikadave t\u00eb 2022-s n\u00eb veri.<\/p>\n<p>P\u00ebr k\u00ebt\u00eb rast, ashtu si\u00e7 pati paralajm\u00ebruar deputeti i List\u00ebs Serbe, Igor Simiq, p\u00ebrfaq\u00ebsuesit e List\u00ebs Serbe iu p\u00ebrgjigjen thirrjes p\u00ebr intervistim.<\/p>\n<p>Z\u00ebdh\u00ebn\u00ebsja e Prokuroris\u00eb Speciale, Arbnora Luta, ka konfirmuar se tashm\u00eb jan\u00eb intervistuar kryetari aktual i LS-s\u00eb, Zlatan Eleku si dhe deputet\u00ebt Slavko dhe Igor Simiq.<\/p>\n<p>Por, Goran Rakiqi, tash deputet n\u00eb Kuvendin e Serbis\u00eb nga radh\u00ebt e SNS-s\u00eb, nuk u \u00ebsht\u00eb p\u00ebrgjigjur ftesave p\u00ebr intervsitim<br \/>\n\u201cProkuroria Speciale \u00ebsht\u00eb duke e hetuar rastin e vendosjes s\u00eb barrikadave n\u00eb kat\u00ebr komunat n\u00eb pjes\u00ebn veriore t\u00eb Republik\u00ebs s\u00eb Kosov\u00ebs. N\u00eb kuad\u00ebr t\u00eb zhvillimit t\u00eb k\u00ebtyre hetimeve, PSRK i ka nd\u00ebrmarr\u00eb dhe \u00ebsht\u00eb duke i nd\u00ebrmarr\u00eb t\u00eb gjitha veprimet e nevojshme hetimore, p\u00ebrfshir\u00eb intervistimin e t\u00eb pandehurve n\u00eb k\u00ebt\u00eb rast penal. Tashm\u00eb ka p\u00ebrfunduar intervistimi edhe i t\u00eb pandehurve S.S, I.S., dhe Z.E. Nd\u00ebrsa, sa i p\u00ebrket intervistimit t\u00eb G.R., i nj\u00ebjti \u00ebsht\u00eb ftuar tri her\u00eb, por nuk \u00ebsht\u00eb paraqitur, fillimisht duke arsyetuar munges\u00ebn me probleme sh\u00ebndet\u00ebsore, nd\u00ebrsa p\u00ebr dy ftesat e tjera nuk ka dh\u00ebn\u00eb ndonj\u00eb arsyetim\u201d, ka th\u00ebn\u00eb Luta.<br \/>\nPor, urdh\u00ebrarrest, si\u00e7 ka b\u00ebr\u00eb ditur prokuroria, \u00ebsht\u00eb k\u00ebrkuar edhe ndaj 11 personave t\u00eb tjer\u00ebve.\u00a0\u00a0\u2028\u201cAndaj, me q\u00ebllim t\u00eb sigurimit t\u00eb prezenc\u00ebs s\u00eb G.R, Prokuroria Speciale e Republik\u00ebs s\u00eb Kosov\u00ebs ka parashtruar k\u00ebrkes\u00eb n\u00eb Gjykat\u00ebn Themelore t\u00eb Prishtin\u00ebs p\u00ebr l\u00ebshimin e urdh\u00ebrarrestit ndaj tij. Si\u00e7 jeni n\u00eb dijeni n\u00eb kuad\u00ebr t\u00eb hetimeve q\u00eb PSRK, \u00ebsht\u00eb duke i zhvilluar n\u00eb rastin e barrikadave n\u00eb vitin 2022, p\u00ebr veprat penale: pengim i personit zyrtar n\u00eb kryerjen e detyrave zyrtare, thirrje p\u00ebr rezistenc\u00eb dhe bashkimi p\u00ebr veprimtari kund\u00ebr kushtetuese, ka k\u00ebrkuar urdh\u00ebr-arrest edhe ndaj 11 personave t\u00eb tjer\u00eb\u201d, ka shtuar Luta.<\/p>\n<p>Goran Rakiqi n\u00eb koh\u00ebn e barrikadave ishte deputet dhe kryetar i List\u00ebs Serbe.<\/p>\n<p>N\u00eb t\u00eb nj\u00ebjt\u00ebn koh\u00eb ai ishte zyrtarisht drejtor edhe n\u00eb nd\u00ebrmarrjen publike t\u00eb mbeturinave \u201cJKP Standard\u201d.<\/p>\n<p>Kamion\u00ebt e mbeturinave t\u00eb k\u00ebsaj nd\u00ebrmarrjeje ishin disa nga automjetet q\u00eb p\u00ebrdoreshin p\u00ebr ta bllokuar l\u00ebvizjen.<\/p>\n","protected":false},"excerpt":{"rendered":"<p>Prishtin\u00eb, 18 Gusht 2025 Prokuroria Speciale ka k\u00ebrkuar urdh\u00ebrarrest ndaj ish-kryetarit t\u00eb List\u00ebs Serbe, Goran Rakiqit. Sipas prokuroris\u00eb q\u00eb po e hetonte at\u00eb si t\u00eb<\/p>\n","protected":false},"author":1,"featured_media":8596,"comment_status":"open","ping_status":"open","sticky":false,"template":"","format":"standard","meta":{"footnotes":""},"categories":[60],"tags":[],"class_list":["post-8595","post","type-post","status-publish","format-standard","has-post-thumbnail","hentry","category-shoqerore-sq"],"yoast_head":"<!-- This site is optimized with the Yoast SEO plugin v25.3.1 - https:\/\/yoast.com\/wordpress\/plugins\/seo\/ -->\n<title>Intervistohen krer\u00ebt e LS-s\u00eb p\u00ebr rastin e barrikadave, p\u00ebr Rakiqin dhe 11 t\u00eb tjer\u00eb k\u00ebrkohet urdh\u00ebr-arrest -<\/title>\n<meta name=\"robots\" content=\"index, follow, max-snippet:-1, max-image-preview:large, max-video-preview:-1\" \/>\n<link rel=\"canonical\" href=\"https:\/\/veritasinfo.org\/?p=8595\" \/>\n<meta property=\"og:locale\" content=\"en_US\" \/>\n<meta property=\"og:type\" content=\"article\" \/>\n<meta property=\"og:title\" content=\"Intervistohen krer\u00ebt e LS-s\u00eb p\u00ebr rastin e barrikadave, p\u00ebr Rakiqin dhe 11 t\u00eb tjer\u00eb k\u00ebrkohet urdh\u00ebr-arrest -\" \/>\n<meta property=\"og:description\" content=\"Prishtin\u00eb, 18 Gusht 2025 Prokuroria Speciale ka k\u00ebrkuar urdh\u00ebrarrest ndaj ish-kryetarit t\u00eb List\u00ebs Serbe, Goran Rakiqit. Sipas prokuroris\u00eb q\u00eb po e hetonte at\u00eb si t\u00eb\" \/>\n<meta property=\"og:url\" content=\"https:\/\/veritasinfo.org\/?p=8595\" \/>\n<meta property=\"article:published_time\" content=\"2025-08-18T18:28:35+00:00\" \/>\n<meta property=\"og:image\" content=\"https:\/\/veritasinfo.org\/wp-content\/uploads\/2025\/08\/ls.webp\" \/>\n\t<meta property=\"og:image:width\" content=\"900\" \/>\n\t<meta property=\"og:image:height\" content=\"600\" \/>\n\t<meta property=\"og:image:type\" content=\"image\/webp\" \/>\n<meta name=\"author\" content=\"admin\" \/>\n<meta name=\"twitter:card\" content=\"summary_large_image\" \/>\n<meta name=\"twitter:label1\" content=\"Written by\" \/>\n\t<meta name=\"twitter:data1\" content=\"admin\" \/>\n\t<meta name=\"twitter:label2\" content=\"Est. reading time\" \/>\n\t<meta name=\"twitter:data2\" content=\"2 minutes\" \/>\n<script type=\"application\/ld+json\" class=\"yoast-schema-graph\">{\"@context\":\"https:\/\/schema.org\",\"@graph\":[{\"@type\":\"WebPage\",\"@id\":\"https:\/\/veritasinfo.org\/?p=8595\",\"url\":\"https:\/\/veritasinfo.org\/?p=8595\",\"name\":\"Intervistohen krer\u00ebt e LS-s\u00eb p\u00ebr rastin e barrikadave, p\u00ebr Rakiqin dhe 11 t\u00eb tjer\u00eb k\u00ebrkohet urdh\u00ebr-arrest -\",\"isPartOf\":{\"@id\":\"https:\/\/veritasinfo.org\/#website\"},\"primaryImageOfPage\":{\"@id\":\"https:\/\/veritasinfo.org\/?p=8595#primaryimage\"},\"image\":{\"@id\":\"https:\/\/veritasinfo.org\/?p=8595#primaryimage\"},\"thumbnailUrl\":\"https:\/\/veritasinfo.org\/wp-content\/uploads\/2025\/08\/ls.webp\",\"datePublished\":\"2025-08-18T18:28:35+00:00\",\"author\":{\"@id\":\"https:\/\/veritasinfo.org\/#\/schema\/person\/7701f8c088bece422266b100a712374f\"},\"breadcrumb\":{\"@id\":\"https:\/\/veritasinfo.org\/?p=8595#breadcrumb\"},\"inLanguage\":\"en-US\",\"potentialAction\":[{\"@type\":\"ReadAction\",\"target\":[\"https:\/\/veritasinfo.org\/?p=8595\"]}]},{\"@type\":\"ImageObject\",\"inLanguage\":\"en-US\",\"@id\":\"https:\/\/veritasinfo.org\/?p=8595#primaryimage\",\"url\":\"https:\/\/veritasinfo.org\/wp-content\/uploads\/2025\/08\/ls.webp\",\"contentUrl\":\"https:\/\/veritasinfo.org\/wp-content\/uploads\/2025\/08\/ls.webp\",\"width\":900,\"height\":600},{\"@type\":\"BreadcrumbList\",\"@id\":\"https:\/\/veritasinfo.org\/?p=8595#breadcrumb\",\"itemListElement\":[{\"@type\":\"ListItem\",\"position\":1,\"name\":\"Home\",\"item\":\"https:\/\/veritasinfo.org\/\"},{\"@type\":\"ListItem\",\"position\":2,\"name\":\"Intervistohen krer\u00ebt e LS-s\u00eb p\u00ebr rastin e barrikadave, p\u00ebr Rakiqin dhe 11 t\u00eb tjer\u00eb k\u00ebrkohet urdh\u00ebr-arrest\"}]},{\"@type\":\"WebSite\",\"@id\":\"https:\/\/veritasinfo.org\/#website\",\"url\":\"https:\/\/veritasinfo.org\/\",\"name\":\"\",\"description\":\"\",\"potentialAction\":[{\"@type\":\"SearchAction\",\"target\":{\"@type\":\"EntryPoint\",\"urlTemplate\":\"https:\/\/veritasinfo.org\/?s={search_term_string}\"},\"query-input\":{\"@type\":\"PropertyValueSpecification\",\"valueRequired\":true,\"valueName\":\"search_term_string\"}}],\"inLanguage\":\"en-US\"},{\"@type\":\"Person\",\"@id\":\"https:\/\/veritasinfo.org\/#\/schema\/person\/7701f8c088bece422266b100a712374f\",\"name\":\"admin\",\"image\":{\"@type\":\"ImageObject\",\"inLanguage\":\"en-US\",\"@id\":\"https:\/\/veritasinfo.org\/#\/schema\/person\/image\/\",\"url\":\"https:\/\/secure.gravatar.com\/avatar\/ea53aa3bf6c9a12d5fde8ce4deff43fef3885ae33cf60184161a50d6987cfd2f?s=96&d=mm&r=g\",\"contentUrl\":\"https:\/\/secure.gravatar.com\/avatar\/ea53aa3bf6c9a12d5fde8ce4deff43fef3885ae33cf60184161a50d6987cfd2f?s=96&d=mm&r=g\",\"caption\":\"admin\"},\"sameAs\":[\"https:\/\/veritasinfo.org\"],\"url\":\"https:\/\/veritasinfo.org\/?author=1\"}]}<\/script>\n<!-- \/ Yoast SEO plugin. -->","yoast_head_json":{"title":"Intervistohen krer\u00ebt e LS-s\u00eb p\u00ebr rastin e barrikadave, p\u00ebr Rakiqin dhe 11 t\u00eb tjer\u00eb k\u00ebrkohet urdh\u00ebr-arrest -","robots":{"index":"index","follow":"follow","max-snippet":"max-snippet:-1","max-image-preview":"max-image-preview:large","max-video-preview":"max-video-preview:-1"},"canonical":"https:\/\/veritasinfo.org\/?p=8595","og_locale":"en_US","og_type":"article","og_title":"Intervistohen krer\u00ebt e LS-s\u00eb p\u00ebr rastin e barrikadave, p\u00ebr Rakiqin dhe 11 t\u00eb tjer\u00eb k\u00ebrkohet urdh\u00ebr-arrest -","og_description":"Prishtin\u00eb, 18 Gusht 2025 Prokuroria Speciale ka k\u00ebrkuar urdh\u00ebrarrest ndaj ish-kryetarit t\u00eb List\u00ebs Serbe, Goran Rakiqit. Sipas prokuroris\u00eb q\u00eb po e hetonte at\u00eb si t\u00eb","og_url":"https:\/\/veritasinfo.org\/?p=8595","article_published_time":"2025-08-18T18:28:35+00:00","og_image":[{"width":900,"height":600,"url":"https:\/\/veritasinfo.org\/wp-content\/uploads\/2025\/08\/ls.webp","type":"image\/webp"}],"author":"admin","twitter_card":"summary_large_image","twitter_misc":{"Written by":"admin","Est. reading time":"2 minutes"},"schema":{"@context":"https:\/\/schema.org","@graph":[{"@type":"WebPage","@id":"https:\/\/veritasinfo.org\/?p=8595","url":"https:\/\/veritasinfo.org\/?p=8595","name":"Intervistohen krer\u00ebt e LS-s\u00eb p\u00ebr rastin e barrikadave, p\u00ebr Rakiqin dhe 11 t\u00eb tjer\u00eb k\u00ebrkohet urdh\u00ebr-arrest -","isPartOf":{"@id":"https:\/\/veritasinfo.org\/#website"},"primaryImageOfPage":{"@id":"https:\/\/veritasinfo.org\/?p=8595#primaryimage"},"image":{"@id":"https:\/\/veritasinfo.org\/?p=8595#primaryimage"},"thumbnailUrl":"https:\/\/veritasinfo.org\/wp-content\/uploads\/2025\/08\/ls.webp","datePublished":"2025-08-18T18:28:35+00:00","author":{"@id":"https:\/\/veritasinfo.org\/#\/schema\/person\/7701f8c088bece422266b100a712374f"},"breadcrumb":{"@id":"https:\/\/veritasinfo.org\/?p=8595#breadcrumb"},"inLanguage":"en-US","potentialAction":[{"@type":"ReadAction","target":["https:\/\/veritasinfo.org\/?p=8595"]}]},{"@type":"ImageObject","inLanguage":"en-US","@id":"https:\/\/veritasinfo.org\/?p=8595#primaryimage","url":"https:\/\/veritasinfo.org\/wp-content\/uploads\/2025\/08\/ls.webp","contentUrl":"https:\/\/veritasinfo.org\/wp-content\/uploads\/2025\/08\/ls.webp","width":900,"height":600},{"@type":"BreadcrumbList","@id":"https:\/\/veritasinfo.org\/?p=8595#breadcrumb","itemListElement":[{"@type":"ListItem","position":1,"name":"Home","item":"https:\/\/veritasinfo.org\/"},{"@type":"ListItem","position":2,"name":"Intervistohen krer\u00ebt e LS-s\u00eb p\u00ebr rastin e barrikadave, p\u00ebr Rakiqin dhe 11 t\u00eb tjer\u00eb k\u00ebrkohet urdh\u00ebr-arrest"}]},{"@type":"WebSite","@id":"https:\/\/veritasinfo.org\/#website","url":"https:\/\/veritasinfo.org\/","name":"","description":"","potentialAction":[{"@type":"SearchAction","target":{"@type":"EntryPoint","urlTemplate":"https:\/\/veritasinfo.org\/?s={search_term_string}"},"query-input":{"@type":"PropertyValueSpecification","valueRequired":true,"valueName":"search_term_string"}}],"inLanguage":"en-US"},{"@type":"Person","@id":"https:\/\/veritasinfo.org\/#\/schema\/person\/7701f8c088bece422266b100a712374f","name":"admin","image":{"@type":"ImageObject","inLanguage":"en-US","@id":"https:\/\/veritasinfo.org\/#\/schema\/person\/image\/","url":"https:\/\/secure.gravatar.com\/avatar\/ea53aa3bf6c9a12d5fde8ce4deff43fef3885ae33cf60184161a50d6987cfd2f?s=96&d=mm&r=g","contentUrl":"https:\/\/secure.gravatar.com\/avatar\/ea53aa3bf6c9a12d5fde8ce4deff43fef3885ae33cf60184161a50d6987cfd2f?s=96&d=mm&r=g","caption":"admin"},"sameAs":["https:\/\/veritasinfo.org"],"url":"https:\/\/veritasinfo.org\/?author=1"}]}},"featured_image_urls":{"full":["https:\/\/veritasinfo.org\/wp-content\/uploads\/2025\/08\/ls.webp",900,600,false],"thumbnail":["https:\/\/veritasinfo.org\/wp-content\/uploads\/2025\/08\/ls-150x150.webp",150,150,true],"medium":["https:\/\/veritasinfo.org\/wp-content\/uploads\/2025\/08\/ls-300x200.webp",300,200,true],"medium_large":["https:\/\/veritasinfo.org\/wp-content\/uploads\/2025\/08\/ls-768x512.webp",640,427,true],"large":["https:\/\/veritasinfo.org\/wp-content\/uploads\/2025\/08\/ls.webp",640,427,false],"1536x1536":["https:\/\/veritasinfo.org\/wp-content\/uploads\/2025\/08\/ls.webp",900,600,false],"2048x2048":["https:\/\/veritasinfo.org\/wp-content\/uploads\/2025\/08\/ls.webp",900,600,false],"kreeti-slider-full":["https:\/\/veritasinfo.org\/wp-content\/uploads\/2025\/08\/ls.webp",900,600,false],"kreeti-featured":["https:\/\/veritasinfo.org\/wp-content\/uploads\/2025\/08\/ls.webp",900,600,false],"kreeti-medium":["https:\/\/veritasinfo.org\/wp-content\/uploads\/2025\/08\/ls.webp",720,480,false],"kreeti-medium-square":["https:\/\/veritasinfo.org\/wp-content\/uploads\/2025\/08\/ls.webp",350,233,false]},"author_info":{"info":["admin"]},"category_info":"<a href=\"https:\/\/veritasinfo.org\/?cat=60\" rel=\"category\">Shoq\u00ebrore<\/a>","tag_info":"Shoq\u00ebrore","comment_count":"0","_links":{"self":[{"href":"https:\/\/veritasinfo.org\/index.php?rest_route=\/wp\/v2\/posts\/8595","targetHints":{"allow":["GET"]}}],"collection":[{"href":"https:\/\/veritasinfo.org\/index.php?rest_route=\/wp\/v2\/posts"}],"about":[{"href":"https:\/\/veritasinfo.org\/index.php?rest_route=\/wp\/v2\/types\/post"}],"author":[{"embeddable":true,"href":"https:\/\/veritasinfo.org\/index.php?rest_route=\/wp\/v2\/users\/1"}],"replies":[{"embeddable":true,"href":"https:\/\/veritasinfo.org\/index.php?rest_route=%2Fwp%2Fv2%2Fcomments&post=8595"}],"version-history":[{"count":1,"href":"https:\/\/veritasinfo.org\/index.php?rest_route=\/wp\/v2\/posts\/8595\/revisions"}],"predecessor-version":[{"id":8597,"href":"https:\/\/veritasinfo.org\/index.php?rest_route=\/wp\/v2\/posts\/8595\/revisions\/8597"}],"wp:featuredmedia":[{"embeddable":true,"href":"https:\/\/veritasinfo.org\/index.php?rest_route=\/wp\/v2\/media\/8596"}],"wp:attachment":[{"href":"https:\/\/veritasinfo.org\/index.php?rest_route=%2Fwp%2Fv2%2Fmedia&parent=8595"}],"wp:term":[{"taxonomy":"category","embeddable":true,"href":"https:\/\/veritasinfo.org\/index.php?rest_route=%2Fwp%2Fv2%2Fcategories&post=8595"},{"taxonomy":"post_tag","embeddable":true,"href":"https:\/\/veritasinfo.org\/index.php?rest_route=%2Fwp%2Fv2%2Ftags&post=8595"}],"curies":[{"name":"wp","href":"https:\/\/api.w.org\/{rel}","templated":true}]}}