{"id":859,"date":"2025-06-17T15:18:19","date_gmt":"2025-06-17T13:18:19","guid":{"rendered":"https:\/\/veritasinfo.org\/?p=859"},"modified":"2025-06-17T15:22:24","modified_gmt":"2025-06-17T13:22:24","slug":"vucic-do-te-fitojme-edhe-per-ceshtjen-e-kosoves-gjerat-po-ndryshojne-ngadale-ne-bote","status":"publish","type":"post","link":"https:\/\/veritasinfo.org\/?p=859","title":{"rendered":"Vu\u00e7i\u00e7 u shpreh se Serbia n\u00eb fund do t\u00eb fitoj\u00eb p\u00ebr \u00e7\u00ebshtjen e Kosov\u00ebs: &#8220;Gj\u00ebrat po ndryshojn\u00eb ngadal\u00eb n\u00eb bot\u00eb\u201d"},"content":{"rendered":"<p><strong>Beograd, 17 Qershor, 2025<\/strong><\/p>\n<p>Presidenti \u00a0i Serbis\u00eb , Aleksandar Vu\u00e7i\u00e7, n\u00eb nj\u00eb intervist\u00eb p\u00ebr RTS, deklaroi se shteti do t\u00eb q\u00ebndroj\u00eb gjithmon\u00eb pran\u00eb popullit t\u00eb tij n\u00eb Kosov\u00eb dhe theksoi se do t\u00eb fitojm\u00eb edhe p\u00ebr \u00e7\u00ebshtjen e Kosov\u00ebs, sepse gj\u00ebrat po ndryshojn\u00eb ngadal\u00eb n\u00eb bot\u00eb. \u201cShteti do t\u00eb q\u00ebndroj\u00eb gjithmon\u00eb pran\u00eb popullit t\u00eb tij n\u00eb Kosov\u00eb dhe se do t\u00eb fitojm\u00eb p\u00ebr \u00e7\u00ebshtjen e Kosov\u00ebs, sepse gj\u00ebrat po ndryshojn\u00eb ngadal\u00eb n\u00eb bot\u00eb\u201d tha ai.<\/p>\n<p>Kur iu k\u00ebrkua t\u00eb komentonte mbi incidentet e p\u00ebrditshme n\u00eb Kosov\u00eb, arrestimet dhe deportimet e serb\u00ebve dhe vendimet e Prishtin\u00ebs q\u00eb bien ndesh me normat themelore t\u00eb s\u00eb drejt\u00ebs nd\u00ebrkomb\u00ebtare, Vu\u00e7i\u00e7 tha se kjo nuk ka fund dhe nuk do t\u00eb ket\u00eb fund s\u00eb shpejti, porse n\u00eb fund Serbia do t\u00eb fitoj\u00eb.<\/p>\n","protected":false},"excerpt":{"rendered":"<p>Beograd, 17 Qershor, 2025 Presidenti \u00a0i Serbis\u00eb , Aleksandar Vu\u00e7i\u00e7, n\u00eb nj\u00eb intervist\u00eb p\u00ebr RTS, deklaroi se shteti do t\u00eb q\u00ebndroj\u00eb gjithmon\u00eb pran\u00eb popullit t\u00eb<\/p>\n","protected":false},"author":2,"featured_media":863,"comment_status":"open","ping_status":"open","sticky":false,"template":"","format":"standard","meta":{"footnotes":""},"categories":[58],"tags":[],"class_list":["post-859","post","type-post","status-publish","format-standard","has-post-thumbnail","hentry","category-politike-sq"],"yoast_head":"<!-- This site is optimized with the Yoast SEO plugin v25.3.1 - https:\/\/yoast.com\/wordpress\/plugins\/seo\/ -->\n<title>Vu\u00e7i\u00e7 u shpreh se Serbia n\u00eb fund do t\u00eb fitoj\u00eb p\u00ebr \u00e7\u00ebshtjen e Kosov\u00ebs: &quot;Gj\u00ebrat po ndryshojn\u00eb ngadal\u00eb n\u00eb bot\u00eb\u201d -<\/title>\n<meta name=\"robots\" content=\"index, follow, max-snippet:-1, max-image-preview:large, max-video-preview:-1\" \/>\n<link rel=\"canonical\" href=\"https:\/\/veritasinfo.org\/?p=859\" \/>\n<meta property=\"og:locale\" content=\"en_US\" \/>\n<meta property=\"og:type\" content=\"article\" \/>\n<meta property=\"og:title\" content=\"Vu\u00e7i\u00e7 u shpreh se Serbia n\u00eb fund do t\u00eb fitoj\u00eb p\u00ebr \u00e7\u00ebshtjen e Kosov\u00ebs: &quot;Gj\u00ebrat po ndryshojn\u00eb ngadal\u00eb n\u00eb bot\u00eb\u201d -\" \/>\n<meta property=\"og:description\" content=\"Beograd, 17 Qershor, 2025 Presidenti \u00a0i Serbis\u00eb , Aleksandar Vu\u00e7i\u00e7, n\u00eb nj\u00eb intervist\u00eb p\u00ebr RTS, deklaroi se shteti do t\u00eb q\u00ebndroj\u00eb gjithmon\u00eb pran\u00eb popullit t\u00eb\" \/>\n<meta property=\"og:url\" content=\"https:\/\/veritasinfo.org\/?p=859\" \/>\n<meta property=\"article:published_time\" content=\"2025-06-17T13:18:19+00:00\" \/>\n<meta property=\"article:modified_time\" content=\"2025-06-17T13:22:24+00:00\" \/>\n<meta property=\"og:image\" content=\"https:\/\/veritasinfo.org\/wp-content\/uploads\/2025\/06\/vucic1.webp\" \/>\n\t<meta property=\"og:image:width\" content=\"1000\" \/>\n\t<meta property=\"og:image:height\" content=\"560\" \/>\n\t<meta property=\"og:image:type\" content=\"image\/webp\" \/>\n<meta name=\"author\" content=\"US1\" \/>\n<meta name=\"twitter:card\" content=\"summary_large_image\" \/>\n<meta name=\"twitter:label1\" content=\"Written by\" \/>\n\t<meta name=\"twitter:data1\" content=\"US1\" \/>\n\t<meta name=\"twitter:label2\" content=\"Est. reading time\" \/>\n\t<meta name=\"twitter:data2\" content=\"1 minute\" \/>\n<script type=\"application\/ld+json\" class=\"yoast-schema-graph\">{\"@context\":\"https:\/\/schema.org\",\"@graph\":[{\"@type\":\"WebPage\",\"@id\":\"https:\/\/veritasinfo.org\/?p=859\",\"url\":\"https:\/\/veritasinfo.org\/?p=859\",\"name\":\"Vu\u00e7i\u00e7 u shpreh se Serbia n\u00eb fund do t\u00eb fitoj\u00eb p\u00ebr \u00e7\u00ebshtjen e Kosov\u00ebs: \\\"Gj\u00ebrat po ndryshojn\u00eb ngadal\u00eb n\u00eb bot\u00eb\u201d -\",\"isPartOf\":{\"@id\":\"https:\/\/veritasinfo.org\/#website\"},\"primaryImageOfPage\":{\"@id\":\"https:\/\/veritasinfo.org\/?p=859#primaryimage\"},\"image\":{\"@id\":\"https:\/\/veritasinfo.org\/?p=859#primaryimage\"},\"thumbnailUrl\":\"https:\/\/veritasinfo.org\/wp-content\/uploads\/2025\/06\/vucic1.webp\",\"datePublished\":\"2025-06-17T13:18:19+00:00\",\"dateModified\":\"2025-06-17T13:22:24+00:00\",\"author\":{\"@id\":\"https:\/\/veritasinfo.org\/#\/schema\/person\/c2b8be262ea994d0995addca692c5e98\"},\"breadcrumb\":{\"@id\":\"https:\/\/veritasinfo.org\/?p=859#breadcrumb\"},\"inLanguage\":\"en-US\",\"potentialAction\":[{\"@type\":\"ReadAction\",\"target\":[\"https:\/\/veritasinfo.org\/?p=859\"]}]},{\"@type\":\"ImageObject\",\"inLanguage\":\"en-US\",\"@id\":\"https:\/\/veritasinfo.org\/?p=859#primaryimage\",\"url\":\"https:\/\/veritasinfo.org\/wp-content\/uploads\/2025\/06\/vucic1.webp\",\"contentUrl\":\"https:\/\/veritasinfo.org\/wp-content\/uploads\/2025\/06\/vucic1.webp\",\"width\":1000,\"height\":560},{\"@type\":\"BreadcrumbList\",\"@id\":\"https:\/\/veritasinfo.org\/?p=859#breadcrumb\",\"itemListElement\":[{\"@type\":\"ListItem\",\"position\":1,\"name\":\"Home\",\"item\":\"https:\/\/veritasinfo.org\/\"},{\"@type\":\"ListItem\",\"position\":2,\"name\":\"Vu\u00e7i\u00e7 u shpreh se Serbia n\u00eb fund do t\u00eb fitoj\u00eb p\u00ebr \u00e7\u00ebshtjen e Kosov\u00ebs: &#8220;Gj\u00ebrat po ndryshojn\u00eb ngadal\u00eb n\u00eb bot\u00eb\u201d\"}]},{\"@type\":\"WebSite\",\"@id\":\"https:\/\/veritasinfo.org\/#website\",\"url\":\"https:\/\/veritasinfo.org\/\",\"name\":\"\",\"description\":\"\",\"potentialAction\":[{\"@type\":\"SearchAction\",\"target\":{\"@type\":\"EntryPoint\",\"urlTemplate\":\"https:\/\/veritasinfo.org\/?s={search_term_string}\"},\"query-input\":{\"@type\":\"PropertyValueSpecification\",\"valueRequired\":true,\"valueName\":\"search_term_string\"}}],\"inLanguage\":\"en-US\"},{\"@type\":\"Person\",\"@id\":\"https:\/\/veritasinfo.org\/#\/schema\/person\/c2b8be262ea994d0995addca692c5e98\",\"name\":\"US1\",\"image\":{\"@type\":\"ImageObject\",\"inLanguage\":\"en-US\",\"@id\":\"https:\/\/veritasinfo.org\/#\/schema\/person\/image\/\",\"url\":\"https:\/\/secure.gravatar.com\/avatar\/4e96a59bd256abf9956eb9963ac891a47461ffb364d47b0e9aab113328fdb75b?s=96&d=mm&r=g\",\"contentUrl\":\"https:\/\/secure.gravatar.com\/avatar\/4e96a59bd256abf9956eb9963ac891a47461ffb364d47b0e9aab113328fdb75b?s=96&d=mm&r=g\",\"caption\":\"US1\"},\"url\":\"https:\/\/veritasinfo.org\/?author=2\"}]}<\/script>\n<!-- \/ Yoast SEO plugin. -->","yoast_head_json":{"title":"Vu\u00e7i\u00e7 u shpreh se Serbia n\u00eb fund do t\u00eb fitoj\u00eb p\u00ebr \u00e7\u00ebshtjen e Kosov\u00ebs: \"Gj\u00ebrat po ndryshojn\u00eb ngadal\u00eb n\u00eb bot\u00eb\u201d -","robots":{"index":"index","follow":"follow","max-snippet":"max-snippet:-1","max-image-preview":"max-image-preview:large","max-video-preview":"max-video-preview:-1"},"canonical":"https:\/\/veritasinfo.org\/?p=859","og_locale":"en_US","og_type":"article","og_title":"Vu\u00e7i\u00e7 u shpreh se Serbia n\u00eb fund do t\u00eb fitoj\u00eb p\u00ebr \u00e7\u00ebshtjen e Kosov\u00ebs: \"Gj\u00ebrat po ndryshojn\u00eb ngadal\u00eb n\u00eb bot\u00eb\u201d -","og_description":"Beograd, 17 Qershor, 2025 Presidenti \u00a0i Serbis\u00eb , Aleksandar Vu\u00e7i\u00e7, n\u00eb nj\u00eb intervist\u00eb p\u00ebr RTS, deklaroi se shteti do t\u00eb q\u00ebndroj\u00eb gjithmon\u00eb pran\u00eb popullit t\u00eb","og_url":"https:\/\/veritasinfo.org\/?p=859","article_published_time":"2025-06-17T13:18:19+00:00","article_modified_time":"2025-06-17T13:22:24+00:00","og_image":[{"width":1000,"height":560,"url":"https:\/\/veritasinfo.org\/wp-content\/uploads\/2025\/06\/vucic1.webp","type":"image\/webp"}],"author":"US1","twitter_card":"summary_large_image","twitter_misc":{"Written by":"US1","Est. reading time":"1 minute"},"schema":{"@context":"https:\/\/schema.org","@graph":[{"@type":"WebPage","@id":"https:\/\/veritasinfo.org\/?p=859","url":"https:\/\/veritasinfo.org\/?p=859","name":"Vu\u00e7i\u00e7 u shpreh se Serbia n\u00eb fund do t\u00eb fitoj\u00eb p\u00ebr \u00e7\u00ebshtjen e Kosov\u00ebs: \"Gj\u00ebrat po ndryshojn\u00eb ngadal\u00eb n\u00eb bot\u00eb\u201d -","isPartOf":{"@id":"https:\/\/veritasinfo.org\/#website"},"primaryImageOfPage":{"@id":"https:\/\/veritasinfo.org\/?p=859#primaryimage"},"image":{"@id":"https:\/\/veritasinfo.org\/?p=859#primaryimage"},"thumbnailUrl":"https:\/\/veritasinfo.org\/wp-content\/uploads\/2025\/06\/vucic1.webp","datePublished":"2025-06-17T13:18:19+00:00","dateModified":"2025-06-17T13:22:24+00:00","author":{"@id":"https:\/\/veritasinfo.org\/#\/schema\/person\/c2b8be262ea994d0995addca692c5e98"},"breadcrumb":{"@id":"https:\/\/veritasinfo.org\/?p=859#breadcrumb"},"inLanguage":"en-US","potentialAction":[{"@type":"ReadAction","target":["https:\/\/veritasinfo.org\/?p=859"]}]},{"@type":"ImageObject","inLanguage":"en-US","@id":"https:\/\/veritasinfo.org\/?p=859#primaryimage","url":"https:\/\/veritasinfo.org\/wp-content\/uploads\/2025\/06\/vucic1.webp","contentUrl":"https:\/\/veritasinfo.org\/wp-content\/uploads\/2025\/06\/vucic1.webp","width":1000,"height":560},{"@type":"BreadcrumbList","@id":"https:\/\/veritasinfo.org\/?p=859#breadcrumb","itemListElement":[{"@type":"ListItem","position":1,"name":"Home","item":"https:\/\/veritasinfo.org\/"},{"@type":"ListItem","position":2,"name":"Vu\u00e7i\u00e7 u shpreh se Serbia n\u00eb fund do t\u00eb fitoj\u00eb p\u00ebr \u00e7\u00ebshtjen e Kosov\u00ebs: &#8220;Gj\u00ebrat po ndryshojn\u00eb ngadal\u00eb n\u00eb bot\u00eb\u201d"}]},{"@type":"WebSite","@id":"https:\/\/veritasinfo.org\/#website","url":"https:\/\/veritasinfo.org\/","name":"","description":"","potentialAction":[{"@type":"SearchAction","target":{"@type":"EntryPoint","urlTemplate":"https:\/\/veritasinfo.org\/?s={search_term_string}"},"query-input":{"@type":"PropertyValueSpecification","valueRequired":true,"valueName":"search_term_string"}}],"inLanguage":"en-US"},{"@type":"Person","@id":"https:\/\/veritasinfo.org\/#\/schema\/person\/c2b8be262ea994d0995addca692c5e98","name":"US1","image":{"@type":"ImageObject","inLanguage":"en-US","@id":"https:\/\/veritasinfo.org\/#\/schema\/person\/image\/","url":"https:\/\/secure.gravatar.com\/avatar\/4e96a59bd256abf9956eb9963ac891a47461ffb364d47b0e9aab113328fdb75b?s=96&d=mm&r=g","contentUrl":"https:\/\/secure.gravatar.com\/avatar\/4e96a59bd256abf9956eb9963ac891a47461ffb364d47b0e9aab113328fdb75b?s=96&d=mm&r=g","caption":"US1"},"url":"https:\/\/veritasinfo.org\/?author=2"}]}},"featured_image_urls":{"full":["https:\/\/veritasinfo.org\/wp-content\/uploads\/2025\/06\/vucic1.webp",1000,560,false],"thumbnail":["https:\/\/veritasinfo.org\/wp-content\/uploads\/2025\/06\/vucic1-150x150.webp",150,150,true],"medium":["https:\/\/veritasinfo.org\/wp-content\/uploads\/2025\/06\/vucic1-300x168.webp",300,168,true],"medium_large":["https:\/\/veritasinfo.org\/wp-content\/uploads\/2025\/06\/vucic1-768x430.webp",640,358,true],"large":["https:\/\/veritasinfo.org\/wp-content\/uploads\/2025\/06\/vucic1.webp",640,358,false],"1536x1536":["https:\/\/veritasinfo.org\/wp-content\/uploads\/2025\/06\/vucic1.webp",1000,560,false],"2048x2048":["https:\/\/veritasinfo.org\/wp-content\/uploads\/2025\/06\/vucic1.webp",1000,560,false],"kreeti-slider-full":["https:\/\/veritasinfo.org\/wp-content\/uploads\/2025\/06\/vucic1.webp",1000,560,false],"kreeti-featured":["https:\/\/veritasinfo.org\/wp-content\/uploads\/2025\/06\/vucic1.webp",1000,560,false],"kreeti-medium":["https:\/\/veritasinfo.org\/wp-content\/uploads\/2025\/06\/vucic1.webp",720,403,false],"kreeti-medium-square":["https:\/\/veritasinfo.org\/wp-content\/uploads\/2025\/06\/vucic1.webp",350,196,false]},"author_info":{"info":["US1"]},"category_info":"<a href=\"https:\/\/veritasinfo.org\/?cat=58\" rel=\"category\">Politik\u00eb<\/a>","tag_info":"Politik\u00eb","comment_count":"0","_links":{"self":[{"href":"https:\/\/veritasinfo.org\/index.php?rest_route=\/wp\/v2\/posts\/859","targetHints":{"allow":["GET"]}}],"collection":[{"href":"https:\/\/veritasinfo.org\/index.php?rest_route=\/wp\/v2\/posts"}],"about":[{"href":"https:\/\/veritasinfo.org\/index.php?rest_route=\/wp\/v2\/types\/post"}],"author":[{"embeddable":true,"href":"https:\/\/veritasinfo.org\/index.php?rest_route=\/wp\/v2\/users\/2"}],"replies":[{"embeddable":true,"href":"https:\/\/veritasinfo.org\/index.php?rest_route=%2Fwp%2Fv2%2Fcomments&post=859"}],"version-history":[{"count":3,"href":"https:\/\/veritasinfo.org\/index.php?rest_route=\/wp\/v2\/posts\/859\/revisions"}],"predecessor-version":[{"id":868,"href":"https:\/\/veritasinfo.org\/index.php?rest_route=\/wp\/v2\/posts\/859\/revisions\/868"}],"wp:featuredmedia":[{"embeddable":true,"href":"https:\/\/veritasinfo.org\/index.php?rest_route=\/wp\/v2\/media\/863"}],"wp:attachment":[{"href":"https:\/\/veritasinfo.org\/index.php?rest_route=%2Fwp%2Fv2%2Fmedia&parent=859"}],"wp:term":[{"taxonomy":"category","embeddable":true,"href":"https:\/\/veritasinfo.org\/index.php?rest_route=%2Fwp%2Fv2%2Fcategories&post=859"},{"taxonomy":"post_tag","embeddable":true,"href":"https:\/\/veritasinfo.org\/index.php?rest_route=%2Fwp%2Fv2%2Ftags&post=859"}],"curies":[{"name":"wp","href":"https:\/\/api.w.org\/{rel}","templated":true}]}}