{"id":8586,"date":"2025-08-18T19:04:57","date_gmt":"2025-08-18T17:04:57","guid":{"rendered":"https:\/\/veritasinfo.org\/?p=8586"},"modified":"2025-08-18T19:08:35","modified_gmt":"2025-08-18T17:08:35","slug":"dosja-e-prokurorise-ndaj-21-te-akuzuarve-per-debimin-e-mbi-800-mije-shqiptareve-gjate-vitit-1999","status":"publish","type":"post","link":"https:\/\/veritasinfo.org\/?p=8586","title":{"rendered":"Dosja e Prokuroris\u00eb ndaj 21 t\u00eb akuzuarve p\u00ebr d\u00ebbimin e mbi 800 mij\u00eb shqiptar\u00ebve gjat\u00eb vitit 1999"},"content":{"rendered":"<p>Prishtin\u00eb, 18 Gusht 2025<\/p>\n<p><strong>Prokuroria Speciale e Republik\u00ebs s\u00eb Kosov\u00eb<\/strong><strong>s m\u00eb\u00a0<a href=\"https:\/\/betimiperdrejtesi.com\/aktakuze-ne-mungese-ndaj-21-personave-per-debimin-e-mbi-800-mije-shqiptareve-me-1999\/\">15 gusht 2025<\/a>\u00a0ka ngritur aktakuz\u00eb n\u00eb munges\u00eb ndaj 21 personave lidhur me d\u00ebbimin e mbi 800 mij\u00eb shqiptar\u00ebve gjat\u00eb luft\u00ebs n\u00eb Kosov\u00eb m\u00eb 1999.<\/strong><\/p>\n<p><strong>\u201cBetimi p\u00ebr Drejt\u00ebsi\u201d\u00a0<\/strong>ka siguruar aktakuz\u00ebn n\u00eb t\u00eb cil\u00ebn t\u00eb akuzuar jan\u00eb: Zlatomir Peshiq, Mladen Cirkoviq, Radomir Markoviq, Dushko Adamoviq, Obrad Stevanoviq, Zhivko Trajkoviq, Goran Radosavljeviq, Bogoljub Jani\u00e7eviq, Sllavisha Ivanoviq, Boshko Vukiqeviq, Sreten Popoviq, Nikolla Petroviq, Krsman Jeliq, Ljubisha Stojimiroviq, Bozhidar Deliq, Radojko Stefanoviq, Dragan Zhivanoviq, Millosh Doshan, Ljubinko Cvetiq, Bozhidar Filiq dhe Millovan Kova\u00e7eviq.<\/p>\n<p><strong>Cilat ishin pozitat e t\u00eb akuzuarve?<\/strong><\/p>\n<p>Zlatomir Peshiq, akuzohet n\u00eb cil\u00ebsi t\u00eb Komandantit t\u00eb Rrethit Ushtarak n\u00eb Prishtin\u00eb, Mladen Cirkoviq- n\u00eb cil\u00ebsi t\u00eb Komandantit t\u00eb Brigad\u00ebs 15 t\u00eb Blinduar t\u00eb Ushtris\u00eb s\u00eb Republik\u00ebs Federale t\u00eb Jugosllavis\u00eb n\u00eb regjonin e Prishtin\u00ebs,\u00a0 Radomir Markoviq- n\u00eb cil\u00ebsi t\u00eb shefit t\u00eb Divizionit t\u00eb Sigurimit Shtet\u00ebror RDB (pjes\u00eb e MUP-it), Dushko Adamoviq-n\u00eb cil\u00ebsin\u00eb t\u00eb ndihm\u00ebsit t\u00eb kryeshefit n\u00eb administrat\u00ebn policore n\u00eb MUP, Obrad Stevanoviq- n\u00eb cil\u00ebsi t\u00eb Shefit t\u00eb Administrat\u00ebs t\u00eb Nj\u00ebsive t\u00eb Ve\u00e7anta t\u00eb Policis\u00eb, MUP-it p\u00ebr Kosov\u00eb, Zhivko Trajkoviq- n\u00eb cil\u00ebsi t\u00eb Komandantit t\u00eb Nj\u00ebsive Speciale Antiterroriste, Goran Radosavljeviq- n\u00eb cil\u00ebsin\u00eb e Komandantit Kund\u00ebr -Terrorizmit i Nj\u00ebsive t\u00eb Ve\u00e7anta t\u00eb Policis\u00eb dhe p\u00ebr n\u00ebn-nj\u00ebsit\u00eb q\u00eb njiheshin si Grupe Operative Ndjek\u00ebs n\u00eb kuad\u00ebr t\u00eb MUP-it serb.<\/p>\n<p>Sipas aktakuz\u00ebs s\u00eb PSRK-s\u00eb, i akuzuari Bogoljub Jani\u00e7eviq akuzohet n\u00eb cil\u00ebsin\u00eb e Kryeshefit t\u00eb SUP-it Ferizaj, n\u00eb vitet 1998-prill 1999 dhe nga viti 1999 n\u00eb pozit\u00ebn e Kryeshef i SUP-it Prishtin\u00eb, Sllavisha Ivanoviq- n\u00eb cil\u00ebsin\u00eb e shefit t\u00eb sektorit n\u00eb SUP Prishtin\u00eb, Boshko Vukiqeviq- n\u00eb cil\u00ebsin\u00eb e Shefit t\u00eb sektorit p\u00ebr delikte gjaku n\u00eb SUP Prishtin\u00eb, Sreten Popoviq- n\u00eb cil\u00ebsin\u00eb e Komandantit t\u00eb togut t\u00eb grupit operacional OPG, i cili i p\u00ebrkiste nj\u00ebsis\u00eb 124 t\u00eb nd\u00ebrhyrjes policore t\u00eb nj\u00ebsive speciale t\u00eb policis\u00eb (PJP), Nikolla Petroviq- n\u00eb cil\u00ebsin\u00eb e Komandantit t\u00eb Brigad\u00ebs 175 t\u00eb k\u00ebmb\u00ebsoris\u00eb, Krsman Jeliq- n\u00eb cil\u00ebsin\u00eb e Komandantit t\u00eb Brigad\u00ebs 243 t\u00eb mekanizuar t\u00eb Ushtris\u00eb s\u00eb Republik\u00ebs Federale t\u00eb Jugosllavis\u00eb, Ljubisha Stojimiroviq- n\u00eb cil\u00ebsin\u00eb e Komandantit t\u00eb Brigad\u00ebs 72 t\u00eb forcave speciale t\u00eb Ushtris\u00eb s\u00eb Republik\u00ebs Federale t\u00eb Jugosllavis\u00eb.<\/p>\n<p>Gjithnj\u00eb sipas aktakuz\u00ebs, Bozhidar Deliq ngarkohet n\u00eb cil\u00ebsin\u00eb e komandantit t\u00eb Brigad\u00ebs 549 t\u00eb mekanizuar t\u00eb k\u00ebmb\u00ebsoris\u00eb t\u00eb Ushtris\u00eb s\u00eb Republik\u00ebs Federale t\u00eb Jugosllavis\u00eb, n\u00eb regjionin e Prizrenit dhe regjionin e Gjakov\u00ebs. Radojko Stefanoviq- n\u00eb cil\u00ebsin\u00eb e komandantit t\u00eb Brigad\u00ebs 52 t\u00eb artileris\u00eb s\u00eb p\u00ebrzier t\u00eb Ushtris\u00eb s\u00eb Republik\u00ebs Federale t\u00eb Jugosllavis\u00eb n\u00eb regjionin e Gjilanit, Dragan Zivanoviq- n\u00eb cil\u00ebsin\u00eb e komandantit t\u00eb Brigad\u00ebs 125 t\u00eb motorizuar t\u00eb korpusit t\u00eb Prishtin\u00ebs t\u00eb Ushtris\u00eb s\u00eb Republik\u00ebs Federale t\u00eb Jugosllavis\u00eb, Millosh Doshan- n\u00eb cil\u00ebsin\u00eb e Komandantit t\u00eb Brigad\u00ebs 52 t\u00eb mbrojtjes kund\u00ebrajrore t\u00eb Ushtris\u00eb s\u00eb Republik\u00ebs Federale t\u00eb Jugosllavis\u00eb, n\u00eb regjionin e Gjakov\u00ebs, Ljubinko Cvetiq- n\u00eb cil\u00ebsin\u00eb e kryeshefit t\u00eb SUP-it n\u00eb Mitrovic\u00eb, Bozhidar Filiq- n\u00eb cil\u00ebsin\u00eb e kryeshefit t\u00eb SUP-it n\u00eb Ferizaj dhe Milovan Kova\u00e7eviq- n\u00eb cil\u00ebsin\u00eb e Shefit t\u00eb Sekretariatit t\u00eb Pun\u00ebve t\u00eb Brendshme n\u00eb Gjakov\u00eb (SUP).<\/p>\n<p><strong>Veprimet q\u00eb ngarkohen se kan\u00eb nd\u00ebrmarr\u00eb secili i akuzuar ve\u00e7 e ve\u00e7:<\/strong><\/p>\n<p>Prokuroria Speciale ngarkon 21 t\u00eb akuzuarit se gjat\u00eb muajit janar dhe qershor t\u00eb vitit 1999, p\u00ebrgjat\u00eb konfliktit t\u00eb armatosur dhe luft\u00ebs n\u00eb Kosov\u00eb, kishin ushtruar autoritet dhe kontroll efektiv mbi forcat q\u00eb vepronin n\u00ebn p\u00ebrgjegj\u00ebsin\u00eb e tyre n\u00eb regjionet n\u00eb t\u00eb cilat kishin zonat e p\u00ebrgjegj\u00ebsis\u00eb sipas pozitave t\u00eb lartp\u00ebrmendura.<br \/>\nAty thuhet se t\u00eb akuzuarit kan\u00eb qen\u00eb n\u00eb dijeni dhe kan\u00eb pasur informacione, si dhe bazuar n\u00eb raportet operative, komunikimeve t\u00eb brendshme dhe vet\u00eb prezenc\u00ebs n\u00ebp\u00ebr zona, kan\u00eb qen\u00eb n\u00eb njohuri t\u00eb mjaftueshme q\u00eb n\u00ebn kontroll t\u00eb tyre po kryheshin veprime q\u00eb p\u00ebrfshin\u00eb shkat\u00ebrrimin e pron\u00ebs, p\u00ebrfshir\u00eb djegien e sht\u00ebpive dhe objekteve t\u00eb infrastruktur\u00ebs civile, p\u00ebrndjekjen dhe ndalimin arbitrar t\u00eb personave n\u00eb baza etnike, p\u00ebrfshir\u00eb sulme t\u00eb armatosura ndaj fshatrave dhe qyteteve t\u00eb banuara me popullsi civile shqiptare, me q\u00ebllim t\u00eb zhvendosjes me dhun\u00eb.<\/p>\n<p>K\u00ebto veprime, sipas aktakuz\u00ebs, rezultuan me organizimin e kolonave t\u00eb detyruara t\u00eb civil\u00ebve shqiptar\u00eb me q\u00ebllim t\u00eb d\u00ebbimit nga Kosova n\u00eb drejtim t\u00eb Republik\u00ebs s\u00eb Shqip\u00ebris\u00eb dhe Maqedonis\u00eb, q\u00eb gjithsej ishin\u00a0<strong>862 mij\u00eb e 979 civil\u00eb t\u00eb d\u00ebbuar<\/strong>.<\/p>\n<p>Aktakuza thot\u00eb se t\u00eb akuzuarit nuk ka nd\u00ebrmarr\u00eb masat e nevojshme dhe t\u00eb arsyeshme q\u00eb ishin n\u00eb kompetenc\u00eb dhe p\u00ebrgjegj\u00ebsi t\u00eb tyre, p\u00ebr t\u00eb parandaluar kryerjen e k\u00ebtyre veprimeve, p\u00ebr t\u2019i penguar autor\u00ebt apo p\u00ebr t\u2019i nd\u00ebshkuar ose p\u00ebr t\u2019i raportuar si akte t\u00eb kund\u00ebrligjshme. Sipas PSRK-s\u00eb, k\u00ebto veprime jan\u00eb t\u00eb sanksionuara sipas zakoneve t\u00eb luft\u00ebs dhe se t\u00eb akuzuarit kan\u00eb shkelur nenin 3 t\u00eb p\u00ebrbashk\u00ebt t\u00eb kat\u00ebr Konventave t\u00eb Gjenev\u00ebs, nenin 50, 51, 86, 87 t\u00eb Protokollit I dhe nenit 13, 14, 17 t\u00eb Protokollit II.<\/p>\n","protected":false},"excerpt":{"rendered":"<p>Prishtin\u00eb, 18 Gusht 2025 Prokuroria Speciale e Republik\u00ebs s\u00eb Kosov\u00ebs m\u00eb\u00a015 gusht 2025\u00a0ka ngritur aktakuz\u00eb n\u00eb munges\u00eb ndaj 21 personave lidhur me d\u00ebbimin e mbi<\/p>\n","protected":false},"author":1,"featured_media":8587,"comment_status":"open","ping_status":"open","sticky":false,"template":"","format":"standard","meta":{"footnotes":""},"categories":[60],"tags":[],"class_list":["post-8586","post","type-post","status-publish","format-standard","has-post-thumbnail","hentry","category-shoqerore-sq"],"yoast_head":"<!-- This site is optimized with the Yoast SEO plugin v25.3.1 - https:\/\/yoast.com\/wordpress\/plugins\/seo\/ -->\n<title>Dosja e Prokuroris\u00eb ndaj 21 t\u00eb akuzuarve p\u00ebr d\u00ebbimin e mbi 800 mij\u00eb shqiptar\u00ebve gjat\u00eb vitit 1999 -<\/title>\n<meta name=\"robots\" content=\"index, follow, max-snippet:-1, max-image-preview:large, max-video-preview:-1\" \/>\n<link rel=\"canonical\" href=\"https:\/\/veritasinfo.org\/?p=8586\" \/>\n<meta property=\"og:locale\" content=\"en_US\" \/>\n<meta property=\"og:type\" content=\"article\" \/>\n<meta property=\"og:title\" content=\"Dosja e Prokuroris\u00eb ndaj 21 t\u00eb akuzuarve p\u00ebr d\u00ebbimin e mbi 800 mij\u00eb shqiptar\u00ebve gjat\u00eb vitit 1999 -\" \/>\n<meta property=\"og:description\" content=\"Prishtin\u00eb, 18 Gusht 2025 Prokuroria Speciale e Republik\u00ebs s\u00eb Kosov\u00ebs m\u00eb\u00a015 gusht 2025\u00a0ka ngritur aktakuz\u00eb n\u00eb munges\u00eb ndaj 21 personave lidhur me d\u00ebbimin e mbi\" \/>\n<meta property=\"og:url\" content=\"https:\/\/veritasinfo.org\/?p=8586\" \/>\n<meta property=\"article:published_time\" content=\"2025-08-18T17:04:57+00:00\" \/>\n<meta property=\"article:modified_time\" content=\"2025-08-18T17:08:35+00:00\" \/>\n<meta property=\"og:image\" content=\"https:\/\/veritasinfo.org\/wp-content\/uploads\/2025\/08\/PSRK-750x430-1.jpg\" \/>\n\t<meta property=\"og:image:width\" content=\"750\" \/>\n\t<meta property=\"og:image:height\" content=\"430\" \/>\n\t<meta property=\"og:image:type\" content=\"image\/jpeg\" \/>\n<meta name=\"author\" content=\"admin\" \/>\n<meta name=\"twitter:card\" content=\"summary_large_image\" \/>\n<meta name=\"twitter:label1\" content=\"Written by\" \/>\n\t<meta name=\"twitter:data1\" content=\"admin\" \/>\n\t<meta name=\"twitter:label2\" content=\"Est. reading time\" \/>\n\t<meta name=\"twitter:data2\" content=\"4 minutes\" \/>\n<script type=\"application\/ld+json\" class=\"yoast-schema-graph\">{\"@context\":\"https:\/\/schema.org\",\"@graph\":[{\"@type\":\"WebPage\",\"@id\":\"https:\/\/veritasinfo.org\/?p=8586\",\"url\":\"https:\/\/veritasinfo.org\/?p=8586\",\"name\":\"Dosja e Prokuroris\u00eb ndaj 21 t\u00eb akuzuarve p\u00ebr d\u00ebbimin e mbi 800 mij\u00eb shqiptar\u00ebve gjat\u00eb vitit 1999 -\",\"isPartOf\":{\"@id\":\"https:\/\/veritasinfo.org\/#website\"},\"primaryImageOfPage\":{\"@id\":\"https:\/\/veritasinfo.org\/?p=8586#primaryimage\"},\"image\":{\"@id\":\"https:\/\/veritasinfo.org\/?p=8586#primaryimage\"},\"thumbnailUrl\":\"https:\/\/veritasinfo.org\/wp-content\/uploads\/2025\/08\/PSRK-750x430-1.jpg\",\"datePublished\":\"2025-08-18T17:04:57+00:00\",\"dateModified\":\"2025-08-18T17:08:35+00:00\",\"author\":{\"@id\":\"https:\/\/veritasinfo.org\/#\/schema\/person\/7701f8c088bece422266b100a712374f\"},\"breadcrumb\":{\"@id\":\"https:\/\/veritasinfo.org\/?p=8586#breadcrumb\"},\"inLanguage\":\"en-US\",\"potentialAction\":[{\"@type\":\"ReadAction\",\"target\":[\"https:\/\/veritasinfo.org\/?p=8586\"]}]},{\"@type\":\"ImageObject\",\"inLanguage\":\"en-US\",\"@id\":\"https:\/\/veritasinfo.org\/?p=8586#primaryimage\",\"url\":\"https:\/\/veritasinfo.org\/wp-content\/uploads\/2025\/08\/PSRK-750x430-1.jpg\",\"contentUrl\":\"https:\/\/veritasinfo.org\/wp-content\/uploads\/2025\/08\/PSRK-750x430-1.jpg\",\"width\":750,\"height\":430},{\"@type\":\"BreadcrumbList\",\"@id\":\"https:\/\/veritasinfo.org\/?p=8586#breadcrumb\",\"itemListElement\":[{\"@type\":\"ListItem\",\"position\":1,\"name\":\"Home\",\"item\":\"https:\/\/veritasinfo.org\/\"},{\"@type\":\"ListItem\",\"position\":2,\"name\":\"Dosja e Prokuroris\u00eb ndaj 21 t\u00eb akuzuarve p\u00ebr d\u00ebbimin e mbi 800 mij\u00eb shqiptar\u00ebve gjat\u00eb vitit 1999\"}]},{\"@type\":\"WebSite\",\"@id\":\"https:\/\/veritasinfo.org\/#website\",\"url\":\"https:\/\/veritasinfo.org\/\",\"name\":\"\",\"description\":\"\",\"potentialAction\":[{\"@type\":\"SearchAction\",\"target\":{\"@type\":\"EntryPoint\",\"urlTemplate\":\"https:\/\/veritasinfo.org\/?s={search_term_string}\"},\"query-input\":{\"@type\":\"PropertyValueSpecification\",\"valueRequired\":true,\"valueName\":\"search_term_string\"}}],\"inLanguage\":\"en-US\"},{\"@type\":\"Person\",\"@id\":\"https:\/\/veritasinfo.org\/#\/schema\/person\/7701f8c088bece422266b100a712374f\",\"name\":\"admin\",\"image\":{\"@type\":\"ImageObject\",\"inLanguage\":\"en-US\",\"@id\":\"https:\/\/veritasinfo.org\/#\/schema\/person\/image\/\",\"url\":\"https:\/\/secure.gravatar.com\/avatar\/ea53aa3bf6c9a12d5fde8ce4deff43fef3885ae33cf60184161a50d6987cfd2f?s=96&d=mm&r=g\",\"contentUrl\":\"https:\/\/secure.gravatar.com\/avatar\/ea53aa3bf6c9a12d5fde8ce4deff43fef3885ae33cf60184161a50d6987cfd2f?s=96&d=mm&r=g\",\"caption\":\"admin\"},\"sameAs\":[\"https:\/\/veritasinfo.org\"],\"url\":\"https:\/\/veritasinfo.org\/?author=1\"}]}<\/script>\n<!-- \/ Yoast SEO plugin. -->","yoast_head_json":{"title":"Dosja e Prokuroris\u00eb ndaj 21 t\u00eb akuzuarve p\u00ebr d\u00ebbimin e mbi 800 mij\u00eb shqiptar\u00ebve gjat\u00eb vitit 1999 -","robots":{"index":"index","follow":"follow","max-snippet":"max-snippet:-1","max-image-preview":"max-image-preview:large","max-video-preview":"max-video-preview:-1"},"canonical":"https:\/\/veritasinfo.org\/?p=8586","og_locale":"en_US","og_type":"article","og_title":"Dosja e Prokuroris\u00eb ndaj 21 t\u00eb akuzuarve p\u00ebr d\u00ebbimin e mbi 800 mij\u00eb shqiptar\u00ebve gjat\u00eb vitit 1999 -","og_description":"Prishtin\u00eb, 18 Gusht 2025 Prokuroria Speciale e Republik\u00ebs s\u00eb Kosov\u00ebs m\u00eb\u00a015 gusht 2025\u00a0ka ngritur aktakuz\u00eb n\u00eb munges\u00eb ndaj 21 personave lidhur me d\u00ebbimin e mbi","og_url":"https:\/\/veritasinfo.org\/?p=8586","article_published_time":"2025-08-18T17:04:57+00:00","article_modified_time":"2025-08-18T17:08:35+00:00","og_image":[{"width":750,"height":430,"url":"https:\/\/veritasinfo.org\/wp-content\/uploads\/2025\/08\/PSRK-750x430-1.jpg","type":"image\/jpeg"}],"author":"admin","twitter_card":"summary_large_image","twitter_misc":{"Written by":"admin","Est. reading time":"4 minutes"},"schema":{"@context":"https:\/\/schema.org","@graph":[{"@type":"WebPage","@id":"https:\/\/veritasinfo.org\/?p=8586","url":"https:\/\/veritasinfo.org\/?p=8586","name":"Dosja e Prokuroris\u00eb ndaj 21 t\u00eb akuzuarve p\u00ebr d\u00ebbimin e mbi 800 mij\u00eb shqiptar\u00ebve gjat\u00eb vitit 1999 -","isPartOf":{"@id":"https:\/\/veritasinfo.org\/#website"},"primaryImageOfPage":{"@id":"https:\/\/veritasinfo.org\/?p=8586#primaryimage"},"image":{"@id":"https:\/\/veritasinfo.org\/?p=8586#primaryimage"},"thumbnailUrl":"https:\/\/veritasinfo.org\/wp-content\/uploads\/2025\/08\/PSRK-750x430-1.jpg","datePublished":"2025-08-18T17:04:57+00:00","dateModified":"2025-08-18T17:08:35+00:00","author":{"@id":"https:\/\/veritasinfo.org\/#\/schema\/person\/7701f8c088bece422266b100a712374f"},"breadcrumb":{"@id":"https:\/\/veritasinfo.org\/?p=8586#breadcrumb"},"inLanguage":"en-US","potentialAction":[{"@type":"ReadAction","target":["https:\/\/veritasinfo.org\/?p=8586"]}]},{"@type":"ImageObject","inLanguage":"en-US","@id":"https:\/\/veritasinfo.org\/?p=8586#primaryimage","url":"https:\/\/veritasinfo.org\/wp-content\/uploads\/2025\/08\/PSRK-750x430-1.jpg","contentUrl":"https:\/\/veritasinfo.org\/wp-content\/uploads\/2025\/08\/PSRK-750x430-1.jpg","width":750,"height":430},{"@type":"BreadcrumbList","@id":"https:\/\/veritasinfo.org\/?p=8586#breadcrumb","itemListElement":[{"@type":"ListItem","position":1,"name":"Home","item":"https:\/\/veritasinfo.org\/"},{"@type":"ListItem","position":2,"name":"Dosja e Prokuroris\u00eb ndaj 21 t\u00eb akuzuarve p\u00ebr d\u00ebbimin e mbi 800 mij\u00eb shqiptar\u00ebve gjat\u00eb vitit 1999"}]},{"@type":"WebSite","@id":"https:\/\/veritasinfo.org\/#website","url":"https:\/\/veritasinfo.org\/","name":"","description":"","potentialAction":[{"@type":"SearchAction","target":{"@type":"EntryPoint","urlTemplate":"https:\/\/veritasinfo.org\/?s={search_term_string}"},"query-input":{"@type":"PropertyValueSpecification","valueRequired":true,"valueName":"search_term_string"}}],"inLanguage":"en-US"},{"@type":"Person","@id":"https:\/\/veritasinfo.org\/#\/schema\/person\/7701f8c088bece422266b100a712374f","name":"admin","image":{"@type":"ImageObject","inLanguage":"en-US","@id":"https:\/\/veritasinfo.org\/#\/schema\/person\/image\/","url":"https:\/\/secure.gravatar.com\/avatar\/ea53aa3bf6c9a12d5fde8ce4deff43fef3885ae33cf60184161a50d6987cfd2f?s=96&d=mm&r=g","contentUrl":"https:\/\/secure.gravatar.com\/avatar\/ea53aa3bf6c9a12d5fde8ce4deff43fef3885ae33cf60184161a50d6987cfd2f?s=96&d=mm&r=g","caption":"admin"},"sameAs":["https:\/\/veritasinfo.org"],"url":"https:\/\/veritasinfo.org\/?author=1"}]}},"featured_image_urls":{"full":["https:\/\/veritasinfo.org\/wp-content\/uploads\/2025\/08\/PSRK-750x430-1.jpg",750,430,false],"thumbnail":["https:\/\/veritasinfo.org\/wp-content\/uploads\/2025\/08\/PSRK-750x430-1-150x150.jpg",150,150,true],"medium":["https:\/\/veritasinfo.org\/wp-content\/uploads\/2025\/08\/PSRK-750x430-1-300x172.jpg",300,172,true],"medium_large":["https:\/\/veritasinfo.org\/wp-content\/uploads\/2025\/08\/PSRK-750x430-1.jpg",640,367,false],"large":["https:\/\/veritasinfo.org\/wp-content\/uploads\/2025\/08\/PSRK-750x430-1.jpg",640,367,false],"1536x1536":["https:\/\/veritasinfo.org\/wp-content\/uploads\/2025\/08\/PSRK-750x430-1.jpg",750,430,false],"2048x2048":["https:\/\/veritasinfo.org\/wp-content\/uploads\/2025\/08\/PSRK-750x430-1.jpg",750,430,false],"kreeti-slider-full":["https:\/\/veritasinfo.org\/wp-content\/uploads\/2025\/08\/PSRK-750x430-1.jpg",750,430,false],"kreeti-featured":["https:\/\/veritasinfo.org\/wp-content\/uploads\/2025\/08\/PSRK-750x430-1.jpg",750,430,false],"kreeti-medium":["https:\/\/veritasinfo.org\/wp-content\/uploads\/2025\/08\/PSRK-750x430-1.jpg",720,413,false],"kreeti-medium-square":["https:\/\/veritasinfo.org\/wp-content\/uploads\/2025\/08\/PSRK-750x430-1.jpg",350,201,false]},"author_info":{"info":["admin"]},"category_info":"<a href=\"https:\/\/veritasinfo.org\/?cat=60\" rel=\"category\">Shoq\u00ebrore<\/a>","tag_info":"Shoq\u00ebrore","comment_count":"0","_links":{"self":[{"href":"https:\/\/veritasinfo.org\/index.php?rest_route=\/wp\/v2\/posts\/8586","targetHints":{"allow":["GET"]}}],"collection":[{"href":"https:\/\/veritasinfo.org\/index.php?rest_route=\/wp\/v2\/posts"}],"about":[{"href":"https:\/\/veritasinfo.org\/index.php?rest_route=\/wp\/v2\/types\/post"}],"author":[{"embeddable":true,"href":"https:\/\/veritasinfo.org\/index.php?rest_route=\/wp\/v2\/users\/1"}],"replies":[{"embeddable":true,"href":"https:\/\/veritasinfo.org\/index.php?rest_route=%2Fwp%2Fv2%2Fcomments&post=8586"}],"version-history":[{"count":2,"href":"https:\/\/veritasinfo.org\/index.php?rest_route=\/wp\/v2\/posts\/8586\/revisions"}],"predecessor-version":[{"id":8592,"href":"https:\/\/veritasinfo.org\/index.php?rest_route=\/wp\/v2\/posts\/8586\/revisions\/8592"}],"wp:featuredmedia":[{"embeddable":true,"href":"https:\/\/veritasinfo.org\/index.php?rest_route=\/wp\/v2\/media\/8587"}],"wp:attachment":[{"href":"https:\/\/veritasinfo.org\/index.php?rest_route=%2Fwp%2Fv2%2Fmedia&parent=8586"}],"wp:term":[{"taxonomy":"category","embeddable":true,"href":"https:\/\/veritasinfo.org\/index.php?rest_route=%2Fwp%2Fv2%2Fcategories&post=8586"},{"taxonomy":"post_tag","embeddable":true,"href":"https:\/\/veritasinfo.org\/index.php?rest_route=%2Fwp%2Fv2%2Ftags&post=8586"}],"curies":[{"name":"wp","href":"https:\/\/api.w.org\/{rel}","templated":true}]}}