{"id":8575,"date":"2025-08-18T18:30:07","date_gmt":"2025-08-18T16:30:07","guid":{"rendered":"https:\/\/veritasinfo.org\/?p=8575"},"modified":"2025-08-18T18:30:07","modified_gmt":"2025-08-18T16:30:07","slug":"prizren-aktakuze-ndaj-dy-zyrtareve-komunale-pretendohet-se-demi-qe-iu-shkaktua-ministrise-se-kultures-kap-shifren-afer-16-milione-euro","status":"publish","type":"post","link":"https:\/\/veritasinfo.org\/?p=8575","title":{"rendered":"Prizren, aktakuz\u00eb ndaj dy zyrtar\u00ebve komunal\u00eb, pretendohet se d\u00ebmi q\u00eb iu shkaktua Ministris\u00eb s\u00eb Kultur\u00ebs kap shifr\u00ebn af\u00ebr 16 milion\u00eb euro"},"content":{"rendered":"<p>Prizren, 18 Gusht 2025<\/p>\n<p>Prokuroria n\u00eb Prizren ka ngritur aktakuz\u00eb ndaj dy zyrtar\u00ebve komunal\u00eb t\u00eb Prizrenit n\u00ebn dyshimin se kan\u00eb keqp\u00ebrdorur detyr\u00ebn zyrtare, duke i shkaktuar d\u00ebm Ministris\u00eb s\u00eb Kultur\u00ebs n\u00eb vler\u00eb af\u00ebr 16 milion\u00eb euro n\u00eb rastin e rr\u00ebnimit t\u00eb kompleksit \u201cSaraji i Vjet\u00ebr\u201d.<\/p>\n<p>Sipas njoftimit t\u00eb Prokuroris\u00eb t\u00eb dat\u00ebs 18.08.2025, E.Th. dhe P.B. akuzohen se si persona zyrtar\u00eb n\u00eb Komun\u00ebn e Prizrenit i kan\u00eb tejkaluar kompetencat e tyre, duke i shkaktuar d\u00ebm Ministris\u00eb s\u00eb Kultur\u00ebs dhe duke i mund\u00ebsuar p\u00ebrfitim pasuror investitorit A.Xh.<\/p>\n<p>Sipas Prokuroris\u00eb, P.B. si drejtor n\u00eb Drejtorin\u00eb e Urbanizmit n\u00eb Prizren ka pasur njohuri se \u201cSaraji i Vjet\u00ebr\u201d \u00ebsht\u00eb n\u00eb kuad\u00ebr t\u00eb mbrojtjes s\u00eb monumenteve kulturore dhe nuk e ka parandaluar rr\u00ebnimin.<\/p>\n<p>Nd\u00ebrsa E.Th. si bashk\u00ebpun\u00ebtore profesionale n\u00eb Komun\u00ebn e Prizrenit m\u00eb 05.01.2024 pas k\u00ebrkes\u00ebs s\u00eb investitorit A.Xh. i ka l\u00ebshuar kushtet nd\u00ebrtimore dhe m\u00eb 15.01.2024 l\u00ebshon vendim p\u00ebr rr\u00ebnimin e objekteve ekzistuese.<\/p>\n<p>Sipas Prokuroris\u00eb, m\u00eb 04.04.2024 i \u00ebsht\u00eb l\u00ebshuar leja nd\u00ebrtimore investitorit A.Xh. p\u00ebr t\u00eb nd\u00ebrtuar kompleks banesor n\u00eb objektin e trash\u00ebgimis\u00eb kulturore.<\/p>\n<p>Sipas Prokuroris\u00eb d\u00ebmi q\u00eb k\u00ebta dy t\u00eb akuzuar i kan\u00eb shkaktuar trash\u00ebgimis\u00eb kulturore \u00ebsht\u00eb n\u00eb vler\u00eb af\u00ebr 16 milion\u00eb euro.<\/p>\n<p>Lidhur me k\u00ebt\u00eb aktakuz\u00eb q\u00eb ka ngritur Prokuroria e Prizrenit, Ministria e Kultur\u00ebs, Rinis\u00eb dhe Sportit ka njoftuar se do t\u00eb mbaj\u00eb konferenc\u00eb p\u00ebr media m\u00eb 19.08.2025.<\/p>\n","protected":false},"excerpt":{"rendered":"<p>Prizren, 18 Gusht 2025 Prokuroria n\u00eb Prizren ka ngritur aktakuz\u00eb ndaj dy zyrtar\u00ebve komunal\u00eb t\u00eb Prizrenit n\u00ebn dyshimin se kan\u00eb keqp\u00ebrdorur detyr\u00ebn zyrtare, duke i<\/p>\n","protected":false},"author":1,"featured_media":8576,"comment_status":"open","ping_status":"open","sticky":false,"template":"","format":"standard","meta":{"footnotes":""},"categories":[60],"tags":[],"class_list":["post-8575","post","type-post","status-publish","format-standard","has-post-thumbnail","hentry","category-shoqerore-sq"],"yoast_head":"<!-- This site is optimized with the Yoast SEO plugin v25.3.1 - https:\/\/yoast.com\/wordpress\/plugins\/seo\/ -->\n<title>Prizren, aktakuz\u00eb ndaj dy zyrtar\u00ebve komunal\u00eb, pretendohet se d\u00ebmi q\u00eb iu shkaktua Ministris\u00eb s\u00eb Kultur\u00ebs kap shifr\u00ebn af\u00ebr 16 milion\u00eb euro -<\/title>\n<meta name=\"robots\" content=\"index, follow, max-snippet:-1, max-image-preview:large, max-video-preview:-1\" \/>\n<link rel=\"canonical\" href=\"https:\/\/veritasinfo.org\/?p=8575\" \/>\n<meta property=\"og:locale\" content=\"en_US\" \/>\n<meta property=\"og:type\" content=\"article\" \/>\n<meta property=\"og:title\" content=\"Prizren, aktakuz\u00eb ndaj dy zyrtar\u00ebve komunal\u00eb, pretendohet se d\u00ebmi q\u00eb iu shkaktua Ministris\u00eb s\u00eb Kultur\u00ebs kap shifr\u00ebn af\u00ebr 16 milion\u00eb euro -\" \/>\n<meta property=\"og:description\" content=\"Prizren, 18 Gusht 2025 Prokuroria n\u00eb Prizren ka ngritur aktakuz\u00eb ndaj dy zyrtar\u00ebve komunal\u00eb t\u00eb Prizrenit n\u00ebn dyshimin se kan\u00eb keqp\u00ebrdorur detyr\u00ebn zyrtare, duke i\" \/>\n<meta property=\"og:url\" content=\"https:\/\/veritasinfo.org\/?p=8575\" \/>\n<meta property=\"article:published_time\" content=\"2025-08-18T16:30:07+00:00\" \/>\n<meta property=\"og:image\" content=\"https:\/\/veritasinfo.org\/wp-content\/uploads\/2025\/08\/IMG_2608.png\" \/>\n\t<meta property=\"og:image:width\" content=\"720\" \/>\n\t<meta property=\"og:image:height\" content=\"387\" \/>\n\t<meta property=\"og:image:type\" content=\"image\/png\" \/>\n<meta name=\"author\" content=\"admin\" \/>\n<meta name=\"twitter:card\" content=\"summary_large_image\" \/>\n<meta name=\"twitter:label1\" content=\"Written by\" \/>\n\t<meta name=\"twitter:data1\" content=\"admin\" \/>\n\t<meta name=\"twitter:label2\" content=\"Est. reading time\" \/>\n\t<meta name=\"twitter:data2\" content=\"2 minutes\" \/>\n<script type=\"application\/ld+json\" class=\"yoast-schema-graph\">{\"@context\":\"https:\/\/schema.org\",\"@graph\":[{\"@type\":\"WebPage\",\"@id\":\"https:\/\/veritasinfo.org\/?p=8575\",\"url\":\"https:\/\/veritasinfo.org\/?p=8575\",\"name\":\"Prizren, aktakuz\u00eb ndaj dy zyrtar\u00ebve komunal\u00eb, pretendohet se d\u00ebmi q\u00eb iu shkaktua Ministris\u00eb s\u00eb Kultur\u00ebs kap shifr\u00ebn af\u00ebr 16 milion\u00eb euro -\",\"isPartOf\":{\"@id\":\"https:\/\/veritasinfo.org\/#website\"},\"primaryImageOfPage\":{\"@id\":\"https:\/\/veritasinfo.org\/?p=8575#primaryimage\"},\"image\":{\"@id\":\"https:\/\/veritasinfo.org\/?p=8575#primaryimage\"},\"thumbnailUrl\":\"https:\/\/veritasinfo.org\/wp-content\/uploads\/2025\/08\/IMG_2608.png\",\"datePublished\":\"2025-08-18T16:30:07+00:00\",\"author\":{\"@id\":\"https:\/\/veritasinfo.org\/#\/schema\/person\/7701f8c088bece422266b100a712374f\"},\"breadcrumb\":{\"@id\":\"https:\/\/veritasinfo.org\/?p=8575#breadcrumb\"},\"inLanguage\":\"en-US\",\"potentialAction\":[{\"@type\":\"ReadAction\",\"target\":[\"https:\/\/veritasinfo.org\/?p=8575\"]}]},{\"@type\":\"ImageObject\",\"inLanguage\":\"en-US\",\"@id\":\"https:\/\/veritasinfo.org\/?p=8575#primaryimage\",\"url\":\"https:\/\/veritasinfo.org\/wp-content\/uploads\/2025\/08\/IMG_2608.png\",\"contentUrl\":\"https:\/\/veritasinfo.org\/wp-content\/uploads\/2025\/08\/IMG_2608.png\",\"width\":720,\"height\":387},{\"@type\":\"BreadcrumbList\",\"@id\":\"https:\/\/veritasinfo.org\/?p=8575#breadcrumb\",\"itemListElement\":[{\"@type\":\"ListItem\",\"position\":1,\"name\":\"Home\",\"item\":\"https:\/\/veritasinfo.org\/\"},{\"@type\":\"ListItem\",\"position\":2,\"name\":\"Prizren, aktakuz\u00eb ndaj dy zyrtar\u00ebve komunal\u00eb, pretendohet se d\u00ebmi q\u00eb iu shkaktua Ministris\u00eb s\u00eb Kultur\u00ebs kap shifr\u00ebn af\u00ebr 16 milion\u00eb euro\"}]},{\"@type\":\"WebSite\",\"@id\":\"https:\/\/veritasinfo.org\/#website\",\"url\":\"https:\/\/veritasinfo.org\/\",\"name\":\"\",\"description\":\"\",\"potentialAction\":[{\"@type\":\"SearchAction\",\"target\":{\"@type\":\"EntryPoint\",\"urlTemplate\":\"https:\/\/veritasinfo.org\/?s={search_term_string}\"},\"query-input\":{\"@type\":\"PropertyValueSpecification\",\"valueRequired\":true,\"valueName\":\"search_term_string\"}}],\"inLanguage\":\"en-US\"},{\"@type\":\"Person\",\"@id\":\"https:\/\/veritasinfo.org\/#\/schema\/person\/7701f8c088bece422266b100a712374f\",\"name\":\"admin\",\"image\":{\"@type\":\"ImageObject\",\"inLanguage\":\"en-US\",\"@id\":\"https:\/\/veritasinfo.org\/#\/schema\/person\/image\/\",\"url\":\"https:\/\/secure.gravatar.com\/avatar\/ea53aa3bf6c9a12d5fde8ce4deff43fef3885ae33cf60184161a50d6987cfd2f?s=96&d=mm&r=g\",\"contentUrl\":\"https:\/\/secure.gravatar.com\/avatar\/ea53aa3bf6c9a12d5fde8ce4deff43fef3885ae33cf60184161a50d6987cfd2f?s=96&d=mm&r=g\",\"caption\":\"admin\"},\"sameAs\":[\"https:\/\/veritasinfo.org\"],\"url\":\"https:\/\/veritasinfo.org\/?author=1\"}]}<\/script>\n<!-- \/ Yoast SEO plugin. -->","yoast_head_json":{"title":"Prizren, aktakuz\u00eb ndaj dy zyrtar\u00ebve komunal\u00eb, pretendohet se d\u00ebmi q\u00eb iu shkaktua Ministris\u00eb s\u00eb Kultur\u00ebs kap shifr\u00ebn af\u00ebr 16 milion\u00eb euro -","robots":{"index":"index","follow":"follow","max-snippet":"max-snippet:-1","max-image-preview":"max-image-preview:large","max-video-preview":"max-video-preview:-1"},"canonical":"https:\/\/veritasinfo.org\/?p=8575","og_locale":"en_US","og_type":"article","og_title":"Prizren, aktakuz\u00eb ndaj dy zyrtar\u00ebve komunal\u00eb, pretendohet se d\u00ebmi q\u00eb iu shkaktua Ministris\u00eb s\u00eb Kultur\u00ebs kap shifr\u00ebn af\u00ebr 16 milion\u00eb euro -","og_description":"Prizren, 18 Gusht 2025 Prokuroria n\u00eb Prizren ka ngritur aktakuz\u00eb ndaj dy zyrtar\u00ebve komunal\u00eb t\u00eb Prizrenit n\u00ebn dyshimin se kan\u00eb keqp\u00ebrdorur detyr\u00ebn zyrtare, duke i","og_url":"https:\/\/veritasinfo.org\/?p=8575","article_published_time":"2025-08-18T16:30:07+00:00","og_image":[{"width":720,"height":387,"url":"https:\/\/veritasinfo.org\/wp-content\/uploads\/2025\/08\/IMG_2608.png","type":"image\/png"}],"author":"admin","twitter_card":"summary_large_image","twitter_misc":{"Written by":"admin","Est. reading time":"2 minutes"},"schema":{"@context":"https:\/\/schema.org","@graph":[{"@type":"WebPage","@id":"https:\/\/veritasinfo.org\/?p=8575","url":"https:\/\/veritasinfo.org\/?p=8575","name":"Prizren, aktakuz\u00eb ndaj dy zyrtar\u00ebve komunal\u00eb, pretendohet se d\u00ebmi q\u00eb iu shkaktua Ministris\u00eb s\u00eb Kultur\u00ebs kap shifr\u00ebn af\u00ebr 16 milion\u00eb euro -","isPartOf":{"@id":"https:\/\/veritasinfo.org\/#website"},"primaryImageOfPage":{"@id":"https:\/\/veritasinfo.org\/?p=8575#primaryimage"},"image":{"@id":"https:\/\/veritasinfo.org\/?p=8575#primaryimage"},"thumbnailUrl":"https:\/\/veritasinfo.org\/wp-content\/uploads\/2025\/08\/IMG_2608.png","datePublished":"2025-08-18T16:30:07+00:00","author":{"@id":"https:\/\/veritasinfo.org\/#\/schema\/person\/7701f8c088bece422266b100a712374f"},"breadcrumb":{"@id":"https:\/\/veritasinfo.org\/?p=8575#breadcrumb"},"inLanguage":"en-US","potentialAction":[{"@type":"ReadAction","target":["https:\/\/veritasinfo.org\/?p=8575"]}]},{"@type":"ImageObject","inLanguage":"en-US","@id":"https:\/\/veritasinfo.org\/?p=8575#primaryimage","url":"https:\/\/veritasinfo.org\/wp-content\/uploads\/2025\/08\/IMG_2608.png","contentUrl":"https:\/\/veritasinfo.org\/wp-content\/uploads\/2025\/08\/IMG_2608.png","width":720,"height":387},{"@type":"BreadcrumbList","@id":"https:\/\/veritasinfo.org\/?p=8575#breadcrumb","itemListElement":[{"@type":"ListItem","position":1,"name":"Home","item":"https:\/\/veritasinfo.org\/"},{"@type":"ListItem","position":2,"name":"Prizren, aktakuz\u00eb ndaj dy zyrtar\u00ebve komunal\u00eb, pretendohet se d\u00ebmi q\u00eb iu shkaktua Ministris\u00eb s\u00eb Kultur\u00ebs kap shifr\u00ebn af\u00ebr 16 milion\u00eb euro"}]},{"@type":"WebSite","@id":"https:\/\/veritasinfo.org\/#website","url":"https:\/\/veritasinfo.org\/","name":"","description":"","potentialAction":[{"@type":"SearchAction","target":{"@type":"EntryPoint","urlTemplate":"https:\/\/veritasinfo.org\/?s={search_term_string}"},"query-input":{"@type":"PropertyValueSpecification","valueRequired":true,"valueName":"search_term_string"}}],"inLanguage":"en-US"},{"@type":"Person","@id":"https:\/\/veritasinfo.org\/#\/schema\/person\/7701f8c088bece422266b100a712374f","name":"admin","image":{"@type":"ImageObject","inLanguage":"en-US","@id":"https:\/\/veritasinfo.org\/#\/schema\/person\/image\/","url":"https:\/\/secure.gravatar.com\/avatar\/ea53aa3bf6c9a12d5fde8ce4deff43fef3885ae33cf60184161a50d6987cfd2f?s=96&d=mm&r=g","contentUrl":"https:\/\/secure.gravatar.com\/avatar\/ea53aa3bf6c9a12d5fde8ce4deff43fef3885ae33cf60184161a50d6987cfd2f?s=96&d=mm&r=g","caption":"admin"},"sameAs":["https:\/\/veritasinfo.org"],"url":"https:\/\/veritasinfo.org\/?author=1"}]}},"featured_image_urls":{"full":["https:\/\/veritasinfo.org\/wp-content\/uploads\/2025\/08\/IMG_2608.png",720,387,false],"thumbnail":["https:\/\/veritasinfo.org\/wp-content\/uploads\/2025\/08\/IMG_2608-150x150.png",150,150,true],"medium":["https:\/\/veritasinfo.org\/wp-content\/uploads\/2025\/08\/IMG_2608-300x161.png",300,161,true],"medium_large":["https:\/\/veritasinfo.org\/wp-content\/uploads\/2025\/08\/IMG_2608.png",640,344,false],"large":["https:\/\/veritasinfo.org\/wp-content\/uploads\/2025\/08\/IMG_2608.png",640,344,false],"1536x1536":["https:\/\/veritasinfo.org\/wp-content\/uploads\/2025\/08\/IMG_2608.png",720,387,false],"2048x2048":["https:\/\/veritasinfo.org\/wp-content\/uploads\/2025\/08\/IMG_2608.png",720,387,false],"kreeti-slider-full":["https:\/\/veritasinfo.org\/wp-content\/uploads\/2025\/08\/IMG_2608.png",720,387,false],"kreeti-featured":["https:\/\/veritasinfo.org\/wp-content\/uploads\/2025\/08\/IMG_2608.png",720,387,false],"kreeti-medium":["https:\/\/veritasinfo.org\/wp-content\/uploads\/2025\/08\/IMG_2608.png",720,387,false],"kreeti-medium-square":["https:\/\/veritasinfo.org\/wp-content\/uploads\/2025\/08\/IMG_2608.png",350,188,false]},"author_info":{"info":["admin"]},"category_info":"<a href=\"https:\/\/veritasinfo.org\/?cat=60\" rel=\"category\">Shoq\u00ebrore<\/a>","tag_info":"Shoq\u00ebrore","comment_count":"0","_links":{"self":[{"href":"https:\/\/veritasinfo.org\/index.php?rest_route=\/wp\/v2\/posts\/8575","targetHints":{"allow":["GET"]}}],"collection":[{"href":"https:\/\/veritasinfo.org\/index.php?rest_route=\/wp\/v2\/posts"}],"about":[{"href":"https:\/\/veritasinfo.org\/index.php?rest_route=\/wp\/v2\/types\/post"}],"author":[{"embeddable":true,"href":"https:\/\/veritasinfo.org\/index.php?rest_route=\/wp\/v2\/users\/1"}],"replies":[{"embeddable":true,"href":"https:\/\/veritasinfo.org\/index.php?rest_route=%2Fwp%2Fv2%2Fcomments&post=8575"}],"version-history":[{"count":1,"href":"https:\/\/veritasinfo.org\/index.php?rest_route=\/wp\/v2\/posts\/8575\/revisions"}],"predecessor-version":[{"id":8577,"href":"https:\/\/veritasinfo.org\/index.php?rest_route=\/wp\/v2\/posts\/8575\/revisions\/8577"}],"wp:featuredmedia":[{"embeddable":true,"href":"https:\/\/veritasinfo.org\/index.php?rest_route=\/wp\/v2\/media\/8576"}],"wp:attachment":[{"href":"https:\/\/veritasinfo.org\/index.php?rest_route=%2Fwp%2Fv2%2Fmedia&parent=8575"}],"wp:term":[{"taxonomy":"category","embeddable":true,"href":"https:\/\/veritasinfo.org\/index.php?rest_route=%2Fwp%2Fv2%2Fcategories&post=8575"},{"taxonomy":"post_tag","embeddable":true,"href":"https:\/\/veritasinfo.org\/index.php?rest_route=%2Fwp%2Fv2%2Ftags&post=8575"}],"curies":[{"name":"wp","href":"https:\/\/api.w.org\/{rel}","templated":true}]}}