{"id":8553,"date":"2025-08-18T15:05:43","date_gmt":"2025-08-18T13:05:43","guid":{"rendered":"https:\/\/veritasinfo.org\/?p=8553"},"modified":"2025-08-18T15:05:43","modified_gmt":"2025-08-18T13:05:43","slug":"publikohet-aktgjykimi-i-plote-i-kushtetueses-per-rastin-e-kuvendit","status":"publish","type":"post","link":"https:\/\/veritasinfo.org\/?p=8553","title":{"rendered":"Publikohet aktgjykimi i plot\u00eb i Kushtetueses p\u00ebr rastin e Kuvendit"},"content":{"rendered":"<p style=\"text-align: left\">Prishtin\u00eb, 18 gusht 2025<\/p>\n<p style=\"text-align: left\">Gjykata Kushtetuese e Kosov\u00ebs ka publikuar aktgjykimin e plot\u00eb n\u00eb lidhje me konstituimin e Kuvendit, duke qart\u00ebsuar procedurat dhe afatet q\u00eb duhet t\u00eb respektohen nga deputet\u00ebt.<\/p>\n<p style=\"text-align: left\">P\u00ebrmbajtja e seanc\u00ebs konstituive<\/p>\n<p style=\"text-align: left\">N\u00eb aktgjykim theksohet se rendi i dit\u00ebs i seanc\u00ebs konstituive \u00ebsht\u00eb i p\u00ebrcaktuar rrept\u00ebsisht nga Rregullorja e Kuvendit. Ai p\u00ebrfshin vet\u00ebm:<\/p>\n<p style=\"text-align: left\">1. Formimin e Komisionit t\u00eb P\u00ebrkohsh\u00ebm p\u00ebr Verifikimin e Kuorumit dhe t\u00eb Mandateve;<\/p>\n<p style=\"text-align: left\">2. Betimin e deputet\u00ebve;<\/p>\n<p style=\"text-align: left\">3. Zgjedhjen e Kryetarit t\u00eb Kuvendit;<\/p>\n<p style=\"text-align: left\">4. Zgjedhjen e n\u00ebnkryetar\u00ebve t\u00eb Kuvendit.<\/p>\n<p style=\"text-align: left\">Gjykata ka n\u00ebnvizuar se ky rend i dit\u00ebs \u00ebsht\u00eb i vetmi q\u00eb mund t\u00eb trajtohet n\u00eb seanc\u00ebn konstituive dhe se kryesuesi i seanc\u00ebs nuk ka t\u00eb drejt\u00eb t\u00eb devijoj\u00eb apo t\u00eb lejoj\u00eb nd\u00ebrhyrje procedurale q\u00eb bien ndesh me Kushtetut\u00ebn.<\/p>\n<p style=\"text-align: left\">Afati p\u00ebr zgjedhjen e Kryetarit t\u00eb Kuvendit<\/p>\n<p style=\"text-align: left\">Me publikimin e k\u00ebtij aktgjykimi m\u00eb 18 gusht 2025, ka nisur t\u00eb rrjedh\u00eb afati 30-ditor brenda t\u00eb cilit deputet\u00ebt duhet t\u00eb zgjedhin kryetarin e Kuvendit p\u00ebrmes votimit t\u00eb hapur. Sipas Kushtetueses, deri m\u00eb 18 shtator Kuvendi duhet t\u00eb jet\u00eb i konstituuar.<\/p>\n<p style=\"text-align: left\">Gjykata po ashtu ka shpallur t\u00eb pavlefshme seancat e mbajtura n\u00eb periudh\u00ebn 27 qershor \u2013 26 korrik 2025, duke theksuar se ato nuk kan\u00eb respektuar vendimin e saj t\u00eb m\u00ebparsh\u00ebm t\u00eb dat\u00ebs 26 qershor.<\/p>\n<p style=\"text-align: left\">K\u00ebrkesa p\u00ebr p\u00ebrjashtim e gjyqtarit Llaban<\/p>\n<p style=\"text-align: left\">N\u00eb aktgjykim zbulohet se m\u00eb 7 gusht 2025, gjyqtari Radomir Llaban kishte k\u00ebrkuar vet\u00ebp\u00ebrjashtimin nga vendimmarrja n\u00eb tri raste t\u00eb lidhura me seanc\u00ebn konstituive (KO193\/25, KO196\/25 dhe KO215\/25), t\u00eb cilat ishin parashtruar nga PDK, LDK dhe presidentja Vjosa Osmani. K\u00ebrkesa e tij u refuzua nj\u00ebz\u00ebri nga gjykata.<\/p>\n<p style=\"text-align: left\">Presidentja Osmani, m\u00eb 5 gusht, kishte t\u00ebrhequr k\u00ebrkes\u00ebn e saj nga Gjykata Kushtetuese, duke deklaruar se em\u00ebrimi i gjyqtarit Llaban si raportues p\u00ebrb\u00ebnte rrezik p\u00ebr rendin kushtetues. Ajo ka theksuar se institucionet e siguris\u00eb n\u00eb Kosov\u00eb kishin dor\u00ebzuar informacione p\u00ebr veprimtarin\u00eb e tij n\u00eb vitet 2018, 2021 dhe 2024.<\/p>\n<p style=\"text-align: left\">Akuzat ndaj gjyqtarit Llaban<\/p>\n<p style=\"text-align: left\">Ministrja n\u00eb detyr\u00eb e Drejt\u00ebsis\u00eb, Albulena Haxhiu, n\u00eb nj\u00eb konferenc\u00eb p\u00ebr media, e ka akuzuar Llabanin se \u00ebsht\u00eb bashk\u00ebpun\u00ebtor i sh\u00ebrbimit sekret serb (BIA) dhe i af\u00ebrt me Milan Radoi\u00e7iqin. Sipas saj, gjyqtari ka qen\u00eb i p\u00ebrfshir\u00eb edhe n\u00eb planin e Serbis\u00eb p\u00ebr nd\u00ebrhyrje n\u00eb zgjedhjet n\u00eb Kosov\u00eb.<\/p>\n<p style=\"text-align: left\">\u201cLlaban ka pasur raporte t\u00eb hershme me Milan Radoi\u00e7iqin, kryeterroristin e rastit n\u00eb Banjska, dhe fal\u00eb k\u00ebtyre lidhjeve ka p\u00ebrfituar prona dhe pun\u00ebsime p\u00ebr familjar\u00ebt e tij,\u201d ka deklaruar Haxhiu.<\/p>\n<p style=\"text-align: left\">Vendimi p\u00ebrfundimtar i Kushtetueses<\/p>\n<p style=\"text-align: left\">M\u00eb 8 gusht 2025, Gjykata Kushtetuese mori vendim q\u00eb deputet\u00ebt e dal\u00eb nga zgjedhjet e 9 shkurtit duhet t\u00eb zgjedhin kryetarin e Kuvendit me votim t\u00eb hapur, brenda afatit 30-ditor. Po ashtu, vendimi i p\u00ebrcakton se t\u00eb gjitha seancat e mbajtura pas 26 qershorit jan\u00eb t\u00eb pavlefshme.<\/p>\n<p style=\"text-align: left\">Ky aktgjykim i ri pritet t\u2019i jap\u00eb fund bllokad\u00ebs institucionale dhe t\u2019i hap\u00eb rrug\u00eb konstituimit t\u00eb Kuvendit dhe funksionimit normal t\u00eb institucioneve t\u00eb Kosov\u00ebs.<\/p>\n<p style=\"text-align: left\">\n<p style=\"text-align: left\">\n<p style=\"text-align: left\">\n","protected":false},"excerpt":{"rendered":"<p>Prishtin\u00eb, 18 gusht 2025 Gjykata Kushtetuese e Kosov\u00ebs ka publikuar aktgjykimin e plot\u00eb n\u00eb lidhje me konstituimin e Kuvendit, duke qart\u00ebsuar procedurat dhe afatet q\u00eb<\/p>\n","protected":false},"author":1,"featured_media":8554,"comment_status":"open","ping_status":"open","sticky":false,"template":"","format":"standard","meta":{"footnotes":""},"categories":[58],"tags":[],"class_list":["post-8553","post","type-post","status-publish","format-standard","has-post-thumbnail","hentry","category-politike-sq"],"yoast_head":"<!-- This site is optimized with the Yoast SEO plugin v25.3.1 - https:\/\/yoast.com\/wordpress\/plugins\/seo\/ -->\n<title>Publikohet aktgjykimi i plot\u00eb i Kushtetueses p\u00ebr rastin e Kuvendit -<\/title>\n<meta name=\"robots\" content=\"index, follow, max-snippet:-1, max-image-preview:large, max-video-preview:-1\" \/>\n<link rel=\"canonical\" href=\"https:\/\/veritasinfo.org\/?p=8553\" \/>\n<meta property=\"og:locale\" content=\"en_US\" \/>\n<meta property=\"og:type\" content=\"article\" \/>\n<meta property=\"og:title\" content=\"Publikohet aktgjykimi i plot\u00eb i Kushtetueses p\u00ebr rastin e Kuvendit -\" \/>\n<meta property=\"og:description\" content=\"Prishtin\u00eb, 18 gusht 2025 Gjykata Kushtetuese e Kosov\u00ebs ka publikuar aktgjykimin e plot\u00eb n\u00eb lidhje me konstituimin e Kuvendit, duke qart\u00ebsuar procedurat dhe afatet q\u00eb\" \/>\n<meta property=\"og:url\" content=\"https:\/\/veritasinfo.org\/?p=8553\" \/>\n<meta property=\"article:published_time\" content=\"2025-08-18T13:05:43+00:00\" \/>\n<meta property=\"og:image\" content=\"https:\/\/veritasinfo.org\/wp-content\/uploads\/2025\/08\/IMG-292db34d428be3e7ac3756cf09876dce-V-2.jpg\" \/>\n\t<meta property=\"og:image:width\" content=\"940\" \/>\n\t<meta property=\"og:image:height\" content=\"788\" \/>\n\t<meta property=\"og:image:type\" content=\"image\/jpeg\" \/>\n<meta name=\"author\" content=\"admin\" \/>\n<meta name=\"twitter:card\" content=\"summary_large_image\" \/>\n<meta name=\"twitter:label1\" content=\"Written by\" \/>\n\t<meta name=\"twitter:data1\" content=\"admin\" \/>\n\t<meta name=\"twitter:label2\" content=\"Est. reading time\" \/>\n\t<meta name=\"twitter:data2\" content=\"3 minutes\" \/>\n<script type=\"application\/ld+json\" class=\"yoast-schema-graph\">{\"@context\":\"https:\/\/schema.org\",\"@graph\":[{\"@type\":\"WebPage\",\"@id\":\"https:\/\/veritasinfo.org\/?p=8553\",\"url\":\"https:\/\/veritasinfo.org\/?p=8553\",\"name\":\"Publikohet aktgjykimi i plot\u00eb i Kushtetueses p\u00ebr rastin e Kuvendit -\",\"isPartOf\":{\"@id\":\"https:\/\/veritasinfo.org\/#website\"},\"primaryImageOfPage\":{\"@id\":\"https:\/\/veritasinfo.org\/?p=8553#primaryimage\"},\"image\":{\"@id\":\"https:\/\/veritasinfo.org\/?p=8553#primaryimage\"},\"thumbnailUrl\":\"https:\/\/veritasinfo.org\/wp-content\/uploads\/2025\/08\/IMG-292db34d428be3e7ac3756cf09876dce-V-2.jpg\",\"datePublished\":\"2025-08-18T13:05:43+00:00\",\"author\":{\"@id\":\"https:\/\/veritasinfo.org\/#\/schema\/person\/7701f8c088bece422266b100a712374f\"},\"breadcrumb\":{\"@id\":\"https:\/\/veritasinfo.org\/?p=8553#breadcrumb\"},\"inLanguage\":\"en-US\",\"potentialAction\":[{\"@type\":\"ReadAction\",\"target\":[\"https:\/\/veritasinfo.org\/?p=8553\"]}]},{\"@type\":\"ImageObject\",\"inLanguage\":\"en-US\",\"@id\":\"https:\/\/veritasinfo.org\/?p=8553#primaryimage\",\"url\":\"https:\/\/veritasinfo.org\/wp-content\/uploads\/2025\/08\/IMG-292db34d428be3e7ac3756cf09876dce-V-2.jpg\",\"contentUrl\":\"https:\/\/veritasinfo.org\/wp-content\/uploads\/2025\/08\/IMG-292db34d428be3e7ac3756cf09876dce-V-2.jpg\",\"width\":940,\"height\":788},{\"@type\":\"BreadcrumbList\",\"@id\":\"https:\/\/veritasinfo.org\/?p=8553#breadcrumb\",\"itemListElement\":[{\"@type\":\"ListItem\",\"position\":1,\"name\":\"Home\",\"item\":\"https:\/\/veritasinfo.org\/\"},{\"@type\":\"ListItem\",\"position\":2,\"name\":\"Publikohet aktgjykimi i plot\u00eb i Kushtetueses p\u00ebr rastin e Kuvendit\"}]},{\"@type\":\"WebSite\",\"@id\":\"https:\/\/veritasinfo.org\/#website\",\"url\":\"https:\/\/veritasinfo.org\/\",\"name\":\"\",\"description\":\"\",\"potentialAction\":[{\"@type\":\"SearchAction\",\"target\":{\"@type\":\"EntryPoint\",\"urlTemplate\":\"https:\/\/veritasinfo.org\/?s={search_term_string}\"},\"query-input\":{\"@type\":\"PropertyValueSpecification\",\"valueRequired\":true,\"valueName\":\"search_term_string\"}}],\"inLanguage\":\"en-US\"},{\"@type\":\"Person\",\"@id\":\"https:\/\/veritasinfo.org\/#\/schema\/person\/7701f8c088bece422266b100a712374f\",\"name\":\"admin\",\"image\":{\"@type\":\"ImageObject\",\"inLanguage\":\"en-US\",\"@id\":\"https:\/\/veritasinfo.org\/#\/schema\/person\/image\/\",\"url\":\"https:\/\/secure.gravatar.com\/avatar\/ea53aa3bf6c9a12d5fde8ce4deff43fef3885ae33cf60184161a50d6987cfd2f?s=96&d=mm&r=g\",\"contentUrl\":\"https:\/\/secure.gravatar.com\/avatar\/ea53aa3bf6c9a12d5fde8ce4deff43fef3885ae33cf60184161a50d6987cfd2f?s=96&d=mm&r=g\",\"caption\":\"admin\"},\"sameAs\":[\"https:\/\/veritasinfo.org\"],\"url\":\"https:\/\/veritasinfo.org\/?author=1\"}]}<\/script>\n<!-- \/ Yoast SEO plugin. -->","yoast_head_json":{"title":"Publikohet aktgjykimi i plot\u00eb i Kushtetueses p\u00ebr rastin e Kuvendit -","robots":{"index":"index","follow":"follow","max-snippet":"max-snippet:-1","max-image-preview":"max-image-preview:large","max-video-preview":"max-video-preview:-1"},"canonical":"https:\/\/veritasinfo.org\/?p=8553","og_locale":"en_US","og_type":"article","og_title":"Publikohet aktgjykimi i plot\u00eb i Kushtetueses p\u00ebr rastin e Kuvendit -","og_description":"Prishtin\u00eb, 18 gusht 2025 Gjykata Kushtetuese e Kosov\u00ebs ka publikuar aktgjykimin e plot\u00eb n\u00eb lidhje me konstituimin e Kuvendit, duke qart\u00ebsuar procedurat dhe afatet q\u00eb","og_url":"https:\/\/veritasinfo.org\/?p=8553","article_published_time":"2025-08-18T13:05:43+00:00","og_image":[{"width":940,"height":788,"url":"https:\/\/veritasinfo.org\/wp-content\/uploads\/2025\/08\/IMG-292db34d428be3e7ac3756cf09876dce-V-2.jpg","type":"image\/jpeg"}],"author":"admin","twitter_card":"summary_large_image","twitter_misc":{"Written by":"admin","Est. reading time":"3 minutes"},"schema":{"@context":"https:\/\/schema.org","@graph":[{"@type":"WebPage","@id":"https:\/\/veritasinfo.org\/?p=8553","url":"https:\/\/veritasinfo.org\/?p=8553","name":"Publikohet aktgjykimi i plot\u00eb i Kushtetueses p\u00ebr rastin e Kuvendit -","isPartOf":{"@id":"https:\/\/veritasinfo.org\/#website"},"primaryImageOfPage":{"@id":"https:\/\/veritasinfo.org\/?p=8553#primaryimage"},"image":{"@id":"https:\/\/veritasinfo.org\/?p=8553#primaryimage"},"thumbnailUrl":"https:\/\/veritasinfo.org\/wp-content\/uploads\/2025\/08\/IMG-292db34d428be3e7ac3756cf09876dce-V-2.jpg","datePublished":"2025-08-18T13:05:43+00:00","author":{"@id":"https:\/\/veritasinfo.org\/#\/schema\/person\/7701f8c088bece422266b100a712374f"},"breadcrumb":{"@id":"https:\/\/veritasinfo.org\/?p=8553#breadcrumb"},"inLanguage":"en-US","potentialAction":[{"@type":"ReadAction","target":["https:\/\/veritasinfo.org\/?p=8553"]}]},{"@type":"ImageObject","inLanguage":"en-US","@id":"https:\/\/veritasinfo.org\/?p=8553#primaryimage","url":"https:\/\/veritasinfo.org\/wp-content\/uploads\/2025\/08\/IMG-292db34d428be3e7ac3756cf09876dce-V-2.jpg","contentUrl":"https:\/\/veritasinfo.org\/wp-content\/uploads\/2025\/08\/IMG-292db34d428be3e7ac3756cf09876dce-V-2.jpg","width":940,"height":788},{"@type":"BreadcrumbList","@id":"https:\/\/veritasinfo.org\/?p=8553#breadcrumb","itemListElement":[{"@type":"ListItem","position":1,"name":"Home","item":"https:\/\/veritasinfo.org\/"},{"@type":"ListItem","position":2,"name":"Publikohet aktgjykimi i plot\u00eb i Kushtetueses p\u00ebr rastin e Kuvendit"}]},{"@type":"WebSite","@id":"https:\/\/veritasinfo.org\/#website","url":"https:\/\/veritasinfo.org\/","name":"","description":"","potentialAction":[{"@type":"SearchAction","target":{"@type":"EntryPoint","urlTemplate":"https:\/\/veritasinfo.org\/?s={search_term_string}"},"query-input":{"@type":"PropertyValueSpecification","valueRequired":true,"valueName":"search_term_string"}}],"inLanguage":"en-US"},{"@type":"Person","@id":"https:\/\/veritasinfo.org\/#\/schema\/person\/7701f8c088bece422266b100a712374f","name":"admin","image":{"@type":"ImageObject","inLanguage":"en-US","@id":"https:\/\/veritasinfo.org\/#\/schema\/person\/image\/","url":"https:\/\/secure.gravatar.com\/avatar\/ea53aa3bf6c9a12d5fde8ce4deff43fef3885ae33cf60184161a50d6987cfd2f?s=96&d=mm&r=g","contentUrl":"https:\/\/secure.gravatar.com\/avatar\/ea53aa3bf6c9a12d5fde8ce4deff43fef3885ae33cf60184161a50d6987cfd2f?s=96&d=mm&r=g","caption":"admin"},"sameAs":["https:\/\/veritasinfo.org"],"url":"https:\/\/veritasinfo.org\/?author=1"}]}},"featured_image_urls":{"full":["https:\/\/veritasinfo.org\/wp-content\/uploads\/2025\/08\/IMG-292db34d428be3e7ac3756cf09876dce-V-2.jpg",940,788,false],"thumbnail":["https:\/\/veritasinfo.org\/wp-content\/uploads\/2025\/08\/IMG-292db34d428be3e7ac3756cf09876dce-V-2-150x150.jpg",150,150,true],"medium":["https:\/\/veritasinfo.org\/wp-content\/uploads\/2025\/08\/IMG-292db34d428be3e7ac3756cf09876dce-V-2-300x251.jpg",300,251,true],"medium_large":["https:\/\/veritasinfo.org\/wp-content\/uploads\/2025\/08\/IMG-292db34d428be3e7ac3756cf09876dce-V-2-768x644.jpg",640,537,true],"large":["https:\/\/veritasinfo.org\/wp-content\/uploads\/2025\/08\/IMG-292db34d428be3e7ac3756cf09876dce-V-2.jpg",640,537,false],"1536x1536":["https:\/\/veritasinfo.org\/wp-content\/uploads\/2025\/08\/IMG-292db34d428be3e7ac3756cf09876dce-V-2.jpg",940,788,false],"2048x2048":["https:\/\/veritasinfo.org\/wp-content\/uploads\/2025\/08\/IMG-292db34d428be3e7ac3756cf09876dce-V-2.jpg",940,788,false],"kreeti-slider-full":["https:\/\/veritasinfo.org\/wp-content\/uploads\/2025\/08\/IMG-292db34d428be3e7ac3756cf09876dce-V-2.jpg",859,720,false],"kreeti-featured":["https:\/\/veritasinfo.org\/wp-content\/uploads\/2025\/08\/IMG-292db34d428be3e7ac3756cf09876dce-V-2.jpg",940,788,false],"kreeti-medium":["https:\/\/veritasinfo.org\/wp-content\/uploads\/2025\/08\/IMG-292db34d428be3e7ac3756cf09876dce-V-2.jpg",632,530,false],"kreeti-medium-square":["https:\/\/veritasinfo.org\/wp-content\/uploads\/2025\/08\/IMG-292db34d428be3e7ac3756cf09876dce-V-2.jpg",350,293,false]},"author_info":{"info":["admin"]},"category_info":"<a href=\"https:\/\/veritasinfo.org\/?cat=58\" rel=\"category\">Politik\u00eb<\/a>","tag_info":"Politik\u00eb","comment_count":"0","_links":{"self":[{"href":"https:\/\/veritasinfo.org\/index.php?rest_route=\/wp\/v2\/posts\/8553","targetHints":{"allow":["GET"]}}],"collection":[{"href":"https:\/\/veritasinfo.org\/index.php?rest_route=\/wp\/v2\/posts"}],"about":[{"href":"https:\/\/veritasinfo.org\/index.php?rest_route=\/wp\/v2\/types\/post"}],"author":[{"embeddable":true,"href":"https:\/\/veritasinfo.org\/index.php?rest_route=\/wp\/v2\/users\/1"}],"replies":[{"embeddable":true,"href":"https:\/\/veritasinfo.org\/index.php?rest_route=%2Fwp%2Fv2%2Fcomments&post=8553"}],"version-history":[{"count":1,"href":"https:\/\/veritasinfo.org\/index.php?rest_route=\/wp\/v2\/posts\/8553\/revisions"}],"predecessor-version":[{"id":8555,"href":"https:\/\/veritasinfo.org\/index.php?rest_route=\/wp\/v2\/posts\/8553\/revisions\/8555"}],"wp:featuredmedia":[{"embeddable":true,"href":"https:\/\/veritasinfo.org\/index.php?rest_route=\/wp\/v2\/media\/8554"}],"wp:attachment":[{"href":"https:\/\/veritasinfo.org\/index.php?rest_route=%2Fwp%2Fv2%2Fmedia&parent=8553"}],"wp:term":[{"taxonomy":"category","embeddable":true,"href":"https:\/\/veritasinfo.org\/index.php?rest_route=%2Fwp%2Fv2%2Fcategories&post=8553"},{"taxonomy":"post_tag","embeddable":true,"href":"https:\/\/veritasinfo.org\/index.php?rest_route=%2Fwp%2Fv2%2Ftags&post=8553"}],"curies":[{"name":"wp","href":"https:\/\/api.w.org\/{rel}","templated":true}]}}