{"id":8534,"date":"2025-08-18T13:44:12","date_gmt":"2025-08-18T11:44:12","guid":{"rendered":"https:\/\/veritasinfo.org\/?p=8534"},"modified":"2025-08-18T13:44:12","modified_gmt":"2025-08-18T11:44:12","slug":"kurti-qeveria-gjithmone-ka-respektuar-aktgjykimet-e-kushtetueses-por-nuk-eshte-mire-te-kete-vonesa","status":"publish","type":"post","link":"https:\/\/veritasinfo.org\/?p=8534","title":{"rendered":"Kurti: Qeveria gjithmon\u00eb ka respektuar aktgjykimet e Kushtetueses, por nuk \u00ebsht\u00eb mir\u00eb t\u00eb ket\u00eb vonesa"},"content":{"rendered":"<p data-start=\"267\" data-end=\"569\"><strong data-start=\"267\" data-end=\"295\">Prishtin\u00eb, 18 gusht 2025<\/strong><\/p>\n<p data-start=\"267\" data-end=\"569\">Kryeministri n\u00eb detyr\u00eb i Kosov\u00ebs, Albin Kurti, ka deklaruar se Qeveria e tij gjithmon\u00eb ka respektuar aktgjykimet e Gjykat\u00ebs Kushtetuese, duke theksuar se kjo \u00ebsht\u00eb b\u00ebr\u00eb jo vet\u00ebm gjat\u00eb mandatit qeveris\u00ebs, por edhe n\u00eb koh\u00ebn kur ai ka qen\u00eb kryetar i L\u00ebvizjes Vet\u00ebvendosje.<\/p>\n<p data-start=\"571\" data-end=\"756\">Kurti u shpreh se pyetjet e vazhdueshme lidhur me respektimin e vendimeve t\u00eb Gjykat\u00ebs Kushtetuese l\u00ebn\u00eb t\u00eb n\u00ebnkuptohet se aktgjykimi i fundit mund t\u00eb jet\u00eb i pazakonsh\u00ebm ose i padrejt\u00eb.<\/p>\n<blockquote data-start=\"758\" data-end=\"1221\">\n<p data-start=\"760\" data-end=\"1221\">\u201cNuk ka asnj\u00eb aktgjykim t\u00eb Gjykat\u00ebs Kushtetuese t\u00eb cilin Qeveria e Kosov\u00ebs me mua si kryeminist\u00ebr nuk e ka respektuar. Dhe nuk ka asnj\u00eb aktgjykim t\u00eb Gjykat\u00ebs Kushtetuese, t\u00eb cilin edhe un\u00eb si kryetar i LVV-s\u00eb, nuk e kam respektuar. Por, kur m\u00eb pyesni s\u00ebrish a do ta respektoj aktgjykimin e Gjykat\u00ebs Kushtetuese kjo m\u00eb b\u00ebn t\u00eb mendoj q\u00eb do t\u00eb jet\u00eb i pazakonsh\u00ebm, i padrejt\u00eb, i paduruesh\u00ebm, saq\u00eb ndoshta duhet ta konsiderojm\u00eb se \u00e7far\u00eb duhet t\u00eb b\u00ebjm\u00eb\u201d, tha Kurti.<\/p>\n<\/blockquote>\n<p data-start=\"1223\" data-end=\"1391\">Ai kritikoi edhe m\u00ebnyr\u00ebn e publikimit t\u00eb aktgjykimit t\u00eb fundit, duke kujtuar se m\u00eb 8 gusht u b\u00eb publik vet\u00ebm njoftimi, nd\u00ebrsa vendimi i plot\u00eb ende nuk \u00ebsht\u00eb dor\u00ebzuar.<\/p>\n<blockquote data-start=\"1393\" data-end=\"2014\">\n<p data-start=\"1395\" data-end=\"2014\">\u201cEdhe nj\u00eb her\u00eb po e ritheksoj q\u00eb ne gjithmon\u00eb i kemi respektuar aktgjykimet e Gjykat\u00ebs Kushtetuese, por k\u00ebsaj radhe, p\u00ebr dallim nga 26 qershori, e kemi vet\u00ebm njoftimin e Gjykat\u00ebs Kushtetuese dhe po presim aktgjykimin e plot\u00eb. M\u00eb 26 qershor e kemi pasur n\u00eb t\u00eb nj\u00ebjt\u00ebn dit\u00eb njoftimin edhe aktgjykimin. Tash m\u00eb 8 gusht e pat\u00ebm njoftimin, por ende nuk e kemi aktgjykimin. Kur ta lexojm\u00eb t\u00eb plot\u00eb, do ta japim vler\u00ebsimin ton\u00eb meritor. Nuk \u00ebsht\u00eb mir\u00eb q\u00eb kemi k\u00ebt\u00eb vones\u00eb, sepse sipas bindjes sime ka mosp\u00ebrputhje mes k\u00ebtij aktgjykimi dhe atij t\u00eb 26 qershorit, t\u00eb dh\u00ebn\u00eb nga e nj\u00ebjta p\u00ebrb\u00ebrje e Gjykat\u00ebs Kushtetuese\u201d, tha ai.<\/p>\n<\/blockquote>\n<p data-start=\"2016\" data-end=\"2218\">Aktualisht, njoftimi i aktgjykimit \u00ebsht\u00eb b\u00ebr\u00eb publik m\u00eb 8 gusht, por vendimi i plot\u00eb ende nuk \u00ebsht\u00eb botuar n\u00eb Gazet\u00ebn Zyrtare. Kjo po vonon thirrjen e mbledhjes p\u00ebr konstituimin e Kuvendit t\u00eb Kosov\u00ebs.<\/p>\n","protected":false},"excerpt":{"rendered":"<p>Prishtin\u00eb, 18 gusht 2025 Kryeministri n\u00eb detyr\u00eb i Kosov\u00ebs, Albin Kurti, ka deklaruar se Qeveria e tij gjithmon\u00eb ka respektuar aktgjykimet e Gjykat\u00ebs Kushtetuese, duke<\/p>\n","protected":false},"author":1,"featured_media":8422,"comment_status":"open","ping_status":"open","sticky":false,"template":"","format":"standard","meta":{"footnotes":""},"categories":[58],"tags":[],"class_list":["post-8534","post","type-post","status-publish","format-standard","has-post-thumbnail","hentry","category-politike-sq"],"yoast_head":"<!-- This site is optimized with the Yoast SEO plugin v25.3.1 - https:\/\/yoast.com\/wordpress\/plugins\/seo\/ -->\n<title>Kurti: Qeveria gjithmon\u00eb ka respektuar aktgjykimet e Kushtetueses, por nuk \u00ebsht\u00eb mir\u00eb t\u00eb ket\u00eb vonesa -<\/title>\n<meta name=\"robots\" content=\"index, follow, max-snippet:-1, max-image-preview:large, max-video-preview:-1\" \/>\n<link rel=\"canonical\" href=\"https:\/\/veritasinfo.org\/?p=8534\" \/>\n<meta property=\"og:locale\" content=\"en_US\" \/>\n<meta property=\"og:type\" content=\"article\" \/>\n<meta property=\"og:title\" content=\"Kurti: Qeveria gjithmon\u00eb ka respektuar aktgjykimet e Kushtetueses, por nuk \u00ebsht\u00eb mir\u00eb t\u00eb ket\u00eb vonesa -\" \/>\n<meta property=\"og:description\" content=\"Prishtin\u00eb, 18 gusht 2025 Kryeministri n\u00eb detyr\u00eb i Kosov\u00ebs, Albin Kurti, ka deklaruar se Qeveria e tij gjithmon\u00eb ka respektuar aktgjykimet e Gjykat\u00ebs Kushtetuese, duke\" \/>\n<meta property=\"og:url\" content=\"https:\/\/veritasinfo.org\/?p=8534\" \/>\n<meta property=\"article:published_time\" content=\"2025-08-18T11:44:12+00:00\" \/>\n<meta property=\"og:image\" content=\"https:\/\/veritasinfo.org\/wp-content\/uploads\/2025\/08\/albin-kurti.jpg\" \/>\n\t<meta property=\"og:image:width\" content=\"2048\" \/>\n\t<meta property=\"og:image:height\" content=\"1365\" \/>\n\t<meta property=\"og:image:type\" content=\"image\/jpeg\" \/>\n<meta name=\"author\" content=\"admin\" \/>\n<meta name=\"twitter:card\" content=\"summary_large_image\" \/>\n<meta name=\"twitter:label1\" content=\"Written by\" \/>\n\t<meta name=\"twitter:data1\" content=\"admin\" \/>\n\t<meta name=\"twitter:label2\" content=\"Est. reading time\" \/>\n\t<meta name=\"twitter:data2\" content=\"1 minute\" \/>\n<script type=\"application\/ld+json\" class=\"yoast-schema-graph\">{\"@context\":\"https:\/\/schema.org\",\"@graph\":[{\"@type\":\"WebPage\",\"@id\":\"https:\/\/veritasinfo.org\/?p=8534\",\"url\":\"https:\/\/veritasinfo.org\/?p=8534\",\"name\":\"Kurti: Qeveria gjithmon\u00eb ka respektuar aktgjykimet e Kushtetueses, por nuk \u00ebsht\u00eb mir\u00eb t\u00eb ket\u00eb vonesa -\",\"isPartOf\":{\"@id\":\"https:\/\/veritasinfo.org\/#website\"},\"primaryImageOfPage\":{\"@id\":\"https:\/\/veritasinfo.org\/?p=8534#primaryimage\"},\"image\":{\"@id\":\"https:\/\/veritasinfo.org\/?p=8534#primaryimage\"},\"thumbnailUrl\":\"https:\/\/veritasinfo.org\/wp-content\/uploads\/2025\/08\/albin-kurti.jpg\",\"datePublished\":\"2025-08-18T11:44:12+00:00\",\"author\":{\"@id\":\"https:\/\/veritasinfo.org\/#\/schema\/person\/7701f8c088bece422266b100a712374f\"},\"breadcrumb\":{\"@id\":\"https:\/\/veritasinfo.org\/?p=8534#breadcrumb\"},\"inLanguage\":\"en-US\",\"potentialAction\":[{\"@type\":\"ReadAction\",\"target\":[\"https:\/\/veritasinfo.org\/?p=8534\"]}]},{\"@type\":\"ImageObject\",\"inLanguage\":\"en-US\",\"@id\":\"https:\/\/veritasinfo.org\/?p=8534#primaryimage\",\"url\":\"https:\/\/veritasinfo.org\/wp-content\/uploads\/2025\/08\/albin-kurti.jpg\",\"contentUrl\":\"https:\/\/veritasinfo.org\/wp-content\/uploads\/2025\/08\/albin-kurti.jpg\",\"width\":2048,\"height\":1365},{\"@type\":\"BreadcrumbList\",\"@id\":\"https:\/\/veritasinfo.org\/?p=8534#breadcrumb\",\"itemListElement\":[{\"@type\":\"ListItem\",\"position\":1,\"name\":\"Home\",\"item\":\"https:\/\/veritasinfo.org\/\"},{\"@type\":\"ListItem\",\"position\":2,\"name\":\"Kurti: Qeveria gjithmon\u00eb ka respektuar aktgjykimet e Kushtetueses, por nuk \u00ebsht\u00eb mir\u00eb t\u00eb ket\u00eb vonesa\"}]},{\"@type\":\"WebSite\",\"@id\":\"https:\/\/veritasinfo.org\/#website\",\"url\":\"https:\/\/veritasinfo.org\/\",\"name\":\"\",\"description\":\"\",\"potentialAction\":[{\"@type\":\"SearchAction\",\"target\":{\"@type\":\"EntryPoint\",\"urlTemplate\":\"https:\/\/veritasinfo.org\/?s={search_term_string}\"},\"query-input\":{\"@type\":\"PropertyValueSpecification\",\"valueRequired\":true,\"valueName\":\"search_term_string\"}}],\"inLanguage\":\"en-US\"},{\"@type\":\"Person\",\"@id\":\"https:\/\/veritasinfo.org\/#\/schema\/person\/7701f8c088bece422266b100a712374f\",\"name\":\"admin\",\"image\":{\"@type\":\"ImageObject\",\"inLanguage\":\"en-US\",\"@id\":\"https:\/\/veritasinfo.org\/#\/schema\/person\/image\/\",\"url\":\"https:\/\/secure.gravatar.com\/avatar\/ea53aa3bf6c9a12d5fde8ce4deff43fef3885ae33cf60184161a50d6987cfd2f?s=96&d=mm&r=g\",\"contentUrl\":\"https:\/\/secure.gravatar.com\/avatar\/ea53aa3bf6c9a12d5fde8ce4deff43fef3885ae33cf60184161a50d6987cfd2f?s=96&d=mm&r=g\",\"caption\":\"admin\"},\"sameAs\":[\"https:\/\/veritasinfo.org\"],\"url\":\"https:\/\/veritasinfo.org\/?author=1\"}]}<\/script>\n<!-- \/ Yoast SEO plugin. -->","yoast_head_json":{"title":"Kurti: Qeveria gjithmon\u00eb ka respektuar aktgjykimet e Kushtetueses, por nuk \u00ebsht\u00eb mir\u00eb t\u00eb ket\u00eb vonesa -","robots":{"index":"index","follow":"follow","max-snippet":"max-snippet:-1","max-image-preview":"max-image-preview:large","max-video-preview":"max-video-preview:-1"},"canonical":"https:\/\/veritasinfo.org\/?p=8534","og_locale":"en_US","og_type":"article","og_title":"Kurti: Qeveria gjithmon\u00eb ka respektuar aktgjykimet e Kushtetueses, por nuk \u00ebsht\u00eb mir\u00eb t\u00eb ket\u00eb vonesa -","og_description":"Prishtin\u00eb, 18 gusht 2025 Kryeministri n\u00eb detyr\u00eb i Kosov\u00ebs, Albin Kurti, ka deklaruar se Qeveria e tij gjithmon\u00eb ka respektuar aktgjykimet e Gjykat\u00ebs Kushtetuese, duke","og_url":"https:\/\/veritasinfo.org\/?p=8534","article_published_time":"2025-08-18T11:44:12+00:00","og_image":[{"width":2048,"height":1365,"url":"https:\/\/veritasinfo.org\/wp-content\/uploads\/2025\/08\/albin-kurti.jpg","type":"image\/jpeg"}],"author":"admin","twitter_card":"summary_large_image","twitter_misc":{"Written by":"admin","Est. reading time":"1 minute"},"schema":{"@context":"https:\/\/schema.org","@graph":[{"@type":"WebPage","@id":"https:\/\/veritasinfo.org\/?p=8534","url":"https:\/\/veritasinfo.org\/?p=8534","name":"Kurti: Qeveria gjithmon\u00eb ka respektuar aktgjykimet e Kushtetueses, por nuk \u00ebsht\u00eb mir\u00eb t\u00eb ket\u00eb vonesa -","isPartOf":{"@id":"https:\/\/veritasinfo.org\/#website"},"primaryImageOfPage":{"@id":"https:\/\/veritasinfo.org\/?p=8534#primaryimage"},"image":{"@id":"https:\/\/veritasinfo.org\/?p=8534#primaryimage"},"thumbnailUrl":"https:\/\/veritasinfo.org\/wp-content\/uploads\/2025\/08\/albin-kurti.jpg","datePublished":"2025-08-18T11:44:12+00:00","author":{"@id":"https:\/\/veritasinfo.org\/#\/schema\/person\/7701f8c088bece422266b100a712374f"},"breadcrumb":{"@id":"https:\/\/veritasinfo.org\/?p=8534#breadcrumb"},"inLanguage":"en-US","potentialAction":[{"@type":"ReadAction","target":["https:\/\/veritasinfo.org\/?p=8534"]}]},{"@type":"ImageObject","inLanguage":"en-US","@id":"https:\/\/veritasinfo.org\/?p=8534#primaryimage","url":"https:\/\/veritasinfo.org\/wp-content\/uploads\/2025\/08\/albin-kurti.jpg","contentUrl":"https:\/\/veritasinfo.org\/wp-content\/uploads\/2025\/08\/albin-kurti.jpg","width":2048,"height":1365},{"@type":"BreadcrumbList","@id":"https:\/\/veritasinfo.org\/?p=8534#breadcrumb","itemListElement":[{"@type":"ListItem","position":1,"name":"Home","item":"https:\/\/veritasinfo.org\/"},{"@type":"ListItem","position":2,"name":"Kurti: Qeveria gjithmon\u00eb ka respektuar aktgjykimet e Kushtetueses, por nuk \u00ebsht\u00eb mir\u00eb t\u00eb ket\u00eb vonesa"}]},{"@type":"WebSite","@id":"https:\/\/veritasinfo.org\/#website","url":"https:\/\/veritasinfo.org\/","name":"","description":"","potentialAction":[{"@type":"SearchAction","target":{"@type":"EntryPoint","urlTemplate":"https:\/\/veritasinfo.org\/?s={search_term_string}"},"query-input":{"@type":"PropertyValueSpecification","valueRequired":true,"valueName":"search_term_string"}}],"inLanguage":"en-US"},{"@type":"Person","@id":"https:\/\/veritasinfo.org\/#\/schema\/person\/7701f8c088bece422266b100a712374f","name":"admin","image":{"@type":"ImageObject","inLanguage":"en-US","@id":"https:\/\/veritasinfo.org\/#\/schema\/person\/image\/","url":"https:\/\/secure.gravatar.com\/avatar\/ea53aa3bf6c9a12d5fde8ce4deff43fef3885ae33cf60184161a50d6987cfd2f?s=96&d=mm&r=g","contentUrl":"https:\/\/secure.gravatar.com\/avatar\/ea53aa3bf6c9a12d5fde8ce4deff43fef3885ae33cf60184161a50d6987cfd2f?s=96&d=mm&r=g","caption":"admin"},"sameAs":["https:\/\/veritasinfo.org"],"url":"https:\/\/veritasinfo.org\/?author=1"}]}},"featured_image_urls":{"full":["https:\/\/veritasinfo.org\/wp-content\/uploads\/2025\/08\/albin-kurti.jpg",2048,1365,false],"thumbnail":["https:\/\/veritasinfo.org\/wp-content\/uploads\/2025\/08\/albin-kurti-150x150.jpg",150,150,true],"medium":["https:\/\/veritasinfo.org\/wp-content\/uploads\/2025\/08\/albin-kurti-300x200.jpg",300,200,true],"medium_large":["https:\/\/veritasinfo.org\/wp-content\/uploads\/2025\/08\/albin-kurti-768x512.jpg",640,427,true],"large":["https:\/\/veritasinfo.org\/wp-content\/uploads\/2025\/08\/albin-kurti-1024x683.jpg",640,427,true],"1536x1536":["https:\/\/veritasinfo.org\/wp-content\/uploads\/2025\/08\/albin-kurti-1536x1024.jpg",1536,1024,true],"2048x2048":["https:\/\/veritasinfo.org\/wp-content\/uploads\/2025\/08\/albin-kurti.jpg",2048,1365,false],"kreeti-slider-full":["https:\/\/veritasinfo.org\/wp-content\/uploads\/2025\/08\/albin-kurti.jpg",1080,720,false],"kreeti-featured":["https:\/\/veritasinfo.org\/wp-content\/uploads\/2025\/08\/albin-kurti.jpg",1024,683,false],"kreeti-medium":["https:\/\/veritasinfo.org\/wp-content\/uploads\/2025\/08\/albin-kurti.jpg",720,480,false],"kreeti-medium-square":["https:\/\/veritasinfo.org\/wp-content\/uploads\/2025\/08\/albin-kurti.jpg",350,233,false]},"author_info":{"info":["admin"]},"category_info":"<a href=\"https:\/\/veritasinfo.org\/?cat=58\" rel=\"category\">Politik\u00eb<\/a>","tag_info":"Politik\u00eb","comment_count":"0","_links":{"self":[{"href":"https:\/\/veritasinfo.org\/index.php?rest_route=\/wp\/v2\/posts\/8534","targetHints":{"allow":["GET"]}}],"collection":[{"href":"https:\/\/veritasinfo.org\/index.php?rest_route=\/wp\/v2\/posts"}],"about":[{"href":"https:\/\/veritasinfo.org\/index.php?rest_route=\/wp\/v2\/types\/post"}],"author":[{"embeddable":true,"href":"https:\/\/veritasinfo.org\/index.php?rest_route=\/wp\/v2\/users\/1"}],"replies":[{"embeddable":true,"href":"https:\/\/veritasinfo.org\/index.php?rest_route=%2Fwp%2Fv2%2Fcomments&post=8534"}],"version-history":[{"count":1,"href":"https:\/\/veritasinfo.org\/index.php?rest_route=\/wp\/v2\/posts\/8534\/revisions"}],"predecessor-version":[{"id":8535,"href":"https:\/\/veritasinfo.org\/index.php?rest_route=\/wp\/v2\/posts\/8534\/revisions\/8535"}],"wp:featuredmedia":[{"embeddable":true,"href":"https:\/\/veritasinfo.org\/index.php?rest_route=\/wp\/v2\/media\/8422"}],"wp:attachment":[{"href":"https:\/\/veritasinfo.org\/index.php?rest_route=%2Fwp%2Fv2%2Fmedia&parent=8534"}],"wp:term":[{"taxonomy":"category","embeddable":true,"href":"https:\/\/veritasinfo.org\/index.php?rest_route=%2Fwp%2Fv2%2Fcategories&post=8534"},{"taxonomy":"post_tag","embeddable":true,"href":"https:\/\/veritasinfo.org\/index.php?rest_route=%2Fwp%2Fv2%2Ftags&post=8534"}],"curies":[{"name":"wp","href":"https:\/\/api.w.org\/{rel}","templated":true}]}}