{"id":8522,"date":"2025-08-18T12:47:50","date_gmt":"2025-08-18T10:47:50","guid":{"rendered":"https:\/\/veritasinfo.org\/?p=8522"},"modified":"2025-08-18T12:47:50","modified_gmt":"2025-08-18T10:47:50","slug":"201-zyrtare-policore-ne-mitrovice-te-veriut-u-trajnuan-per-komunikim-per-de-eskalim-dhe-ndjeshmeri-gjinore","status":"publish","type":"post","link":"https:\/\/veritasinfo.org\/?p=8522","title":{"rendered":"201 zyrtar\u00eb policor\u00eb n\u00eb Mitrovic\u00eb t\u00eb Veriut u trajnuan p\u00ebr komunikim p\u00ebr de-eskalim dhe ndjeshm\u00ebri gjinore"},"content":{"rendered":"<p>18 gusht, 2025<\/p>\n<p style=\"text-align: left\">Zyrtar\u00eb policor\u00eb nga Drejtoria Rajonale e Policis\u00eb Mitrovic\u00eb Veri kan\u00eb marr\u00eb pjes\u00eb n\u00eb pun\u00ebtorin\u00eb me tem\u00ebn \u201cKomunikimi p\u00ebr de-eskalim dhe ndjeshm\u00ebri gjinore\u201d, e cila ka filluar n\u00eb muajin qershor 2025 dhe ka p\u00ebrfunduar sot, n\u00eb ambientet e Drejtoris\u00eb Rajonale t\u00eb Policis\u00eb Mitrovic\u00eb Veri.<\/p>\n<p>N\u00eb k\u00ebt\u00eb trajnim kan\u00eb marr\u00eb pjes\u00eb gjithsej 201 zyrtar\u00eb policore nga gjeneratat 59, 60, 61 dhe 62 t\u00eb Policis\u00eb s\u00eb Kosov\u00ebs.<\/p>\n<p>\u201cPun\u00ebtoria \u00ebsht\u00eb organizuar nga zyrtar\u00eb t\u00eb EULEX-it dhe t\u00eb Policis\u00eb s\u00eb Kosov\u00ebs dhe ka pasur p\u00ebr q\u00ebllim ngritjen e kapaciteteve profesionale n\u00eb fush\u00ebn e komunikimit efektiv, parandalimin dhe uljen e tensioneve, si dhe forcimin e ndjeshm\u00ebris\u00eb gjinore gjat\u00eb ushtrimit t\u00eb detyr\u00ebs policore. Pjes\u00ebmarr\u00ebsit kan\u00eb pasur mund\u00ebsi t\u00eb shk\u00ebmbejn\u00eb p\u00ebrvoja, t\u00eb diskutojn\u00eb raste praktike dhe t\u00eb thellojn\u00eb njohurit\u00eb mbi qasjet bashk\u00ebkohore n\u00eb menaxhimin e situatave q\u00eb k\u00ebrkojn\u00eb kujdes t\u00eb ve\u00e7ant\u00eb\u201d, thuhet nga Policia e Kosov\u00ebs e cila ka shpreh fal\u00ebnderim ndaj EULEX-it.<\/p>\n","protected":false},"excerpt":{"rendered":"<p>18 gusht, 2025 Zyrtar\u00eb policor\u00eb nga Drejtoria Rajonale e Policis\u00eb Mitrovic\u00eb Veri kan\u00eb marr\u00eb pjes\u00eb n\u00eb pun\u00ebtorin\u00eb me tem\u00ebn \u201cKomunikimi p\u00ebr de-eskalim dhe ndjeshm\u00ebri gjinore\u201d,<\/p>\n","protected":false},"author":1,"featured_media":8523,"comment_status":"open","ping_status":"open","sticky":false,"template":"","format":"standard","meta":{"footnotes":""},"categories":[60],"tags":[],"class_list":["post-8522","post","type-post","status-publish","format-standard","has-post-thumbnail","hentry","category-shoqerore-sq"],"yoast_head":"<!-- This site is optimized with the Yoast SEO plugin v25.3.1 - https:\/\/yoast.com\/wordpress\/plugins\/seo\/ -->\n<title>201 zyrtar\u00eb policor\u00eb n\u00eb Mitrovic\u00eb t\u00eb Veriut u trajnuan p\u00ebr komunikim p\u00ebr de-eskalim dhe ndjeshm\u00ebri gjinore -<\/title>\n<meta name=\"robots\" content=\"index, follow, max-snippet:-1, max-image-preview:large, max-video-preview:-1\" \/>\n<link rel=\"canonical\" href=\"https:\/\/veritasinfo.org\/?p=8522\" \/>\n<meta property=\"og:locale\" content=\"en_US\" \/>\n<meta property=\"og:type\" content=\"article\" \/>\n<meta property=\"og:title\" content=\"201 zyrtar\u00eb policor\u00eb n\u00eb Mitrovic\u00eb t\u00eb Veriut u trajnuan p\u00ebr komunikim p\u00ebr de-eskalim dhe ndjeshm\u00ebri gjinore -\" \/>\n<meta property=\"og:description\" content=\"18 gusht, 2025 Zyrtar\u00eb policor\u00eb nga Drejtoria Rajonale e Policis\u00eb Mitrovic\u00eb Veri kan\u00eb marr\u00eb pjes\u00eb n\u00eb pun\u00ebtorin\u00eb me tem\u00ebn \u201cKomunikimi p\u00ebr de-eskalim dhe ndjeshm\u00ebri gjinore\u201d,\" \/>\n<meta property=\"og:url\" content=\"https:\/\/veritasinfo.org\/?p=8522\" \/>\n<meta property=\"article:published_time\" content=\"2025-08-18T10:47:50+00:00\" \/>\n<meta property=\"og:image\" content=\"https:\/\/veritasinfo.org\/wp-content\/uploads\/2025\/08\/568b2e2f-1ecd-4605-b4f2-cf4b68fa070e_w1080_h608_s.jpg\" \/>\n\t<meta property=\"og:image:width\" content=\"1080\" \/>\n\t<meta property=\"og:image:height\" content=\"608\" \/>\n\t<meta property=\"og:image:type\" content=\"image\/jpeg\" \/>\n<meta name=\"author\" content=\"admin\" \/>\n<meta name=\"twitter:card\" content=\"summary_large_image\" \/>\n<meta name=\"twitter:label1\" content=\"Written by\" \/>\n\t<meta name=\"twitter:data1\" content=\"admin\" \/>\n\t<meta name=\"twitter:label2\" content=\"Est. reading time\" \/>\n\t<meta name=\"twitter:data2\" content=\"1 minute\" \/>\n<script type=\"application\/ld+json\" class=\"yoast-schema-graph\">{\"@context\":\"https:\/\/schema.org\",\"@graph\":[{\"@type\":\"WebPage\",\"@id\":\"https:\/\/veritasinfo.org\/?p=8522\",\"url\":\"https:\/\/veritasinfo.org\/?p=8522\",\"name\":\"201 zyrtar\u00eb policor\u00eb n\u00eb Mitrovic\u00eb t\u00eb Veriut u trajnuan p\u00ebr komunikim p\u00ebr de-eskalim dhe ndjeshm\u00ebri gjinore -\",\"isPartOf\":{\"@id\":\"https:\/\/veritasinfo.org\/#website\"},\"primaryImageOfPage\":{\"@id\":\"https:\/\/veritasinfo.org\/?p=8522#primaryimage\"},\"image\":{\"@id\":\"https:\/\/veritasinfo.org\/?p=8522#primaryimage\"},\"thumbnailUrl\":\"https:\/\/veritasinfo.org\/wp-content\/uploads\/2025\/08\/568b2e2f-1ecd-4605-b4f2-cf4b68fa070e_w1080_h608_s.jpg\",\"datePublished\":\"2025-08-18T10:47:50+00:00\",\"author\":{\"@id\":\"https:\/\/veritasinfo.org\/#\/schema\/person\/7701f8c088bece422266b100a712374f\"},\"breadcrumb\":{\"@id\":\"https:\/\/veritasinfo.org\/?p=8522#breadcrumb\"},\"inLanguage\":\"en-US\",\"potentialAction\":[{\"@type\":\"ReadAction\",\"target\":[\"https:\/\/veritasinfo.org\/?p=8522\"]}]},{\"@type\":\"ImageObject\",\"inLanguage\":\"en-US\",\"@id\":\"https:\/\/veritasinfo.org\/?p=8522#primaryimage\",\"url\":\"https:\/\/veritasinfo.org\/wp-content\/uploads\/2025\/08\/568b2e2f-1ecd-4605-b4f2-cf4b68fa070e_w1080_h608_s.jpg\",\"contentUrl\":\"https:\/\/veritasinfo.org\/wp-content\/uploads\/2025\/08\/568b2e2f-1ecd-4605-b4f2-cf4b68fa070e_w1080_h608_s.jpg\",\"width\":1080,\"height\":608},{\"@type\":\"BreadcrumbList\",\"@id\":\"https:\/\/veritasinfo.org\/?p=8522#breadcrumb\",\"itemListElement\":[{\"@type\":\"ListItem\",\"position\":1,\"name\":\"Home\",\"item\":\"https:\/\/veritasinfo.org\/\"},{\"@type\":\"ListItem\",\"position\":2,\"name\":\"201 zyrtar\u00eb policor\u00eb n\u00eb Mitrovic\u00eb t\u00eb Veriut u trajnuan p\u00ebr komunikim p\u00ebr de-eskalim dhe ndjeshm\u00ebri gjinore\"}]},{\"@type\":\"WebSite\",\"@id\":\"https:\/\/veritasinfo.org\/#website\",\"url\":\"https:\/\/veritasinfo.org\/\",\"name\":\"\",\"description\":\"\",\"potentialAction\":[{\"@type\":\"SearchAction\",\"target\":{\"@type\":\"EntryPoint\",\"urlTemplate\":\"https:\/\/veritasinfo.org\/?s={search_term_string}\"},\"query-input\":{\"@type\":\"PropertyValueSpecification\",\"valueRequired\":true,\"valueName\":\"search_term_string\"}}],\"inLanguage\":\"en-US\"},{\"@type\":\"Person\",\"@id\":\"https:\/\/veritasinfo.org\/#\/schema\/person\/7701f8c088bece422266b100a712374f\",\"name\":\"admin\",\"image\":{\"@type\":\"ImageObject\",\"inLanguage\":\"en-US\",\"@id\":\"https:\/\/veritasinfo.org\/#\/schema\/person\/image\/\",\"url\":\"https:\/\/secure.gravatar.com\/avatar\/ea53aa3bf6c9a12d5fde8ce4deff43fef3885ae33cf60184161a50d6987cfd2f?s=96&d=mm&r=g\",\"contentUrl\":\"https:\/\/secure.gravatar.com\/avatar\/ea53aa3bf6c9a12d5fde8ce4deff43fef3885ae33cf60184161a50d6987cfd2f?s=96&d=mm&r=g\",\"caption\":\"admin\"},\"sameAs\":[\"https:\/\/veritasinfo.org\"],\"url\":\"https:\/\/veritasinfo.org\/?author=1\"}]}<\/script>\n<!-- \/ Yoast SEO plugin. -->","yoast_head_json":{"title":"201 zyrtar\u00eb policor\u00eb n\u00eb Mitrovic\u00eb t\u00eb Veriut u trajnuan p\u00ebr komunikim p\u00ebr de-eskalim dhe ndjeshm\u00ebri gjinore -","robots":{"index":"index","follow":"follow","max-snippet":"max-snippet:-1","max-image-preview":"max-image-preview:large","max-video-preview":"max-video-preview:-1"},"canonical":"https:\/\/veritasinfo.org\/?p=8522","og_locale":"en_US","og_type":"article","og_title":"201 zyrtar\u00eb policor\u00eb n\u00eb Mitrovic\u00eb t\u00eb Veriut u trajnuan p\u00ebr komunikim p\u00ebr de-eskalim dhe ndjeshm\u00ebri gjinore -","og_description":"18 gusht, 2025 Zyrtar\u00eb policor\u00eb nga Drejtoria Rajonale e Policis\u00eb Mitrovic\u00eb Veri kan\u00eb marr\u00eb pjes\u00eb n\u00eb pun\u00ebtorin\u00eb me tem\u00ebn \u201cKomunikimi p\u00ebr de-eskalim dhe ndjeshm\u00ebri gjinore\u201d,","og_url":"https:\/\/veritasinfo.org\/?p=8522","article_published_time":"2025-08-18T10:47:50+00:00","og_image":[{"width":1080,"height":608,"url":"https:\/\/veritasinfo.org\/wp-content\/uploads\/2025\/08\/568b2e2f-1ecd-4605-b4f2-cf4b68fa070e_w1080_h608_s.jpg","type":"image\/jpeg"}],"author":"admin","twitter_card":"summary_large_image","twitter_misc":{"Written by":"admin","Est. reading time":"1 minute"},"schema":{"@context":"https:\/\/schema.org","@graph":[{"@type":"WebPage","@id":"https:\/\/veritasinfo.org\/?p=8522","url":"https:\/\/veritasinfo.org\/?p=8522","name":"201 zyrtar\u00eb policor\u00eb n\u00eb Mitrovic\u00eb t\u00eb Veriut u trajnuan p\u00ebr komunikim p\u00ebr de-eskalim dhe ndjeshm\u00ebri gjinore -","isPartOf":{"@id":"https:\/\/veritasinfo.org\/#website"},"primaryImageOfPage":{"@id":"https:\/\/veritasinfo.org\/?p=8522#primaryimage"},"image":{"@id":"https:\/\/veritasinfo.org\/?p=8522#primaryimage"},"thumbnailUrl":"https:\/\/veritasinfo.org\/wp-content\/uploads\/2025\/08\/568b2e2f-1ecd-4605-b4f2-cf4b68fa070e_w1080_h608_s.jpg","datePublished":"2025-08-18T10:47:50+00:00","author":{"@id":"https:\/\/veritasinfo.org\/#\/schema\/person\/7701f8c088bece422266b100a712374f"},"breadcrumb":{"@id":"https:\/\/veritasinfo.org\/?p=8522#breadcrumb"},"inLanguage":"en-US","potentialAction":[{"@type":"ReadAction","target":["https:\/\/veritasinfo.org\/?p=8522"]}]},{"@type":"ImageObject","inLanguage":"en-US","@id":"https:\/\/veritasinfo.org\/?p=8522#primaryimage","url":"https:\/\/veritasinfo.org\/wp-content\/uploads\/2025\/08\/568b2e2f-1ecd-4605-b4f2-cf4b68fa070e_w1080_h608_s.jpg","contentUrl":"https:\/\/veritasinfo.org\/wp-content\/uploads\/2025\/08\/568b2e2f-1ecd-4605-b4f2-cf4b68fa070e_w1080_h608_s.jpg","width":1080,"height":608},{"@type":"BreadcrumbList","@id":"https:\/\/veritasinfo.org\/?p=8522#breadcrumb","itemListElement":[{"@type":"ListItem","position":1,"name":"Home","item":"https:\/\/veritasinfo.org\/"},{"@type":"ListItem","position":2,"name":"201 zyrtar\u00eb policor\u00eb n\u00eb Mitrovic\u00eb t\u00eb Veriut u trajnuan p\u00ebr komunikim p\u00ebr de-eskalim dhe ndjeshm\u00ebri gjinore"}]},{"@type":"WebSite","@id":"https:\/\/veritasinfo.org\/#website","url":"https:\/\/veritasinfo.org\/","name":"","description":"","potentialAction":[{"@type":"SearchAction","target":{"@type":"EntryPoint","urlTemplate":"https:\/\/veritasinfo.org\/?s={search_term_string}"},"query-input":{"@type":"PropertyValueSpecification","valueRequired":true,"valueName":"search_term_string"}}],"inLanguage":"en-US"},{"@type":"Person","@id":"https:\/\/veritasinfo.org\/#\/schema\/person\/7701f8c088bece422266b100a712374f","name":"admin","image":{"@type":"ImageObject","inLanguage":"en-US","@id":"https:\/\/veritasinfo.org\/#\/schema\/person\/image\/","url":"https:\/\/secure.gravatar.com\/avatar\/ea53aa3bf6c9a12d5fde8ce4deff43fef3885ae33cf60184161a50d6987cfd2f?s=96&d=mm&r=g","contentUrl":"https:\/\/secure.gravatar.com\/avatar\/ea53aa3bf6c9a12d5fde8ce4deff43fef3885ae33cf60184161a50d6987cfd2f?s=96&d=mm&r=g","caption":"admin"},"sameAs":["https:\/\/veritasinfo.org"],"url":"https:\/\/veritasinfo.org\/?author=1"}]}},"featured_image_urls":{"full":["https:\/\/veritasinfo.org\/wp-content\/uploads\/2025\/08\/568b2e2f-1ecd-4605-b4f2-cf4b68fa070e_w1080_h608_s.jpg",1080,608,false],"thumbnail":["https:\/\/veritasinfo.org\/wp-content\/uploads\/2025\/08\/568b2e2f-1ecd-4605-b4f2-cf4b68fa070e_w1080_h608_s-150x150.jpg",150,150,true],"medium":["https:\/\/veritasinfo.org\/wp-content\/uploads\/2025\/08\/568b2e2f-1ecd-4605-b4f2-cf4b68fa070e_w1080_h608_s-300x169.jpg",300,169,true],"medium_large":["https:\/\/veritasinfo.org\/wp-content\/uploads\/2025\/08\/568b2e2f-1ecd-4605-b4f2-cf4b68fa070e_w1080_h608_s-768x432.jpg",640,360,true],"large":["https:\/\/veritasinfo.org\/wp-content\/uploads\/2025\/08\/568b2e2f-1ecd-4605-b4f2-cf4b68fa070e_w1080_h608_s-1024x576.jpg",640,360,true],"1536x1536":["https:\/\/veritasinfo.org\/wp-content\/uploads\/2025\/08\/568b2e2f-1ecd-4605-b4f2-cf4b68fa070e_w1080_h608_s.jpg",1080,608,false],"2048x2048":["https:\/\/veritasinfo.org\/wp-content\/uploads\/2025\/08\/568b2e2f-1ecd-4605-b4f2-cf4b68fa070e_w1080_h608_s.jpg",1080,608,false],"kreeti-slider-full":["https:\/\/veritasinfo.org\/wp-content\/uploads\/2025\/08\/568b2e2f-1ecd-4605-b4f2-cf4b68fa070e_w1080_h608_s.jpg",1080,608,false],"kreeti-featured":["https:\/\/veritasinfo.org\/wp-content\/uploads\/2025\/08\/568b2e2f-1ecd-4605-b4f2-cf4b68fa070e_w1080_h608_s.jpg",1024,576,false],"kreeti-medium":["https:\/\/veritasinfo.org\/wp-content\/uploads\/2025\/08\/568b2e2f-1ecd-4605-b4f2-cf4b68fa070e_w1080_h608_s.jpg",720,405,false],"kreeti-medium-square":["https:\/\/veritasinfo.org\/wp-content\/uploads\/2025\/08\/568b2e2f-1ecd-4605-b4f2-cf4b68fa070e_w1080_h608_s.jpg",350,197,false]},"author_info":{"info":["admin"]},"category_info":"<a href=\"https:\/\/veritasinfo.org\/?cat=60\" rel=\"category\">Shoq\u00ebrore<\/a>","tag_info":"Shoq\u00ebrore","comment_count":"0","_links":{"self":[{"href":"https:\/\/veritasinfo.org\/index.php?rest_route=\/wp\/v2\/posts\/8522","targetHints":{"allow":["GET"]}}],"collection":[{"href":"https:\/\/veritasinfo.org\/index.php?rest_route=\/wp\/v2\/posts"}],"about":[{"href":"https:\/\/veritasinfo.org\/index.php?rest_route=\/wp\/v2\/types\/post"}],"author":[{"embeddable":true,"href":"https:\/\/veritasinfo.org\/index.php?rest_route=\/wp\/v2\/users\/1"}],"replies":[{"embeddable":true,"href":"https:\/\/veritasinfo.org\/index.php?rest_route=%2Fwp%2Fv2%2Fcomments&post=8522"}],"version-history":[{"count":1,"href":"https:\/\/veritasinfo.org\/index.php?rest_route=\/wp\/v2\/posts\/8522\/revisions"}],"predecessor-version":[{"id":8524,"href":"https:\/\/veritasinfo.org\/index.php?rest_route=\/wp\/v2\/posts\/8522\/revisions\/8524"}],"wp:featuredmedia":[{"embeddable":true,"href":"https:\/\/veritasinfo.org\/index.php?rest_route=\/wp\/v2\/media\/8523"}],"wp:attachment":[{"href":"https:\/\/veritasinfo.org\/index.php?rest_route=%2Fwp%2Fv2%2Fmedia&parent=8522"}],"wp:term":[{"taxonomy":"category","embeddable":true,"href":"https:\/\/veritasinfo.org\/index.php?rest_route=%2Fwp%2Fv2%2Fcategories&post=8522"},{"taxonomy":"post_tag","embeddable":true,"href":"https:\/\/veritasinfo.org\/index.php?rest_route=%2Fwp%2Fv2%2Ftags&post=8522"}],"curies":[{"name":"wp","href":"https:\/\/api.w.org\/{rel}","templated":true}]}}