{"id":8516,"date":"2025-08-18T12:28:46","date_gmt":"2025-08-18T10:28:46","guid":{"rendered":"https:\/\/veritasinfo.org\/?p=8516"},"modified":"2025-08-18T12:28:46","modified_gmt":"2025-08-18T10:28:46","slug":"kurti-gjuha-themel-per-ruajtjen-e-inteligjences-njerezore-ne-epoken-e-inteligjences-artificiale","status":"publish","type":"post","link":"https:\/\/veritasinfo.org\/?p=8516","title":{"rendered":"Kurti: Gjuha, themel p\u00ebr ruajtjen e inteligjenc\u00ebs njer\u00ebzore n\u00eb epok\u00ebn e inteligjenc\u00ebs artificiale"},"content":{"rendered":"<p><strong>Prishtin\u00eb, 18 gusht 2025<\/strong><\/p>\n<p>Kryeministri n\u00eb detyr\u00eb i Kosov\u00ebs, Albin Kurti, ka theksuar r\u00ebnd\u00ebsin\u00eb e gjuh\u00ebs si baz\u00eb e pandashme e mendimit dhe kultur\u00ebs njer\u00ebzore, sidomos n\u00eb koh\u00ebn e zhvillimit t\u00eb shpejt\u00eb t\u00eb inteligjenc\u00ebs artificiale (IA).<\/p>\n<p>Duke folur n\u00eb hapjen solemne t\u00eb <strong>Seminarit Nd\u00ebrkomb\u00ebtar t\u00eb Gjuh\u00ebs, Let\u00ebrsis\u00eb dhe Kultur\u00ebs Shqiptare<\/strong>, q\u00eb po mbahet n\u00eb amfiteatrin e Bibliotek\u00ebs Qendrore Universitare, Kurti e cil\u00ebsoi k\u00ebt\u00eb ngjarje si nj\u00eb nd\u00ebr m\u00eb jet\u00ebgjatat dhe m\u00eb t\u00eb r\u00ebnd\u00ebsishmet n\u00eb jet\u00ebn kulturore t\u00eb Kosov\u00ebs.<\/p>\n<blockquote><p>\u201cN\u00eb kushtet e zhvillimit t\u00eb shpejt\u00eb t\u00eb IA-s\u00eb, gjuha \u00ebsht\u00eb themeli m\u00eb solid i ruajtjes s\u00eb inteligjenc\u00ebs dhe imagjinat\u00ebs njer\u00ebzore. Gjuha nuk \u00ebsht\u00eb vet\u00ebm komunikim i nevojave, por edhe i subjektivitetit, kujtes\u00ebs, imagjinat\u00ebs dhe kultur\u00ebs,\u201d tha Kurti.<\/p><\/blockquote>\n<p>Ai foli p\u00ebr lidhjen e pazgjidhshme mes gjuh\u00ebs dhe mendimit, duke theksuar se kjo \u00e7\u00ebshtje mbetet thelb\u00ebsore p\u00ebr njer\u00ebzimin dhe formimin kulturor. Sipas tij, vet\u00eb kultura \u00ebsht\u00eb nj\u00eb \u201cpazgjidhshm\u00ebri e p\u00ebrjetshme\u201d, t\u00eb cil\u00ebn gjuh\u00ebtar\u00ebt duhet ta shtjellojn\u00eb n\u00eb t\u00eb gjitha fushat e tyre.<\/p>\n<p>Kurti theksoi se entuziazmi p\u00ebr gjuh\u00ebn shqipe n\u00eb kultur\u00eb, art dhe shkenc\u00eb duhet t\u00eb rritet, nd\u00ebrsa u shpreh i gatsh\u00ebm t\u00eb mb\u00ebshtes\u00eb institucionet q\u00eb kan\u00eb p\u00ebr mision promovimin dhe zhvillimin e saj.<\/p>\n<p>N\u00eb k\u00ebt\u00eb kuad\u00ebr, ai b\u00ebri t\u00eb ditur edhe masa konkrete:<\/p>\n<ul>\n<li><strong>Bursa prej 1000 eurosh p\u00ebr student\u00ebt e Gjuh\u00ebs dhe Let\u00ebrsis\u00eb Shqipe<\/strong>,<\/li>\n<li><strong>Mb\u00ebshtetje p\u00ebr stafin akademik<\/strong> t\u00eb k\u00ebsaj fushe.<\/li>\n<\/ul>\n<p>\u201cSeminari i 43-t\u00eb me radh\u00eb ka nj\u00eb rol t\u00eb madh n\u00eb llogaritjen e baz\u00ebs q\u00eb i sh\u00ebrben mendimit, madje edhe n\u00eb kusht\u00ebzimin e tij. Raporti mes gjuh\u00ebs dhe mendimit shpesh ngat\u00ebrron mund\u00ebsimin dhe kufizimin e mendimit, por \u00ebsht\u00eb pik\u00ebrisht gjuha ajo q\u00eb i jep racionalitet formimit ton\u00eb kulturor,\u201d u shpreh Kurti.<\/p>\n<p>Seminari tradicional i gjuh\u00ebs shqipe mbledh k\u00ebt\u00eb vit studiues, pedagog\u00eb dhe student\u00eb nga vende t\u00eb ndryshme t\u00eb bot\u00ebs, duke u shnd\u00ebrruar n\u00eb nj\u00eb platform\u00eb t\u00eb r\u00ebnd\u00ebsishme shkencore e kulturore p\u00ebr shqipen dhe studimet albanologjike.<\/p>\n<p>&nbsp;<\/p>\n","protected":false},"excerpt":{"rendered":"<p>Prishtin\u00eb, 18 gusht 2025 Kryeministri n\u00eb detyr\u00eb i Kosov\u00ebs, Albin Kurti, ka theksuar r\u00ebnd\u00ebsin\u00eb e gjuh\u00ebs si baz\u00eb e pandashme e mendimit dhe kultur\u00ebs njer\u00ebzore,<\/p>\n","protected":false},"author":1,"featured_media":8517,"comment_status":"open","ping_status":"open","sticky":false,"template":"","format":"standard","meta":{"footnotes":""},"categories":[60],"tags":[],"class_list":["post-8516","post","type-post","status-publish","format-standard","has-post-thumbnail","hentry","category-shoqerore-sq"],"yoast_head":"<!-- This site is optimized with the Yoast SEO plugin v25.3.1 - https:\/\/yoast.com\/wordpress\/plugins\/seo\/ -->\n<title>Kurti: Gjuha, themel p\u00ebr ruajtjen e inteligjenc\u00ebs njer\u00ebzore n\u00eb epok\u00ebn e inteligjenc\u00ebs artificiale -<\/title>\n<meta name=\"robots\" content=\"index, follow, max-snippet:-1, max-image-preview:large, max-video-preview:-1\" \/>\n<link rel=\"canonical\" href=\"https:\/\/veritasinfo.org\/?p=8516\" \/>\n<meta property=\"og:locale\" content=\"en_US\" \/>\n<meta property=\"og:type\" content=\"article\" \/>\n<meta property=\"og:title\" content=\"Kurti: Gjuha, themel p\u00ebr ruajtjen e inteligjenc\u00ebs njer\u00ebzore n\u00eb epok\u00ebn e inteligjenc\u00ebs artificiale -\" \/>\n<meta property=\"og:description\" content=\"Prishtin\u00eb, 18 gusht 2025 Kryeministri n\u00eb detyr\u00eb i Kosov\u00ebs, Albin Kurti, ka theksuar r\u00ebnd\u00ebsin\u00eb e gjuh\u00ebs si baz\u00eb e pandashme e mendimit dhe kultur\u00ebs njer\u00ebzore,\" \/>\n<meta property=\"og:url\" content=\"https:\/\/veritasinfo.org\/?p=8516\" \/>\n<meta property=\"article:published_time\" content=\"2025-08-18T10:28:46+00:00\" \/>\n<meta property=\"og:image\" content=\"https:\/\/veritasinfo.org\/wp-content\/uploads\/2025\/08\/kurti-600x3601-1.jpg\" \/>\n\t<meta property=\"og:image:width\" content=\"600\" \/>\n\t<meta property=\"og:image:height\" content=\"360\" \/>\n\t<meta property=\"og:image:type\" content=\"image\/jpeg\" \/>\n<meta name=\"author\" content=\"admin\" \/>\n<meta name=\"twitter:card\" content=\"summary_large_image\" \/>\n<meta name=\"twitter:label1\" content=\"Written by\" \/>\n\t<meta name=\"twitter:data1\" content=\"admin\" \/>\n\t<meta name=\"twitter:label2\" content=\"Est. reading time\" \/>\n\t<meta name=\"twitter:data2\" content=\"2 minutes\" \/>\n<script type=\"application\/ld+json\" class=\"yoast-schema-graph\">{\"@context\":\"https:\/\/schema.org\",\"@graph\":[{\"@type\":\"WebPage\",\"@id\":\"https:\/\/veritasinfo.org\/?p=8516\",\"url\":\"https:\/\/veritasinfo.org\/?p=8516\",\"name\":\"Kurti: Gjuha, themel p\u00ebr ruajtjen e inteligjenc\u00ebs njer\u00ebzore n\u00eb epok\u00ebn e inteligjenc\u00ebs artificiale -\",\"isPartOf\":{\"@id\":\"https:\/\/veritasinfo.org\/#website\"},\"primaryImageOfPage\":{\"@id\":\"https:\/\/veritasinfo.org\/?p=8516#primaryimage\"},\"image\":{\"@id\":\"https:\/\/veritasinfo.org\/?p=8516#primaryimage\"},\"thumbnailUrl\":\"https:\/\/veritasinfo.org\/wp-content\/uploads\/2025\/08\/kurti-600x3601-1.jpg\",\"datePublished\":\"2025-08-18T10:28:46+00:00\",\"author\":{\"@id\":\"https:\/\/veritasinfo.org\/#\/schema\/person\/7701f8c088bece422266b100a712374f\"},\"breadcrumb\":{\"@id\":\"https:\/\/veritasinfo.org\/?p=8516#breadcrumb\"},\"inLanguage\":\"en-US\",\"potentialAction\":[{\"@type\":\"ReadAction\",\"target\":[\"https:\/\/veritasinfo.org\/?p=8516\"]}]},{\"@type\":\"ImageObject\",\"inLanguage\":\"en-US\",\"@id\":\"https:\/\/veritasinfo.org\/?p=8516#primaryimage\",\"url\":\"https:\/\/veritasinfo.org\/wp-content\/uploads\/2025\/08\/kurti-600x3601-1.jpg\",\"contentUrl\":\"https:\/\/veritasinfo.org\/wp-content\/uploads\/2025\/08\/kurti-600x3601-1.jpg\",\"width\":600,\"height\":360},{\"@type\":\"BreadcrumbList\",\"@id\":\"https:\/\/veritasinfo.org\/?p=8516#breadcrumb\",\"itemListElement\":[{\"@type\":\"ListItem\",\"position\":1,\"name\":\"Home\",\"item\":\"https:\/\/veritasinfo.org\/\"},{\"@type\":\"ListItem\",\"position\":2,\"name\":\"Kurti: Gjuha, themel p\u00ebr ruajtjen e inteligjenc\u00ebs njer\u00ebzore n\u00eb epok\u00ebn e inteligjenc\u00ebs artificiale\"}]},{\"@type\":\"WebSite\",\"@id\":\"https:\/\/veritasinfo.org\/#website\",\"url\":\"https:\/\/veritasinfo.org\/\",\"name\":\"\",\"description\":\"\",\"potentialAction\":[{\"@type\":\"SearchAction\",\"target\":{\"@type\":\"EntryPoint\",\"urlTemplate\":\"https:\/\/veritasinfo.org\/?s={search_term_string}\"},\"query-input\":{\"@type\":\"PropertyValueSpecification\",\"valueRequired\":true,\"valueName\":\"search_term_string\"}}],\"inLanguage\":\"en-US\"},{\"@type\":\"Person\",\"@id\":\"https:\/\/veritasinfo.org\/#\/schema\/person\/7701f8c088bece422266b100a712374f\",\"name\":\"admin\",\"image\":{\"@type\":\"ImageObject\",\"inLanguage\":\"en-US\",\"@id\":\"https:\/\/veritasinfo.org\/#\/schema\/person\/image\/\",\"url\":\"https:\/\/secure.gravatar.com\/avatar\/ea53aa3bf6c9a12d5fde8ce4deff43fef3885ae33cf60184161a50d6987cfd2f?s=96&d=mm&r=g\",\"contentUrl\":\"https:\/\/secure.gravatar.com\/avatar\/ea53aa3bf6c9a12d5fde8ce4deff43fef3885ae33cf60184161a50d6987cfd2f?s=96&d=mm&r=g\",\"caption\":\"admin\"},\"sameAs\":[\"https:\/\/veritasinfo.org\"],\"url\":\"https:\/\/veritasinfo.org\/?author=1\"}]}<\/script>\n<!-- \/ Yoast SEO plugin. -->","yoast_head_json":{"title":"Kurti: Gjuha, themel p\u00ebr ruajtjen e inteligjenc\u00ebs njer\u00ebzore n\u00eb epok\u00ebn e inteligjenc\u00ebs artificiale -","robots":{"index":"index","follow":"follow","max-snippet":"max-snippet:-1","max-image-preview":"max-image-preview:large","max-video-preview":"max-video-preview:-1"},"canonical":"https:\/\/veritasinfo.org\/?p=8516","og_locale":"en_US","og_type":"article","og_title":"Kurti: Gjuha, themel p\u00ebr ruajtjen e inteligjenc\u00ebs njer\u00ebzore n\u00eb epok\u00ebn e inteligjenc\u00ebs artificiale -","og_description":"Prishtin\u00eb, 18 gusht 2025 Kryeministri n\u00eb detyr\u00eb i Kosov\u00ebs, Albin Kurti, ka theksuar r\u00ebnd\u00ebsin\u00eb e gjuh\u00ebs si baz\u00eb e pandashme e mendimit dhe kultur\u00ebs njer\u00ebzore,","og_url":"https:\/\/veritasinfo.org\/?p=8516","article_published_time":"2025-08-18T10:28:46+00:00","og_image":[{"width":600,"height":360,"url":"https:\/\/veritasinfo.org\/wp-content\/uploads\/2025\/08\/kurti-600x3601-1.jpg","type":"image\/jpeg"}],"author":"admin","twitter_card":"summary_large_image","twitter_misc":{"Written by":"admin","Est. reading time":"2 minutes"},"schema":{"@context":"https:\/\/schema.org","@graph":[{"@type":"WebPage","@id":"https:\/\/veritasinfo.org\/?p=8516","url":"https:\/\/veritasinfo.org\/?p=8516","name":"Kurti: Gjuha, themel p\u00ebr ruajtjen e inteligjenc\u00ebs njer\u00ebzore n\u00eb epok\u00ebn e inteligjenc\u00ebs artificiale -","isPartOf":{"@id":"https:\/\/veritasinfo.org\/#website"},"primaryImageOfPage":{"@id":"https:\/\/veritasinfo.org\/?p=8516#primaryimage"},"image":{"@id":"https:\/\/veritasinfo.org\/?p=8516#primaryimage"},"thumbnailUrl":"https:\/\/veritasinfo.org\/wp-content\/uploads\/2025\/08\/kurti-600x3601-1.jpg","datePublished":"2025-08-18T10:28:46+00:00","author":{"@id":"https:\/\/veritasinfo.org\/#\/schema\/person\/7701f8c088bece422266b100a712374f"},"breadcrumb":{"@id":"https:\/\/veritasinfo.org\/?p=8516#breadcrumb"},"inLanguage":"en-US","potentialAction":[{"@type":"ReadAction","target":["https:\/\/veritasinfo.org\/?p=8516"]}]},{"@type":"ImageObject","inLanguage":"en-US","@id":"https:\/\/veritasinfo.org\/?p=8516#primaryimage","url":"https:\/\/veritasinfo.org\/wp-content\/uploads\/2025\/08\/kurti-600x3601-1.jpg","contentUrl":"https:\/\/veritasinfo.org\/wp-content\/uploads\/2025\/08\/kurti-600x3601-1.jpg","width":600,"height":360},{"@type":"BreadcrumbList","@id":"https:\/\/veritasinfo.org\/?p=8516#breadcrumb","itemListElement":[{"@type":"ListItem","position":1,"name":"Home","item":"https:\/\/veritasinfo.org\/"},{"@type":"ListItem","position":2,"name":"Kurti: Gjuha, themel p\u00ebr ruajtjen e inteligjenc\u00ebs njer\u00ebzore n\u00eb epok\u00ebn e inteligjenc\u00ebs artificiale"}]},{"@type":"WebSite","@id":"https:\/\/veritasinfo.org\/#website","url":"https:\/\/veritasinfo.org\/","name":"","description":"","potentialAction":[{"@type":"SearchAction","target":{"@type":"EntryPoint","urlTemplate":"https:\/\/veritasinfo.org\/?s={search_term_string}"},"query-input":{"@type":"PropertyValueSpecification","valueRequired":true,"valueName":"search_term_string"}}],"inLanguage":"en-US"},{"@type":"Person","@id":"https:\/\/veritasinfo.org\/#\/schema\/person\/7701f8c088bece422266b100a712374f","name":"admin","image":{"@type":"ImageObject","inLanguage":"en-US","@id":"https:\/\/veritasinfo.org\/#\/schema\/person\/image\/","url":"https:\/\/secure.gravatar.com\/avatar\/ea53aa3bf6c9a12d5fde8ce4deff43fef3885ae33cf60184161a50d6987cfd2f?s=96&d=mm&r=g","contentUrl":"https:\/\/secure.gravatar.com\/avatar\/ea53aa3bf6c9a12d5fde8ce4deff43fef3885ae33cf60184161a50d6987cfd2f?s=96&d=mm&r=g","caption":"admin"},"sameAs":["https:\/\/veritasinfo.org"],"url":"https:\/\/veritasinfo.org\/?author=1"}]}},"featured_image_urls":{"full":["https:\/\/veritasinfo.org\/wp-content\/uploads\/2025\/08\/kurti-600x3601-1.jpg",600,360,false],"thumbnail":["https:\/\/veritasinfo.org\/wp-content\/uploads\/2025\/08\/kurti-600x3601-1-150x150.jpg",150,150,true],"medium":["https:\/\/veritasinfo.org\/wp-content\/uploads\/2025\/08\/kurti-600x3601-1-300x180.jpg",300,180,true],"medium_large":["https:\/\/veritasinfo.org\/wp-content\/uploads\/2025\/08\/kurti-600x3601-1.jpg",600,360,false],"large":["https:\/\/veritasinfo.org\/wp-content\/uploads\/2025\/08\/kurti-600x3601-1.jpg",600,360,false],"1536x1536":["https:\/\/veritasinfo.org\/wp-content\/uploads\/2025\/08\/kurti-600x3601-1.jpg",600,360,false],"2048x2048":["https:\/\/veritasinfo.org\/wp-content\/uploads\/2025\/08\/kurti-600x3601-1.jpg",600,360,false],"kreeti-slider-full":["https:\/\/veritasinfo.org\/wp-content\/uploads\/2025\/08\/kurti-600x3601-1.jpg",600,360,false],"kreeti-featured":["https:\/\/veritasinfo.org\/wp-content\/uploads\/2025\/08\/kurti-600x3601-1.jpg",600,360,false],"kreeti-medium":["https:\/\/veritasinfo.org\/wp-content\/uploads\/2025\/08\/kurti-600x3601-1.jpg",600,360,false],"kreeti-medium-square":["https:\/\/veritasinfo.org\/wp-content\/uploads\/2025\/08\/kurti-600x3601-1.jpg",350,210,false]},"author_info":{"info":["admin"]},"category_info":"<a href=\"https:\/\/veritasinfo.org\/?cat=60\" rel=\"category\">Shoq\u00ebrore<\/a>","tag_info":"Shoq\u00ebrore","comment_count":"0","_links":{"self":[{"href":"https:\/\/veritasinfo.org\/index.php?rest_route=\/wp\/v2\/posts\/8516","targetHints":{"allow":["GET"]}}],"collection":[{"href":"https:\/\/veritasinfo.org\/index.php?rest_route=\/wp\/v2\/posts"}],"about":[{"href":"https:\/\/veritasinfo.org\/index.php?rest_route=\/wp\/v2\/types\/post"}],"author":[{"embeddable":true,"href":"https:\/\/veritasinfo.org\/index.php?rest_route=\/wp\/v2\/users\/1"}],"replies":[{"embeddable":true,"href":"https:\/\/veritasinfo.org\/index.php?rest_route=%2Fwp%2Fv2%2Fcomments&post=8516"}],"version-history":[{"count":1,"href":"https:\/\/veritasinfo.org\/index.php?rest_route=\/wp\/v2\/posts\/8516\/revisions"}],"predecessor-version":[{"id":8518,"href":"https:\/\/veritasinfo.org\/index.php?rest_route=\/wp\/v2\/posts\/8516\/revisions\/8518"}],"wp:featuredmedia":[{"embeddable":true,"href":"https:\/\/veritasinfo.org\/index.php?rest_route=\/wp\/v2\/media\/8517"}],"wp:attachment":[{"href":"https:\/\/veritasinfo.org\/index.php?rest_route=%2Fwp%2Fv2%2Fmedia&parent=8516"}],"wp:term":[{"taxonomy":"category","embeddable":true,"href":"https:\/\/veritasinfo.org\/index.php?rest_route=%2Fwp%2Fv2%2Fcategories&post=8516"},{"taxonomy":"post_tag","embeddable":true,"href":"https:\/\/veritasinfo.org\/index.php?rest_route=%2Fwp%2Fv2%2Ftags&post=8516"}],"curies":[{"name":"wp","href":"https:\/\/api.w.org\/{rel}","templated":true}]}}