{"id":8507,"date":"2025-08-18T10:20:50","date_gmt":"2025-08-18T08:20:50","guid":{"rendered":"https:\/\/veritasinfo.org\/?p=8507"},"modified":"2025-08-18T10:42:48","modified_gmt":"2025-08-18T08:42:48","slug":"blakaj-aktakuza-e-prokurorise-speciale-e-rendesishme-perfshin-debimet-gjithandej-kosoves","status":"publish","type":"post","link":"https:\/\/veritasinfo.org\/?p=8507","title":{"rendered":"Blakaj: Aktakuza e Prokuroris\u00eb Speciale e r\u00ebnd\u00ebsishme, p\u00ebrfshin d\u00ebbimet gjithandej Kosov\u00ebs"},"content":{"rendered":"<p>Prishtin\u00eb, 18 Gusht 2025<\/p>\n<p><strong>Prokuroria Speciale e Republik\u00ebs s\u00eb Kosov\u00ebs m\u00eb 15 gusht ka dor\u00ebzuar n\u00eb Gjykat\u00ebn Themelore n\u00eb Prishtin\u00eb aktakuz\u00eb n\u00eb munges\u00eb ndaj 21 personave p\u00ebr vepr\u00ebn penale \u201cKrime lufte kund\u00ebr popullat\u00ebs civile\u201d.<\/strong><\/p>\n<p>Lidhur me k\u00ebt\u00eb rast, ka folur Bekim Blakaj, drejtor i Fondit p\u00ebr t\u00eb Drejt\u00ebn Humanitare (FDH), i cili tha se, sipas informacioneve t\u00eb dh\u00ebna n\u00eb konferenc\u00ebn p\u00ebr media, p\u00ebrgatitja e k\u00ebsaj aktakuze ka zgjatur mbi pes\u00eb vjet.<\/p>\n<p>Blakaj e cil\u00ebsoi aktakuz\u00ebn si t\u00eb r\u00ebnd\u00ebsishme, pasi sipas tij, ajo p\u00ebrfshin d\u00ebbimet e popullsis\u00eb civile q\u00eb kan\u00eb ndodhur n\u00eb shum\u00eb zona t\u00eb Kosov\u00ebs gjat\u00eb luft\u00ebs s\u00eb fundit.<\/p>\n<p>\u201cN\u00eb baz\u00eb t\u00eb konferenc\u00ebs kemi kuptuar q\u00eb mbi pes\u00eb vite \u00ebsht\u00eb punuar p\u00ebr p\u00ebrgatitjen e k\u00ebtij akti. Edhe pse Masakra e Mej\u00ebs ka nj\u00eb num\u00ebr m\u00eb t\u00eb madh t\u00eb t\u00eb akuzuarve, kjo aktakuz\u00eb e fundit \u00ebsht\u00eb e r\u00ebnd\u00ebsishme sepse p\u00ebrfshin krime t\u00eb d\u00ebbimit t\u00eb kryera n\u00eb t\u00ebr\u00eb Kosov\u00ebn\u201d, tha Blakaj.<\/p>\n<p>Ai shprehu shpres\u00ebn q\u00eb Prokuroria ka siguruar prova edhe nga Tribunali Penal Nd\u00ebrkomb\u00ebtar p\u00ebr ish-Jugosllavi (TPNJ).<\/p>\n<p>\u201cShpresoj q\u00eb Prokuroria t\u00eb ket\u00eb gjurmuar dhe marr\u00eb prova edhe nga Tribunali, sepse n\u00eb t\u00eb tri rastet ndaj zyrtar\u00ebve t\u00eb lart\u00eb politik\u00eb, policor\u00eb dhe ushtarak\u00eb t\u00eb Serbis\u00eb q\u00eb ishin akuzuar para TPNJ-s\u00eb, nj\u00eb nd\u00ebr elementet e krimeve t\u00eb luft\u00ebs ishte edhe d\u00ebbimi i popullsis\u00eb civile\u201d, u shpreh ai.<\/p>\n<p>Sipas tij, ky krim \u00ebsht\u00eb dokumentuar n\u00eb m\u00ebnyr\u00eb t\u00eb plot\u00eb edhe n\u00eb rastet kund\u00ebr ish-presidentit serb Millutinoviq dhe t\u00eb tjer\u00ebve.<\/p>\n<p>\u201cN\u00eb ato procese, \u00ebsht\u00eb v\u00ebrtetuar qart\u00eb se d\u00ebbimet masive t\u00eb shqiptar\u00ebve ishin t\u00eb mir\u00eborganizuar, t\u00eb planifikuar dhe p\u00ebr fat t\u00eb keq, edhe t\u00eb ekzekutuar. Tribunalit i jan\u00eb paraqitur d\u00ebshmi t\u00eb shumta p\u00ebr krime t\u00eb kryera n\u00eb n\u00ebnt\u00eb komuna: Mitrovic\u00eb, Vushtrri, Skenderaj, Malishev\u00eb, Pej\u00eb, Gjakov\u00eb, Rahovec e t\u00eb tjera\u201d, theksoi Blakaj.<\/p>\n","protected":false},"excerpt":{"rendered":"<p>Prishtin\u00eb, 18 Gusht 2025 Prokuroria Speciale e Republik\u00ebs s\u00eb Kosov\u00ebs m\u00eb 15 gusht ka dor\u00ebzuar n\u00eb Gjykat\u00ebn Themelore n\u00eb Prishtin\u00eb aktakuz\u00eb n\u00eb munges\u00eb ndaj 21<\/p>\n","protected":false},"author":1,"featured_media":8508,"comment_status":"open","ping_status":"open","sticky":false,"template":"","format":"standard","meta":{"footnotes":""},"categories":[60],"tags":[],"class_list":["post-8507","post","type-post","status-publish","format-standard","has-post-thumbnail","hentry","category-shoqerore-sq"],"yoast_head":"<!-- This site is optimized with the Yoast SEO plugin v25.3.1 - https:\/\/yoast.com\/wordpress\/plugins\/seo\/ -->\n<title>Blakaj: Aktakuza e Prokuroris\u00eb Speciale e r\u00ebnd\u00ebsishme, p\u00ebrfshin d\u00ebbimet gjithandej Kosov\u00ebs -<\/title>\n<meta name=\"robots\" content=\"index, follow, max-snippet:-1, max-image-preview:large, max-video-preview:-1\" \/>\n<link rel=\"canonical\" href=\"https:\/\/veritasinfo.org\/?p=8507\" \/>\n<meta property=\"og:locale\" content=\"en_US\" \/>\n<meta property=\"og:type\" content=\"article\" \/>\n<meta property=\"og:title\" content=\"Blakaj: Aktakuza e Prokuroris\u00eb Speciale e r\u00ebnd\u00ebsishme, p\u00ebrfshin d\u00ebbimet gjithandej Kosov\u00ebs -\" \/>\n<meta property=\"og:description\" content=\"Prishtin\u00eb, 18 Gusht 2025 Prokuroria Speciale e Republik\u00ebs s\u00eb Kosov\u00ebs m\u00eb 15 gusht ka dor\u00ebzuar n\u00eb Gjykat\u00ebn Themelore n\u00eb Prishtin\u00eb aktakuz\u00eb n\u00eb munges\u00eb ndaj 21\" \/>\n<meta property=\"og:url\" content=\"https:\/\/veritasinfo.org\/?p=8507\" \/>\n<meta property=\"article:published_time\" content=\"2025-08-18T08:20:50+00:00\" \/>\n<meta property=\"article:modified_time\" content=\"2025-08-18T08:42:48+00:00\" \/>\n<meta property=\"og:image\" content=\"https:\/\/veritasinfo.org\/wp-content\/uploads\/2025\/08\/IMG_2594.png\" \/>\n\t<meta property=\"og:image:width\" content=\"430\" \/>\n\t<meta property=\"og:image:height\" content=\"291\" \/>\n\t<meta property=\"og:image:type\" content=\"image\/png\" \/>\n<meta name=\"author\" content=\"admin\" \/>\n<meta name=\"twitter:card\" content=\"summary_large_image\" \/>\n<meta name=\"twitter:label1\" content=\"Written by\" \/>\n\t<meta name=\"twitter:data1\" content=\"admin\" \/>\n\t<meta name=\"twitter:label2\" content=\"Est. reading time\" \/>\n\t<meta name=\"twitter:data2\" content=\"2 minutes\" \/>\n<script type=\"application\/ld+json\" class=\"yoast-schema-graph\">{\"@context\":\"https:\/\/schema.org\",\"@graph\":[{\"@type\":\"WebPage\",\"@id\":\"https:\/\/veritasinfo.org\/?p=8507\",\"url\":\"https:\/\/veritasinfo.org\/?p=8507\",\"name\":\"Blakaj: Aktakuza e Prokuroris\u00eb Speciale e r\u00ebnd\u00ebsishme, p\u00ebrfshin d\u00ebbimet gjithandej Kosov\u00ebs -\",\"isPartOf\":{\"@id\":\"https:\/\/veritasinfo.org\/#website\"},\"primaryImageOfPage\":{\"@id\":\"https:\/\/veritasinfo.org\/?p=8507#primaryimage\"},\"image\":{\"@id\":\"https:\/\/veritasinfo.org\/?p=8507#primaryimage\"},\"thumbnailUrl\":\"https:\/\/veritasinfo.org\/wp-content\/uploads\/2025\/08\/IMG_2594.png\",\"datePublished\":\"2025-08-18T08:20:50+00:00\",\"dateModified\":\"2025-08-18T08:42:48+00:00\",\"author\":{\"@id\":\"https:\/\/veritasinfo.org\/#\/schema\/person\/7701f8c088bece422266b100a712374f\"},\"breadcrumb\":{\"@id\":\"https:\/\/veritasinfo.org\/?p=8507#breadcrumb\"},\"inLanguage\":\"en-US\",\"potentialAction\":[{\"@type\":\"ReadAction\",\"target\":[\"https:\/\/veritasinfo.org\/?p=8507\"]}]},{\"@type\":\"ImageObject\",\"inLanguage\":\"en-US\",\"@id\":\"https:\/\/veritasinfo.org\/?p=8507#primaryimage\",\"url\":\"https:\/\/veritasinfo.org\/wp-content\/uploads\/2025\/08\/IMG_2594.png\",\"contentUrl\":\"https:\/\/veritasinfo.org\/wp-content\/uploads\/2025\/08\/IMG_2594.png\",\"width\":430,\"height\":291},{\"@type\":\"BreadcrumbList\",\"@id\":\"https:\/\/veritasinfo.org\/?p=8507#breadcrumb\",\"itemListElement\":[{\"@type\":\"ListItem\",\"position\":1,\"name\":\"Home\",\"item\":\"https:\/\/veritasinfo.org\/\"},{\"@type\":\"ListItem\",\"position\":2,\"name\":\"Blakaj: Aktakuza e Prokuroris\u00eb Speciale e r\u00ebnd\u00ebsishme, p\u00ebrfshin d\u00ebbimet gjithandej Kosov\u00ebs\"}]},{\"@type\":\"WebSite\",\"@id\":\"https:\/\/veritasinfo.org\/#website\",\"url\":\"https:\/\/veritasinfo.org\/\",\"name\":\"\",\"description\":\"\",\"potentialAction\":[{\"@type\":\"SearchAction\",\"target\":{\"@type\":\"EntryPoint\",\"urlTemplate\":\"https:\/\/veritasinfo.org\/?s={search_term_string}\"},\"query-input\":{\"@type\":\"PropertyValueSpecification\",\"valueRequired\":true,\"valueName\":\"search_term_string\"}}],\"inLanguage\":\"en-US\"},{\"@type\":\"Person\",\"@id\":\"https:\/\/veritasinfo.org\/#\/schema\/person\/7701f8c088bece422266b100a712374f\",\"name\":\"admin\",\"image\":{\"@type\":\"ImageObject\",\"inLanguage\":\"en-US\",\"@id\":\"https:\/\/veritasinfo.org\/#\/schema\/person\/image\/\",\"url\":\"https:\/\/secure.gravatar.com\/avatar\/ea53aa3bf6c9a12d5fde8ce4deff43fef3885ae33cf60184161a50d6987cfd2f?s=96&d=mm&r=g\",\"contentUrl\":\"https:\/\/secure.gravatar.com\/avatar\/ea53aa3bf6c9a12d5fde8ce4deff43fef3885ae33cf60184161a50d6987cfd2f?s=96&d=mm&r=g\",\"caption\":\"admin\"},\"sameAs\":[\"https:\/\/veritasinfo.org\"],\"url\":\"https:\/\/veritasinfo.org\/?author=1\"}]}<\/script>\n<!-- \/ Yoast SEO plugin. -->","yoast_head_json":{"title":"Blakaj: Aktakuza e Prokuroris\u00eb Speciale e r\u00ebnd\u00ebsishme, p\u00ebrfshin d\u00ebbimet gjithandej Kosov\u00ebs -","robots":{"index":"index","follow":"follow","max-snippet":"max-snippet:-1","max-image-preview":"max-image-preview:large","max-video-preview":"max-video-preview:-1"},"canonical":"https:\/\/veritasinfo.org\/?p=8507","og_locale":"en_US","og_type":"article","og_title":"Blakaj: Aktakuza e Prokuroris\u00eb Speciale e r\u00ebnd\u00ebsishme, p\u00ebrfshin d\u00ebbimet gjithandej Kosov\u00ebs -","og_description":"Prishtin\u00eb, 18 Gusht 2025 Prokuroria Speciale e Republik\u00ebs s\u00eb Kosov\u00ebs m\u00eb 15 gusht ka dor\u00ebzuar n\u00eb Gjykat\u00ebn Themelore n\u00eb Prishtin\u00eb aktakuz\u00eb n\u00eb munges\u00eb ndaj 21","og_url":"https:\/\/veritasinfo.org\/?p=8507","article_published_time":"2025-08-18T08:20:50+00:00","article_modified_time":"2025-08-18T08:42:48+00:00","og_image":[{"width":430,"height":291,"url":"https:\/\/veritasinfo.org\/wp-content\/uploads\/2025\/08\/IMG_2594.png","type":"image\/png"}],"author":"admin","twitter_card":"summary_large_image","twitter_misc":{"Written by":"admin","Est. reading time":"2 minutes"},"schema":{"@context":"https:\/\/schema.org","@graph":[{"@type":"WebPage","@id":"https:\/\/veritasinfo.org\/?p=8507","url":"https:\/\/veritasinfo.org\/?p=8507","name":"Blakaj: Aktakuza e Prokuroris\u00eb Speciale e r\u00ebnd\u00ebsishme, p\u00ebrfshin d\u00ebbimet gjithandej Kosov\u00ebs -","isPartOf":{"@id":"https:\/\/veritasinfo.org\/#website"},"primaryImageOfPage":{"@id":"https:\/\/veritasinfo.org\/?p=8507#primaryimage"},"image":{"@id":"https:\/\/veritasinfo.org\/?p=8507#primaryimage"},"thumbnailUrl":"https:\/\/veritasinfo.org\/wp-content\/uploads\/2025\/08\/IMG_2594.png","datePublished":"2025-08-18T08:20:50+00:00","dateModified":"2025-08-18T08:42:48+00:00","author":{"@id":"https:\/\/veritasinfo.org\/#\/schema\/person\/7701f8c088bece422266b100a712374f"},"breadcrumb":{"@id":"https:\/\/veritasinfo.org\/?p=8507#breadcrumb"},"inLanguage":"en-US","potentialAction":[{"@type":"ReadAction","target":["https:\/\/veritasinfo.org\/?p=8507"]}]},{"@type":"ImageObject","inLanguage":"en-US","@id":"https:\/\/veritasinfo.org\/?p=8507#primaryimage","url":"https:\/\/veritasinfo.org\/wp-content\/uploads\/2025\/08\/IMG_2594.png","contentUrl":"https:\/\/veritasinfo.org\/wp-content\/uploads\/2025\/08\/IMG_2594.png","width":430,"height":291},{"@type":"BreadcrumbList","@id":"https:\/\/veritasinfo.org\/?p=8507#breadcrumb","itemListElement":[{"@type":"ListItem","position":1,"name":"Home","item":"https:\/\/veritasinfo.org\/"},{"@type":"ListItem","position":2,"name":"Blakaj: Aktakuza e Prokuroris\u00eb Speciale e r\u00ebnd\u00ebsishme, p\u00ebrfshin d\u00ebbimet gjithandej Kosov\u00ebs"}]},{"@type":"WebSite","@id":"https:\/\/veritasinfo.org\/#website","url":"https:\/\/veritasinfo.org\/","name":"","description":"","potentialAction":[{"@type":"SearchAction","target":{"@type":"EntryPoint","urlTemplate":"https:\/\/veritasinfo.org\/?s={search_term_string}"},"query-input":{"@type":"PropertyValueSpecification","valueRequired":true,"valueName":"search_term_string"}}],"inLanguage":"en-US"},{"@type":"Person","@id":"https:\/\/veritasinfo.org\/#\/schema\/person\/7701f8c088bece422266b100a712374f","name":"admin","image":{"@type":"ImageObject","inLanguage":"en-US","@id":"https:\/\/veritasinfo.org\/#\/schema\/person\/image\/","url":"https:\/\/secure.gravatar.com\/avatar\/ea53aa3bf6c9a12d5fde8ce4deff43fef3885ae33cf60184161a50d6987cfd2f?s=96&d=mm&r=g","contentUrl":"https:\/\/secure.gravatar.com\/avatar\/ea53aa3bf6c9a12d5fde8ce4deff43fef3885ae33cf60184161a50d6987cfd2f?s=96&d=mm&r=g","caption":"admin"},"sameAs":["https:\/\/veritasinfo.org"],"url":"https:\/\/veritasinfo.org\/?author=1"}]}},"featured_image_urls":{"full":["https:\/\/veritasinfo.org\/wp-content\/uploads\/2025\/08\/IMG_2594.png",430,291,false],"thumbnail":["https:\/\/veritasinfo.org\/wp-content\/uploads\/2025\/08\/IMG_2594-150x150.png",150,150,true],"medium":["https:\/\/veritasinfo.org\/wp-content\/uploads\/2025\/08\/IMG_2594-300x203.png",300,203,true],"medium_large":["https:\/\/veritasinfo.org\/wp-content\/uploads\/2025\/08\/IMG_2594.png",430,291,false],"large":["https:\/\/veritasinfo.org\/wp-content\/uploads\/2025\/08\/IMG_2594.png",430,291,false],"1536x1536":["https:\/\/veritasinfo.org\/wp-content\/uploads\/2025\/08\/IMG_2594.png",430,291,false],"2048x2048":["https:\/\/veritasinfo.org\/wp-content\/uploads\/2025\/08\/IMG_2594.png",430,291,false],"kreeti-slider-full":["https:\/\/veritasinfo.org\/wp-content\/uploads\/2025\/08\/IMG_2594.png",430,291,false],"kreeti-featured":["https:\/\/veritasinfo.org\/wp-content\/uploads\/2025\/08\/IMG_2594.png",430,291,false],"kreeti-medium":["https:\/\/veritasinfo.org\/wp-content\/uploads\/2025\/08\/IMG_2594.png",430,291,false],"kreeti-medium-square":["https:\/\/veritasinfo.org\/wp-content\/uploads\/2025\/08\/IMG_2594.png",350,237,false]},"author_info":{"info":["admin"]},"category_info":"<a href=\"https:\/\/veritasinfo.org\/?cat=60\" rel=\"category\">Shoq\u00ebrore<\/a>","tag_info":"Shoq\u00ebrore","comment_count":"0","_links":{"self":[{"href":"https:\/\/veritasinfo.org\/index.php?rest_route=\/wp\/v2\/posts\/8507","targetHints":{"allow":["GET"]}}],"collection":[{"href":"https:\/\/veritasinfo.org\/index.php?rest_route=\/wp\/v2\/posts"}],"about":[{"href":"https:\/\/veritasinfo.org\/index.php?rest_route=\/wp\/v2\/types\/post"}],"author":[{"embeddable":true,"href":"https:\/\/veritasinfo.org\/index.php?rest_route=\/wp\/v2\/users\/1"}],"replies":[{"embeddable":true,"href":"https:\/\/veritasinfo.org\/index.php?rest_route=%2Fwp%2Fv2%2Fcomments&post=8507"}],"version-history":[{"count":2,"href":"https:\/\/veritasinfo.org\/index.php?rest_route=\/wp\/v2\/posts\/8507\/revisions"}],"predecessor-version":[{"id":8513,"href":"https:\/\/veritasinfo.org\/index.php?rest_route=\/wp\/v2\/posts\/8507\/revisions\/8513"}],"wp:featuredmedia":[{"embeddable":true,"href":"https:\/\/veritasinfo.org\/index.php?rest_route=\/wp\/v2\/media\/8508"}],"wp:attachment":[{"href":"https:\/\/veritasinfo.org\/index.php?rest_route=%2Fwp%2Fv2%2Fmedia&parent=8507"}],"wp:term":[{"taxonomy":"category","embeddable":true,"href":"https:\/\/veritasinfo.org\/index.php?rest_route=%2Fwp%2Fv2%2Fcategories&post=8507"},{"taxonomy":"post_tag","embeddable":true,"href":"https:\/\/veritasinfo.org\/index.php?rest_route=%2Fwp%2Fv2%2Ftags&post=8507"}],"curies":[{"name":"wp","href":"https:\/\/api.w.org\/{rel}","templated":true}]}}