{"id":8505,"date":"2025-08-18T09:19:50","date_gmt":"2025-08-18T07:19:50","guid":{"rendered":"https:\/\/veritasinfo.org\/?p=8505"},"modified":"2025-08-18T10:22:42","modified_gmt":"2025-08-18T08:22:42","slug":"ponosh-vuciq-po-zbaton-gjendje-te-jashtezakonshme-te-pashpallur-kjo-eshte-terrorizem-shteteror","status":"publish","type":"post","link":"https:\/\/veritasinfo.org\/?p=8505","title":{"rendered":"Ponosh: Vu\u00e7iq po zbaton gjendje t\u00eb jasht\u00ebzakonshme t\u00eb pashpallur \u2013 kjo \u00ebsht\u00eb terroriz\u00ebm shtet\u00ebror"},"content":{"rendered":"<h2 data-start=\"456\" data-end=\"557\"><span style=\"font-size: 16px\">18 gusht, 2025<\/span><\/h2>\n<p data-start=\"559\" data-end=\"895\">Kryetari i partis\u00eb Serbia Qend\u00ebr (SRCE), gjenerali Zdravko Ponosh, ka deklaruar se presidenti i Serbis\u00eb, Aleksandar Vu\u00e7iq, \u00e7far\u00ebdo q\u00eb t\u00eb planifikoj\u00eb t\u00eb b\u00ebj\u00eb n\u00eb dit\u00ebt n\u00eb vijim, nuk e kupton thelbin dhe thell\u00ebsin\u00eb e kriz\u00ebs n\u00eb t\u00eb cil\u00ebn e ka futur vendin, nd\u00ebrsa hapat e tij jan\u00eb menduar s\u00eb bashku me drejtor\u00ebt e policis\u00eb dhe t\u00eb BIA-s.<\/p>\n<p data-start=\"897\" data-end=\"1358\">\u201eAi nuk po tregon as vullnet, as dije dhe as aft\u00ebsi p\u00ebr ta zgjidhur k\u00ebt\u00eb kriz\u00eb n\u00eb m\u00ebnyr\u00eb t\u00eb arsyeshme dhe sistematike. Vu\u00e7iq duksh\u00ebm beson se kjo mund t\u00eb zgjidhet me forc\u00eb. Por kjo nuk \u00ebsht\u00eb e mundur\u201c, ka th\u00ebn\u00eb Ponosh p\u00ebr <em data-start=\"1118\" data-end=\"1125\">Danas<\/em>, duke komentuar masat q\u00eb presidenti i Serbis\u00eb i ka paralajm\u00ebruar p\u00ebr dit\u00ebt e ardhshme dhe \u201evendimet e papritura kund\u00ebr \u2018bandave\u2019 n\u00eb rrug\u00ebt tona\u201c, q\u00eb sipas tij, do t\u00eb zbatohen nga organet shtet\u00ebrore brenda tre deri n\u00eb kat\u00ebr dit\u00ebsh.<\/p>\n<h3 data-start=\"1360\" data-end=\"1396\">\u201cPa strategji, vet\u00ebm frik\u00ebsim\u201d<\/h3>\n<p data-start=\"1398\" data-end=\"1613\">Sipas Ponosit, askush nuk mund ta zgjidh\u00eb k\u00ebt\u00eb situat\u00eb me forc\u00eb, sado e madhe t\u00eb jet\u00eb ajo, nd\u00ebrsa Vu\u00e7iq mendon se mundet dhe prandaj mb\u00ebshtetet tek drejtori i policis\u00eb, Dragan Vasiljeviq, si krahu i tij i djatht\u00eb.<\/p>\n<p data-start=\"1615\" data-end=\"2160\">\u201eAi, si zakonisht, nuk ka strategji. Me taktika t\u00eb drejtp\u00ebrdrejta p\u00ebrpiqet t\u00eb realizoj\u00eb vizionet e tij problematike. Edhe k\u00ebt\u00eb her\u00eb po vepron nj\u00ebsoj. Nuk ka qasje sistematike \u2013 dhe si t\u00eb ket\u00eb, kur e ka \u00e7montuar sistemin. Kryeministri Gjuro Macut, n\u00eb vend q\u00eb t\u00eb betohej se do t\u2019i sh\u00ebrbente popullit, duket sikur \u00ebsht\u00eb betuar t\u00eb hesht\u00eb p\u00ebr \u00e7\u00ebshtjet shtet\u00ebrore. Ivica Dacic shikon si t\u00eb shmanget nga zinxhiri i komandimit dhe n\u00eb paraqitjet e Vu\u00e7iqit duket sikur \u00ebsht\u00eb aty me detyrim. Nd\u00ebrsa Vu\u00e7iq komandon drejtp\u00ebrdrejt policin\u00eb\u201c, ka theksuar ai.<\/p>\n<h3 data-start=\"2162\" data-end=\"2197\">\u201cNj\u00ebsi terroriste shtet\u00ebrore\u201d<\/h3>\n<p data-start=\"2199\" data-end=\"2551\">Ponosh ka vler\u00ebsuar se arrestimet masive dhe p\u00ebrhapja e frik\u00ebs jan\u00eb e vetmja \u201cstrategji\u201d e pushtetit.<br data-start=\"2299\" data-end=\"2302\" \/>\u201eGjith\u00eb koh\u00ebn po i mprehin mjetet p\u00ebr k\u00ebt\u00eb pun\u00eb, por vet\u00ebm e p\u00ebrkeq\u00ebsojn\u00eb situat\u00ebn. Ata mendojn\u00eb se k\u00ebt\u00eb prishje mund t\u2019ua rregulloj\u00eb ndonj\u00eb Marko Kri\u00e7ak me nj\u00ebsin\u00eb e tij parapolicore, q\u00eb n\u00eb fakt \u00ebsht\u00eb nj\u00ebsi terroriste shtet\u00ebrore\u201c, ka theksuar ai.<\/p>\n<h3 data-start=\"2553\" data-end=\"2584\">P\u00ebrkufizimi i terrorizmit<\/h3>\n<p data-start=\"2586\" data-end=\"2850\">Ai kujtoi se Vu\u00e7iq n\u00eb konferenc\u00ebn p\u00ebr shtyp ka cituar p\u00ebrkufizimin e terrorizmit nga Kodi Penal, duke p\u00ebrgatitur terrenin p\u00ebr arrestimet q\u00eb pritet t\u00eb ndodhin. Por, sipas tij, kur ligji shihet me kujdes, p\u00ebrkufizimit i p\u00ebrgjigjet pik\u00ebrisht ajo q\u00eb po b\u00ebn pushteti.<\/p>\n<p data-start=\"2852\" data-end=\"3394\">\u201eKush, me q\u00ebllim q\u00eb t\u00eb frik\u00ebsoj\u00eb seriozisht popullsin\u00eb, ose ta detyroj\u00eb Serbin\u00eb t\u00eb b\u00ebj\u00eb ose t\u00eb mos b\u00ebj\u00eb di\u00e7ka, ose t\u00eb d\u00ebmtoj\u00eb r\u00ebnd\u00eb strukturat themelore kushtetuese, politike, ekonomike ose shoq\u00ebrore t\u00eb Serbis\u00eb \u2013 nd\u00ebrmerr sulm ndaj jet\u00ebs, trupit ose liris\u00eb s\u00eb dikujt, shkat\u00ebrron nj\u00eb objekt shtet\u00ebror ose publik, sistem transporti, infrastruktur\u00eb, p\u00ebrfshir\u00eb edhe sistemet informatike, pasuri publike ose private, n\u00eb m\u00ebnyr\u00eb q\u00eb mund t\u00eb rrezikoj\u00eb jet\u00ebn e njer\u00ebzve ose t\u00eb shkaktoj\u00eb d\u00ebm t\u00eb madh ekonomik \u2013 ai konsiderohet terrorist sipas ligjit\u201c.<\/p>\n<p data-start=\"3396\" data-end=\"3522\">\u201eGjendja e jasht\u00ebzakonshme e pashpallur q\u00eb po zbatohet n\u00eb praktik\u00eb \u00ebsht\u00eb n\u00eb fakt terroriz\u00ebm shtet\u00ebror\u201c, ka p\u00ebrfunduar Ponosh.<\/p>\n","protected":false},"excerpt":{"rendered":"<p>18 gusht, 2025 Kryetari i partis\u00eb Serbia Qend\u00ebr (SRCE), gjenerali Zdravko Ponosh, ka deklaruar se presidenti i Serbis\u00eb, Aleksandar Vu\u00e7iq, \u00e7far\u00ebdo q\u00eb t\u00eb planifikoj\u00eb t\u00eb<\/p>\n","protected":false},"author":1,"featured_media":8503,"comment_status":"open","ping_status":"open","sticky":false,"template":"","format":"standard","meta":{"footnotes":""},"categories":[58],"tags":[],"class_list":["post-8505","post","type-post","status-publish","format-standard","has-post-thumbnail","hentry","category-politike-sq"],"yoast_head":"<!-- This site is optimized with the Yoast SEO plugin v25.3.1 - https:\/\/yoast.com\/wordpress\/plugins\/seo\/ -->\n<title>Ponosh: Vu\u00e7iq po zbaton gjendje t\u00eb jasht\u00ebzakonshme t\u00eb pashpallur \u2013 kjo \u00ebsht\u00eb terroriz\u00ebm shtet\u00ebror -<\/title>\n<meta name=\"robots\" content=\"index, follow, max-snippet:-1, max-image-preview:large, max-video-preview:-1\" \/>\n<link rel=\"canonical\" href=\"https:\/\/veritasinfo.org\/?p=8505\" \/>\n<meta property=\"og:locale\" content=\"en_US\" \/>\n<meta property=\"og:type\" content=\"article\" \/>\n<meta property=\"og:title\" content=\"Ponosh: Vu\u00e7iq po zbaton gjendje t\u00eb jasht\u00ebzakonshme t\u00eb pashpallur \u2013 kjo \u00ebsht\u00eb terroriz\u00ebm shtet\u00ebror -\" \/>\n<meta property=\"og:description\" content=\"18 gusht, 2025 Kryetari i partis\u00eb Serbia Qend\u00ebr (SRCE), gjenerali Zdravko Ponosh, ka deklaruar se presidenti i Serbis\u00eb, Aleksandar Vu\u00e7iq, \u00e7far\u00ebdo q\u00eb t\u00eb planifikoj\u00eb t\u00eb\" \/>\n<meta property=\"og:url\" content=\"https:\/\/veritasinfo.org\/?p=8505\" \/>\n<meta property=\"article:published_time\" content=\"2025-08-18T07:19:50+00:00\" \/>\n<meta property=\"article:modified_time\" content=\"2025-08-18T08:22:42+00:00\" \/>\n<meta property=\"og:image\" content=\"https:\/\/veritasinfo.org\/wp-content\/uploads\/2025\/08\/1647515027-collage-ponos-i-vucic-1024x655-1.jpg\" \/>\n\t<meta property=\"og:image:width\" content=\"1024\" \/>\n\t<meta property=\"og:image:height\" content=\"655\" \/>\n\t<meta property=\"og:image:type\" content=\"image\/jpeg\" \/>\n<meta name=\"author\" content=\"admin\" \/>\n<meta name=\"twitter:card\" content=\"summary_large_image\" \/>\n<meta name=\"twitter:label1\" content=\"Written by\" \/>\n\t<meta name=\"twitter:data1\" content=\"admin\" \/>\n\t<meta name=\"twitter:label2\" content=\"Est. reading time\" \/>\n\t<meta name=\"twitter:data2\" content=\"3 minutes\" \/>\n<script type=\"application\/ld+json\" class=\"yoast-schema-graph\">{\"@context\":\"https:\/\/schema.org\",\"@graph\":[{\"@type\":\"WebPage\",\"@id\":\"https:\/\/veritasinfo.org\/?p=8505\",\"url\":\"https:\/\/veritasinfo.org\/?p=8505\",\"name\":\"Ponosh: Vu\u00e7iq po zbaton gjendje t\u00eb jasht\u00ebzakonshme t\u00eb pashpallur \u2013 kjo \u00ebsht\u00eb terroriz\u00ebm shtet\u00ebror -\",\"isPartOf\":{\"@id\":\"https:\/\/veritasinfo.org\/#website\"},\"primaryImageOfPage\":{\"@id\":\"https:\/\/veritasinfo.org\/?p=8505#primaryimage\"},\"image\":{\"@id\":\"https:\/\/veritasinfo.org\/?p=8505#primaryimage\"},\"thumbnailUrl\":\"https:\/\/veritasinfo.org\/wp-content\/uploads\/2025\/08\/1647515027-collage-ponos-i-vucic-1024x655-1.jpg\",\"datePublished\":\"2025-08-18T07:19:50+00:00\",\"dateModified\":\"2025-08-18T08:22:42+00:00\",\"author\":{\"@id\":\"https:\/\/veritasinfo.org\/#\/schema\/person\/7701f8c088bece422266b100a712374f\"},\"breadcrumb\":{\"@id\":\"https:\/\/veritasinfo.org\/?p=8505#breadcrumb\"},\"inLanguage\":\"en-US\",\"potentialAction\":[{\"@type\":\"ReadAction\",\"target\":[\"https:\/\/veritasinfo.org\/?p=8505\"]}]},{\"@type\":\"ImageObject\",\"inLanguage\":\"en-US\",\"@id\":\"https:\/\/veritasinfo.org\/?p=8505#primaryimage\",\"url\":\"https:\/\/veritasinfo.org\/wp-content\/uploads\/2025\/08\/1647515027-collage-ponos-i-vucic-1024x655-1.jpg\",\"contentUrl\":\"https:\/\/veritasinfo.org\/wp-content\/uploads\/2025\/08\/1647515027-collage-ponos-i-vucic-1024x655-1.jpg\",\"width\":1024,\"height\":655},{\"@type\":\"BreadcrumbList\",\"@id\":\"https:\/\/veritasinfo.org\/?p=8505#breadcrumb\",\"itemListElement\":[{\"@type\":\"ListItem\",\"position\":1,\"name\":\"Home\",\"item\":\"https:\/\/veritasinfo.org\/\"},{\"@type\":\"ListItem\",\"position\":2,\"name\":\"Ponosh: Vu\u00e7iq po zbaton gjendje t\u00eb jasht\u00ebzakonshme t\u00eb pashpallur \u2013 kjo \u00ebsht\u00eb terroriz\u00ebm shtet\u00ebror\"}]},{\"@type\":\"WebSite\",\"@id\":\"https:\/\/veritasinfo.org\/#website\",\"url\":\"https:\/\/veritasinfo.org\/\",\"name\":\"\",\"description\":\"\",\"potentialAction\":[{\"@type\":\"SearchAction\",\"target\":{\"@type\":\"EntryPoint\",\"urlTemplate\":\"https:\/\/veritasinfo.org\/?s={search_term_string}\"},\"query-input\":{\"@type\":\"PropertyValueSpecification\",\"valueRequired\":true,\"valueName\":\"search_term_string\"}}],\"inLanguage\":\"en-US\"},{\"@type\":\"Person\",\"@id\":\"https:\/\/veritasinfo.org\/#\/schema\/person\/7701f8c088bece422266b100a712374f\",\"name\":\"admin\",\"image\":{\"@type\":\"ImageObject\",\"inLanguage\":\"en-US\",\"@id\":\"https:\/\/veritasinfo.org\/#\/schema\/person\/image\/\",\"url\":\"https:\/\/secure.gravatar.com\/avatar\/ea53aa3bf6c9a12d5fde8ce4deff43fef3885ae33cf60184161a50d6987cfd2f?s=96&d=mm&r=g\",\"contentUrl\":\"https:\/\/secure.gravatar.com\/avatar\/ea53aa3bf6c9a12d5fde8ce4deff43fef3885ae33cf60184161a50d6987cfd2f?s=96&d=mm&r=g\",\"caption\":\"admin\"},\"sameAs\":[\"https:\/\/veritasinfo.org\"],\"url\":\"https:\/\/veritasinfo.org\/?author=1\"}]}<\/script>\n<!-- \/ Yoast SEO plugin. -->","yoast_head_json":{"title":"Ponosh: Vu\u00e7iq po zbaton gjendje t\u00eb jasht\u00ebzakonshme t\u00eb pashpallur \u2013 kjo \u00ebsht\u00eb terroriz\u00ebm shtet\u00ebror -","robots":{"index":"index","follow":"follow","max-snippet":"max-snippet:-1","max-image-preview":"max-image-preview:large","max-video-preview":"max-video-preview:-1"},"canonical":"https:\/\/veritasinfo.org\/?p=8505","og_locale":"en_US","og_type":"article","og_title":"Ponosh: Vu\u00e7iq po zbaton gjendje t\u00eb jasht\u00ebzakonshme t\u00eb pashpallur \u2013 kjo \u00ebsht\u00eb terroriz\u00ebm shtet\u00ebror -","og_description":"18 gusht, 2025 Kryetari i partis\u00eb Serbia Qend\u00ebr (SRCE), gjenerali Zdravko Ponosh, ka deklaruar se presidenti i Serbis\u00eb, Aleksandar Vu\u00e7iq, \u00e7far\u00ebdo q\u00eb t\u00eb planifikoj\u00eb t\u00eb","og_url":"https:\/\/veritasinfo.org\/?p=8505","article_published_time":"2025-08-18T07:19:50+00:00","article_modified_time":"2025-08-18T08:22:42+00:00","og_image":[{"width":1024,"height":655,"url":"https:\/\/veritasinfo.org\/wp-content\/uploads\/2025\/08\/1647515027-collage-ponos-i-vucic-1024x655-1.jpg","type":"image\/jpeg"}],"author":"admin","twitter_card":"summary_large_image","twitter_misc":{"Written by":"admin","Est. reading time":"3 minutes"},"schema":{"@context":"https:\/\/schema.org","@graph":[{"@type":"WebPage","@id":"https:\/\/veritasinfo.org\/?p=8505","url":"https:\/\/veritasinfo.org\/?p=8505","name":"Ponosh: Vu\u00e7iq po zbaton gjendje t\u00eb jasht\u00ebzakonshme t\u00eb pashpallur \u2013 kjo \u00ebsht\u00eb terroriz\u00ebm shtet\u00ebror -","isPartOf":{"@id":"https:\/\/veritasinfo.org\/#website"},"primaryImageOfPage":{"@id":"https:\/\/veritasinfo.org\/?p=8505#primaryimage"},"image":{"@id":"https:\/\/veritasinfo.org\/?p=8505#primaryimage"},"thumbnailUrl":"https:\/\/veritasinfo.org\/wp-content\/uploads\/2025\/08\/1647515027-collage-ponos-i-vucic-1024x655-1.jpg","datePublished":"2025-08-18T07:19:50+00:00","dateModified":"2025-08-18T08:22:42+00:00","author":{"@id":"https:\/\/veritasinfo.org\/#\/schema\/person\/7701f8c088bece422266b100a712374f"},"breadcrumb":{"@id":"https:\/\/veritasinfo.org\/?p=8505#breadcrumb"},"inLanguage":"en-US","potentialAction":[{"@type":"ReadAction","target":["https:\/\/veritasinfo.org\/?p=8505"]}]},{"@type":"ImageObject","inLanguage":"en-US","@id":"https:\/\/veritasinfo.org\/?p=8505#primaryimage","url":"https:\/\/veritasinfo.org\/wp-content\/uploads\/2025\/08\/1647515027-collage-ponos-i-vucic-1024x655-1.jpg","contentUrl":"https:\/\/veritasinfo.org\/wp-content\/uploads\/2025\/08\/1647515027-collage-ponos-i-vucic-1024x655-1.jpg","width":1024,"height":655},{"@type":"BreadcrumbList","@id":"https:\/\/veritasinfo.org\/?p=8505#breadcrumb","itemListElement":[{"@type":"ListItem","position":1,"name":"Home","item":"https:\/\/veritasinfo.org\/"},{"@type":"ListItem","position":2,"name":"Ponosh: Vu\u00e7iq po zbaton gjendje t\u00eb jasht\u00ebzakonshme t\u00eb pashpallur \u2013 kjo \u00ebsht\u00eb terroriz\u00ebm shtet\u00ebror"}]},{"@type":"WebSite","@id":"https:\/\/veritasinfo.org\/#website","url":"https:\/\/veritasinfo.org\/","name":"","description":"","potentialAction":[{"@type":"SearchAction","target":{"@type":"EntryPoint","urlTemplate":"https:\/\/veritasinfo.org\/?s={search_term_string}"},"query-input":{"@type":"PropertyValueSpecification","valueRequired":true,"valueName":"search_term_string"}}],"inLanguage":"en-US"},{"@type":"Person","@id":"https:\/\/veritasinfo.org\/#\/schema\/person\/7701f8c088bece422266b100a712374f","name":"admin","image":{"@type":"ImageObject","inLanguage":"en-US","@id":"https:\/\/veritasinfo.org\/#\/schema\/person\/image\/","url":"https:\/\/secure.gravatar.com\/avatar\/ea53aa3bf6c9a12d5fde8ce4deff43fef3885ae33cf60184161a50d6987cfd2f?s=96&d=mm&r=g","contentUrl":"https:\/\/secure.gravatar.com\/avatar\/ea53aa3bf6c9a12d5fde8ce4deff43fef3885ae33cf60184161a50d6987cfd2f?s=96&d=mm&r=g","caption":"admin"},"sameAs":["https:\/\/veritasinfo.org"],"url":"https:\/\/veritasinfo.org\/?author=1"}]}},"featured_image_urls":{"full":["https:\/\/veritasinfo.org\/wp-content\/uploads\/2025\/08\/1647515027-collage-ponos-i-vucic-1024x655-1.jpg",1024,655,false],"thumbnail":["https:\/\/veritasinfo.org\/wp-content\/uploads\/2025\/08\/1647515027-collage-ponos-i-vucic-1024x655-1-150x150.jpg",150,150,true],"medium":["https:\/\/veritasinfo.org\/wp-content\/uploads\/2025\/08\/1647515027-collage-ponos-i-vucic-1024x655-1-300x192.jpg",300,192,true],"medium_large":["https:\/\/veritasinfo.org\/wp-content\/uploads\/2025\/08\/1647515027-collage-ponos-i-vucic-1024x655-1-768x491.jpg",640,409,true],"large":["https:\/\/veritasinfo.org\/wp-content\/uploads\/2025\/08\/1647515027-collage-ponos-i-vucic-1024x655-1.jpg",640,409,false],"1536x1536":["https:\/\/veritasinfo.org\/wp-content\/uploads\/2025\/08\/1647515027-collage-ponos-i-vucic-1024x655-1.jpg",1024,655,false],"2048x2048":["https:\/\/veritasinfo.org\/wp-content\/uploads\/2025\/08\/1647515027-collage-ponos-i-vucic-1024x655-1.jpg",1024,655,false],"kreeti-slider-full":["https:\/\/veritasinfo.org\/wp-content\/uploads\/2025\/08\/1647515027-collage-ponos-i-vucic-1024x655-1.jpg",1024,655,false],"kreeti-featured":["https:\/\/veritasinfo.org\/wp-content\/uploads\/2025\/08\/1647515027-collage-ponos-i-vucic-1024x655-1.jpg",1024,655,false],"kreeti-medium":["https:\/\/veritasinfo.org\/wp-content\/uploads\/2025\/08\/1647515027-collage-ponos-i-vucic-1024x655-1.jpg",720,461,false],"kreeti-medium-square":["https:\/\/veritasinfo.org\/wp-content\/uploads\/2025\/08\/1647515027-collage-ponos-i-vucic-1024x655-1.jpg",350,224,false]},"author_info":{"info":["admin"]},"category_info":"<a href=\"https:\/\/veritasinfo.org\/?cat=58\" rel=\"category\">Politik\u00eb<\/a>","tag_info":"Politik\u00eb","comment_count":"0","_links":{"self":[{"href":"https:\/\/veritasinfo.org\/index.php?rest_route=\/wp\/v2\/posts\/8505","targetHints":{"allow":["GET"]}}],"collection":[{"href":"https:\/\/veritasinfo.org\/index.php?rest_route=\/wp\/v2\/posts"}],"about":[{"href":"https:\/\/veritasinfo.org\/index.php?rest_route=\/wp\/v2\/types\/post"}],"author":[{"embeddable":true,"href":"https:\/\/veritasinfo.org\/index.php?rest_route=\/wp\/v2\/users\/1"}],"replies":[{"embeddable":true,"href":"https:\/\/veritasinfo.org\/index.php?rest_route=%2Fwp%2Fv2%2Fcomments&post=8505"}],"version-history":[{"count":2,"href":"https:\/\/veritasinfo.org\/index.php?rest_route=\/wp\/v2\/posts\/8505\/revisions"}],"predecessor-version":[{"id":8510,"href":"https:\/\/veritasinfo.org\/index.php?rest_route=\/wp\/v2\/posts\/8505\/revisions\/8510"}],"wp:featuredmedia":[{"embeddable":true,"href":"https:\/\/veritasinfo.org\/index.php?rest_route=\/wp\/v2\/media\/8503"}],"wp:attachment":[{"href":"https:\/\/veritasinfo.org\/index.php?rest_route=%2Fwp%2Fv2%2Fmedia&parent=8505"}],"wp:term":[{"taxonomy":"category","embeddable":true,"href":"https:\/\/veritasinfo.org\/index.php?rest_route=%2Fwp%2Fv2%2Fcategories&post=8505"},{"taxonomy":"post_tag","embeddable":true,"href":"https:\/\/veritasinfo.org\/index.php?rest_route=%2Fwp%2Fv2%2Ftags&post=8505"}],"curies":[{"name":"wp","href":"https:\/\/api.w.org\/{rel}","templated":true}]}}