{"id":8476,"date":"2025-08-18T08:17:18","date_gmt":"2025-08-18T06:17:18","guid":{"rendered":"https:\/\/veritasinfo.org\/?p=8476"},"modified":"2025-08-18T08:17:18","modified_gmt":"2025-08-18T06:17:18","slug":"metaj-mesatarisht-90-vatra-zjarri-ne-dite-gjate-javes-se-dyte-te-gushtit","status":"publish","type":"post","link":"https:\/\/veritasinfo.org\/?p=8476","title":{"rendered":"Metaj: Mesatarisht 90 vatra zjarri n\u00eb dit\u00eb gjat\u00eb jav\u00ebs s\u00eb dyt\u00eb t\u00eb gushtit"},"content":{"rendered":"<p>18 gusht, 2025<\/p>\n<p>Drejtori i Agjencis\u00eb p\u00ebr Menaxhim Emergjent, Genc Metaj, ka deklaruar se Kosova \u00ebsht\u00eb p\u00ebrballur me nj\u00eb situat\u00eb t\u00eb r\u00ebnduar nga zjarret n\u00eb fillim t\u00eb muajit gusht.<\/p>\n<p>Sipas tij, vet\u00ebm gjat\u00eb jav\u00ebs s\u00eb dyt\u00eb t\u00eb gushtit jan\u00eb regjistruar mesatarisht 90 vatra zjarri n\u00eb dit\u00eb, nd\u00ebrsa n\u00eb jav\u00ebn e par\u00eb t\u00eb muajit ishin rreth 60 vatra n\u00eb dit\u00eb.<\/p>\n<blockquote><p>\u00a0\u201cKemi pasur zjarre shum\u00eb t\u00eb r\u00ebnda n\u00eb disa fshatra af\u00ebr qyteteve, por edhe n\u00eb zona malore, ku p\u00ebrhapja e flak\u00ebve ka qen\u00eb e shpejt\u00eb, duke rrezikuar jet\u00ebn e njer\u00ebzve dhe duke shkaktuar d\u00ebme t\u00eb konsiderueshme, p\u00ebrfshir\u00eb djegien e sht\u00ebpive\u201d, tha Metaj n\u00eb nj\u00eb intervist\u00eb p\u00ebr RTK.<\/p><\/blockquote>\n<p>Ai theksoi se nj\u00eb pjes\u00eb e madhe e zjarreve dyshohet se jan\u00eb t\u00eb q\u00ebllimshme.<\/p>\n<blockquote><p>Nuk jan\u00eb vet\u00ebm temperaturat e larta dhe materiali i that\u00eb shkaktar\u00ebt kryesor\u00eb. Nj\u00eb pjes\u00eb e konsiderueshme e zjarreve po ndizen q\u00ebllimisht, shpesh p\u00ebr arsye biznesore ose nga bujq q\u00eb djegin arat p\u00ebr t\u2019i punuar m\u00eb leht\u00eb\u201d, shtoi Metaj.<\/p><\/blockquote>\n<p>Drejtori i Agjencis\u00eb paralajm\u00ebroi se rreziku p\u00ebr p\u00ebrhapjen e vatrave t\u00eb m\u00ebdha mbetet shum\u00eb i lart\u00eb p\u00ebr shkak t\u00eb kushteve atmosferike dhe terrenit t\u00eb ngarkuar me bim\u00ebsi t\u00eb that\u00eb.<\/p>\n<p>&nbsp;<\/p>\n<p>&nbsp;<\/p>\n","protected":false},"excerpt":{"rendered":"<p>18 gusht, 2025 Drejtori i Agjencis\u00eb p\u00ebr Menaxhim Emergjent, Genc Metaj, ka deklaruar se Kosova \u00ebsht\u00eb p\u00ebrballur me nj\u00eb situat\u00eb t\u00eb r\u00ebnduar nga zjarret n\u00eb<\/p>\n","protected":false},"author":1,"featured_media":8477,"comment_status":"open","ping_status":"open","sticky":false,"template":"","format":"standard","meta":{"footnotes":""},"categories":[60],"tags":[],"class_list":["post-8476","post","type-post","status-publish","format-standard","has-post-thumbnail","hentry","category-shoqerore-sq"],"yoast_head":"<!-- This site is optimized with the Yoast SEO plugin v25.3.1 - https:\/\/yoast.com\/wordpress\/plugins\/seo\/ -->\n<title>Metaj: Mesatarisht 90 vatra zjarri n\u00eb dit\u00eb gjat\u00eb jav\u00ebs s\u00eb dyt\u00eb t\u00eb gushtit -<\/title>\n<meta name=\"robots\" content=\"index, follow, max-snippet:-1, max-image-preview:large, max-video-preview:-1\" \/>\n<link rel=\"canonical\" href=\"https:\/\/veritasinfo.org\/?p=8476\" \/>\n<meta property=\"og:locale\" content=\"en_US\" \/>\n<meta property=\"og:type\" content=\"article\" \/>\n<meta property=\"og:title\" content=\"Metaj: Mesatarisht 90 vatra zjarri n\u00eb dit\u00eb gjat\u00eb jav\u00ebs s\u00eb dyt\u00eb t\u00eb gushtit -\" \/>\n<meta property=\"og:description\" content=\"18 gusht, 2025 Drejtori i Agjencis\u00eb p\u00ebr Menaxhim Emergjent, Genc Metaj, ka deklaruar se Kosova \u00ebsht\u00eb p\u00ebrballur me nj\u00eb situat\u00eb t\u00eb r\u00ebnduar nga zjarret n\u00eb\" \/>\n<meta property=\"og:url\" content=\"https:\/\/veritasinfo.org\/?p=8476\" \/>\n<meta property=\"article:published_time\" content=\"2025-08-18T06:17:18+00:00\" \/>\n<meta property=\"og:image\" content=\"https:\/\/veritasinfo.org\/wp-content\/uploads\/2025\/08\/zjarr-2-1-696x522-1.jpg\" \/>\n\t<meta property=\"og:image:width\" content=\"696\" \/>\n\t<meta property=\"og:image:height\" content=\"522\" \/>\n\t<meta property=\"og:image:type\" content=\"image\/jpeg\" \/>\n<meta name=\"author\" content=\"admin\" \/>\n<meta name=\"twitter:card\" content=\"summary_large_image\" \/>\n<meta name=\"twitter:label1\" content=\"Written by\" \/>\n\t<meta name=\"twitter:data1\" content=\"admin\" \/>\n\t<meta name=\"twitter:label2\" content=\"Est. reading time\" \/>\n\t<meta name=\"twitter:data2\" content=\"1 minute\" \/>\n<script type=\"application\/ld+json\" class=\"yoast-schema-graph\">{\"@context\":\"https:\/\/schema.org\",\"@graph\":[{\"@type\":\"WebPage\",\"@id\":\"https:\/\/veritasinfo.org\/?p=8476\",\"url\":\"https:\/\/veritasinfo.org\/?p=8476\",\"name\":\"Metaj: Mesatarisht 90 vatra zjarri n\u00eb dit\u00eb gjat\u00eb jav\u00ebs s\u00eb dyt\u00eb t\u00eb gushtit -\",\"isPartOf\":{\"@id\":\"https:\/\/veritasinfo.org\/#website\"},\"primaryImageOfPage\":{\"@id\":\"https:\/\/veritasinfo.org\/?p=8476#primaryimage\"},\"image\":{\"@id\":\"https:\/\/veritasinfo.org\/?p=8476#primaryimage\"},\"thumbnailUrl\":\"https:\/\/veritasinfo.org\/wp-content\/uploads\/2025\/08\/zjarr-2-1-696x522-1.jpg\",\"datePublished\":\"2025-08-18T06:17:18+00:00\",\"author\":{\"@id\":\"https:\/\/veritasinfo.org\/#\/schema\/person\/7701f8c088bece422266b100a712374f\"},\"breadcrumb\":{\"@id\":\"https:\/\/veritasinfo.org\/?p=8476#breadcrumb\"},\"inLanguage\":\"en-US\",\"potentialAction\":[{\"@type\":\"ReadAction\",\"target\":[\"https:\/\/veritasinfo.org\/?p=8476\"]}]},{\"@type\":\"ImageObject\",\"inLanguage\":\"en-US\",\"@id\":\"https:\/\/veritasinfo.org\/?p=8476#primaryimage\",\"url\":\"https:\/\/veritasinfo.org\/wp-content\/uploads\/2025\/08\/zjarr-2-1-696x522-1.jpg\",\"contentUrl\":\"https:\/\/veritasinfo.org\/wp-content\/uploads\/2025\/08\/zjarr-2-1-696x522-1.jpg\",\"width\":696,\"height\":522},{\"@type\":\"BreadcrumbList\",\"@id\":\"https:\/\/veritasinfo.org\/?p=8476#breadcrumb\",\"itemListElement\":[{\"@type\":\"ListItem\",\"position\":1,\"name\":\"Home\",\"item\":\"https:\/\/veritasinfo.org\/\"},{\"@type\":\"ListItem\",\"position\":2,\"name\":\"Metaj: Mesatarisht 90 vatra zjarri n\u00eb dit\u00eb gjat\u00eb jav\u00ebs s\u00eb dyt\u00eb t\u00eb gushtit\"}]},{\"@type\":\"WebSite\",\"@id\":\"https:\/\/veritasinfo.org\/#website\",\"url\":\"https:\/\/veritasinfo.org\/\",\"name\":\"\",\"description\":\"\",\"potentialAction\":[{\"@type\":\"SearchAction\",\"target\":{\"@type\":\"EntryPoint\",\"urlTemplate\":\"https:\/\/veritasinfo.org\/?s={search_term_string}\"},\"query-input\":{\"@type\":\"PropertyValueSpecification\",\"valueRequired\":true,\"valueName\":\"search_term_string\"}}],\"inLanguage\":\"en-US\"},{\"@type\":\"Person\",\"@id\":\"https:\/\/veritasinfo.org\/#\/schema\/person\/7701f8c088bece422266b100a712374f\",\"name\":\"admin\",\"image\":{\"@type\":\"ImageObject\",\"inLanguage\":\"en-US\",\"@id\":\"https:\/\/veritasinfo.org\/#\/schema\/person\/image\/\",\"url\":\"https:\/\/secure.gravatar.com\/avatar\/ea53aa3bf6c9a12d5fde8ce4deff43fef3885ae33cf60184161a50d6987cfd2f?s=96&d=mm&r=g\",\"contentUrl\":\"https:\/\/secure.gravatar.com\/avatar\/ea53aa3bf6c9a12d5fde8ce4deff43fef3885ae33cf60184161a50d6987cfd2f?s=96&d=mm&r=g\",\"caption\":\"admin\"},\"sameAs\":[\"https:\/\/veritasinfo.org\"],\"url\":\"https:\/\/veritasinfo.org\/?author=1\"}]}<\/script>\n<!-- \/ Yoast SEO plugin. -->","yoast_head_json":{"title":"Metaj: Mesatarisht 90 vatra zjarri n\u00eb dit\u00eb gjat\u00eb jav\u00ebs s\u00eb dyt\u00eb t\u00eb gushtit -","robots":{"index":"index","follow":"follow","max-snippet":"max-snippet:-1","max-image-preview":"max-image-preview:large","max-video-preview":"max-video-preview:-1"},"canonical":"https:\/\/veritasinfo.org\/?p=8476","og_locale":"en_US","og_type":"article","og_title":"Metaj: Mesatarisht 90 vatra zjarri n\u00eb dit\u00eb gjat\u00eb jav\u00ebs s\u00eb dyt\u00eb t\u00eb gushtit -","og_description":"18 gusht, 2025 Drejtori i Agjencis\u00eb p\u00ebr Menaxhim Emergjent, Genc Metaj, ka deklaruar se Kosova \u00ebsht\u00eb p\u00ebrballur me nj\u00eb situat\u00eb t\u00eb r\u00ebnduar nga zjarret n\u00eb","og_url":"https:\/\/veritasinfo.org\/?p=8476","article_published_time":"2025-08-18T06:17:18+00:00","og_image":[{"width":696,"height":522,"url":"https:\/\/veritasinfo.org\/wp-content\/uploads\/2025\/08\/zjarr-2-1-696x522-1.jpg","type":"image\/jpeg"}],"author":"admin","twitter_card":"summary_large_image","twitter_misc":{"Written by":"admin","Est. reading time":"1 minute"},"schema":{"@context":"https:\/\/schema.org","@graph":[{"@type":"WebPage","@id":"https:\/\/veritasinfo.org\/?p=8476","url":"https:\/\/veritasinfo.org\/?p=8476","name":"Metaj: Mesatarisht 90 vatra zjarri n\u00eb dit\u00eb gjat\u00eb jav\u00ebs s\u00eb dyt\u00eb t\u00eb gushtit -","isPartOf":{"@id":"https:\/\/veritasinfo.org\/#website"},"primaryImageOfPage":{"@id":"https:\/\/veritasinfo.org\/?p=8476#primaryimage"},"image":{"@id":"https:\/\/veritasinfo.org\/?p=8476#primaryimage"},"thumbnailUrl":"https:\/\/veritasinfo.org\/wp-content\/uploads\/2025\/08\/zjarr-2-1-696x522-1.jpg","datePublished":"2025-08-18T06:17:18+00:00","author":{"@id":"https:\/\/veritasinfo.org\/#\/schema\/person\/7701f8c088bece422266b100a712374f"},"breadcrumb":{"@id":"https:\/\/veritasinfo.org\/?p=8476#breadcrumb"},"inLanguage":"en-US","potentialAction":[{"@type":"ReadAction","target":["https:\/\/veritasinfo.org\/?p=8476"]}]},{"@type":"ImageObject","inLanguage":"en-US","@id":"https:\/\/veritasinfo.org\/?p=8476#primaryimage","url":"https:\/\/veritasinfo.org\/wp-content\/uploads\/2025\/08\/zjarr-2-1-696x522-1.jpg","contentUrl":"https:\/\/veritasinfo.org\/wp-content\/uploads\/2025\/08\/zjarr-2-1-696x522-1.jpg","width":696,"height":522},{"@type":"BreadcrumbList","@id":"https:\/\/veritasinfo.org\/?p=8476#breadcrumb","itemListElement":[{"@type":"ListItem","position":1,"name":"Home","item":"https:\/\/veritasinfo.org\/"},{"@type":"ListItem","position":2,"name":"Metaj: Mesatarisht 90 vatra zjarri n\u00eb dit\u00eb gjat\u00eb jav\u00ebs s\u00eb dyt\u00eb t\u00eb gushtit"}]},{"@type":"WebSite","@id":"https:\/\/veritasinfo.org\/#website","url":"https:\/\/veritasinfo.org\/","name":"","description":"","potentialAction":[{"@type":"SearchAction","target":{"@type":"EntryPoint","urlTemplate":"https:\/\/veritasinfo.org\/?s={search_term_string}"},"query-input":{"@type":"PropertyValueSpecification","valueRequired":true,"valueName":"search_term_string"}}],"inLanguage":"en-US"},{"@type":"Person","@id":"https:\/\/veritasinfo.org\/#\/schema\/person\/7701f8c088bece422266b100a712374f","name":"admin","image":{"@type":"ImageObject","inLanguage":"en-US","@id":"https:\/\/veritasinfo.org\/#\/schema\/person\/image\/","url":"https:\/\/secure.gravatar.com\/avatar\/ea53aa3bf6c9a12d5fde8ce4deff43fef3885ae33cf60184161a50d6987cfd2f?s=96&d=mm&r=g","contentUrl":"https:\/\/secure.gravatar.com\/avatar\/ea53aa3bf6c9a12d5fde8ce4deff43fef3885ae33cf60184161a50d6987cfd2f?s=96&d=mm&r=g","caption":"admin"},"sameAs":["https:\/\/veritasinfo.org"],"url":"https:\/\/veritasinfo.org\/?author=1"}]}},"featured_image_urls":{"full":["https:\/\/veritasinfo.org\/wp-content\/uploads\/2025\/08\/zjarr-2-1-696x522-1.jpg",696,522,false],"thumbnail":["https:\/\/veritasinfo.org\/wp-content\/uploads\/2025\/08\/zjarr-2-1-696x522-1-150x150.jpg",150,150,true],"medium":["https:\/\/veritasinfo.org\/wp-content\/uploads\/2025\/08\/zjarr-2-1-696x522-1-300x225.jpg",300,225,true],"medium_large":["https:\/\/veritasinfo.org\/wp-content\/uploads\/2025\/08\/zjarr-2-1-696x522-1.jpg",640,480,false],"large":["https:\/\/veritasinfo.org\/wp-content\/uploads\/2025\/08\/zjarr-2-1-696x522-1.jpg",640,480,false],"1536x1536":["https:\/\/veritasinfo.org\/wp-content\/uploads\/2025\/08\/zjarr-2-1-696x522-1.jpg",696,522,false],"2048x2048":["https:\/\/veritasinfo.org\/wp-content\/uploads\/2025\/08\/zjarr-2-1-696x522-1.jpg",696,522,false],"kreeti-slider-full":["https:\/\/veritasinfo.org\/wp-content\/uploads\/2025\/08\/zjarr-2-1-696x522-1.jpg",696,522,false],"kreeti-featured":["https:\/\/veritasinfo.org\/wp-content\/uploads\/2025\/08\/zjarr-2-1-696x522-1.jpg",696,522,false],"kreeti-medium":["https:\/\/veritasinfo.org\/wp-content\/uploads\/2025\/08\/zjarr-2-1-696x522-1.jpg",696,522,false],"kreeti-medium-square":["https:\/\/veritasinfo.org\/wp-content\/uploads\/2025\/08\/zjarr-2-1-696x522-1.jpg",350,263,false]},"author_info":{"info":["admin"]},"category_info":"<a href=\"https:\/\/veritasinfo.org\/?cat=60\" rel=\"category\">Shoq\u00ebrore<\/a>","tag_info":"Shoq\u00ebrore","comment_count":"0","_links":{"self":[{"href":"https:\/\/veritasinfo.org\/index.php?rest_route=\/wp\/v2\/posts\/8476","targetHints":{"allow":["GET"]}}],"collection":[{"href":"https:\/\/veritasinfo.org\/index.php?rest_route=\/wp\/v2\/posts"}],"about":[{"href":"https:\/\/veritasinfo.org\/index.php?rest_route=\/wp\/v2\/types\/post"}],"author":[{"embeddable":true,"href":"https:\/\/veritasinfo.org\/index.php?rest_route=\/wp\/v2\/users\/1"}],"replies":[{"embeddable":true,"href":"https:\/\/veritasinfo.org\/index.php?rest_route=%2Fwp%2Fv2%2Fcomments&post=8476"}],"version-history":[{"count":1,"href":"https:\/\/veritasinfo.org\/index.php?rest_route=\/wp\/v2\/posts\/8476\/revisions"}],"predecessor-version":[{"id":8478,"href":"https:\/\/veritasinfo.org\/index.php?rest_route=\/wp\/v2\/posts\/8476\/revisions\/8478"}],"wp:featuredmedia":[{"embeddable":true,"href":"https:\/\/veritasinfo.org\/index.php?rest_route=\/wp\/v2\/media\/8477"}],"wp:attachment":[{"href":"https:\/\/veritasinfo.org\/index.php?rest_route=%2Fwp%2Fv2%2Fmedia&parent=8476"}],"wp:term":[{"taxonomy":"category","embeddable":true,"href":"https:\/\/veritasinfo.org\/index.php?rest_route=%2Fwp%2Fv2%2Fcategories&post=8476"},{"taxonomy":"post_tag","embeddable":true,"href":"https:\/\/veritasinfo.org\/index.php?rest_route=%2Fwp%2Fv2%2Ftags&post=8476"}],"curies":[{"name":"wp","href":"https:\/\/api.w.org\/{rel}","templated":true}]}}