{"id":8470,"date":"2025-08-17T21:18:19","date_gmt":"2025-08-17T19:18:19","guid":{"rendered":"https:\/\/veritasinfo.org\/?p=8470"},"modified":"2025-08-17T21:18:19","modified_gmt":"2025-08-17T19:18:19","slug":"edhe-sonte-protesta-ne-mbare-serbine","status":"publish","type":"post","link":"https:\/\/veritasinfo.org\/?p=8470","title":{"rendered":"Edhe sonte protesta n\u00eb mbar\u00eb Serbin\u00eb"},"content":{"rendered":"<p>Beograd, 17 Gusht 2025<\/p>\n<p><strong>Protestat n\u00eb Serbi kund\u00ebr politikave t\u00eb pushtetit aktual, s\u2019kan\u00eb t\u00eb ndaluar.<\/strong><\/p>\n<p>Mediat serbe shkruajn\u00eb se student\u00ebve dhe qytetar\u00ebve u \u00ebsht\u00eb b\u00ebr\u00eb thirrje t\u00eb mblidhen sot n\u00eb mbr\u00ebmje n\u00eb sheshet e disa qyteteve t\u00eb Serbis\u00eb, duke hyr\u00eb k\u00ebshtu n\u00eb dit\u00ebn e pest\u00eb t\u00eb protestave.<\/p>\n<p>Deri tani jan\u00eb shpallur koha dhe vendi i tubimit p\u00ebr Novi Sad, Nish, Krushevac dhe Leskovac.<\/p>\n<p>N\u00eb Novi Sadi thirrjet jan\u00eb b\u00ebr\u00eb p\u00ebr nj\u00eb protest\u00eb sonte n\u00eb or\u00ebn 20:00 para Rektoratit, duke shkruar n\u00eb Instagram:<\/p>\n<p>\u201dSonte po nxjerrim mbeturinat q\u00eb jan\u00eb l\u00ebn\u00eb deri n\u00eb fund. Ata mendojn\u00eb se mund t\u00eb na trembin, por \u00e7do arrestim sjell liri t\u00eb re, dhe \u00e7do sulm i policis\u00eb forcon edhe m\u00eb shum\u00eb vendosm\u00ebrin\u00eb ton\u00eb! Ne jemi populli dhe jemi kudo. Ata jan\u00eb pak dhe fshihen n\u00eb err\u00ebsir\u00eb. Novi Sadi merr frym\u00eb p\u00ebrs\u00ebri sonte. Lufta vazhdon, liria nuk vonohet. Sonte pastrojm\u00eb s\u00ebrish\u201d. shkruhet n\u00eb postim<\/p>\n<p>N\u00eb Nish, student\u00ebt thirr\u00ebn p\u00ebr nj\u00eb tubim n\u00eb or\u00ebn 21:00 te \u2018Crveni pevac\u2019<\/p>\n<p>N\u00eb or\u00ebn 20:00, protesta do t\u00eb mbahen gjithashtu n\u00eb Leskovac, Krushevac, In\u0111ija dhe Kikinda.<\/p>\n<p>P\u00ebr kujtes\u00eb, sipas syri, student\u00ebt dhe qytetar\u00ebt po protestojn\u00eb prej kat\u00ebr dit\u00ebsh n\u00eb mbar\u00eb Serbin\u00eb.<br \/>\nProtestat e fundit jan\u00eb nxitur nga disa incidente n\u00eb qyteza t\u00eb Vojvodin\u00ebs, m\u00eb 12 gusht, kur mb\u00ebshtet\u00ebsit qeveritar\u00eb i kan\u00eb sulmuar protestuesit me fishekzjarr\u00eb.<\/p>\n<p>Situata \u00ebsht\u00eb p\u00ebrshkall\u00ebzuar edhe nga veprimet e zyrtar\u00ebve policor\u00eb at\u00eb dit\u00eb, t\u00eb cil\u00ebt protestuesit i kan\u00eb akuzuar se nuk kan\u00eb b\u00ebr\u00eb asgj\u00eb p\u00ebr t\u2019i parandaluar sulmet.<\/p>\n<p>Policia n\u00eb an\u00ebn tjet\u00ebr, i ka hedhur posht\u00eb k\u00ebto akuza, dhe ka th\u00ebn\u00eb se ajo i ka parandaluar disa trazira t\u00eb m\u00ebdha.<\/p>\n","protected":false},"excerpt":{"rendered":"<p>Beograd, 17 Gusht 2025 Protestat n\u00eb Serbi kund\u00ebr politikave t\u00eb pushtetit aktual, s\u2019kan\u00eb t\u00eb ndaluar. Mediat serbe shkruajn\u00eb se student\u00ebve dhe qytetar\u00ebve u \u00ebsht\u00eb b\u00ebr\u00eb<\/p>\n","protected":false},"author":1,"featured_media":8471,"comment_status":"open","ping_status":"open","sticky":false,"template":"","format":"standard","meta":{"footnotes":""},"categories":[72],"tags":[],"class_list":["post-8470","post","type-post","status-publish","format-standard","has-post-thumbnail","hentry","category-bota"],"yoast_head":"<!-- This site is optimized with the Yoast SEO plugin v25.3.1 - https:\/\/yoast.com\/wordpress\/plugins\/seo\/ -->\n<title>Edhe sonte protesta n\u00eb mbar\u00eb Serbin\u00eb -<\/title>\n<meta name=\"robots\" content=\"index, follow, max-snippet:-1, max-image-preview:large, max-video-preview:-1\" \/>\n<link rel=\"canonical\" href=\"https:\/\/veritasinfo.org\/?p=8470\" \/>\n<meta property=\"og:locale\" content=\"en_US\" \/>\n<meta property=\"og:type\" content=\"article\" \/>\n<meta property=\"og:title\" content=\"Edhe sonte protesta n\u00eb mbar\u00eb Serbin\u00eb -\" \/>\n<meta property=\"og:description\" content=\"Beograd, 17 Gusht 2025 Protestat n\u00eb Serbi kund\u00ebr politikave t\u00eb pushtetit aktual, s\u2019kan\u00eb t\u00eb ndaluar. Mediat serbe shkruajn\u00eb se student\u00ebve dhe qytetar\u00ebve u \u00ebsht\u00eb b\u00ebr\u00eb\" \/>\n<meta property=\"og:url\" content=\"https:\/\/veritasinfo.org\/?p=8470\" \/>\n<meta property=\"article:published_time\" content=\"2025-08-17T19:18:19+00:00\" \/>\n<meta property=\"og:image\" content=\"https:\/\/veritasinfo.org\/wp-content\/uploads\/2025\/08\/IMG_3248.jpeg\" \/>\n\t<meta property=\"og:image:width\" content=\"1280\" \/>\n\t<meta property=\"og:image:height\" content=\"720\" \/>\n\t<meta property=\"og:image:type\" content=\"image\/jpeg\" \/>\n<meta name=\"author\" content=\"admin\" \/>\n<meta name=\"twitter:card\" content=\"summary_large_image\" \/>\n<meta name=\"twitter:label1\" content=\"Written by\" \/>\n\t<meta name=\"twitter:data1\" content=\"admin\" \/>\n\t<meta name=\"twitter:label2\" content=\"Est. reading time\" \/>\n\t<meta name=\"twitter:data2\" content=\"2 minutes\" \/>\n<script type=\"application\/ld+json\" class=\"yoast-schema-graph\">{\"@context\":\"https:\/\/schema.org\",\"@graph\":[{\"@type\":\"WebPage\",\"@id\":\"https:\/\/veritasinfo.org\/?p=8470\",\"url\":\"https:\/\/veritasinfo.org\/?p=8470\",\"name\":\"Edhe sonte protesta n\u00eb mbar\u00eb Serbin\u00eb -\",\"isPartOf\":{\"@id\":\"https:\/\/veritasinfo.org\/#website\"},\"primaryImageOfPage\":{\"@id\":\"https:\/\/veritasinfo.org\/?p=8470#primaryimage\"},\"image\":{\"@id\":\"https:\/\/veritasinfo.org\/?p=8470#primaryimage\"},\"thumbnailUrl\":\"https:\/\/veritasinfo.org\/wp-content\/uploads\/2025\/08\/IMG_3248.jpeg\",\"datePublished\":\"2025-08-17T19:18:19+00:00\",\"author\":{\"@id\":\"https:\/\/veritasinfo.org\/#\/schema\/person\/7701f8c088bece422266b100a712374f\"},\"breadcrumb\":{\"@id\":\"https:\/\/veritasinfo.org\/?p=8470#breadcrumb\"},\"inLanguage\":\"en-US\",\"potentialAction\":[{\"@type\":\"ReadAction\",\"target\":[\"https:\/\/veritasinfo.org\/?p=8470\"]}]},{\"@type\":\"ImageObject\",\"inLanguage\":\"en-US\",\"@id\":\"https:\/\/veritasinfo.org\/?p=8470#primaryimage\",\"url\":\"https:\/\/veritasinfo.org\/wp-content\/uploads\/2025\/08\/IMG_3248.jpeg\",\"contentUrl\":\"https:\/\/veritasinfo.org\/wp-content\/uploads\/2025\/08\/IMG_3248.jpeg\",\"width\":1280,\"height\":720},{\"@type\":\"BreadcrumbList\",\"@id\":\"https:\/\/veritasinfo.org\/?p=8470#breadcrumb\",\"itemListElement\":[{\"@type\":\"ListItem\",\"position\":1,\"name\":\"Home\",\"item\":\"https:\/\/veritasinfo.org\/\"},{\"@type\":\"ListItem\",\"position\":2,\"name\":\"Edhe sonte protesta n\u00eb mbar\u00eb Serbin\u00eb\"}]},{\"@type\":\"WebSite\",\"@id\":\"https:\/\/veritasinfo.org\/#website\",\"url\":\"https:\/\/veritasinfo.org\/\",\"name\":\"\",\"description\":\"\",\"potentialAction\":[{\"@type\":\"SearchAction\",\"target\":{\"@type\":\"EntryPoint\",\"urlTemplate\":\"https:\/\/veritasinfo.org\/?s={search_term_string}\"},\"query-input\":{\"@type\":\"PropertyValueSpecification\",\"valueRequired\":true,\"valueName\":\"search_term_string\"}}],\"inLanguage\":\"en-US\"},{\"@type\":\"Person\",\"@id\":\"https:\/\/veritasinfo.org\/#\/schema\/person\/7701f8c088bece422266b100a712374f\",\"name\":\"admin\",\"image\":{\"@type\":\"ImageObject\",\"inLanguage\":\"en-US\",\"@id\":\"https:\/\/veritasinfo.org\/#\/schema\/person\/image\/\",\"url\":\"https:\/\/secure.gravatar.com\/avatar\/ea53aa3bf6c9a12d5fde8ce4deff43fef3885ae33cf60184161a50d6987cfd2f?s=96&d=mm&r=g\",\"contentUrl\":\"https:\/\/secure.gravatar.com\/avatar\/ea53aa3bf6c9a12d5fde8ce4deff43fef3885ae33cf60184161a50d6987cfd2f?s=96&d=mm&r=g\",\"caption\":\"admin\"},\"sameAs\":[\"https:\/\/veritasinfo.org\"],\"url\":\"https:\/\/veritasinfo.org\/?author=1\"}]}<\/script>\n<!-- \/ Yoast SEO plugin. -->","yoast_head_json":{"title":"Edhe sonte protesta n\u00eb mbar\u00eb Serbin\u00eb -","robots":{"index":"index","follow":"follow","max-snippet":"max-snippet:-1","max-image-preview":"max-image-preview:large","max-video-preview":"max-video-preview:-1"},"canonical":"https:\/\/veritasinfo.org\/?p=8470","og_locale":"en_US","og_type":"article","og_title":"Edhe sonte protesta n\u00eb mbar\u00eb Serbin\u00eb -","og_description":"Beograd, 17 Gusht 2025 Protestat n\u00eb Serbi kund\u00ebr politikave t\u00eb pushtetit aktual, s\u2019kan\u00eb t\u00eb ndaluar. Mediat serbe shkruajn\u00eb se student\u00ebve dhe qytetar\u00ebve u \u00ebsht\u00eb b\u00ebr\u00eb","og_url":"https:\/\/veritasinfo.org\/?p=8470","article_published_time":"2025-08-17T19:18:19+00:00","og_image":[{"width":1280,"height":720,"url":"https:\/\/veritasinfo.org\/wp-content\/uploads\/2025\/08\/IMG_3248.jpeg","type":"image\/jpeg"}],"author":"admin","twitter_card":"summary_large_image","twitter_misc":{"Written by":"admin","Est. reading time":"2 minutes"},"schema":{"@context":"https:\/\/schema.org","@graph":[{"@type":"WebPage","@id":"https:\/\/veritasinfo.org\/?p=8470","url":"https:\/\/veritasinfo.org\/?p=8470","name":"Edhe sonte protesta n\u00eb mbar\u00eb Serbin\u00eb -","isPartOf":{"@id":"https:\/\/veritasinfo.org\/#website"},"primaryImageOfPage":{"@id":"https:\/\/veritasinfo.org\/?p=8470#primaryimage"},"image":{"@id":"https:\/\/veritasinfo.org\/?p=8470#primaryimage"},"thumbnailUrl":"https:\/\/veritasinfo.org\/wp-content\/uploads\/2025\/08\/IMG_3248.jpeg","datePublished":"2025-08-17T19:18:19+00:00","author":{"@id":"https:\/\/veritasinfo.org\/#\/schema\/person\/7701f8c088bece422266b100a712374f"},"breadcrumb":{"@id":"https:\/\/veritasinfo.org\/?p=8470#breadcrumb"},"inLanguage":"en-US","potentialAction":[{"@type":"ReadAction","target":["https:\/\/veritasinfo.org\/?p=8470"]}]},{"@type":"ImageObject","inLanguage":"en-US","@id":"https:\/\/veritasinfo.org\/?p=8470#primaryimage","url":"https:\/\/veritasinfo.org\/wp-content\/uploads\/2025\/08\/IMG_3248.jpeg","contentUrl":"https:\/\/veritasinfo.org\/wp-content\/uploads\/2025\/08\/IMG_3248.jpeg","width":1280,"height":720},{"@type":"BreadcrumbList","@id":"https:\/\/veritasinfo.org\/?p=8470#breadcrumb","itemListElement":[{"@type":"ListItem","position":1,"name":"Home","item":"https:\/\/veritasinfo.org\/"},{"@type":"ListItem","position":2,"name":"Edhe sonte protesta n\u00eb mbar\u00eb Serbin\u00eb"}]},{"@type":"WebSite","@id":"https:\/\/veritasinfo.org\/#website","url":"https:\/\/veritasinfo.org\/","name":"","description":"","potentialAction":[{"@type":"SearchAction","target":{"@type":"EntryPoint","urlTemplate":"https:\/\/veritasinfo.org\/?s={search_term_string}"},"query-input":{"@type":"PropertyValueSpecification","valueRequired":true,"valueName":"search_term_string"}}],"inLanguage":"en-US"},{"@type":"Person","@id":"https:\/\/veritasinfo.org\/#\/schema\/person\/7701f8c088bece422266b100a712374f","name":"admin","image":{"@type":"ImageObject","inLanguage":"en-US","@id":"https:\/\/veritasinfo.org\/#\/schema\/person\/image\/","url":"https:\/\/secure.gravatar.com\/avatar\/ea53aa3bf6c9a12d5fde8ce4deff43fef3885ae33cf60184161a50d6987cfd2f?s=96&d=mm&r=g","contentUrl":"https:\/\/secure.gravatar.com\/avatar\/ea53aa3bf6c9a12d5fde8ce4deff43fef3885ae33cf60184161a50d6987cfd2f?s=96&d=mm&r=g","caption":"admin"},"sameAs":["https:\/\/veritasinfo.org"],"url":"https:\/\/veritasinfo.org\/?author=1"}]}},"featured_image_urls":{"full":["https:\/\/veritasinfo.org\/wp-content\/uploads\/2025\/08\/IMG_3248.jpeg",1280,720,false],"thumbnail":["https:\/\/veritasinfo.org\/wp-content\/uploads\/2025\/08\/IMG_3248-150x150.jpeg",150,150,true],"medium":["https:\/\/veritasinfo.org\/wp-content\/uploads\/2025\/08\/IMG_3248-300x169.jpeg",300,169,true],"medium_large":["https:\/\/veritasinfo.org\/wp-content\/uploads\/2025\/08\/IMG_3248-768x432.jpeg",640,360,true],"large":["https:\/\/veritasinfo.org\/wp-content\/uploads\/2025\/08\/IMG_3248-1024x576.jpeg",640,360,true],"1536x1536":["https:\/\/veritasinfo.org\/wp-content\/uploads\/2025\/08\/IMG_3248.jpeg",1280,720,false],"2048x2048":["https:\/\/veritasinfo.org\/wp-content\/uploads\/2025\/08\/IMG_3248.jpeg",1280,720,false],"kreeti-slider-full":["https:\/\/veritasinfo.org\/wp-content\/uploads\/2025\/08\/IMG_3248.jpeg",1280,720,false],"kreeti-featured":["https:\/\/veritasinfo.org\/wp-content\/uploads\/2025\/08\/IMG_3248.jpeg",1024,576,false],"kreeti-medium":["https:\/\/veritasinfo.org\/wp-content\/uploads\/2025\/08\/IMG_3248.jpeg",720,405,false],"kreeti-medium-square":["https:\/\/veritasinfo.org\/wp-content\/uploads\/2025\/08\/IMG_3248.jpeg",350,197,false]},"author_info":{"info":["admin"]},"category_info":"<a href=\"https:\/\/veritasinfo.org\/?cat=72\" rel=\"category\">Bota<\/a>","tag_info":"Bota","comment_count":"0","_links":{"self":[{"href":"https:\/\/veritasinfo.org\/index.php?rest_route=\/wp\/v2\/posts\/8470","targetHints":{"allow":["GET"]}}],"collection":[{"href":"https:\/\/veritasinfo.org\/index.php?rest_route=\/wp\/v2\/posts"}],"about":[{"href":"https:\/\/veritasinfo.org\/index.php?rest_route=\/wp\/v2\/types\/post"}],"author":[{"embeddable":true,"href":"https:\/\/veritasinfo.org\/index.php?rest_route=\/wp\/v2\/users\/1"}],"replies":[{"embeddable":true,"href":"https:\/\/veritasinfo.org\/index.php?rest_route=%2Fwp%2Fv2%2Fcomments&post=8470"}],"version-history":[{"count":1,"href":"https:\/\/veritasinfo.org\/index.php?rest_route=\/wp\/v2\/posts\/8470\/revisions"}],"predecessor-version":[{"id":8472,"href":"https:\/\/veritasinfo.org\/index.php?rest_route=\/wp\/v2\/posts\/8470\/revisions\/8472"}],"wp:featuredmedia":[{"embeddable":true,"href":"https:\/\/veritasinfo.org\/index.php?rest_route=\/wp\/v2\/media\/8471"}],"wp:attachment":[{"href":"https:\/\/veritasinfo.org\/index.php?rest_route=%2Fwp%2Fv2%2Fmedia&parent=8470"}],"wp:term":[{"taxonomy":"category","embeddable":true,"href":"https:\/\/veritasinfo.org\/index.php?rest_route=%2Fwp%2Fv2%2Fcategories&post=8470"},{"taxonomy":"post_tag","embeddable":true,"href":"https:\/\/veritasinfo.org\/index.php?rest_route=%2Fwp%2Fv2%2Ftags&post=8470"}],"curies":[{"name":"wp","href":"https:\/\/api.w.org\/{rel}","templated":true}]}}