{"id":847,"date":"2025-06-17T14:51:00","date_gmt":"2025-06-17T12:51:00","guid":{"rendered":"https:\/\/veritasinfo.org\/?p=847"},"modified":"2025-06-17T14:51:07","modified_gmt":"2025-06-17T12:51:07","slug":"kryetari-i-listes-serbe-ftohet-per-interviste-nga-prokuroria-speciale","status":"publish","type":"post","link":"https:\/\/veritasinfo.org\/?p=847","title":{"rendered":"Kryetari i List\u00ebs Serbe ftohet p\u00ebr intervist\u00eb nga Prokuroria Speciale"},"content":{"rendered":"<p>Prishtin\u00eb, 17.06.2025<\/p>\n<p>Kryetari i List\u00ebs Serbe, Zllatan Elek, raportohet se \u00ebsht\u00eb ftuar p\u00ebr intervistim nga Prokuroria Speciale e Kosov\u00ebs.<\/p>\n<p>Intervistimi i Elek nga PSRK-ja do t\u00eb b\u00ebhet nes\u00ebr nga ora 13:30, shkruan Kossev.<\/p>\n<p>Marrja n\u00eb pyetje e kreut t\u00eb LS-s\u00eb ka t\u00eb b\u00ebj\u00eb me protestat dhe barrikadat e vendosura n\u00eb veri n\u00eb vitin 2022.<\/p>\n<p>Ftesa p\u00ebr t\u00eb u konfirmua nga drejtori i Zyr\u00ebs p\u00ebr Kosov\u00ebn n\u00eb Qeverin\u00eb e Serbis\u00eb, Petar Petkoviq, pas nj\u00eb takimi n\u00eb Bruksel.<\/p>\n<p>Sipas tij ftesa t\u00eb ngjashme kishin marr\u00eb edhe Igor Simiq dhe serb\u00eb t\u00eb tjer\u00eb, t\u00eb akuzuar p\u00ebr terroriz\u00ebm.<\/p>\n<p>Derisa intervistimi i parapar\u00eb m\u00eb 4 qershor \u00ebsht\u00eb shtyr\u00eb n\u00eb nj\u00eb dat\u00eb brenda muajit.<\/p>\n<div id=\"faqet-1356005100\" class=\"faqet-content_2\">\n<div id=\"faqet-1915048184\"><\/div>\n<\/div>\n<p>Ende nuk dihet se n\u00eb \u00e7far\u00eb cil\u00ebsie do t\u00eb intervistohet Zllatan Elek.<\/p>\n<p>Por, nga subjekti i tij si\u00e7 shkruan Kossev, \u00ebsht\u00eb konfirmuar se Elek do t\u00eb paraqitet p\u00ebr intervistim.\/Klankosova.tv.<\/p>\n","protected":false},"excerpt":{"rendered":"<p>Prishtin\u00eb, 17.06.2025 Kryetari i List\u00ebs Serbe, Zllatan Elek, raportohet se \u00ebsht\u00eb ftuar p\u00ebr intervistim nga Prokuroria Speciale e Kosov\u00ebs. Intervistimi i Elek nga PSRK-ja do<\/p>\n","protected":false},"author":1,"featured_media":848,"comment_status":"open","ping_status":"open","sticky":false,"template":"","format":"standard","meta":{"footnotes":""},"categories":[58],"tags":[],"class_list":["post-847","post","type-post","status-publish","format-standard","has-post-thumbnail","hentry","category-politike-sq"],"yoast_head":"<!-- This site is optimized with the Yoast SEO plugin v25.3.1 - https:\/\/yoast.com\/wordpress\/plugins\/seo\/ -->\n<title>Kryetari i List\u00ebs Serbe ftohet p\u00ebr intervist\u00eb nga Prokuroria Speciale -<\/title>\n<meta name=\"robots\" content=\"index, follow, max-snippet:-1, max-image-preview:large, max-video-preview:-1\" \/>\n<link rel=\"canonical\" href=\"https:\/\/veritasinfo.org\/?p=847\" \/>\n<meta property=\"og:locale\" content=\"en_US\" \/>\n<meta property=\"og:type\" content=\"article\" \/>\n<meta property=\"og:title\" content=\"Kryetari i List\u00ebs Serbe ftohet p\u00ebr intervist\u00eb nga Prokuroria Speciale -\" \/>\n<meta property=\"og:description\" content=\"Prishtin\u00eb, 17.06.2025 Kryetari i List\u00ebs Serbe, Zllatan Elek, raportohet se \u00ebsht\u00eb ftuar p\u00ebr intervistim nga Prokuroria Speciale e Kosov\u00ebs. Intervistimi i Elek nga PSRK-ja do\" \/>\n<meta property=\"og:url\" content=\"https:\/\/veritasinfo.org\/?p=847\" \/>\n<meta property=\"article:published_time\" content=\"2025-06-17T12:51:00+00:00\" \/>\n<meta property=\"article:modified_time\" content=\"2025-06-17T12:51:07+00:00\" \/>\n<meta property=\"og:image\" content=\"https:\/\/veritasinfo.org\/wp-content\/uploads\/2025\/06\/IMG_1297.jpeg\" \/>\n\t<meta property=\"og:image:width\" content=\"620\" \/>\n\t<meta property=\"og:image:height\" content=\"347\" \/>\n\t<meta property=\"og:image:type\" content=\"image\/jpeg\" \/>\n<meta name=\"author\" content=\"admin\" \/>\n<meta name=\"twitter:card\" content=\"summary_large_image\" \/>\n<meta name=\"twitter:label1\" content=\"Written by\" \/>\n\t<meta name=\"twitter:data1\" content=\"admin\" \/>\n\t<meta name=\"twitter:label2\" content=\"Est. reading time\" \/>\n\t<meta name=\"twitter:data2\" content=\"1 minute\" \/>\n<script type=\"application\/ld+json\" class=\"yoast-schema-graph\">{\"@context\":\"https:\/\/schema.org\",\"@graph\":[{\"@type\":\"WebPage\",\"@id\":\"https:\/\/veritasinfo.org\/?p=847\",\"url\":\"https:\/\/veritasinfo.org\/?p=847\",\"name\":\"Kryetari i List\u00ebs Serbe ftohet p\u00ebr intervist\u00eb nga Prokuroria Speciale -\",\"isPartOf\":{\"@id\":\"https:\/\/veritasinfo.org\/#website\"},\"primaryImageOfPage\":{\"@id\":\"https:\/\/veritasinfo.org\/?p=847#primaryimage\"},\"image\":{\"@id\":\"https:\/\/veritasinfo.org\/?p=847#primaryimage\"},\"thumbnailUrl\":\"https:\/\/veritasinfo.org\/wp-content\/uploads\/2025\/06\/IMG_1297.jpeg\",\"datePublished\":\"2025-06-17T12:51:00+00:00\",\"dateModified\":\"2025-06-17T12:51:07+00:00\",\"author\":{\"@id\":\"https:\/\/veritasinfo.org\/#\/schema\/person\/7701f8c088bece422266b100a712374f\"},\"breadcrumb\":{\"@id\":\"https:\/\/veritasinfo.org\/?p=847#breadcrumb\"},\"inLanguage\":\"en-US\",\"potentialAction\":[{\"@type\":\"ReadAction\",\"target\":[\"https:\/\/veritasinfo.org\/?p=847\"]}]},{\"@type\":\"ImageObject\",\"inLanguage\":\"en-US\",\"@id\":\"https:\/\/veritasinfo.org\/?p=847#primaryimage\",\"url\":\"https:\/\/veritasinfo.org\/wp-content\/uploads\/2025\/06\/IMG_1297.jpeg\",\"contentUrl\":\"https:\/\/veritasinfo.org\/wp-content\/uploads\/2025\/06\/IMG_1297.jpeg\",\"width\":620,\"height\":347},{\"@type\":\"BreadcrumbList\",\"@id\":\"https:\/\/veritasinfo.org\/?p=847#breadcrumb\",\"itemListElement\":[{\"@type\":\"ListItem\",\"position\":1,\"name\":\"Home\",\"item\":\"https:\/\/veritasinfo.org\/\"},{\"@type\":\"ListItem\",\"position\":2,\"name\":\"Kryetari i List\u00ebs Serbe ftohet p\u00ebr intervist\u00eb nga Prokuroria Speciale\"}]},{\"@type\":\"WebSite\",\"@id\":\"https:\/\/veritasinfo.org\/#website\",\"url\":\"https:\/\/veritasinfo.org\/\",\"name\":\"\",\"description\":\"\",\"potentialAction\":[{\"@type\":\"SearchAction\",\"target\":{\"@type\":\"EntryPoint\",\"urlTemplate\":\"https:\/\/veritasinfo.org\/?s={search_term_string}\"},\"query-input\":{\"@type\":\"PropertyValueSpecification\",\"valueRequired\":true,\"valueName\":\"search_term_string\"}}],\"inLanguage\":\"en-US\"},{\"@type\":\"Person\",\"@id\":\"https:\/\/veritasinfo.org\/#\/schema\/person\/7701f8c088bece422266b100a712374f\",\"name\":\"admin\",\"image\":{\"@type\":\"ImageObject\",\"inLanguage\":\"en-US\",\"@id\":\"https:\/\/veritasinfo.org\/#\/schema\/person\/image\/\",\"url\":\"https:\/\/secure.gravatar.com\/avatar\/ea53aa3bf6c9a12d5fde8ce4deff43fef3885ae33cf60184161a50d6987cfd2f?s=96&d=mm&r=g\",\"contentUrl\":\"https:\/\/secure.gravatar.com\/avatar\/ea53aa3bf6c9a12d5fde8ce4deff43fef3885ae33cf60184161a50d6987cfd2f?s=96&d=mm&r=g\",\"caption\":\"admin\"},\"sameAs\":[\"https:\/\/veritasinfo.org\"],\"url\":\"https:\/\/veritasinfo.org\/?author=1\"}]}<\/script>\n<!-- \/ Yoast SEO plugin. -->","yoast_head_json":{"title":"Kryetari i List\u00ebs Serbe ftohet p\u00ebr intervist\u00eb nga Prokuroria Speciale -","robots":{"index":"index","follow":"follow","max-snippet":"max-snippet:-1","max-image-preview":"max-image-preview:large","max-video-preview":"max-video-preview:-1"},"canonical":"https:\/\/veritasinfo.org\/?p=847","og_locale":"en_US","og_type":"article","og_title":"Kryetari i List\u00ebs Serbe ftohet p\u00ebr intervist\u00eb nga Prokuroria Speciale -","og_description":"Prishtin\u00eb, 17.06.2025 Kryetari i List\u00ebs Serbe, Zllatan Elek, raportohet se \u00ebsht\u00eb ftuar p\u00ebr intervistim nga Prokuroria Speciale e Kosov\u00ebs. Intervistimi i Elek nga PSRK-ja do","og_url":"https:\/\/veritasinfo.org\/?p=847","article_published_time":"2025-06-17T12:51:00+00:00","article_modified_time":"2025-06-17T12:51:07+00:00","og_image":[{"width":620,"height":347,"url":"https:\/\/veritasinfo.org\/wp-content\/uploads\/2025\/06\/IMG_1297.jpeg","type":"image\/jpeg"}],"author":"admin","twitter_card":"summary_large_image","twitter_misc":{"Written by":"admin","Est. reading time":"1 minute"},"schema":{"@context":"https:\/\/schema.org","@graph":[{"@type":"WebPage","@id":"https:\/\/veritasinfo.org\/?p=847","url":"https:\/\/veritasinfo.org\/?p=847","name":"Kryetari i List\u00ebs Serbe ftohet p\u00ebr intervist\u00eb nga Prokuroria Speciale -","isPartOf":{"@id":"https:\/\/veritasinfo.org\/#website"},"primaryImageOfPage":{"@id":"https:\/\/veritasinfo.org\/?p=847#primaryimage"},"image":{"@id":"https:\/\/veritasinfo.org\/?p=847#primaryimage"},"thumbnailUrl":"https:\/\/veritasinfo.org\/wp-content\/uploads\/2025\/06\/IMG_1297.jpeg","datePublished":"2025-06-17T12:51:00+00:00","dateModified":"2025-06-17T12:51:07+00:00","author":{"@id":"https:\/\/veritasinfo.org\/#\/schema\/person\/7701f8c088bece422266b100a712374f"},"breadcrumb":{"@id":"https:\/\/veritasinfo.org\/?p=847#breadcrumb"},"inLanguage":"en-US","potentialAction":[{"@type":"ReadAction","target":["https:\/\/veritasinfo.org\/?p=847"]}]},{"@type":"ImageObject","inLanguage":"en-US","@id":"https:\/\/veritasinfo.org\/?p=847#primaryimage","url":"https:\/\/veritasinfo.org\/wp-content\/uploads\/2025\/06\/IMG_1297.jpeg","contentUrl":"https:\/\/veritasinfo.org\/wp-content\/uploads\/2025\/06\/IMG_1297.jpeg","width":620,"height":347},{"@type":"BreadcrumbList","@id":"https:\/\/veritasinfo.org\/?p=847#breadcrumb","itemListElement":[{"@type":"ListItem","position":1,"name":"Home","item":"https:\/\/veritasinfo.org\/"},{"@type":"ListItem","position":2,"name":"Kryetari i List\u00ebs Serbe ftohet p\u00ebr intervist\u00eb nga Prokuroria Speciale"}]},{"@type":"WebSite","@id":"https:\/\/veritasinfo.org\/#website","url":"https:\/\/veritasinfo.org\/","name":"","description":"","potentialAction":[{"@type":"SearchAction","target":{"@type":"EntryPoint","urlTemplate":"https:\/\/veritasinfo.org\/?s={search_term_string}"},"query-input":{"@type":"PropertyValueSpecification","valueRequired":true,"valueName":"search_term_string"}}],"inLanguage":"en-US"},{"@type":"Person","@id":"https:\/\/veritasinfo.org\/#\/schema\/person\/7701f8c088bece422266b100a712374f","name":"admin","image":{"@type":"ImageObject","inLanguage":"en-US","@id":"https:\/\/veritasinfo.org\/#\/schema\/person\/image\/","url":"https:\/\/secure.gravatar.com\/avatar\/ea53aa3bf6c9a12d5fde8ce4deff43fef3885ae33cf60184161a50d6987cfd2f?s=96&d=mm&r=g","contentUrl":"https:\/\/secure.gravatar.com\/avatar\/ea53aa3bf6c9a12d5fde8ce4deff43fef3885ae33cf60184161a50d6987cfd2f?s=96&d=mm&r=g","caption":"admin"},"sameAs":["https:\/\/veritasinfo.org"],"url":"https:\/\/veritasinfo.org\/?author=1"}]}},"featured_image_urls":{"full":["https:\/\/veritasinfo.org\/wp-content\/uploads\/2025\/06\/IMG_1297.jpeg",620,347,false],"thumbnail":["https:\/\/veritasinfo.org\/wp-content\/uploads\/2025\/06\/IMG_1297-150x150.jpeg",150,150,true],"medium":["https:\/\/veritasinfo.org\/wp-content\/uploads\/2025\/06\/IMG_1297-300x168.jpeg",300,168,true],"medium_large":["https:\/\/veritasinfo.org\/wp-content\/uploads\/2025\/06\/IMG_1297.jpeg",620,347,false],"large":["https:\/\/veritasinfo.org\/wp-content\/uploads\/2025\/06\/IMG_1297.jpeg",620,347,false],"1536x1536":["https:\/\/veritasinfo.org\/wp-content\/uploads\/2025\/06\/IMG_1297.jpeg",620,347,false],"2048x2048":["https:\/\/veritasinfo.org\/wp-content\/uploads\/2025\/06\/IMG_1297.jpeg",620,347,false],"kreeti-slider-full":["https:\/\/veritasinfo.org\/wp-content\/uploads\/2025\/06\/IMG_1297.jpeg",620,347,false],"kreeti-featured":["https:\/\/veritasinfo.org\/wp-content\/uploads\/2025\/06\/IMG_1297.jpeg",620,347,false],"kreeti-medium":["https:\/\/veritasinfo.org\/wp-content\/uploads\/2025\/06\/IMG_1297.jpeg",620,347,false],"kreeti-medium-square":["https:\/\/veritasinfo.org\/wp-content\/uploads\/2025\/06\/IMG_1297.jpeg",350,196,false]},"author_info":{"info":["admin"]},"category_info":"<a href=\"https:\/\/veritasinfo.org\/?cat=58\" rel=\"category\">Politik\u00eb<\/a>","tag_info":"Politik\u00eb","comment_count":"0","_links":{"self":[{"href":"https:\/\/veritasinfo.org\/index.php?rest_route=\/wp\/v2\/posts\/847","targetHints":{"allow":["GET"]}}],"collection":[{"href":"https:\/\/veritasinfo.org\/index.php?rest_route=\/wp\/v2\/posts"}],"about":[{"href":"https:\/\/veritasinfo.org\/index.php?rest_route=\/wp\/v2\/types\/post"}],"author":[{"embeddable":true,"href":"https:\/\/veritasinfo.org\/index.php?rest_route=\/wp\/v2\/users\/1"}],"replies":[{"embeddable":true,"href":"https:\/\/veritasinfo.org\/index.php?rest_route=%2Fwp%2Fv2%2Fcomments&post=847"}],"version-history":[{"count":1,"href":"https:\/\/veritasinfo.org\/index.php?rest_route=\/wp\/v2\/posts\/847\/revisions"}],"predecessor-version":[{"id":849,"href":"https:\/\/veritasinfo.org\/index.php?rest_route=\/wp\/v2\/posts\/847\/revisions\/849"}],"wp:featuredmedia":[{"embeddable":true,"href":"https:\/\/veritasinfo.org\/index.php?rest_route=\/wp\/v2\/media\/848"}],"wp:attachment":[{"href":"https:\/\/veritasinfo.org\/index.php?rest_route=%2Fwp%2Fv2%2Fmedia&parent=847"}],"wp:term":[{"taxonomy":"category","embeddable":true,"href":"https:\/\/veritasinfo.org\/index.php?rest_route=%2Fwp%2Fv2%2Fcategories&post=847"},{"taxonomy":"post_tag","embeddable":true,"href":"https:\/\/veritasinfo.org\/index.php?rest_route=%2Fwp%2Fv2%2Ftags&post=847"}],"curies":[{"name":"wp","href":"https:\/\/api.w.org\/{rel}","templated":true}]}}