{"id":8451,"date":"2025-08-17T18:31:11","date_gmt":"2025-08-17T16:31:11","guid":{"rendered":"https:\/\/veritasinfo.org\/?p=8451"},"modified":"2025-08-17T18:31:11","modified_gmt":"2025-08-17T16:31:11","slug":"arrestohet-ne-merdar-nje-i-dyshuar-per-krime-lufte-ne-kosove","status":"publish","type":"post","link":"https:\/\/veritasinfo.org\/?p=8451","title":{"rendered":"Arrestohet n\u00eb Merdar nj\u00eb i dyshuar p\u00ebr krime lufte n\u00eb Kosov\u00eb"},"content":{"rendered":"<p>Merdare, 17 Gusht 2025<\/p>\n<p>Prokuroria Speciale ka njoftuar se ka ndaluar pr\u00eb 48 or\u00eb nj\u00eb person n\u00ebn dyshimin p\u00ebr krime lufte n\u00eb Kosov\u00eb.<\/p>\n<div class=\"instream-video\">\n<div data-id=\"2kQm8Ze4251g\">\n<div class=\"orp-player-wrapper orp-aspectRateFixed orp-tiny-size orp-player-ipm orp-force-hide-player\"><\/div>\n<\/div>\n<\/div>\n<p>Policia e Kosov\u00ebs ka ndaluar n\u00eb pik\u00ebn kufitare n\u00eb Merdar t\u00eb dyshuarin S.S.<\/p>\n<p>Ai dyshohet se gjat\u00eb luft\u00ebs n\u00eb Kosov\u00eb, ka kryer krime lufte kund\u00ebr popull\u00ebsis\u00eb civile n\u00eb Komun\u00ebn e Vushtrris\u00eb.<\/p>\n<p>\u201cN\u00ebn dyshimet p\u00ebr krime lufte, Prokuroria Speciale e Kosov\u00ebs ka ndaluar p\u00ebr 48 or\u00eb personin me inicialet S.S. \u00a0Policia e Kosov\u00ebs, p\u00ebrkat\u00ebsisht hetuesit policor\u00eb nga Drejtoria p\u00ebr Hetimin e Krimeve t\u00eb \u00a0Luft\u00ebs, kan\u00eb arrestuar \u00a0S.S., n\u00eb pik\u00ebn kufitare t\u00eb Republik\u00ebs s\u00eb Kosov\u00ebs me Serbin\u00eb n\u00eb Merdar, dhe n\u00eb bashk\u00ebpunim me Prokurorin\u00eb Speciale jan\u00eb duke i nd\u00ebrmarr\u00eb t\u00eb gjitha veprimet e nevojshme hetimore, n\u00eb p\u00ebrputhje me Kodin e Procedur\u00ebs Penale. Ai dyshohet se gjat\u00eb luft\u00ebs s\u00eb fundit n\u00eb Kosov\u00eb, ka kryer vepr\u00ebn penale \u201cKrime lufte kund\u00ebr popullsis\u00eb civile\u201d n\u00eb Komun\u00ebn e Vushtrris\u00eb. Brenda afatit t\u00eb p\u00ebrcaktuar ligjor, ndaj S.S do t\u00eb parashtrohet k\u00ebrkes\u00eb p\u00ebr caktimin e mas\u00ebs s\u00eb paraburgimit n\u00eb Gjykat\u00ebn Themelore n\u00eb Prishtin\u00eb\u201d, thuhet n\u00eb njoftimin e p\u00ebrbashk\u00ebt t\u00eb Prokuroris\u00eb Speciale dhe Policis\u00eb s\u00eb Kosov\u00ebs.<\/p>\n<div id=\"__ads-300x250in-4\" class=\"__ads-300x250-inarticle\" data-google-query-id=\"CMuh6oWiko8DFQvsEQgdl_MmbQ\"><\/div>\n<p>&nbsp;<\/p>\n","protected":false},"excerpt":{"rendered":"<p>Merdare, 17 Gusht 2025 Prokuroria Speciale ka njoftuar se ka ndaluar pr\u00eb 48 or\u00eb nj\u00eb person n\u00ebn dyshimin p\u00ebr krime lufte n\u00eb Kosov\u00eb. Policia e<\/p>\n","protected":false},"author":1,"featured_media":8452,"comment_status":"open","ping_status":"open","sticky":false,"template":"","format":"standard","meta":{"footnotes":""},"categories":[60],"tags":[],"class_list":["post-8451","post","type-post","status-publish","format-standard","has-post-thumbnail","hentry","category-shoqerore-sq"],"yoast_head":"<!-- This site is optimized with the Yoast SEO plugin v25.3.1 - https:\/\/yoast.com\/wordpress\/plugins\/seo\/ -->\n<title>Arrestohet n\u00eb Merdar nj\u00eb i dyshuar p\u00ebr krime lufte n\u00eb Kosov\u00eb -<\/title>\n<meta name=\"robots\" content=\"index, follow, max-snippet:-1, max-image-preview:large, max-video-preview:-1\" \/>\n<link rel=\"canonical\" href=\"https:\/\/veritasinfo.org\/?p=8451\" \/>\n<meta property=\"og:locale\" content=\"en_US\" \/>\n<meta property=\"og:type\" content=\"article\" \/>\n<meta property=\"og:title\" content=\"Arrestohet n\u00eb Merdar nj\u00eb i dyshuar p\u00ebr krime lufte n\u00eb Kosov\u00eb -\" \/>\n<meta property=\"og:description\" content=\"Merdare, 17 Gusht 2025 Prokuroria Speciale ka njoftuar se ka ndaluar pr\u00eb 48 or\u00eb nj\u00eb person n\u00ebn dyshimin p\u00ebr krime lufte n\u00eb Kosov\u00eb. Policia e\" \/>\n<meta property=\"og:url\" content=\"https:\/\/veritasinfo.org\/?p=8451\" \/>\n<meta property=\"article:published_time\" content=\"2025-08-17T16:31:11+00:00\" \/>\n<meta property=\"og:image\" content=\"https:\/\/veritasinfo.org\/wp-content\/uploads\/2025\/08\/IMG_3243.webp\" \/>\n\t<meta property=\"og:image:width\" content=\"1360\" \/>\n\t<meta property=\"og:image:height\" content=\"870\" \/>\n\t<meta property=\"og:image:type\" content=\"image\/webp\" \/>\n<meta name=\"author\" content=\"admin\" \/>\n<meta name=\"twitter:card\" content=\"summary_large_image\" \/>\n<meta name=\"twitter:label1\" content=\"Written by\" \/>\n\t<meta name=\"twitter:data1\" content=\"admin\" \/>\n\t<meta name=\"twitter:label2\" content=\"Est. reading time\" \/>\n\t<meta name=\"twitter:data2\" content=\"1 minute\" \/>\n<script type=\"application\/ld+json\" class=\"yoast-schema-graph\">{\"@context\":\"https:\/\/schema.org\",\"@graph\":[{\"@type\":\"WebPage\",\"@id\":\"https:\/\/veritasinfo.org\/?p=8451\",\"url\":\"https:\/\/veritasinfo.org\/?p=8451\",\"name\":\"Arrestohet n\u00eb Merdar nj\u00eb i dyshuar p\u00ebr krime lufte n\u00eb Kosov\u00eb -\",\"isPartOf\":{\"@id\":\"https:\/\/veritasinfo.org\/#website\"},\"primaryImageOfPage\":{\"@id\":\"https:\/\/veritasinfo.org\/?p=8451#primaryimage\"},\"image\":{\"@id\":\"https:\/\/veritasinfo.org\/?p=8451#primaryimage\"},\"thumbnailUrl\":\"https:\/\/veritasinfo.org\/wp-content\/uploads\/2025\/08\/IMG_3243.webp\",\"datePublished\":\"2025-08-17T16:31:11+00:00\",\"author\":{\"@id\":\"https:\/\/veritasinfo.org\/#\/schema\/person\/7701f8c088bece422266b100a712374f\"},\"breadcrumb\":{\"@id\":\"https:\/\/veritasinfo.org\/?p=8451#breadcrumb\"},\"inLanguage\":\"en-US\",\"potentialAction\":[{\"@type\":\"ReadAction\",\"target\":[\"https:\/\/veritasinfo.org\/?p=8451\"]}]},{\"@type\":\"ImageObject\",\"inLanguage\":\"en-US\",\"@id\":\"https:\/\/veritasinfo.org\/?p=8451#primaryimage\",\"url\":\"https:\/\/veritasinfo.org\/wp-content\/uploads\/2025\/08\/IMG_3243.webp\",\"contentUrl\":\"https:\/\/veritasinfo.org\/wp-content\/uploads\/2025\/08\/IMG_3243.webp\",\"width\":1360,\"height\":870},{\"@type\":\"BreadcrumbList\",\"@id\":\"https:\/\/veritasinfo.org\/?p=8451#breadcrumb\",\"itemListElement\":[{\"@type\":\"ListItem\",\"position\":1,\"name\":\"Home\",\"item\":\"https:\/\/veritasinfo.org\/\"},{\"@type\":\"ListItem\",\"position\":2,\"name\":\"Arrestohet n\u00eb Merdar nj\u00eb i dyshuar p\u00ebr krime lufte n\u00eb Kosov\u00eb\"}]},{\"@type\":\"WebSite\",\"@id\":\"https:\/\/veritasinfo.org\/#website\",\"url\":\"https:\/\/veritasinfo.org\/\",\"name\":\"\",\"description\":\"\",\"potentialAction\":[{\"@type\":\"SearchAction\",\"target\":{\"@type\":\"EntryPoint\",\"urlTemplate\":\"https:\/\/veritasinfo.org\/?s={search_term_string}\"},\"query-input\":{\"@type\":\"PropertyValueSpecification\",\"valueRequired\":true,\"valueName\":\"search_term_string\"}}],\"inLanguage\":\"en-US\"},{\"@type\":\"Person\",\"@id\":\"https:\/\/veritasinfo.org\/#\/schema\/person\/7701f8c088bece422266b100a712374f\",\"name\":\"admin\",\"image\":{\"@type\":\"ImageObject\",\"inLanguage\":\"en-US\",\"@id\":\"https:\/\/veritasinfo.org\/#\/schema\/person\/image\/\",\"url\":\"https:\/\/secure.gravatar.com\/avatar\/ea53aa3bf6c9a12d5fde8ce4deff43fef3885ae33cf60184161a50d6987cfd2f?s=96&d=mm&r=g\",\"contentUrl\":\"https:\/\/secure.gravatar.com\/avatar\/ea53aa3bf6c9a12d5fde8ce4deff43fef3885ae33cf60184161a50d6987cfd2f?s=96&d=mm&r=g\",\"caption\":\"admin\"},\"sameAs\":[\"https:\/\/veritasinfo.org\"],\"url\":\"https:\/\/veritasinfo.org\/?author=1\"}]}<\/script>\n<!-- \/ Yoast SEO plugin. -->","yoast_head_json":{"title":"Arrestohet n\u00eb Merdar nj\u00eb i dyshuar p\u00ebr krime lufte n\u00eb Kosov\u00eb -","robots":{"index":"index","follow":"follow","max-snippet":"max-snippet:-1","max-image-preview":"max-image-preview:large","max-video-preview":"max-video-preview:-1"},"canonical":"https:\/\/veritasinfo.org\/?p=8451","og_locale":"en_US","og_type":"article","og_title":"Arrestohet n\u00eb Merdar nj\u00eb i dyshuar p\u00ebr krime lufte n\u00eb Kosov\u00eb -","og_description":"Merdare, 17 Gusht 2025 Prokuroria Speciale ka njoftuar se ka ndaluar pr\u00eb 48 or\u00eb nj\u00eb person n\u00ebn dyshimin p\u00ebr krime lufte n\u00eb Kosov\u00eb. Policia e","og_url":"https:\/\/veritasinfo.org\/?p=8451","article_published_time":"2025-08-17T16:31:11+00:00","og_image":[{"width":1360,"height":870,"url":"https:\/\/veritasinfo.org\/wp-content\/uploads\/2025\/08\/IMG_3243.webp","type":"image\/webp"}],"author":"admin","twitter_card":"summary_large_image","twitter_misc":{"Written by":"admin","Est. reading time":"1 minute"},"schema":{"@context":"https:\/\/schema.org","@graph":[{"@type":"WebPage","@id":"https:\/\/veritasinfo.org\/?p=8451","url":"https:\/\/veritasinfo.org\/?p=8451","name":"Arrestohet n\u00eb Merdar nj\u00eb i dyshuar p\u00ebr krime lufte n\u00eb Kosov\u00eb -","isPartOf":{"@id":"https:\/\/veritasinfo.org\/#website"},"primaryImageOfPage":{"@id":"https:\/\/veritasinfo.org\/?p=8451#primaryimage"},"image":{"@id":"https:\/\/veritasinfo.org\/?p=8451#primaryimage"},"thumbnailUrl":"https:\/\/veritasinfo.org\/wp-content\/uploads\/2025\/08\/IMG_3243.webp","datePublished":"2025-08-17T16:31:11+00:00","author":{"@id":"https:\/\/veritasinfo.org\/#\/schema\/person\/7701f8c088bece422266b100a712374f"},"breadcrumb":{"@id":"https:\/\/veritasinfo.org\/?p=8451#breadcrumb"},"inLanguage":"en-US","potentialAction":[{"@type":"ReadAction","target":["https:\/\/veritasinfo.org\/?p=8451"]}]},{"@type":"ImageObject","inLanguage":"en-US","@id":"https:\/\/veritasinfo.org\/?p=8451#primaryimage","url":"https:\/\/veritasinfo.org\/wp-content\/uploads\/2025\/08\/IMG_3243.webp","contentUrl":"https:\/\/veritasinfo.org\/wp-content\/uploads\/2025\/08\/IMG_3243.webp","width":1360,"height":870},{"@type":"BreadcrumbList","@id":"https:\/\/veritasinfo.org\/?p=8451#breadcrumb","itemListElement":[{"@type":"ListItem","position":1,"name":"Home","item":"https:\/\/veritasinfo.org\/"},{"@type":"ListItem","position":2,"name":"Arrestohet n\u00eb Merdar nj\u00eb i dyshuar p\u00ebr krime lufte n\u00eb Kosov\u00eb"}]},{"@type":"WebSite","@id":"https:\/\/veritasinfo.org\/#website","url":"https:\/\/veritasinfo.org\/","name":"","description":"","potentialAction":[{"@type":"SearchAction","target":{"@type":"EntryPoint","urlTemplate":"https:\/\/veritasinfo.org\/?s={search_term_string}"},"query-input":{"@type":"PropertyValueSpecification","valueRequired":true,"valueName":"search_term_string"}}],"inLanguage":"en-US"},{"@type":"Person","@id":"https:\/\/veritasinfo.org\/#\/schema\/person\/7701f8c088bece422266b100a712374f","name":"admin","image":{"@type":"ImageObject","inLanguage":"en-US","@id":"https:\/\/veritasinfo.org\/#\/schema\/person\/image\/","url":"https:\/\/secure.gravatar.com\/avatar\/ea53aa3bf6c9a12d5fde8ce4deff43fef3885ae33cf60184161a50d6987cfd2f?s=96&d=mm&r=g","contentUrl":"https:\/\/secure.gravatar.com\/avatar\/ea53aa3bf6c9a12d5fde8ce4deff43fef3885ae33cf60184161a50d6987cfd2f?s=96&d=mm&r=g","caption":"admin"},"sameAs":["https:\/\/veritasinfo.org"],"url":"https:\/\/veritasinfo.org\/?author=1"}]}},"featured_image_urls":{"full":["https:\/\/veritasinfo.org\/wp-content\/uploads\/2025\/08\/IMG_3243.webp",1360,870,false],"thumbnail":["https:\/\/veritasinfo.org\/wp-content\/uploads\/2025\/08\/IMG_3243-150x150.webp",150,150,true],"medium":["https:\/\/veritasinfo.org\/wp-content\/uploads\/2025\/08\/IMG_3243-300x192.webp",300,192,true],"medium_large":["https:\/\/veritasinfo.org\/wp-content\/uploads\/2025\/08\/IMG_3243-768x491.webp",640,409,true],"large":["https:\/\/veritasinfo.org\/wp-content\/uploads\/2025\/08\/IMG_3243-1024x655.webp",640,409,true],"1536x1536":["https:\/\/veritasinfo.org\/wp-content\/uploads\/2025\/08\/IMG_3243.webp",1360,870,false],"2048x2048":["https:\/\/veritasinfo.org\/wp-content\/uploads\/2025\/08\/IMG_3243.webp",1360,870,false],"kreeti-slider-full":["https:\/\/veritasinfo.org\/wp-content\/uploads\/2025\/08\/IMG_3243.webp",1126,720,false],"kreeti-featured":["https:\/\/veritasinfo.org\/wp-content\/uploads\/2025\/08\/IMG_3243.webp",1024,655,false],"kreeti-medium":["https:\/\/veritasinfo.org\/wp-content\/uploads\/2025\/08\/IMG_3243.webp",720,461,false],"kreeti-medium-square":["https:\/\/veritasinfo.org\/wp-content\/uploads\/2025\/08\/IMG_3243.webp",350,224,false]},"author_info":{"info":["admin"]},"category_info":"<a href=\"https:\/\/veritasinfo.org\/?cat=60\" rel=\"category\">Shoq\u00ebrore<\/a>","tag_info":"Shoq\u00ebrore","comment_count":"0","_links":{"self":[{"href":"https:\/\/veritasinfo.org\/index.php?rest_route=\/wp\/v2\/posts\/8451","targetHints":{"allow":["GET"]}}],"collection":[{"href":"https:\/\/veritasinfo.org\/index.php?rest_route=\/wp\/v2\/posts"}],"about":[{"href":"https:\/\/veritasinfo.org\/index.php?rest_route=\/wp\/v2\/types\/post"}],"author":[{"embeddable":true,"href":"https:\/\/veritasinfo.org\/index.php?rest_route=\/wp\/v2\/users\/1"}],"replies":[{"embeddable":true,"href":"https:\/\/veritasinfo.org\/index.php?rest_route=%2Fwp%2Fv2%2Fcomments&post=8451"}],"version-history":[{"count":1,"href":"https:\/\/veritasinfo.org\/index.php?rest_route=\/wp\/v2\/posts\/8451\/revisions"}],"predecessor-version":[{"id":8453,"href":"https:\/\/veritasinfo.org\/index.php?rest_route=\/wp\/v2\/posts\/8451\/revisions\/8453"}],"wp:featuredmedia":[{"embeddable":true,"href":"https:\/\/veritasinfo.org\/index.php?rest_route=\/wp\/v2\/media\/8452"}],"wp:attachment":[{"href":"https:\/\/veritasinfo.org\/index.php?rest_route=%2Fwp%2Fv2%2Fmedia&parent=8451"}],"wp:term":[{"taxonomy":"category","embeddable":true,"href":"https:\/\/veritasinfo.org\/index.php?rest_route=%2Fwp%2Fv2%2Fcategories&post=8451"},{"taxonomy":"post_tag","embeddable":true,"href":"https:\/\/veritasinfo.org\/index.php?rest_route=%2Fwp%2Fv2%2Ftags&post=8451"}],"curies":[{"name":"wp","href":"https:\/\/api.w.org\/{rel}","templated":true}]}}