{"id":8441,"date":"2025-08-17T16:39:57","date_gmt":"2025-08-17T14:39:57","guid":{"rendered":"https:\/\/veritasinfo.org\/?p=8441"},"modified":"2025-08-17T21:55:48","modified_gmt":"2025-08-17T19:55:48","slug":"qytetaret-per-shperthimin-ne-objektin-e-kandidatit-te-listes-serbe-pjese-e-folklorit-te-tyre-kane-konflikte-mes-vete-per-para-sna-vjen-keq","status":"publish","type":"post","link":"https:\/\/veritasinfo.org\/?p=8441","title":{"rendered":"Qytetar\u00ebt p\u00ebr shp\u00ebrthimin n\u00eb objektin e kandidatit t\u00eb List\u00ebs Serbe:  \u201cPjes\u00eb e folklorit t\u00eb tyre, kan\u00eb konflikte mes vete p\u00ebr para, s\u2019na vjen keq\u201d"},"content":{"rendered":"<p><strong>Zubin Potok, 17 Gusht 2025 <\/strong><\/p>\n<p>Millosh Peroviqi (i njohur me nofk\u00ebn Kobila) u nominua nga Lista Serbe p\u00ebr kryetar t\u00eb Komun\u00ebs s\u00eb Zubin Potokut. Mbr\u00ebm\u00eb, nj\u00eb zjarr shp\u00ebrtheu n\u00eb nd\u00ebrtes\u00ebn tregtare dhe banesore ku ai jeton, p\u00ebr t\u00eb cil\u00ebn dyshohet me arsye se ka qen\u00eb zjarrv\u00ebnie e q\u00ebllimshme.<\/p>\n<p>Objekti i p\u00ebrmendur ndodhet n\u00eb fshatin Uglar\u00eb n\u00eb komun\u00ebn e Zubin Potokut, menj\u00ebher\u00eb pran\u00eb rrug\u00ebs kryesore.<\/p>\n<p>Millosh Peroviqi (Mare) ka qen\u00eb n\u00eb pozicione udh\u00ebheq\u00ebse n\u00eb territorin e Kosov\u00ebs q\u00eb kur Lista Serbe erdhi n\u00eb pushtet n\u00eb vitin 2012. P\u00ebrgjat\u00eb viteve n\u00eb k\u00ebto zona, ai ka qen\u00eb n\u00eb pozicione drejtuese.<\/p>\n<p>P\u00ebrfaq\u00ebsuesit e List\u00ebs Serbe e d\u00ebnuan k\u00ebt\u00eb sulm, duke e quajtur at\u00eb nj\u00eb &#8220;sulm politik&#8221; dhe njoftuan se do t\u00eb vizitojn\u00eb vendin dhe do t\u00eb mb\u00ebshtesin kandidatin e tyre. \u00cbsht\u00eb interesante se ata pretendojn\u00eb se nuk kan\u00eb besim n\u00eb Policin\u00eb e Kosov\u00ebs dhe k\u00ebrkojn\u00eb nj\u00eb hetim t\u00eb pavarur nga EULEX-i.<\/p>\n<p>N\u00eb an\u00ebn tjet\u00ebr, vet Peroviqi e lavd\u00ebron Milan Radoji\u00e7iqin n\u00eb rrjetet sociale dhe shpreh admirimin e tij p\u00ebr karakterin dhe pun\u00ebn e tij. Ai shpesh publikon foto t\u00eb p\u00ebrbashk\u00ebta ku e paraqet Radoji\u00e7iqin si hero, duke e quajtur at\u00eb &#8220;komandant suprem dhe patriot&#8221;.<\/p>\n<p>Ekipi i portalit \u201cVeritasinfo.org, p\u00ebr ta diskutuar k\u00ebt\u00eb tem\u00eb m\u00eb holl\u00ebsisht, bisedoi me disa qytetar\u00eb t\u00eb Zubin Potokut q\u00eb jan\u00eb t\u00eb njohur me ngjarjet n\u00eb k\u00ebt\u00eb zon\u00eb. Ata kishin frik\u00eb t\u2019u publikohej emri dhe k\u00ebrkuan anonimitet, por nuk hezitonin t\u00eb japin mendimet e tyre.<\/p>\n<p>Bashk\u00ebbiseduesi i par\u00eb q\u00eb kontaktuam p\u00ebr k\u00ebt\u00eb tem\u00eb na paraqiti nj\u00eb teori interesante q\u00eb mund t\u00eb lidhet me ngjarjen e pak\u00ebndshme t\u00eb mbr\u00ebmshme: &#8220;Epo, a e dini se ata duket se jan\u00eb grindur me nj\u00ebri-tjetrin. Sapo pash\u00eb q\u00eb Peroviq \u00ebshta kandidat p\u00ebr kryetar komune, e dija q\u00eb di\u00e7ka nuk shkonte mir\u00eb. Vuloviq-\u00ebt kan\u00eb qeverisur k\u00ebtu p\u00ebr vite me radh\u00eb dhe tani papritmas nuk jan\u00eb askund. P\u00ebrkundrazi, t\u00eb gjith\u00eb n\u00eb Zubin Potok e din\u00eb q\u00eb Stevan Vuloviq (ai \u00ebsht\u00eb v\u00ebllai i Srdjan Vuloviqit, pronarit t\u00eb \u201cKolashin Transport\u201d dhe ish-kryetar komune me dy mandate n\u00eb Zubin Potok) \u00ebsht\u00eb nj\u00eb kund\u00ebrshtar i Peroviqit-it n\u00eb zgjedhjet e ardhshme. N\u00eb nj\u00eb far\u00eb m\u00ebnyre, nuk mund ta lidh se si e lan\u00eb t\u00eb shkonte ashtu thjesht\u00eb \u00a0dhe duke e nxjerr\u00eb nga loja njeriun q\u00eb e krijuan vet\u00eb \u00a0ata e krijuana. Apo edhe ndoshta ka t\u00eb b\u00ebj\u00eb me at\u00eb shtypshkronj\u00eb q\u00eb ai mbante. Ndoshta aty shkat\u00ebrruan ndonj\u00eb prov\u00eb. Asgj\u00eb nga ata njer\u00ebz nuk do t\u00eb m\u00eb habiste\u201d, tha ky qytetar.<\/p>\n<p>Bashk\u00ebbiseduesi tjet\u00ebr gjithashtu nuk \u00ebsht\u00eb i befasuar nga ngjarjet e mbr\u00ebmshme. &#8220;\u00cbsht\u00eb e gjitha pjes\u00eb e folklorit t\u00eb tyre. N\u00eb vend q\u00eb t\u00eb merren me njer\u00ebzit, ata debatojn\u00eb p\u00ebr pla\u00e7k\u00ebn, m\u00eb sakt\u00eb p\u00ebr \u00e7iftin q\u00eb do t\u00eb ket\u00eb m\u00eb shum\u00eb mund\u00ebsi p\u00ebr t\u00eb vjedhur. Nuk m\u00eb vjen keq p\u00ebr ask\u00ebnd q\u00eb kapet n\u00eb nj\u00eb rreth me ta (i referohet List\u00ebs Serbe) p\u00ebr t\u00eb lejuar dinarin t\u00eb hyj\u00eb, por pastaj nuk mund t\u00eb dal\u00eb ashtu. Ai vet\u00eb u kap n\u00eb &#8220;rreth&#8221; me ta, k\u00ebshtu q\u00eb nuk m\u00eb intereson shum\u00eb se \u00e7far\u00eb i ndodhi. E p\u00ebrs\u00ebris edhe nj\u00eb her\u00eb se nuk m\u00eb vjen aspak keq p\u00ebr t\u00eb.<\/p>\n<p>Bashk\u00ebbiseduesi tjet\u00ebr i cili jeton pran\u00eb nd\u00ebrtes\u00ebs ku shp\u00ebrtheu zjarri mbr\u00ebm\u00eb, i tha portalit Veritasinfo.org\u201d, se njihet me Petroviqin dhe se q\u00eb kur ai hyri n\u00eb politik\u00eb ka ndryshuar plot\u00ebsisht. &#8220;Sigurisht q\u00eb ne e njohim nj\u00ebri-tjetrin. Kemi qen\u00eb fqinj\u00eb prej vitesh. Ai vjen nga nj\u00eb familje e mir\u00eb, por q\u00eb kur filloi t\u00eb merret me politik\u00eb, \u00ebsht\u00eb nj\u00eb person tjet\u00ebr. Ai nuk shkel n\u00eb tok\u00eb. M\u00eb besoni, rrall\u00eb e shoh koh\u00ebt e fundit. T\u00eb them t\u00eb drejt\u00ebn, m\u00eb vjen keq p\u00ebr t\u00eb. A e dini se gjat\u00eb zgjedhjeve t\u00eb fundit m\u00eb 9 shkurt, motra e tij mbeti n\u00eb burg. Ajo punon n\u00eb sh\u00ebrbimet sociale k\u00ebtu n\u00eb Z. Potok dhe para zgjedhjeve, ndoshta me urdh\u00ebr t\u00eb tij, ajo telefonoi nga zyra dhe k\u00ebrc\u00ebnoi rastet sociale se do t\u00eb humbnin t\u00eb ardhurat e tyre n\u00ebse nuk votonin p\u00ebr List\u00ebn Serbe. Dikush u m\u00ebrzit dhe e denoncoi n\u00eb polici. T\u00eb gjith\u00eb k\u00ebtu e din\u00eb k\u00ebt\u00eb, dhe ajo dhe dy ose tre koleg\u00eb t\u00eb saj ishin n\u00eb burg p\u00ebr k\u00ebt\u00eb\u201d.<\/p>\n<p>T\u00eb gjith\u00eb bashk\u00ebbiseduesit q\u00eb pranuan t\u00eb flisnin me ne p\u00ebr k\u00ebt\u00eb tem\u00eb k\u00ebrkuan t\u00eb mbeteshin anonim\u00eb, duke pretenduar se \u00ebsht\u00eb nj\u00eb koh\u00eb e till\u00eb dhe se jan\u00eb t\u00eb vet\u00ebdijsh\u00ebm se mund t\u00eb mbajn\u00eb pasojat n\u00ebse kjo shqet\u00ebson dik\u00eb.<\/p>\n<p>&#8220;Veritasinfo&#8221; gjithashtu u mundua t\u00eb kontaktoj me Millosh Peroviqin p\u00ebr nj\u00eb koment (me telefon dhe n\u00ebp\u00ebrmjet rrjeteve sociale), por ai nuk iu p\u00ebrgjigj thirrjeve tona. U takon autoriteteve kompetente t\u00eb kryejn\u00eb nj\u00eb hetim dhe t&#8217;i sjellin autor\u00ebt dhe klient\u00ebt para drejt\u00ebsis\u00eb. Zgjidhja e k\u00ebtij rasti \u00ebsht\u00eb shum\u00eb e r\u00ebnd\u00ebsishme n\u00eb m\u00ebnyr\u00eb q\u00eb qytetar\u00ebt t\u00eb mos mbeten t\u00eb frik\u00ebsuar nga skenar\u00eb t\u00eb ngjash\u00ebm n\u00eb periudh\u00ebn para zgjedhjeve lokale n\u00eb Kosov\u00eb, t\u00eb cilat jan\u00eb planifikuar p\u00ebr 12 tetor.<\/p>\n","protected":false},"excerpt":{"rendered":"<p>Zubin Potok, 17 Gusht 2025 Millosh Peroviqi (i njohur me nofk\u00ebn Kobila) u nominua nga Lista Serbe p\u00ebr kryetar t\u00eb Komun\u00ebs s\u00eb Zubin Potokut. Mbr\u00ebm\u00eb,<\/p>\n","protected":false},"author":2,"featured_media":8446,"comment_status":"open","ping_status":"open","sticky":false,"template":"","format":"standard","meta":{"footnotes":""},"categories":[58],"tags":[],"class_list":["post-8441","post","type-post","status-publish","format-standard","has-post-thumbnail","hentry","category-politike-sq"],"yoast_head":"<!-- This site is optimized with the Yoast SEO plugin v25.3.1 - https:\/\/yoast.com\/wordpress\/plugins\/seo\/ -->\n<title>Qytetar\u00ebt p\u00ebr shp\u00ebrthimin n\u00eb objektin e kandidatit t\u00eb List\u00ebs Serbe: \u201cPjes\u00eb e folklorit t\u00eb tyre, kan\u00eb konflikte mes vete p\u00ebr para, s\u2019na vjen keq\u201d -<\/title>\n<meta name=\"robots\" content=\"index, follow, max-snippet:-1, max-image-preview:large, max-video-preview:-1\" \/>\n<link rel=\"canonical\" href=\"https:\/\/veritasinfo.org\/?p=8441\" \/>\n<meta property=\"og:locale\" content=\"en_US\" \/>\n<meta property=\"og:type\" content=\"article\" \/>\n<meta property=\"og:title\" content=\"Qytetar\u00ebt p\u00ebr shp\u00ebrthimin n\u00eb objektin e kandidatit t\u00eb List\u00ebs Serbe: \u201cPjes\u00eb e folklorit t\u00eb tyre, kan\u00eb konflikte mes vete p\u00ebr para, s\u2019na vjen keq\u201d -\" \/>\n<meta property=\"og:description\" content=\"Zubin Potok, 17 Gusht 2025 Millosh Peroviqi (i njohur me nofk\u00ebn Kobila) u nominua nga Lista Serbe p\u00ebr kryetar t\u00eb Komun\u00ebs s\u00eb Zubin Potokut. Mbr\u00ebm\u00eb,\" \/>\n<meta property=\"og:url\" content=\"https:\/\/veritasinfo.org\/?p=8441\" \/>\n<meta property=\"article:published_time\" content=\"2025-08-17T14:39:57+00:00\" \/>\n<meta property=\"article:modified_time\" content=\"2025-08-17T19:55:48+00:00\" \/>\n<meta property=\"og:image\" content=\"https:\/\/veritasinfo.org\/wp-content\/uploads\/2025\/08\/Veritas-22.jpg\" \/>\n\t<meta property=\"og:image:width\" content=\"1599\" \/>\n\t<meta property=\"og:image:height\" content=\"1200\" \/>\n\t<meta property=\"og:image:type\" content=\"image\/jpeg\" \/>\n<meta name=\"author\" content=\"US1\" \/>\n<meta name=\"twitter:card\" content=\"summary_large_image\" \/>\n<meta name=\"twitter:label1\" content=\"Written by\" \/>\n\t<meta name=\"twitter:data1\" content=\"US1\" \/>\n\t<meta name=\"twitter:label2\" content=\"Est. reading time\" \/>\n\t<meta name=\"twitter:data2\" content=\"4 minutes\" \/>\n<script type=\"application\/ld+json\" class=\"yoast-schema-graph\">{\"@context\":\"https:\/\/schema.org\",\"@graph\":[{\"@type\":\"WebPage\",\"@id\":\"https:\/\/veritasinfo.org\/?p=8441\",\"url\":\"https:\/\/veritasinfo.org\/?p=8441\",\"name\":\"Qytetar\u00ebt p\u00ebr shp\u00ebrthimin n\u00eb objektin e kandidatit t\u00eb List\u00ebs Serbe: \u201cPjes\u00eb e folklorit t\u00eb tyre, kan\u00eb konflikte mes vete p\u00ebr para, s\u2019na vjen keq\u201d -\",\"isPartOf\":{\"@id\":\"https:\/\/veritasinfo.org\/#website\"},\"primaryImageOfPage\":{\"@id\":\"https:\/\/veritasinfo.org\/?p=8441#primaryimage\"},\"image\":{\"@id\":\"https:\/\/veritasinfo.org\/?p=8441#primaryimage\"},\"thumbnailUrl\":\"https:\/\/veritasinfo.org\/wp-content\/uploads\/2025\/08\/Veritas-22.jpg\",\"datePublished\":\"2025-08-17T14:39:57+00:00\",\"dateModified\":\"2025-08-17T19:55:48+00:00\",\"author\":{\"@id\":\"https:\/\/veritasinfo.org\/#\/schema\/person\/c2b8be262ea994d0995addca692c5e98\"},\"breadcrumb\":{\"@id\":\"https:\/\/veritasinfo.org\/?p=8441#breadcrumb\"},\"inLanguage\":\"en-US\",\"potentialAction\":[{\"@type\":\"ReadAction\",\"target\":[\"https:\/\/veritasinfo.org\/?p=8441\"]}]},{\"@type\":\"ImageObject\",\"inLanguage\":\"en-US\",\"@id\":\"https:\/\/veritasinfo.org\/?p=8441#primaryimage\",\"url\":\"https:\/\/veritasinfo.org\/wp-content\/uploads\/2025\/08\/Veritas-22.jpg\",\"contentUrl\":\"https:\/\/veritasinfo.org\/wp-content\/uploads\/2025\/08\/Veritas-22.jpg\",\"width\":1599,\"height\":1200},{\"@type\":\"BreadcrumbList\",\"@id\":\"https:\/\/veritasinfo.org\/?p=8441#breadcrumb\",\"itemListElement\":[{\"@type\":\"ListItem\",\"position\":1,\"name\":\"Home\",\"item\":\"https:\/\/veritasinfo.org\/\"},{\"@type\":\"ListItem\",\"position\":2,\"name\":\"Qytetar\u00ebt p\u00ebr shp\u00ebrthimin n\u00eb objektin e kandidatit t\u00eb List\u00ebs Serbe: \u201cPjes\u00eb e folklorit t\u00eb tyre, kan\u00eb konflikte mes vete p\u00ebr para, s\u2019na vjen keq\u201d\"}]},{\"@type\":\"WebSite\",\"@id\":\"https:\/\/veritasinfo.org\/#website\",\"url\":\"https:\/\/veritasinfo.org\/\",\"name\":\"\",\"description\":\"\",\"potentialAction\":[{\"@type\":\"SearchAction\",\"target\":{\"@type\":\"EntryPoint\",\"urlTemplate\":\"https:\/\/veritasinfo.org\/?s={search_term_string}\"},\"query-input\":{\"@type\":\"PropertyValueSpecification\",\"valueRequired\":true,\"valueName\":\"search_term_string\"}}],\"inLanguage\":\"en-US\"},{\"@type\":\"Person\",\"@id\":\"https:\/\/veritasinfo.org\/#\/schema\/person\/c2b8be262ea994d0995addca692c5e98\",\"name\":\"US1\",\"image\":{\"@type\":\"ImageObject\",\"inLanguage\":\"en-US\",\"@id\":\"https:\/\/veritasinfo.org\/#\/schema\/person\/image\/\",\"url\":\"https:\/\/secure.gravatar.com\/avatar\/4e96a59bd256abf9956eb9963ac891a47461ffb364d47b0e9aab113328fdb75b?s=96&d=mm&r=g\",\"contentUrl\":\"https:\/\/secure.gravatar.com\/avatar\/4e96a59bd256abf9956eb9963ac891a47461ffb364d47b0e9aab113328fdb75b?s=96&d=mm&r=g\",\"caption\":\"US1\"},\"url\":\"https:\/\/veritasinfo.org\/?author=2\"}]}<\/script>\n<!-- \/ Yoast SEO plugin. -->","yoast_head_json":{"title":"Qytetar\u00ebt p\u00ebr shp\u00ebrthimin n\u00eb objektin e kandidatit t\u00eb List\u00ebs Serbe: \u201cPjes\u00eb e folklorit t\u00eb tyre, kan\u00eb konflikte mes vete p\u00ebr para, s\u2019na vjen keq\u201d -","robots":{"index":"index","follow":"follow","max-snippet":"max-snippet:-1","max-image-preview":"max-image-preview:large","max-video-preview":"max-video-preview:-1"},"canonical":"https:\/\/veritasinfo.org\/?p=8441","og_locale":"en_US","og_type":"article","og_title":"Qytetar\u00ebt p\u00ebr shp\u00ebrthimin n\u00eb objektin e kandidatit t\u00eb List\u00ebs Serbe: \u201cPjes\u00eb e folklorit t\u00eb tyre, kan\u00eb konflikte mes vete p\u00ebr para, s\u2019na vjen keq\u201d -","og_description":"Zubin Potok, 17 Gusht 2025 Millosh Peroviqi (i njohur me nofk\u00ebn Kobila) u nominua nga Lista Serbe p\u00ebr kryetar t\u00eb Komun\u00ebs s\u00eb Zubin Potokut. Mbr\u00ebm\u00eb,","og_url":"https:\/\/veritasinfo.org\/?p=8441","article_published_time":"2025-08-17T14:39:57+00:00","article_modified_time":"2025-08-17T19:55:48+00:00","og_image":[{"width":1599,"height":1200,"url":"https:\/\/veritasinfo.org\/wp-content\/uploads\/2025\/08\/Veritas-22.jpg","type":"image\/jpeg"}],"author":"US1","twitter_card":"summary_large_image","twitter_misc":{"Written by":"US1","Est. reading time":"4 minutes"},"schema":{"@context":"https:\/\/schema.org","@graph":[{"@type":"WebPage","@id":"https:\/\/veritasinfo.org\/?p=8441","url":"https:\/\/veritasinfo.org\/?p=8441","name":"Qytetar\u00ebt p\u00ebr shp\u00ebrthimin n\u00eb objektin e kandidatit t\u00eb List\u00ebs Serbe: \u201cPjes\u00eb e folklorit t\u00eb tyre, kan\u00eb konflikte mes vete p\u00ebr para, s\u2019na vjen keq\u201d -","isPartOf":{"@id":"https:\/\/veritasinfo.org\/#website"},"primaryImageOfPage":{"@id":"https:\/\/veritasinfo.org\/?p=8441#primaryimage"},"image":{"@id":"https:\/\/veritasinfo.org\/?p=8441#primaryimage"},"thumbnailUrl":"https:\/\/veritasinfo.org\/wp-content\/uploads\/2025\/08\/Veritas-22.jpg","datePublished":"2025-08-17T14:39:57+00:00","dateModified":"2025-08-17T19:55:48+00:00","author":{"@id":"https:\/\/veritasinfo.org\/#\/schema\/person\/c2b8be262ea994d0995addca692c5e98"},"breadcrumb":{"@id":"https:\/\/veritasinfo.org\/?p=8441#breadcrumb"},"inLanguage":"en-US","potentialAction":[{"@type":"ReadAction","target":["https:\/\/veritasinfo.org\/?p=8441"]}]},{"@type":"ImageObject","inLanguage":"en-US","@id":"https:\/\/veritasinfo.org\/?p=8441#primaryimage","url":"https:\/\/veritasinfo.org\/wp-content\/uploads\/2025\/08\/Veritas-22.jpg","contentUrl":"https:\/\/veritasinfo.org\/wp-content\/uploads\/2025\/08\/Veritas-22.jpg","width":1599,"height":1200},{"@type":"BreadcrumbList","@id":"https:\/\/veritasinfo.org\/?p=8441#breadcrumb","itemListElement":[{"@type":"ListItem","position":1,"name":"Home","item":"https:\/\/veritasinfo.org\/"},{"@type":"ListItem","position":2,"name":"Qytetar\u00ebt p\u00ebr shp\u00ebrthimin n\u00eb objektin e kandidatit t\u00eb List\u00ebs Serbe: \u201cPjes\u00eb e folklorit t\u00eb tyre, kan\u00eb konflikte mes vete p\u00ebr para, s\u2019na vjen keq\u201d"}]},{"@type":"WebSite","@id":"https:\/\/veritasinfo.org\/#website","url":"https:\/\/veritasinfo.org\/","name":"","description":"","potentialAction":[{"@type":"SearchAction","target":{"@type":"EntryPoint","urlTemplate":"https:\/\/veritasinfo.org\/?s={search_term_string}"},"query-input":{"@type":"PropertyValueSpecification","valueRequired":true,"valueName":"search_term_string"}}],"inLanguage":"en-US"},{"@type":"Person","@id":"https:\/\/veritasinfo.org\/#\/schema\/person\/c2b8be262ea994d0995addca692c5e98","name":"US1","image":{"@type":"ImageObject","inLanguage":"en-US","@id":"https:\/\/veritasinfo.org\/#\/schema\/person\/image\/","url":"https:\/\/secure.gravatar.com\/avatar\/4e96a59bd256abf9956eb9963ac891a47461ffb364d47b0e9aab113328fdb75b?s=96&d=mm&r=g","contentUrl":"https:\/\/secure.gravatar.com\/avatar\/4e96a59bd256abf9956eb9963ac891a47461ffb364d47b0e9aab113328fdb75b?s=96&d=mm&r=g","caption":"US1"},"url":"https:\/\/veritasinfo.org\/?author=2"}]}},"featured_image_urls":{"full":["https:\/\/veritasinfo.org\/wp-content\/uploads\/2025\/08\/Veritas-22.jpg",1599,1200,false],"thumbnail":["https:\/\/veritasinfo.org\/wp-content\/uploads\/2025\/08\/Veritas-22-150x150.jpg",150,150,true],"medium":["https:\/\/veritasinfo.org\/wp-content\/uploads\/2025\/08\/Veritas-22-300x225.jpg",300,225,true],"medium_large":["https:\/\/veritasinfo.org\/wp-content\/uploads\/2025\/08\/Veritas-22-768x576.jpg",640,480,true],"large":["https:\/\/veritasinfo.org\/wp-content\/uploads\/2025\/08\/Veritas-22-1024x768.jpg",640,480,true],"1536x1536":["https:\/\/veritasinfo.org\/wp-content\/uploads\/2025\/08\/Veritas-22-1536x1153.jpg",1536,1153,true],"2048x2048":["https:\/\/veritasinfo.org\/wp-content\/uploads\/2025\/08\/Veritas-22.jpg",1599,1200,false],"kreeti-slider-full":["https:\/\/veritasinfo.org\/wp-content\/uploads\/2025\/08\/Veritas-22.jpg",959,720,false],"kreeti-featured":["https:\/\/veritasinfo.org\/wp-content\/uploads\/2025\/08\/Veritas-22.jpg",1024,768,false],"kreeti-medium":["https:\/\/veritasinfo.org\/wp-content\/uploads\/2025\/08\/Veritas-22.jpg",706,530,false],"kreeti-medium-square":["https:\/\/veritasinfo.org\/wp-content\/uploads\/2025\/08\/Veritas-22.jpg",350,263,false]},"author_info":{"info":["US1"]},"category_info":"<a href=\"https:\/\/veritasinfo.org\/?cat=58\" rel=\"category\">Politik\u00eb<\/a>","tag_info":"Politik\u00eb","comment_count":"0","_links":{"self":[{"href":"https:\/\/veritasinfo.org\/index.php?rest_route=\/wp\/v2\/posts\/8441","targetHints":{"allow":["GET"]}}],"collection":[{"href":"https:\/\/veritasinfo.org\/index.php?rest_route=\/wp\/v2\/posts"}],"about":[{"href":"https:\/\/veritasinfo.org\/index.php?rest_route=\/wp\/v2\/types\/post"}],"author":[{"embeddable":true,"href":"https:\/\/veritasinfo.org\/index.php?rest_route=\/wp\/v2\/users\/2"}],"replies":[{"embeddable":true,"href":"https:\/\/veritasinfo.org\/index.php?rest_route=%2Fwp%2Fv2%2Fcomments&post=8441"}],"version-history":[{"count":5,"href":"https:\/\/veritasinfo.org\/index.php?rest_route=\/wp\/v2\/posts\/8441\/revisions"}],"predecessor-version":[{"id":8475,"href":"https:\/\/veritasinfo.org\/index.php?rest_route=\/wp\/v2\/posts\/8441\/revisions\/8475"}],"wp:featuredmedia":[{"embeddable":true,"href":"https:\/\/veritasinfo.org\/index.php?rest_route=\/wp\/v2\/media\/8446"}],"wp:attachment":[{"href":"https:\/\/veritasinfo.org\/index.php?rest_route=%2Fwp%2Fv2%2Fmedia&parent=8441"}],"wp:term":[{"taxonomy":"category","embeddable":true,"href":"https:\/\/veritasinfo.org\/index.php?rest_route=%2Fwp%2Fv2%2Fcategories&post=8441"},{"taxonomy":"post_tag","embeddable":true,"href":"https:\/\/veritasinfo.org\/index.php?rest_route=%2Fwp%2Fv2%2Ftags&post=8441"}],"curies":[{"name":"wp","href":"https:\/\/api.w.org\/{rel}","templated":true}]}}