{"id":8439,"date":"2025-08-17T15:50:02","date_gmt":"2025-08-17T13:50:02","guid":{"rendered":"https:\/\/veritasinfo.org\/?p=8439"},"modified":"2025-08-17T15:50:02","modified_gmt":"2025-08-17T13:50:02","slug":"vuciq-kercenon-protestuesit-pergjigjja-e-shtetit-do-te-jete-krejt-ndryshe","status":"publish","type":"post","link":"https:\/\/veritasinfo.org\/?p=8439","title":{"rendered":"Vu\u00e7iq k\u00ebrc\u00ebnon protestuesit: \u201cP\u00ebrgjigjja e shtetit do t\u00eb jet\u00eb krejt ndryshe\u201d"},"content":{"rendered":"<p data-start=\"39\" data-end=\"121\"><strong data-start=\"39\" data-end=\"119\">17 gusht, 2025<\/strong><\/p>\n<p data-start=\"123\" data-end=\"378\">Presidenti i Serbis\u00eb, Aleksandar Vu\u00e7iq, ka ashp\u00ebrsuar tonet ndaj protestuesve q\u00eb prej muajsh po demonstrojn\u00eb kund\u00ebr qeveris\u00eb s\u00eb tij. N\u00eb nj\u00eb postim n\u00eb Facebook, ai paralajm\u00ebroi se shteti do t\u00eb p\u00ebrdor\u00eb t\u00eb gjitha mjetet p\u00ebr t\u00eb rivendosur rendin dhe ligjin.<\/p>\n<blockquote>\n<p data-start=\"380\" data-end=\"738\">\u201cP\u00ebrgjigjja e shtetit do t\u00eb jet\u00eb ndryshe nga ajo q\u00eb keni par\u00eb deri m\u00eb tani. U premtoj qytetar\u00ebve t\u00eb Serbis\u00eb se \u2018djegia e vendit\u2019 nuk do t\u00eb zgjas\u00eb shum\u00eb. Do t\u00eb p\u00ebrdorim gjith\u00e7ka q\u00eb kemi n\u00eb dispozicion p\u00ebr t\u00eb rikthyer ligjin, paqen dhe rendin. P\u00ebr sa koh\u00eb q\u00eb marr frym\u00eb, do t\u00eb luftoj p\u00ebr Serbin\u00eb dhe qytetar\u00ebt e saj \u2013 dhe ne do t\u00eb fitojm\u00eb\u201d, ka shkruar Vu\u00e7iq.<\/p>\n<\/blockquote>\n<p data-start=\"740\" data-end=\"980\">Protestat nis\u00ebn pas tragjedis\u00eb n\u00eb Novi Sad, kur shembja e nj\u00eb stacioni hekurudhor n\u00eb n\u00ebntor 2024 shkaktoi vdekjen e 16 personave. Me koh\u00ebn, ato u shnd\u00ebrruan n\u00eb demonstrata masive kund\u00ebr korrupsionit, ku mor\u00ebn pjes\u00eb qindra mij\u00ebra qytetar\u00eb.<\/p>\n<p data-start=\"982\" data-end=\"1283\">Deri von\u00eb protestat kishin qen\u00eb kryesisht paq\u00ebsore, por situata u tensionua k\u00ebt\u00eb jav\u00eb pas p\u00ebrplasjes me kund\u00ebrdemonstrues proqeveritar\u00eb. T\u00eb shtun\u00ebn mbr\u00ebma, mij\u00ebra protestues dol\u00ebn s\u00ebrish n\u00eb rrug\u00eb duke k\u00ebrkuar zgjedhje t\u00eb parakohshme, nd\u00ebrsa policia u vendos n\u00eb disa qytete, p\u00ebrfshir\u00eb edhe Beogradin.<\/p>\n<p data-start=\"1285\" data-end=\"1487\">Zyra dhe flamuj t\u00eb Partis\u00eb Progresive Serbe (SNS) u dogj\u00ebn gjat\u00eb protestave, nd\u00ebrsa protestuesit thyen dritare edhe n\u00eb selin\u00eb e Partis\u00eb Radikale Serbe \u2013 nj\u00eb partnere e koalicionit qeveris\u00ebs t\u00eb SNS-s\u00eb.<\/p>\n","protected":false},"excerpt":{"rendered":"<p>17 gusht, 2025 Presidenti i Serbis\u00eb, Aleksandar Vu\u00e7iq, ka ashp\u00ebrsuar tonet ndaj protestuesve q\u00eb prej muajsh po demonstrojn\u00eb kund\u00ebr qeveris\u00eb s\u00eb tij. N\u00eb nj\u00eb postim<\/p>\n","protected":false},"author":1,"featured_media":8437,"comment_status":"open","ping_status":"open","sticky":false,"template":"","format":"standard","meta":{"footnotes":""},"categories":[72],"tags":[],"class_list":["post-8439","post","type-post","status-publish","format-standard","has-post-thumbnail","hentry","category-bota"],"yoast_head":"<!-- This site is optimized with the Yoast SEO plugin v25.3.1 - https:\/\/yoast.com\/wordpress\/plugins\/seo\/ -->\n<title>Vu\u00e7iq k\u00ebrc\u00ebnon protestuesit: \u201cP\u00ebrgjigjja e shtetit do t\u00eb jet\u00eb krejt ndryshe\u201d -<\/title>\n<meta name=\"robots\" content=\"index, follow, max-snippet:-1, max-image-preview:large, max-video-preview:-1\" \/>\n<link rel=\"canonical\" href=\"https:\/\/veritasinfo.org\/?p=8439\" \/>\n<meta property=\"og:locale\" content=\"en_US\" \/>\n<meta property=\"og:type\" content=\"article\" \/>\n<meta property=\"og:title\" content=\"Vu\u00e7iq k\u00ebrc\u00ebnon protestuesit: \u201cP\u00ebrgjigjja e shtetit do t\u00eb jet\u00eb krejt ndryshe\u201d -\" \/>\n<meta property=\"og:description\" content=\"17 gusht, 2025 Presidenti i Serbis\u00eb, Aleksandar Vu\u00e7iq, ka ashp\u00ebrsuar tonet ndaj protestuesve q\u00eb prej muajsh po demonstrojn\u00eb kund\u00ebr qeveris\u00eb s\u00eb tij. N\u00eb nj\u00eb postim\" \/>\n<meta property=\"og:url\" content=\"https:\/\/veritasinfo.org\/?p=8439\" \/>\n<meta property=\"article:published_time\" content=\"2025-08-17T13:50:02+00:00\" \/>\n<meta property=\"og:image\" content=\"https:\/\/veritasinfo.org\/wp-content\/uploads\/2025\/08\/534652421_1316256640087479_7746066081083349402_n.jpg\" \/>\n\t<meta property=\"og:image:width\" content=\"1253\" \/>\n\t<meta property=\"og:image:height\" content=\"959\" \/>\n\t<meta property=\"og:image:type\" content=\"image\/jpeg\" \/>\n<meta name=\"author\" content=\"admin\" \/>\n<meta name=\"twitter:card\" content=\"summary_large_image\" \/>\n<meta name=\"twitter:label1\" content=\"Written by\" \/>\n\t<meta name=\"twitter:data1\" content=\"admin\" \/>\n\t<meta name=\"twitter:label2\" content=\"Est. reading time\" \/>\n\t<meta name=\"twitter:data2\" content=\"1 minute\" \/>\n<script type=\"application\/ld+json\" class=\"yoast-schema-graph\">{\"@context\":\"https:\/\/schema.org\",\"@graph\":[{\"@type\":\"WebPage\",\"@id\":\"https:\/\/veritasinfo.org\/?p=8439\",\"url\":\"https:\/\/veritasinfo.org\/?p=8439\",\"name\":\"Vu\u00e7iq k\u00ebrc\u00ebnon protestuesit: \u201cP\u00ebrgjigjja e shtetit do t\u00eb jet\u00eb krejt ndryshe\u201d -\",\"isPartOf\":{\"@id\":\"https:\/\/veritasinfo.org\/#website\"},\"primaryImageOfPage\":{\"@id\":\"https:\/\/veritasinfo.org\/?p=8439#primaryimage\"},\"image\":{\"@id\":\"https:\/\/veritasinfo.org\/?p=8439#primaryimage\"},\"thumbnailUrl\":\"https:\/\/veritasinfo.org\/wp-content\/uploads\/2025\/08\/534652421_1316256640087479_7746066081083349402_n.jpg\",\"datePublished\":\"2025-08-17T13:50:02+00:00\",\"author\":{\"@id\":\"https:\/\/veritasinfo.org\/#\/schema\/person\/7701f8c088bece422266b100a712374f\"},\"breadcrumb\":{\"@id\":\"https:\/\/veritasinfo.org\/?p=8439#breadcrumb\"},\"inLanguage\":\"en-US\",\"potentialAction\":[{\"@type\":\"ReadAction\",\"target\":[\"https:\/\/veritasinfo.org\/?p=8439\"]}]},{\"@type\":\"ImageObject\",\"inLanguage\":\"en-US\",\"@id\":\"https:\/\/veritasinfo.org\/?p=8439#primaryimage\",\"url\":\"https:\/\/veritasinfo.org\/wp-content\/uploads\/2025\/08\/534652421_1316256640087479_7746066081083349402_n.jpg\",\"contentUrl\":\"https:\/\/veritasinfo.org\/wp-content\/uploads\/2025\/08\/534652421_1316256640087479_7746066081083349402_n.jpg\",\"width\":1253,\"height\":959},{\"@type\":\"BreadcrumbList\",\"@id\":\"https:\/\/veritasinfo.org\/?p=8439#breadcrumb\",\"itemListElement\":[{\"@type\":\"ListItem\",\"position\":1,\"name\":\"Home\",\"item\":\"https:\/\/veritasinfo.org\/\"},{\"@type\":\"ListItem\",\"position\":2,\"name\":\"Vu\u00e7iq k\u00ebrc\u00ebnon protestuesit: \u201cP\u00ebrgjigjja e shtetit do t\u00eb jet\u00eb krejt ndryshe\u201d\"}]},{\"@type\":\"WebSite\",\"@id\":\"https:\/\/veritasinfo.org\/#website\",\"url\":\"https:\/\/veritasinfo.org\/\",\"name\":\"\",\"description\":\"\",\"potentialAction\":[{\"@type\":\"SearchAction\",\"target\":{\"@type\":\"EntryPoint\",\"urlTemplate\":\"https:\/\/veritasinfo.org\/?s={search_term_string}\"},\"query-input\":{\"@type\":\"PropertyValueSpecification\",\"valueRequired\":true,\"valueName\":\"search_term_string\"}}],\"inLanguage\":\"en-US\"},{\"@type\":\"Person\",\"@id\":\"https:\/\/veritasinfo.org\/#\/schema\/person\/7701f8c088bece422266b100a712374f\",\"name\":\"admin\",\"image\":{\"@type\":\"ImageObject\",\"inLanguage\":\"en-US\",\"@id\":\"https:\/\/veritasinfo.org\/#\/schema\/person\/image\/\",\"url\":\"https:\/\/secure.gravatar.com\/avatar\/ea53aa3bf6c9a12d5fde8ce4deff43fef3885ae33cf60184161a50d6987cfd2f?s=96&d=mm&r=g\",\"contentUrl\":\"https:\/\/secure.gravatar.com\/avatar\/ea53aa3bf6c9a12d5fde8ce4deff43fef3885ae33cf60184161a50d6987cfd2f?s=96&d=mm&r=g\",\"caption\":\"admin\"},\"sameAs\":[\"https:\/\/veritasinfo.org\"],\"url\":\"https:\/\/veritasinfo.org\/?author=1\"}]}<\/script>\n<!-- \/ Yoast SEO plugin. -->","yoast_head_json":{"title":"Vu\u00e7iq k\u00ebrc\u00ebnon protestuesit: \u201cP\u00ebrgjigjja e shtetit do t\u00eb jet\u00eb krejt ndryshe\u201d -","robots":{"index":"index","follow":"follow","max-snippet":"max-snippet:-1","max-image-preview":"max-image-preview:large","max-video-preview":"max-video-preview:-1"},"canonical":"https:\/\/veritasinfo.org\/?p=8439","og_locale":"en_US","og_type":"article","og_title":"Vu\u00e7iq k\u00ebrc\u00ebnon protestuesit: \u201cP\u00ebrgjigjja e shtetit do t\u00eb jet\u00eb krejt ndryshe\u201d -","og_description":"17 gusht, 2025 Presidenti i Serbis\u00eb, Aleksandar Vu\u00e7iq, ka ashp\u00ebrsuar tonet ndaj protestuesve q\u00eb prej muajsh po demonstrojn\u00eb kund\u00ebr qeveris\u00eb s\u00eb tij. N\u00eb nj\u00eb postim","og_url":"https:\/\/veritasinfo.org\/?p=8439","article_published_time":"2025-08-17T13:50:02+00:00","og_image":[{"width":1253,"height":959,"url":"https:\/\/veritasinfo.org\/wp-content\/uploads\/2025\/08\/534652421_1316256640087479_7746066081083349402_n.jpg","type":"image\/jpeg"}],"author":"admin","twitter_card":"summary_large_image","twitter_misc":{"Written by":"admin","Est. reading time":"1 minute"},"schema":{"@context":"https:\/\/schema.org","@graph":[{"@type":"WebPage","@id":"https:\/\/veritasinfo.org\/?p=8439","url":"https:\/\/veritasinfo.org\/?p=8439","name":"Vu\u00e7iq k\u00ebrc\u00ebnon protestuesit: \u201cP\u00ebrgjigjja e shtetit do t\u00eb jet\u00eb krejt ndryshe\u201d -","isPartOf":{"@id":"https:\/\/veritasinfo.org\/#website"},"primaryImageOfPage":{"@id":"https:\/\/veritasinfo.org\/?p=8439#primaryimage"},"image":{"@id":"https:\/\/veritasinfo.org\/?p=8439#primaryimage"},"thumbnailUrl":"https:\/\/veritasinfo.org\/wp-content\/uploads\/2025\/08\/534652421_1316256640087479_7746066081083349402_n.jpg","datePublished":"2025-08-17T13:50:02+00:00","author":{"@id":"https:\/\/veritasinfo.org\/#\/schema\/person\/7701f8c088bece422266b100a712374f"},"breadcrumb":{"@id":"https:\/\/veritasinfo.org\/?p=8439#breadcrumb"},"inLanguage":"en-US","potentialAction":[{"@type":"ReadAction","target":["https:\/\/veritasinfo.org\/?p=8439"]}]},{"@type":"ImageObject","inLanguage":"en-US","@id":"https:\/\/veritasinfo.org\/?p=8439#primaryimage","url":"https:\/\/veritasinfo.org\/wp-content\/uploads\/2025\/08\/534652421_1316256640087479_7746066081083349402_n.jpg","contentUrl":"https:\/\/veritasinfo.org\/wp-content\/uploads\/2025\/08\/534652421_1316256640087479_7746066081083349402_n.jpg","width":1253,"height":959},{"@type":"BreadcrumbList","@id":"https:\/\/veritasinfo.org\/?p=8439#breadcrumb","itemListElement":[{"@type":"ListItem","position":1,"name":"Home","item":"https:\/\/veritasinfo.org\/"},{"@type":"ListItem","position":2,"name":"Vu\u00e7iq k\u00ebrc\u00ebnon protestuesit: \u201cP\u00ebrgjigjja e shtetit do t\u00eb jet\u00eb krejt ndryshe\u201d"}]},{"@type":"WebSite","@id":"https:\/\/veritasinfo.org\/#website","url":"https:\/\/veritasinfo.org\/","name":"","description":"","potentialAction":[{"@type":"SearchAction","target":{"@type":"EntryPoint","urlTemplate":"https:\/\/veritasinfo.org\/?s={search_term_string}"},"query-input":{"@type":"PropertyValueSpecification","valueRequired":true,"valueName":"search_term_string"}}],"inLanguage":"en-US"},{"@type":"Person","@id":"https:\/\/veritasinfo.org\/#\/schema\/person\/7701f8c088bece422266b100a712374f","name":"admin","image":{"@type":"ImageObject","inLanguage":"en-US","@id":"https:\/\/veritasinfo.org\/#\/schema\/person\/image\/","url":"https:\/\/secure.gravatar.com\/avatar\/ea53aa3bf6c9a12d5fde8ce4deff43fef3885ae33cf60184161a50d6987cfd2f?s=96&d=mm&r=g","contentUrl":"https:\/\/secure.gravatar.com\/avatar\/ea53aa3bf6c9a12d5fde8ce4deff43fef3885ae33cf60184161a50d6987cfd2f?s=96&d=mm&r=g","caption":"admin"},"sameAs":["https:\/\/veritasinfo.org"],"url":"https:\/\/veritasinfo.org\/?author=1"}]}},"featured_image_urls":{"full":["https:\/\/veritasinfo.org\/wp-content\/uploads\/2025\/08\/534652421_1316256640087479_7746066081083349402_n.jpg",1253,959,false],"thumbnail":["https:\/\/veritasinfo.org\/wp-content\/uploads\/2025\/08\/534652421_1316256640087479_7746066081083349402_n-150x150.jpg",150,150,true],"medium":["https:\/\/veritasinfo.org\/wp-content\/uploads\/2025\/08\/534652421_1316256640087479_7746066081083349402_n-300x230.jpg",300,230,true],"medium_large":["https:\/\/veritasinfo.org\/wp-content\/uploads\/2025\/08\/534652421_1316256640087479_7746066081083349402_n-768x588.jpg",640,490,true],"large":["https:\/\/veritasinfo.org\/wp-content\/uploads\/2025\/08\/534652421_1316256640087479_7746066081083349402_n-1024x784.jpg",640,490,true],"1536x1536":["https:\/\/veritasinfo.org\/wp-content\/uploads\/2025\/08\/534652421_1316256640087479_7746066081083349402_n.jpg",1253,959,false],"2048x2048":["https:\/\/veritasinfo.org\/wp-content\/uploads\/2025\/08\/534652421_1316256640087479_7746066081083349402_n.jpg",1253,959,false],"kreeti-slider-full":["https:\/\/veritasinfo.org\/wp-content\/uploads\/2025\/08\/534652421_1316256640087479_7746066081083349402_n.jpg",941,720,false],"kreeti-featured":["https:\/\/veritasinfo.org\/wp-content\/uploads\/2025\/08\/534652421_1316256640087479_7746066081083349402_n.jpg",1024,784,false],"kreeti-medium":["https:\/\/veritasinfo.org\/wp-content\/uploads\/2025\/08\/534652421_1316256640087479_7746066081083349402_n.jpg",692,530,false],"kreeti-medium-square":["https:\/\/veritasinfo.org\/wp-content\/uploads\/2025\/08\/534652421_1316256640087479_7746066081083349402_n.jpg",350,268,false]},"author_info":{"info":["admin"]},"category_info":"<a href=\"https:\/\/veritasinfo.org\/?cat=72\" rel=\"category\">Bota<\/a>","tag_info":"Bota","comment_count":"0","_links":{"self":[{"href":"https:\/\/veritasinfo.org\/index.php?rest_route=\/wp\/v2\/posts\/8439","targetHints":{"allow":["GET"]}}],"collection":[{"href":"https:\/\/veritasinfo.org\/index.php?rest_route=\/wp\/v2\/posts"}],"about":[{"href":"https:\/\/veritasinfo.org\/index.php?rest_route=\/wp\/v2\/types\/post"}],"author":[{"embeddable":true,"href":"https:\/\/veritasinfo.org\/index.php?rest_route=\/wp\/v2\/users\/1"}],"replies":[{"embeddable":true,"href":"https:\/\/veritasinfo.org\/index.php?rest_route=%2Fwp%2Fv2%2Fcomments&post=8439"}],"version-history":[{"count":1,"href":"https:\/\/veritasinfo.org\/index.php?rest_route=\/wp\/v2\/posts\/8439\/revisions"}],"predecessor-version":[{"id":8440,"href":"https:\/\/veritasinfo.org\/index.php?rest_route=\/wp\/v2\/posts\/8439\/revisions\/8440"}],"wp:featuredmedia":[{"embeddable":true,"href":"https:\/\/veritasinfo.org\/index.php?rest_route=\/wp\/v2\/media\/8437"}],"wp:attachment":[{"href":"https:\/\/veritasinfo.org\/index.php?rest_route=%2Fwp%2Fv2%2Fmedia&parent=8439"}],"wp:term":[{"taxonomy":"category","embeddable":true,"href":"https:\/\/veritasinfo.org\/index.php?rest_route=%2Fwp%2Fv2%2Fcategories&post=8439"},{"taxonomy":"post_tag","embeddable":true,"href":"https:\/\/veritasinfo.org\/index.php?rest_route=%2Fwp%2Fv2%2Ftags&post=8439"}],"curies":[{"name":"wp","href":"https:\/\/api.w.org\/{rel}","templated":true}]}}