{"id":8421,"date":"2025-08-17T13:33:48","date_gmt":"2025-08-17T11:33:48","guid":{"rendered":"https:\/\/veritasinfo.org\/?p=8421"},"modified":"2025-08-17T13:33:48","modified_gmt":"2025-08-17T11:33:48","slug":"kurti-kosova-ka-shenuar-perparim-te-madh-ne-mireqenie","status":"publish","type":"post","link":"https:\/\/veritasinfo.org\/?p=8421","title":{"rendered":"Kurti: Kosova ka sh\u00ebnuar p\u00ebrparim t\u00eb madh n\u00eb mir\u00ebqenie"},"content":{"rendered":"<p data-start=\"133\" data-end=\"163\"><strong data-start=\"133\" data-end=\"161\">Prishtin\u00eb, 17 gusht 2025<\/strong><\/p>\n<p data-start=\"165\" data-end=\"424\">Kryeministri n\u00eb detyr\u00eb i Kosov\u00ebs, Albin Kurti, ka vler\u00ebsuar t\u00eb dh\u00ebnat e fundit t\u00eb publikuara nga Qendra amerikane e K\u00ebrkimeve <em data-start=\"291\" data-end=\"299\">Gallup<\/em>, sipas t\u00eb cilave Kosova ka b\u00ebr\u00eb nj\u00eb p\u00ebrparim t\u00eb duksh\u00ebm n\u00eb perceptimin e mir\u00ebqenies s\u00eb qytetar\u00ebve gjat\u00eb dekad\u00ebs s\u00eb fundit.<\/p>\n<p data-start=\"426\" data-end=\"729\">N\u00eb nj\u00eb postim n\u00eb platform\u00ebn X, Kurti theksoi se Kosova ka kaluar nga vet\u00ebm 11% e qytetar\u00ebve q\u00eb raportonin se \u201cjetojn\u00eb mir\u00eb\u201d n\u00eb vitin 2014, n\u00eb 51% n\u00eb vitin 2024. Ai tha se ky \u00ebsht\u00eb nj\u00eb progres i jasht\u00ebzakonsh\u00ebm dhe p\u00ebrfaq\u00ebson rritjen m\u00eb t\u00eb madhe n\u00eb bot\u00eb sipas Indeksit t\u00eb Vler\u00ebsimit t\u00eb Jet\u00ebs t\u00eb Gallup.<\/p>\n<p data-start=\"731\" data-end=\"875\">\u201cKy ndryshim pasqyron nj\u00eb transformim t\u00eb thell\u00eb socio-ekonomik n\u00eb vend dhe \u00ebsht\u00eb tregues i nj\u00eb p\u00ebrparimi t\u00eb madh p\u00ebr Kosov\u00ebn,\u201d u shpreh Kurti.<\/p>\n<p data-start=\"877\" data-end=\"1017\">Ai shtoi se qeveria \u00ebsht\u00eb krenare q\u00eb ka krijuar, sipas tij, \u201cnj\u00eb mjedis t\u00eb p\u00ebrshtatsh\u00ebm p\u00ebr mir\u00ebqenien e t\u00eb gjith\u00eb qytetar\u00ebve t\u00eb Kosov\u00ebs\u201d.<\/p>\n","protected":false},"excerpt":{"rendered":"<p>Prishtin\u00eb, 17 gusht 2025 Kryeministri n\u00eb detyr\u00eb i Kosov\u00ebs, Albin Kurti, ka vler\u00ebsuar t\u00eb dh\u00ebnat e fundit t\u00eb publikuara nga Qendra amerikane e K\u00ebrkimeve Gallup,<\/p>\n","protected":false},"author":1,"featured_media":8422,"comment_status":"open","ping_status":"open","sticky":false,"template":"","format":"standard","meta":{"footnotes":""},"categories":[60],"tags":[],"class_list":["post-8421","post","type-post","status-publish","format-standard","has-post-thumbnail","hentry","category-shoqerore-sq"],"yoast_head":"<!-- This site is optimized with the Yoast SEO plugin v25.3.1 - https:\/\/yoast.com\/wordpress\/plugins\/seo\/ -->\n<title>Kurti: Kosova ka sh\u00ebnuar p\u00ebrparim t\u00eb madh n\u00eb mir\u00ebqenie -<\/title>\n<meta name=\"robots\" content=\"index, follow, max-snippet:-1, max-image-preview:large, max-video-preview:-1\" \/>\n<link rel=\"canonical\" href=\"https:\/\/veritasinfo.org\/?p=8421\" \/>\n<meta property=\"og:locale\" content=\"en_US\" \/>\n<meta property=\"og:type\" content=\"article\" \/>\n<meta property=\"og:title\" content=\"Kurti: Kosova ka sh\u00ebnuar p\u00ebrparim t\u00eb madh n\u00eb mir\u00ebqenie -\" \/>\n<meta property=\"og:description\" content=\"Prishtin\u00eb, 17 gusht 2025 Kryeministri n\u00eb detyr\u00eb i Kosov\u00ebs, Albin Kurti, ka vler\u00ebsuar t\u00eb dh\u00ebnat e fundit t\u00eb publikuara nga Qendra amerikane e K\u00ebrkimeve Gallup,\" \/>\n<meta property=\"og:url\" content=\"https:\/\/veritasinfo.org\/?p=8421\" \/>\n<meta property=\"article:published_time\" content=\"2025-08-17T11:33:48+00:00\" \/>\n<meta property=\"og:image\" content=\"https:\/\/veritasinfo.org\/wp-content\/uploads\/2025\/08\/albin-kurti.jpg\" \/>\n\t<meta property=\"og:image:width\" content=\"2048\" \/>\n\t<meta property=\"og:image:height\" content=\"1365\" \/>\n\t<meta property=\"og:image:type\" content=\"image\/jpeg\" \/>\n<meta name=\"author\" content=\"admin\" \/>\n<meta name=\"twitter:card\" content=\"summary_large_image\" \/>\n<meta name=\"twitter:label1\" content=\"Written by\" \/>\n\t<meta name=\"twitter:data1\" content=\"admin\" \/>\n\t<meta name=\"twitter:label2\" content=\"Est. reading time\" \/>\n\t<meta name=\"twitter:data2\" content=\"1 minute\" \/>\n<script type=\"application\/ld+json\" class=\"yoast-schema-graph\">{\"@context\":\"https:\/\/schema.org\",\"@graph\":[{\"@type\":\"WebPage\",\"@id\":\"https:\/\/veritasinfo.org\/?p=8421\",\"url\":\"https:\/\/veritasinfo.org\/?p=8421\",\"name\":\"Kurti: Kosova ka sh\u00ebnuar p\u00ebrparim t\u00eb madh n\u00eb mir\u00ebqenie -\",\"isPartOf\":{\"@id\":\"https:\/\/veritasinfo.org\/#website\"},\"primaryImageOfPage\":{\"@id\":\"https:\/\/veritasinfo.org\/?p=8421#primaryimage\"},\"image\":{\"@id\":\"https:\/\/veritasinfo.org\/?p=8421#primaryimage\"},\"thumbnailUrl\":\"https:\/\/veritasinfo.org\/wp-content\/uploads\/2025\/08\/albin-kurti.jpg\",\"datePublished\":\"2025-08-17T11:33:48+00:00\",\"author\":{\"@id\":\"https:\/\/veritasinfo.org\/#\/schema\/person\/7701f8c088bece422266b100a712374f\"},\"breadcrumb\":{\"@id\":\"https:\/\/veritasinfo.org\/?p=8421#breadcrumb\"},\"inLanguage\":\"en-US\",\"potentialAction\":[{\"@type\":\"ReadAction\",\"target\":[\"https:\/\/veritasinfo.org\/?p=8421\"]}]},{\"@type\":\"ImageObject\",\"inLanguage\":\"en-US\",\"@id\":\"https:\/\/veritasinfo.org\/?p=8421#primaryimage\",\"url\":\"https:\/\/veritasinfo.org\/wp-content\/uploads\/2025\/08\/albin-kurti.jpg\",\"contentUrl\":\"https:\/\/veritasinfo.org\/wp-content\/uploads\/2025\/08\/albin-kurti.jpg\",\"width\":2048,\"height\":1365},{\"@type\":\"BreadcrumbList\",\"@id\":\"https:\/\/veritasinfo.org\/?p=8421#breadcrumb\",\"itemListElement\":[{\"@type\":\"ListItem\",\"position\":1,\"name\":\"Home\",\"item\":\"https:\/\/veritasinfo.org\/\"},{\"@type\":\"ListItem\",\"position\":2,\"name\":\"Kurti: Kosova ka sh\u00ebnuar p\u00ebrparim t\u00eb madh n\u00eb mir\u00ebqenie\"}]},{\"@type\":\"WebSite\",\"@id\":\"https:\/\/veritasinfo.org\/#website\",\"url\":\"https:\/\/veritasinfo.org\/\",\"name\":\"\",\"description\":\"\",\"potentialAction\":[{\"@type\":\"SearchAction\",\"target\":{\"@type\":\"EntryPoint\",\"urlTemplate\":\"https:\/\/veritasinfo.org\/?s={search_term_string}\"},\"query-input\":{\"@type\":\"PropertyValueSpecification\",\"valueRequired\":true,\"valueName\":\"search_term_string\"}}],\"inLanguage\":\"en-US\"},{\"@type\":\"Person\",\"@id\":\"https:\/\/veritasinfo.org\/#\/schema\/person\/7701f8c088bece422266b100a712374f\",\"name\":\"admin\",\"image\":{\"@type\":\"ImageObject\",\"inLanguage\":\"en-US\",\"@id\":\"https:\/\/veritasinfo.org\/#\/schema\/person\/image\/\",\"url\":\"https:\/\/secure.gravatar.com\/avatar\/ea53aa3bf6c9a12d5fde8ce4deff43fef3885ae33cf60184161a50d6987cfd2f?s=96&d=mm&r=g\",\"contentUrl\":\"https:\/\/secure.gravatar.com\/avatar\/ea53aa3bf6c9a12d5fde8ce4deff43fef3885ae33cf60184161a50d6987cfd2f?s=96&d=mm&r=g\",\"caption\":\"admin\"},\"sameAs\":[\"https:\/\/veritasinfo.org\"],\"url\":\"https:\/\/veritasinfo.org\/?author=1\"}]}<\/script>\n<!-- \/ Yoast SEO plugin. -->","yoast_head_json":{"title":"Kurti: Kosova ka sh\u00ebnuar p\u00ebrparim t\u00eb madh n\u00eb mir\u00ebqenie -","robots":{"index":"index","follow":"follow","max-snippet":"max-snippet:-1","max-image-preview":"max-image-preview:large","max-video-preview":"max-video-preview:-1"},"canonical":"https:\/\/veritasinfo.org\/?p=8421","og_locale":"en_US","og_type":"article","og_title":"Kurti: Kosova ka sh\u00ebnuar p\u00ebrparim t\u00eb madh n\u00eb mir\u00ebqenie -","og_description":"Prishtin\u00eb, 17 gusht 2025 Kryeministri n\u00eb detyr\u00eb i Kosov\u00ebs, Albin Kurti, ka vler\u00ebsuar t\u00eb dh\u00ebnat e fundit t\u00eb publikuara nga Qendra amerikane e K\u00ebrkimeve Gallup,","og_url":"https:\/\/veritasinfo.org\/?p=8421","article_published_time":"2025-08-17T11:33:48+00:00","og_image":[{"width":2048,"height":1365,"url":"https:\/\/veritasinfo.org\/wp-content\/uploads\/2025\/08\/albin-kurti.jpg","type":"image\/jpeg"}],"author":"admin","twitter_card":"summary_large_image","twitter_misc":{"Written by":"admin","Est. reading time":"1 minute"},"schema":{"@context":"https:\/\/schema.org","@graph":[{"@type":"WebPage","@id":"https:\/\/veritasinfo.org\/?p=8421","url":"https:\/\/veritasinfo.org\/?p=8421","name":"Kurti: Kosova ka sh\u00ebnuar p\u00ebrparim t\u00eb madh n\u00eb mir\u00ebqenie -","isPartOf":{"@id":"https:\/\/veritasinfo.org\/#website"},"primaryImageOfPage":{"@id":"https:\/\/veritasinfo.org\/?p=8421#primaryimage"},"image":{"@id":"https:\/\/veritasinfo.org\/?p=8421#primaryimage"},"thumbnailUrl":"https:\/\/veritasinfo.org\/wp-content\/uploads\/2025\/08\/albin-kurti.jpg","datePublished":"2025-08-17T11:33:48+00:00","author":{"@id":"https:\/\/veritasinfo.org\/#\/schema\/person\/7701f8c088bece422266b100a712374f"},"breadcrumb":{"@id":"https:\/\/veritasinfo.org\/?p=8421#breadcrumb"},"inLanguage":"en-US","potentialAction":[{"@type":"ReadAction","target":["https:\/\/veritasinfo.org\/?p=8421"]}]},{"@type":"ImageObject","inLanguage":"en-US","@id":"https:\/\/veritasinfo.org\/?p=8421#primaryimage","url":"https:\/\/veritasinfo.org\/wp-content\/uploads\/2025\/08\/albin-kurti.jpg","contentUrl":"https:\/\/veritasinfo.org\/wp-content\/uploads\/2025\/08\/albin-kurti.jpg","width":2048,"height":1365},{"@type":"BreadcrumbList","@id":"https:\/\/veritasinfo.org\/?p=8421#breadcrumb","itemListElement":[{"@type":"ListItem","position":1,"name":"Home","item":"https:\/\/veritasinfo.org\/"},{"@type":"ListItem","position":2,"name":"Kurti: Kosova ka sh\u00ebnuar p\u00ebrparim t\u00eb madh n\u00eb mir\u00ebqenie"}]},{"@type":"WebSite","@id":"https:\/\/veritasinfo.org\/#website","url":"https:\/\/veritasinfo.org\/","name":"","description":"","potentialAction":[{"@type":"SearchAction","target":{"@type":"EntryPoint","urlTemplate":"https:\/\/veritasinfo.org\/?s={search_term_string}"},"query-input":{"@type":"PropertyValueSpecification","valueRequired":true,"valueName":"search_term_string"}}],"inLanguage":"en-US"},{"@type":"Person","@id":"https:\/\/veritasinfo.org\/#\/schema\/person\/7701f8c088bece422266b100a712374f","name":"admin","image":{"@type":"ImageObject","inLanguage":"en-US","@id":"https:\/\/veritasinfo.org\/#\/schema\/person\/image\/","url":"https:\/\/secure.gravatar.com\/avatar\/ea53aa3bf6c9a12d5fde8ce4deff43fef3885ae33cf60184161a50d6987cfd2f?s=96&d=mm&r=g","contentUrl":"https:\/\/secure.gravatar.com\/avatar\/ea53aa3bf6c9a12d5fde8ce4deff43fef3885ae33cf60184161a50d6987cfd2f?s=96&d=mm&r=g","caption":"admin"},"sameAs":["https:\/\/veritasinfo.org"],"url":"https:\/\/veritasinfo.org\/?author=1"}]}},"featured_image_urls":{"full":["https:\/\/veritasinfo.org\/wp-content\/uploads\/2025\/08\/albin-kurti.jpg",2048,1365,false],"thumbnail":["https:\/\/veritasinfo.org\/wp-content\/uploads\/2025\/08\/albin-kurti-150x150.jpg",150,150,true],"medium":["https:\/\/veritasinfo.org\/wp-content\/uploads\/2025\/08\/albin-kurti-300x200.jpg",300,200,true],"medium_large":["https:\/\/veritasinfo.org\/wp-content\/uploads\/2025\/08\/albin-kurti-768x512.jpg",640,427,true],"large":["https:\/\/veritasinfo.org\/wp-content\/uploads\/2025\/08\/albin-kurti-1024x683.jpg",640,427,true],"1536x1536":["https:\/\/veritasinfo.org\/wp-content\/uploads\/2025\/08\/albin-kurti-1536x1024.jpg",1536,1024,true],"2048x2048":["https:\/\/veritasinfo.org\/wp-content\/uploads\/2025\/08\/albin-kurti.jpg",2048,1365,false],"kreeti-slider-full":["https:\/\/veritasinfo.org\/wp-content\/uploads\/2025\/08\/albin-kurti.jpg",1080,720,false],"kreeti-featured":["https:\/\/veritasinfo.org\/wp-content\/uploads\/2025\/08\/albin-kurti.jpg",1024,683,false],"kreeti-medium":["https:\/\/veritasinfo.org\/wp-content\/uploads\/2025\/08\/albin-kurti.jpg",720,480,false],"kreeti-medium-square":["https:\/\/veritasinfo.org\/wp-content\/uploads\/2025\/08\/albin-kurti.jpg",350,233,false]},"author_info":{"info":["admin"]},"category_info":"<a href=\"https:\/\/veritasinfo.org\/?cat=60\" rel=\"category\">Shoq\u00ebrore<\/a>","tag_info":"Shoq\u00ebrore","comment_count":"0","_links":{"self":[{"href":"https:\/\/veritasinfo.org\/index.php?rest_route=\/wp\/v2\/posts\/8421","targetHints":{"allow":["GET"]}}],"collection":[{"href":"https:\/\/veritasinfo.org\/index.php?rest_route=\/wp\/v2\/posts"}],"about":[{"href":"https:\/\/veritasinfo.org\/index.php?rest_route=\/wp\/v2\/types\/post"}],"author":[{"embeddable":true,"href":"https:\/\/veritasinfo.org\/index.php?rest_route=\/wp\/v2\/users\/1"}],"replies":[{"embeddable":true,"href":"https:\/\/veritasinfo.org\/index.php?rest_route=%2Fwp%2Fv2%2Fcomments&post=8421"}],"version-history":[{"count":1,"href":"https:\/\/veritasinfo.org\/index.php?rest_route=\/wp\/v2\/posts\/8421\/revisions"}],"predecessor-version":[{"id":8423,"href":"https:\/\/veritasinfo.org\/index.php?rest_route=\/wp\/v2\/posts\/8421\/revisions\/8423"}],"wp:featuredmedia":[{"embeddable":true,"href":"https:\/\/veritasinfo.org\/index.php?rest_route=\/wp\/v2\/media\/8422"}],"wp:attachment":[{"href":"https:\/\/veritasinfo.org\/index.php?rest_route=%2Fwp%2Fv2%2Fmedia&parent=8421"}],"wp:term":[{"taxonomy":"category","embeddable":true,"href":"https:\/\/veritasinfo.org\/index.php?rest_route=%2Fwp%2Fv2%2Fcategories&post=8421"},{"taxonomy":"post_tag","embeddable":true,"href":"https:\/\/veritasinfo.org\/index.php?rest_route=%2Fwp%2Fv2%2Ftags&post=8421"}],"curies":[{"name":"wp","href":"https:\/\/api.w.org\/{rel}","templated":true}]}}