{"id":8414,"date":"2025-08-17T11:16:55","date_gmt":"2025-08-17T09:16:55","guid":{"rendered":"https:\/\/veritasinfo.org\/?p=8414"},"modified":"2025-08-17T11:16:55","modified_gmt":"2025-08-17T09:16:55","slug":"medjunarodni-seminar-o-jeziku-okuplja-150-ucesnika-iz-celog-sveta","status":"publish","type":"post","link":"https:\/\/veritasinfo.org\/?p=8414&lang=sr","title":{"rendered":"Me\u0111unarodni seminar o jeziku okuplja 150 u\u010desnika iz celog sveta"},"content":{"rendered":"<p>Pri\u0161tina, 17. avgust 2025.<\/p>\n<p><strong>Me\u0111unarodni seminar za albanski jezik, knji\u017eevnost i kulturu, koji se odr\u017eava od 1974. godine, iz godine u godinu bele\u017ei rast broja stranih u\u010desnika iz celog sveta, uklju\u010duju\u0107i SAD, Kinu, Rusiju, Tursku, Siriju i mnoge evropske dr\u017eave.<\/strong><\/p>\n<p>Na 43. izdanju, ove godine \u0107e u\u010destvovati 150 aktivnih u\u010desnika sa radovima, referatima i nau\u010dnim predavanjima.<\/p>\n<p>Pored akademskih aktivnosti, tokom 12 dana trajanja seminara, u\u010desnici \u0107e imati priliku da upoznaju prirodne lepote Kosova, grad Pe\u0107, kao i da prisustvuju koncertima, me\u0111u kojima \u0107e nastupiti i arbare\u0161ka grupa iz Kalabrije.<\/p>\n<p>Direktorka seminara, Lindita Sejdiju, istakla je zna\u010daj ovog doga\u0111aja za albanolo\u0161ke studije i za dr\u017eavu Kosovo.<\/p>\n<p>Sejdiju je za KosovaPress rekla da seminar ima i pedago\u0161ki zna\u010daj, jer \u0107e studentima iz celog sveta biti ponu\u0111eni kursevi albanskog jezika radi u\u010denja jezika i upoznavanja sa kulturom.<\/p>\n<p>\u201eMe\u0111unarodni seminar za albanski jezik, knji\u017eevnost i kulturu ima poseban zna\u010daj za albanolo\u0161ke studije uop\u0161te, ali i za samu dr\u017eavu Kosovo. U vreme kada je Albanija bila izolovana, seminar je predstavljao most povezivanja izme\u0111u Albanaca na Kosovu i, na primer, arbare\u0161a u Italiji ili istorijske dijaspore. Seminar ima i pedago\u0161ki zna\u010daj, ne samo nau\u010dni, jer se nude kursevi albanskog jezika na nekoliko nivoa. Dolaze istra\u017eiva\u010di, studenti i drugi iz celog sveta da u\u010de albanski jezik, da se upoznaju izbliza sa Albancima i to je vid promocije albanskog jezika i albanologije uop\u0161te\u201c, rekla je Sejdiju.<\/p>\n<p>Ona je podsetila na dugu tradiciju ovog doga\u0111aja i njegov uspeh.<\/p>\n<p>Sejdiju je naglasila da su zbog velikog interesovanja morali da odbiju odre\u0111eni broj prijava, jer nisu imali dovoljno finansijskih mogu\u0107nosti da ih sve pokriju.<\/p>\n<p>\u201eOvaj seminar je tradicionalan, odr\u017eava se od 1974. godine. Pokazao se kao veoma uspe\u0161an i zato smo ga nastavili. Bilo je, naravno, prekida tokom te\u0161kih situacija na Kosovu. Ove godine je 43. izdanje i dolazi veliki broj istra\u017eiva\u010da. Postoji ogromno interesovanje, morali smo da odbijemo neke prijave jer nismo imali finansijskih mogu\u0107nosti da sve obezbedimo. To pokazuje da je albanski jezik i dalje interesantan i va\u017ean za strane istra\u017eiva\u010de\u201c, kazala je ona.<\/p>\n<p>Direktorka seminara je tako\u0111e naglasila ulogu seminara u ja\u010danju institucija i me\u0111unarodnih veza.<\/p>\n<p>Dodala je da \u0107e, pored tema iz lingvistike i knji\u017eevnosti, biti zastupljena i druga polja iz istorije i antropologije.<\/p>\n<p>\u201eOvo je veoma va\u017ean stub koji je doprineo i samostalnosti Kosova, ja\u010danju Univerziteta u Pri\u0161tini, stvaranju me\u0111unarodnih veza koje imamo kao institucija. Seminar je institucija za sebe i trebalo bi da bude podr\u017ean koliko god ovde bude Albanaca. Poku\u0161ali smo da obuhvatimo teme ne samo iz lingvistike i knji\u017eevnosti, ve\u0107 i iz istorije, antropologije i dru\u0161tvenih studija uop\u0161te\u201c, naglasila je Sejdiju.<\/p>\n<p>Sve\u010dano otvaranje bi\u0107e odr\u017eano 18. avgusta u Istorijskom institutu u Pri\u0161tini \u201eAli Hadri\u201c, dok \u0107e prvo predavanje po\u010deti u 18:00 \u010dasova, a seminar \u0107e trajati do 29. avgusta ove godine.<\/p>\n","protected":false},"excerpt":{"rendered":"<p>Pri\u0161tina, 17. avgust 2025. Me\u0111unarodni seminar za albanski jezik, knji\u017eevnost i kulturu, koji se odr\u017eava od 1974. godine, iz godine u godinu bele\u017ei rast broja<\/p>\n","protected":false},"author":1,"featured_media":8412,"comment_status":"open","ping_status":"open","sticky":false,"template":"","format":"standard","meta":{"footnotes":""},"categories":[34],"tags":[],"class_list":["post-8414","post","type-post","status-publish","format-standard","has-post-thumbnail","hentry","category-kultura"],"yoast_head":"<!-- This site is optimized with the Yoast SEO plugin v25.3.1 - https:\/\/yoast.com\/wordpress\/plugins\/seo\/ -->\n<title>Me\u0111unarodni seminar o jeziku okuplja 150 u\u010desnika iz celog sveta -<\/title>\n<meta name=\"robots\" content=\"index, follow, max-snippet:-1, max-image-preview:large, max-video-preview:-1\" \/>\n<link rel=\"canonical\" href=\"https:\/\/veritasinfo.org\/?p=8414&lang=sr\" \/>\n<meta property=\"og:locale\" content=\"en_US\" \/>\n<meta property=\"og:type\" content=\"article\" \/>\n<meta property=\"og:title\" content=\"Me\u0111unarodni seminar o jeziku okuplja 150 u\u010desnika iz celog sveta -\" \/>\n<meta property=\"og:description\" content=\"Pri\u0161tina, 17. avgust 2025. Me\u0111unarodni seminar za albanski jezik, knji\u017eevnost i kulturu, koji se odr\u017eava od 1974. godine, iz godine u godinu bele\u017ei rast broja\" \/>\n<meta property=\"og:url\" content=\"https:\/\/veritasinfo.org\/?p=8414&amp;lang=sr\" \/>\n<meta property=\"article:published_time\" content=\"2025-08-17T09:16:55+00:00\" \/>\n<meta property=\"og:image\" content=\"https:\/\/veritasinfo.org\/wp-content\/uploads\/2025\/08\/IMG_2574-1.jpeg\" \/>\n\t<meta property=\"og:image:width\" content=\"728\" \/>\n\t<meta property=\"og:image:height\" content=\"430\" \/>\n\t<meta property=\"og:image:type\" content=\"image\/jpeg\" \/>\n<meta name=\"author\" content=\"admin\" \/>\n<meta name=\"twitter:card\" content=\"summary_large_image\" \/>\n<meta name=\"twitter:label1\" content=\"Written by\" \/>\n\t<meta name=\"twitter:data1\" content=\"admin\" \/>\n\t<meta name=\"twitter:label2\" content=\"Est. reading time\" \/>\n\t<meta name=\"twitter:data2\" content=\"3 minutes\" \/>\n<script type=\"application\/ld+json\" class=\"yoast-schema-graph\">{\"@context\":\"https:\/\/schema.org\",\"@graph\":[{\"@type\":\"WebPage\",\"@id\":\"https:\/\/veritasinfo.org\/?p=8414&lang=sr\",\"url\":\"https:\/\/veritasinfo.org\/?p=8414&lang=sr\",\"name\":\"Me\u0111unarodni seminar o jeziku okuplja 150 u\u010desnika iz celog sveta -\",\"isPartOf\":{\"@id\":\"https:\/\/veritasinfo.org\/#website\"},\"primaryImageOfPage\":{\"@id\":\"https:\/\/veritasinfo.org\/?p=8414&lang=sr#primaryimage\"},\"image\":{\"@id\":\"https:\/\/veritasinfo.org\/?p=8414&lang=sr#primaryimage\"},\"thumbnailUrl\":\"https:\/\/veritasinfo.org\/wp-content\/uploads\/2025\/08\/IMG_2574-1.jpeg\",\"datePublished\":\"2025-08-17T09:16:55+00:00\",\"author\":{\"@id\":\"https:\/\/veritasinfo.org\/#\/schema\/person\/7701f8c088bece422266b100a712374f\"},\"breadcrumb\":{\"@id\":\"https:\/\/veritasinfo.org\/?p=8414&lang=sr#breadcrumb\"},\"inLanguage\":\"en-US\",\"potentialAction\":[{\"@type\":\"ReadAction\",\"target\":[\"https:\/\/veritasinfo.org\/?p=8414&lang=sr\"]}]},{\"@type\":\"ImageObject\",\"inLanguage\":\"en-US\",\"@id\":\"https:\/\/veritasinfo.org\/?p=8414&lang=sr#primaryimage\",\"url\":\"https:\/\/veritasinfo.org\/wp-content\/uploads\/2025\/08\/IMG_2574-1.jpeg\",\"contentUrl\":\"https:\/\/veritasinfo.org\/wp-content\/uploads\/2025\/08\/IMG_2574-1.jpeg\",\"width\":728,\"height\":430},{\"@type\":\"BreadcrumbList\",\"@id\":\"https:\/\/veritasinfo.org\/?p=8414&lang=sr#breadcrumb\",\"itemListElement\":[{\"@type\":\"ListItem\",\"position\":1,\"name\":\"Home\",\"item\":\"https:\/\/veritasinfo.org\/\"},{\"@type\":\"ListItem\",\"position\":2,\"name\":\"Me\u0111unarodni seminar o jeziku okuplja 150 u\u010desnika iz celog sveta\"}]},{\"@type\":\"WebSite\",\"@id\":\"https:\/\/veritasinfo.org\/#website\",\"url\":\"https:\/\/veritasinfo.org\/\",\"name\":\"\",\"description\":\"\",\"potentialAction\":[{\"@type\":\"SearchAction\",\"target\":{\"@type\":\"EntryPoint\",\"urlTemplate\":\"https:\/\/veritasinfo.org\/?s={search_term_string}\"},\"query-input\":{\"@type\":\"PropertyValueSpecification\",\"valueRequired\":true,\"valueName\":\"search_term_string\"}}],\"inLanguage\":\"en-US\"},{\"@type\":\"Person\",\"@id\":\"https:\/\/veritasinfo.org\/#\/schema\/person\/7701f8c088bece422266b100a712374f\",\"name\":\"admin\",\"image\":{\"@type\":\"ImageObject\",\"inLanguage\":\"en-US\",\"@id\":\"https:\/\/veritasinfo.org\/#\/schema\/person\/image\/\",\"url\":\"https:\/\/secure.gravatar.com\/avatar\/ea53aa3bf6c9a12d5fde8ce4deff43fef3885ae33cf60184161a50d6987cfd2f?s=96&d=mm&r=g\",\"contentUrl\":\"https:\/\/secure.gravatar.com\/avatar\/ea53aa3bf6c9a12d5fde8ce4deff43fef3885ae33cf60184161a50d6987cfd2f?s=96&d=mm&r=g\",\"caption\":\"admin\"},\"sameAs\":[\"https:\/\/veritasinfo.org\"],\"url\":\"https:\/\/veritasinfo.org\/?author=1\"}]}<\/script>\n<!-- \/ Yoast SEO plugin. -->","yoast_head_json":{"title":"Me\u0111unarodni seminar o jeziku okuplja 150 u\u010desnika iz celog sveta -","robots":{"index":"index","follow":"follow","max-snippet":"max-snippet:-1","max-image-preview":"max-image-preview:large","max-video-preview":"max-video-preview:-1"},"canonical":"https:\/\/veritasinfo.org\/?p=8414&lang=sr","og_locale":"en_US","og_type":"article","og_title":"Me\u0111unarodni seminar o jeziku okuplja 150 u\u010desnika iz celog sveta -","og_description":"Pri\u0161tina, 17. avgust 2025. Me\u0111unarodni seminar za albanski jezik, knji\u017eevnost i kulturu, koji se odr\u017eava od 1974. godine, iz godine u godinu bele\u017ei rast broja","og_url":"https:\/\/veritasinfo.org\/?p=8414&lang=sr","article_published_time":"2025-08-17T09:16:55+00:00","og_image":[{"width":728,"height":430,"url":"https:\/\/veritasinfo.org\/wp-content\/uploads\/2025\/08\/IMG_2574-1.jpeg","type":"image\/jpeg"}],"author":"admin","twitter_card":"summary_large_image","twitter_misc":{"Written by":"admin","Est. reading time":"3 minutes"},"schema":{"@context":"https:\/\/schema.org","@graph":[{"@type":"WebPage","@id":"https:\/\/veritasinfo.org\/?p=8414&lang=sr","url":"https:\/\/veritasinfo.org\/?p=8414&lang=sr","name":"Me\u0111unarodni seminar o jeziku okuplja 150 u\u010desnika iz celog sveta -","isPartOf":{"@id":"https:\/\/veritasinfo.org\/#website"},"primaryImageOfPage":{"@id":"https:\/\/veritasinfo.org\/?p=8414&lang=sr#primaryimage"},"image":{"@id":"https:\/\/veritasinfo.org\/?p=8414&lang=sr#primaryimage"},"thumbnailUrl":"https:\/\/veritasinfo.org\/wp-content\/uploads\/2025\/08\/IMG_2574-1.jpeg","datePublished":"2025-08-17T09:16:55+00:00","author":{"@id":"https:\/\/veritasinfo.org\/#\/schema\/person\/7701f8c088bece422266b100a712374f"},"breadcrumb":{"@id":"https:\/\/veritasinfo.org\/?p=8414&lang=sr#breadcrumb"},"inLanguage":"en-US","potentialAction":[{"@type":"ReadAction","target":["https:\/\/veritasinfo.org\/?p=8414&lang=sr"]}]},{"@type":"ImageObject","inLanguage":"en-US","@id":"https:\/\/veritasinfo.org\/?p=8414&lang=sr#primaryimage","url":"https:\/\/veritasinfo.org\/wp-content\/uploads\/2025\/08\/IMG_2574-1.jpeg","contentUrl":"https:\/\/veritasinfo.org\/wp-content\/uploads\/2025\/08\/IMG_2574-1.jpeg","width":728,"height":430},{"@type":"BreadcrumbList","@id":"https:\/\/veritasinfo.org\/?p=8414&lang=sr#breadcrumb","itemListElement":[{"@type":"ListItem","position":1,"name":"Home","item":"https:\/\/veritasinfo.org\/"},{"@type":"ListItem","position":2,"name":"Me\u0111unarodni seminar o jeziku okuplja 150 u\u010desnika iz celog sveta"}]},{"@type":"WebSite","@id":"https:\/\/veritasinfo.org\/#website","url":"https:\/\/veritasinfo.org\/","name":"","description":"","potentialAction":[{"@type":"SearchAction","target":{"@type":"EntryPoint","urlTemplate":"https:\/\/veritasinfo.org\/?s={search_term_string}"},"query-input":{"@type":"PropertyValueSpecification","valueRequired":true,"valueName":"search_term_string"}}],"inLanguage":"en-US"},{"@type":"Person","@id":"https:\/\/veritasinfo.org\/#\/schema\/person\/7701f8c088bece422266b100a712374f","name":"admin","image":{"@type":"ImageObject","inLanguage":"en-US","@id":"https:\/\/veritasinfo.org\/#\/schema\/person\/image\/","url":"https:\/\/secure.gravatar.com\/avatar\/ea53aa3bf6c9a12d5fde8ce4deff43fef3885ae33cf60184161a50d6987cfd2f?s=96&d=mm&r=g","contentUrl":"https:\/\/secure.gravatar.com\/avatar\/ea53aa3bf6c9a12d5fde8ce4deff43fef3885ae33cf60184161a50d6987cfd2f?s=96&d=mm&r=g","caption":"admin"},"sameAs":["https:\/\/veritasinfo.org"],"url":"https:\/\/veritasinfo.org\/?author=1"}]}},"featured_image_urls":{"full":["https:\/\/veritasinfo.org\/wp-content\/uploads\/2025\/08\/IMG_2574-1.jpeg",728,430,false],"thumbnail":["https:\/\/veritasinfo.org\/wp-content\/uploads\/2025\/08\/IMG_2574-1-150x150.jpeg",150,150,true],"medium":["https:\/\/veritasinfo.org\/wp-content\/uploads\/2025\/08\/IMG_2574-1-300x177.jpeg",300,177,true],"medium_large":["https:\/\/veritasinfo.org\/wp-content\/uploads\/2025\/08\/IMG_2574-1.jpeg",640,378,false],"large":["https:\/\/veritasinfo.org\/wp-content\/uploads\/2025\/08\/IMG_2574-1.jpeg",640,378,false],"1536x1536":["https:\/\/veritasinfo.org\/wp-content\/uploads\/2025\/08\/IMG_2574-1.jpeg",728,430,false],"2048x2048":["https:\/\/veritasinfo.org\/wp-content\/uploads\/2025\/08\/IMG_2574-1.jpeg",728,430,false],"kreeti-slider-full":["https:\/\/veritasinfo.org\/wp-content\/uploads\/2025\/08\/IMG_2574-1.jpeg",728,430,false],"kreeti-featured":["https:\/\/veritasinfo.org\/wp-content\/uploads\/2025\/08\/IMG_2574-1.jpeg",728,430,false],"kreeti-medium":["https:\/\/veritasinfo.org\/wp-content\/uploads\/2025\/08\/IMG_2574-1.jpeg",720,425,false],"kreeti-medium-square":["https:\/\/veritasinfo.org\/wp-content\/uploads\/2025\/08\/IMG_2574-1.jpeg",350,207,false]},"author_info":{"info":["admin"]},"category_info":"<a href=\"https:\/\/veritasinfo.org\/?cat=34&#038;lang=sr\" rel=\"category\">Kultura<\/a>","tag_info":"Kultura","comment_count":"0","_links":{"self":[{"href":"https:\/\/veritasinfo.org\/index.php?rest_route=\/wp\/v2\/posts\/8414","targetHints":{"allow":["GET"]}}],"collection":[{"href":"https:\/\/veritasinfo.org\/index.php?rest_route=\/wp\/v2\/posts"}],"about":[{"href":"https:\/\/veritasinfo.org\/index.php?rest_route=\/wp\/v2\/types\/post"}],"author":[{"embeddable":true,"href":"https:\/\/veritasinfo.org\/index.php?rest_route=\/wp\/v2\/users\/1"}],"replies":[{"embeddable":true,"href":"https:\/\/veritasinfo.org\/index.php?rest_route=%2Fwp%2Fv2%2Fcomments&post=8414"}],"version-history":[{"count":1,"href":"https:\/\/veritasinfo.org\/index.php?rest_route=\/wp\/v2\/posts\/8414\/revisions"}],"predecessor-version":[{"id":8415,"href":"https:\/\/veritasinfo.org\/index.php?rest_route=\/wp\/v2\/posts\/8414\/revisions\/8415"}],"wp:featuredmedia":[{"embeddable":true,"href":"https:\/\/veritasinfo.org\/index.php?rest_route=\/wp\/v2\/media\/8412"}],"wp:attachment":[{"href":"https:\/\/veritasinfo.org\/index.php?rest_route=%2Fwp%2Fv2%2Fmedia&parent=8414"}],"wp:term":[{"taxonomy":"category","embeddable":true,"href":"https:\/\/veritasinfo.org\/index.php?rest_route=%2Fwp%2Fv2%2Fcategories&post=8414"},{"taxonomy":"post_tag","embeddable":true,"href":"https:\/\/veritasinfo.org\/index.php?rest_route=%2Fwp%2Fv2%2Ftags&post=8414"}],"curies":[{"name":"wp","href":"https:\/\/api.w.org\/{rel}","templated":true}]}}