{"id":8411,"date":"2025-08-17T10:55:09","date_gmt":"2025-08-17T08:55:09","guid":{"rendered":"https:\/\/veritasinfo.org\/?p=8411"},"modified":"2025-08-17T10:55:09","modified_gmt":"2025-08-17T08:55:09","slug":"seminari-nderkombetar-per-gjuhen-mbledh-150-pjesemarres-nga-e-gjithe-bota","status":"publish","type":"post","link":"https:\/\/veritasinfo.org\/?p=8411","title":{"rendered":"Seminari nd\u00ebrkomb\u00ebtar p\u00ebr Gjuh\u00ebn mbledh 150 pjes\u00ebmarr\u00ebs nga e gjith\u00eb bota"},"content":{"rendered":"<p>Prishtin\u00eb, 17 Gusht 2025<\/p>\n<p><strong>Seminari nd\u00ebrkomb\u00ebtar p\u00ebr Gjuh\u00ebn, Let\u00ebrsin\u00eb dhe Kultur\u00ebn Shqiptare, i cili mbahet q\u00eb nga viti 1974, po rritet \u00e7do vit me numrin e pjes\u00ebmarr\u00ebsve t\u00eb huaj nga mbar\u00eb bota, p\u00ebrfshir\u00eb SHBA-t\u00eb, Kin\u00ebn, Rusin\u00eb, Turqin\u00eb, Sirin\u00eb dhe shum\u00eb shtete evropiane.<\/strong><\/p>\n<p>N\u00eb edicionin e 43-t\u00eb, k\u00ebt\u00eb vit do t\u00eb marrin pjes\u00eb 150 pjes\u00ebmarr\u00ebs aktiv\u00eb me punime, referime dhe ligj\u00ebrata shkencore.<\/p>\n<p>P\u00ebrve\u00e7 aktiviteteve akademike, gjat\u00eb 12 dit\u00ebve t\u00eb seminarit, pjes\u00ebmarr\u00ebsit do t\u00eb ken\u00eb mund\u00ebsi t\u00eb vizitojn\u00eb bukurit\u00eb natyrore t\u00eb Kosov\u00ebs, qytetin e Pej\u00ebs, si dhe t\u00eb marrin pjes\u00eb n\u00eb koncerte, ku do t\u00eb p\u00ebrformoj\u00eb edhe nj\u00eb grup arb\u00ebresh nga Kalabria.<\/p>\n<p>Drejtoresha e seminarit, Lindita Sejdiu, ka theksuar r\u00ebnd\u00ebsin\u00eb e k\u00ebtij aktiviteti p\u00ebr studimet albanologjike dhe p\u00ebr shtetin e Kosov\u00ebs.<\/p>\n<p>Sejdiu ka th\u00ebn\u00eb p\u00ebr KosovaPress, se seminari ka r\u00ebnd\u00ebsi edhe pedagogjike, p\u00ebr arsye se do t\u00eb ofrohen kurse t\u00eb gjuh\u00ebs shqipe p\u00ebr student\u00ebt nga e mbar\u00eb bota p\u00ebr ta m\u00ebsuar shqipen dhe kultur\u00ebn e saj.<\/p>\n<p>\u201cSeminari nd\u00ebrkomb\u00ebtar p\u00ebr Gjuh\u00ebn, Let\u00ebrsin\u00eb dhe Kultur\u00ebn Shqiptare ka nj\u00eb r\u00ebnd\u00ebsi t\u00eb ve\u00e7ant\u00eb p\u00ebr studimet albanologjike n\u00eb p\u00ebrgjith\u00ebsi, por edhe p\u00ebr vet\u00eb shtetin e Kosov\u00ebs.. N\u00eb koh\u00ebn kur Shqip\u00ebria ka qen\u00eb e izoluar, seminari ka qen\u00eb ajo ura lidh\u00ebse nd\u00ebrmjet shqiptar\u00ebve n\u00eb Kosov\u00eb dhe, p\u00ebr shembull, arb\u00ebresh\u00ebve n\u00eb Itali ose n\u00eb diaspor\u00ebn historike. Seminari ka edhe r\u00ebnd\u00ebsi pedagogjike, jo vet\u00ebm shkencore, p\u00ebr arsye se ofrohen kurse t\u00eb gjuh\u00ebs shqipe, n\u00eb disa nivele vijn\u00eb studiues, student\u00eb edhe t\u00eb tjer\u00eb nga mbar\u00eb bota p\u00ebr ta m\u00ebsuar shqipen, p\u00ebr t\u2019u njohur p\u00ebr s\u00eb af\u00ebrmi me shqiptar\u00ebt dhe \u00ebsht\u00eb nj\u00eb lloj promovimi i shqipes dhe albanologjis\u00eb p\u00ebrgjith\u00ebsisht\u201d, ka th\u00ebn\u00eb Sejdiu.<\/p>\n<p>Ajo kujtoi tradit\u00ebn e gjat\u00eb t\u00eb k\u00ebtij aktiviteti dhe suksesin e tij.<\/p>\n<p>Sejdiu \u00ebsht\u00eb shprehur se \u00ebsht\u00eb dashur t\u2019i refuzojn\u00eb disa aplikacione nga interesimi shum\u00eb i madh i njer\u00ebzve, pasi q\u00eb nuk kan\u00eb pasur mund\u00ebsi financiare t\u2019i mbulojn\u00eb t\u00eb gjitha.<\/p>\n<p>\u201cKy seminar \u00ebsht\u00eb tradicional, zhvillohet q\u00eb nga viti 1974. \u00cbsht\u00eb treguar shum\u00eb i suksessh\u00ebm dhe prandaj edhe e kemi vazhduar, ka pasur disa nd\u00ebrprerje natyrisht gjat\u00eb situatave t\u00eb r\u00ebnduara n\u00eb Kosov\u00eb, sivjet \u00ebsht\u00eb edicioni i dyzet e tret\u00eb po vijn\u00eb kaq shum\u00eb studiues, ka kaq shum\u00eb interesim, \u00ebsht\u00eb dashur edhe t\u2019i refuzojm\u00eb disa aplikacione, se nuk kemi pasur mund\u00ebsi financiare t\u2019i mbulojm\u00eb t\u00eb gjitha. Kjo tregon q\u00eb shqipja ende \u00ebsht\u00eb gjuh\u00eb interesante, gjuh\u00eb e r\u00ebnd\u00ebsishme p\u00ebr studiuesit e huaj\u201d, \u00ebsht\u00eb shprehur ajo.<\/p>\n<p>Drejtoresha e seminarit, Lindita Sejdiu, ka theksuar gjithashtu rolin e seminarit n\u00eb forcimin e institucioneve dhe lidhjeve nd\u00ebrkomb\u00ebtare.<\/p>\n<p>Ajo ka shtuar se p\u00ebrve\u00e7 temave nga gjuh\u00ebsia dhe let\u00ebrsia, do t\u00eb ket\u00eb edhe fusha tjera nga historia dhe antropologjia.<\/p>\n<p>\u201c\u00cbsht\u00eb nj\u00eb shtyll\u00eb shum\u00eb e r\u00ebnd\u00ebsishme q\u00eb ka ndihmuar edhe n\u00eb pavar\u00ebsimin e Kosov\u00ebs, edhe n\u00eb forcimin e Universitetit t\u00eb Prishtin\u00ebs, n\u00eb krijimin e lidhjeve nd\u00ebrkomb\u00ebtare q\u00eb i kemi si institucion, por \u00ebsht\u00eb nj\u00eb institucion n\u00eb vete q\u00eb do t\u00eb duhej p\u00ebrkrahur aq sa ket\u00eb shqiptar\u00eb k\u00ebtu.. Tema t\u00eb ndryshme jo vet\u00ebm nga gjuh\u00ebsia dhe let\u00ebrsia, jemi p\u00ebrpjekur t\u00eb mbulojm\u00eb edhe fusha tjera nga historia, nga antropologjia, nga studimet shoq\u00ebrore n\u00eb p\u00ebrgjith\u00ebsi\u201d, ka theksuar Sejdiu.<\/p>\n<p>Hapja solemne do t\u00eb mbahet m\u00eb 18 gusht, n\u00eb Institutin Historik n\u00eb Prishtin\u00eb \u201cAli Hadri\u201d, nd\u00ebrsa ligj\u00ebrata e par\u00eb do t\u00eb mbahet n\u00eb ora 18:00 dhe do t\u00eb p\u00ebrfundoj\u00eb m\u00eb 29 gusht t\u00eb k\u00ebtij viti.<\/p>\n","protected":false},"excerpt":{"rendered":"<p>Prishtin\u00eb, 17 Gusht 2025 Seminari nd\u00ebrkomb\u00ebtar p\u00ebr Gjuh\u00ebn, Let\u00ebrsin\u00eb dhe Kultur\u00ebn Shqiptare, i cili mbahet q\u00eb nga viti 1974, po rritet \u00e7do vit me numrin<\/p>\n","protected":false},"author":1,"featured_media":8412,"comment_status":"open","ping_status":"open","sticky":false,"template":"","format":"standard","meta":{"footnotes":""},"categories":[54],"tags":[],"class_list":["post-8411","post","type-post","status-publish","format-standard","has-post-thumbnail","hentry","category-kulture-sq"],"yoast_head":"<!-- This site is optimized with the Yoast SEO plugin v25.3.1 - https:\/\/yoast.com\/wordpress\/plugins\/seo\/ -->\n<title>Seminari nd\u00ebrkomb\u00ebtar p\u00ebr Gjuh\u00ebn mbledh 150 pjes\u00ebmarr\u00ebs nga e gjith\u00eb bota -<\/title>\n<meta name=\"robots\" content=\"index, follow, max-snippet:-1, max-image-preview:large, max-video-preview:-1\" \/>\n<link rel=\"canonical\" href=\"https:\/\/veritasinfo.org\/?p=8411\" \/>\n<meta property=\"og:locale\" content=\"en_US\" \/>\n<meta property=\"og:type\" content=\"article\" \/>\n<meta property=\"og:title\" content=\"Seminari nd\u00ebrkomb\u00ebtar p\u00ebr Gjuh\u00ebn mbledh 150 pjes\u00ebmarr\u00ebs nga e gjith\u00eb bota -\" \/>\n<meta property=\"og:description\" content=\"Prishtin\u00eb, 17 Gusht 2025 Seminari nd\u00ebrkomb\u00ebtar p\u00ebr Gjuh\u00ebn, Let\u00ebrsin\u00eb dhe Kultur\u00ebn Shqiptare, i cili mbahet q\u00eb nga viti 1974, po rritet \u00e7do vit me numrin\" \/>\n<meta property=\"og:url\" content=\"https:\/\/veritasinfo.org\/?p=8411\" \/>\n<meta property=\"article:published_time\" content=\"2025-08-17T08:55:09+00:00\" \/>\n<meta property=\"og:image\" content=\"https:\/\/veritasinfo.org\/wp-content\/uploads\/2025\/08\/IMG_2574-1.jpeg\" \/>\n\t<meta property=\"og:image:width\" content=\"728\" \/>\n\t<meta property=\"og:image:height\" content=\"430\" \/>\n\t<meta property=\"og:image:type\" content=\"image\/jpeg\" \/>\n<meta name=\"author\" content=\"admin\" \/>\n<meta name=\"twitter:card\" content=\"summary_large_image\" \/>\n<meta name=\"twitter:label1\" content=\"Written by\" \/>\n\t<meta name=\"twitter:data1\" content=\"admin\" \/>\n\t<meta name=\"twitter:label2\" content=\"Est. reading time\" \/>\n\t<meta name=\"twitter:data2\" content=\"3 minutes\" \/>\n<script type=\"application\/ld+json\" class=\"yoast-schema-graph\">{\"@context\":\"https:\/\/schema.org\",\"@graph\":[{\"@type\":\"WebPage\",\"@id\":\"https:\/\/veritasinfo.org\/?p=8411\",\"url\":\"https:\/\/veritasinfo.org\/?p=8411\",\"name\":\"Seminari nd\u00ebrkomb\u00ebtar p\u00ebr Gjuh\u00ebn mbledh 150 pjes\u00ebmarr\u00ebs nga e gjith\u00eb bota -\",\"isPartOf\":{\"@id\":\"https:\/\/veritasinfo.org\/#website\"},\"primaryImageOfPage\":{\"@id\":\"https:\/\/veritasinfo.org\/?p=8411#primaryimage\"},\"image\":{\"@id\":\"https:\/\/veritasinfo.org\/?p=8411#primaryimage\"},\"thumbnailUrl\":\"https:\/\/veritasinfo.org\/wp-content\/uploads\/2025\/08\/IMG_2574-1.jpeg\",\"datePublished\":\"2025-08-17T08:55:09+00:00\",\"author\":{\"@id\":\"https:\/\/veritasinfo.org\/#\/schema\/person\/7701f8c088bece422266b100a712374f\"},\"breadcrumb\":{\"@id\":\"https:\/\/veritasinfo.org\/?p=8411#breadcrumb\"},\"inLanguage\":\"en-US\",\"potentialAction\":[{\"@type\":\"ReadAction\",\"target\":[\"https:\/\/veritasinfo.org\/?p=8411\"]}]},{\"@type\":\"ImageObject\",\"inLanguage\":\"en-US\",\"@id\":\"https:\/\/veritasinfo.org\/?p=8411#primaryimage\",\"url\":\"https:\/\/veritasinfo.org\/wp-content\/uploads\/2025\/08\/IMG_2574-1.jpeg\",\"contentUrl\":\"https:\/\/veritasinfo.org\/wp-content\/uploads\/2025\/08\/IMG_2574-1.jpeg\",\"width\":728,\"height\":430},{\"@type\":\"BreadcrumbList\",\"@id\":\"https:\/\/veritasinfo.org\/?p=8411#breadcrumb\",\"itemListElement\":[{\"@type\":\"ListItem\",\"position\":1,\"name\":\"Home\",\"item\":\"https:\/\/veritasinfo.org\/\"},{\"@type\":\"ListItem\",\"position\":2,\"name\":\"Seminari nd\u00ebrkomb\u00ebtar p\u00ebr Gjuh\u00ebn mbledh 150 pjes\u00ebmarr\u00ebs nga e gjith\u00eb bota\"}]},{\"@type\":\"WebSite\",\"@id\":\"https:\/\/veritasinfo.org\/#website\",\"url\":\"https:\/\/veritasinfo.org\/\",\"name\":\"\",\"description\":\"\",\"potentialAction\":[{\"@type\":\"SearchAction\",\"target\":{\"@type\":\"EntryPoint\",\"urlTemplate\":\"https:\/\/veritasinfo.org\/?s={search_term_string}\"},\"query-input\":{\"@type\":\"PropertyValueSpecification\",\"valueRequired\":true,\"valueName\":\"search_term_string\"}}],\"inLanguage\":\"en-US\"},{\"@type\":\"Person\",\"@id\":\"https:\/\/veritasinfo.org\/#\/schema\/person\/7701f8c088bece422266b100a712374f\",\"name\":\"admin\",\"image\":{\"@type\":\"ImageObject\",\"inLanguage\":\"en-US\",\"@id\":\"https:\/\/veritasinfo.org\/#\/schema\/person\/image\/\",\"url\":\"https:\/\/secure.gravatar.com\/avatar\/ea53aa3bf6c9a12d5fde8ce4deff43fef3885ae33cf60184161a50d6987cfd2f?s=96&d=mm&r=g\",\"contentUrl\":\"https:\/\/secure.gravatar.com\/avatar\/ea53aa3bf6c9a12d5fde8ce4deff43fef3885ae33cf60184161a50d6987cfd2f?s=96&d=mm&r=g\",\"caption\":\"admin\"},\"sameAs\":[\"https:\/\/veritasinfo.org\"],\"url\":\"https:\/\/veritasinfo.org\/?author=1\"}]}<\/script>\n<!-- \/ Yoast SEO plugin. -->","yoast_head_json":{"title":"Seminari nd\u00ebrkomb\u00ebtar p\u00ebr Gjuh\u00ebn mbledh 150 pjes\u00ebmarr\u00ebs nga e gjith\u00eb bota -","robots":{"index":"index","follow":"follow","max-snippet":"max-snippet:-1","max-image-preview":"max-image-preview:large","max-video-preview":"max-video-preview:-1"},"canonical":"https:\/\/veritasinfo.org\/?p=8411","og_locale":"en_US","og_type":"article","og_title":"Seminari nd\u00ebrkomb\u00ebtar p\u00ebr Gjuh\u00ebn mbledh 150 pjes\u00ebmarr\u00ebs nga e gjith\u00eb bota -","og_description":"Prishtin\u00eb, 17 Gusht 2025 Seminari nd\u00ebrkomb\u00ebtar p\u00ebr Gjuh\u00ebn, Let\u00ebrsin\u00eb dhe Kultur\u00ebn Shqiptare, i cili mbahet q\u00eb nga viti 1974, po rritet \u00e7do vit me numrin","og_url":"https:\/\/veritasinfo.org\/?p=8411","article_published_time":"2025-08-17T08:55:09+00:00","og_image":[{"width":728,"height":430,"url":"https:\/\/veritasinfo.org\/wp-content\/uploads\/2025\/08\/IMG_2574-1.jpeg","type":"image\/jpeg"}],"author":"admin","twitter_card":"summary_large_image","twitter_misc":{"Written by":"admin","Est. reading time":"3 minutes"},"schema":{"@context":"https:\/\/schema.org","@graph":[{"@type":"WebPage","@id":"https:\/\/veritasinfo.org\/?p=8411","url":"https:\/\/veritasinfo.org\/?p=8411","name":"Seminari nd\u00ebrkomb\u00ebtar p\u00ebr Gjuh\u00ebn mbledh 150 pjes\u00ebmarr\u00ebs nga e gjith\u00eb bota -","isPartOf":{"@id":"https:\/\/veritasinfo.org\/#website"},"primaryImageOfPage":{"@id":"https:\/\/veritasinfo.org\/?p=8411#primaryimage"},"image":{"@id":"https:\/\/veritasinfo.org\/?p=8411#primaryimage"},"thumbnailUrl":"https:\/\/veritasinfo.org\/wp-content\/uploads\/2025\/08\/IMG_2574-1.jpeg","datePublished":"2025-08-17T08:55:09+00:00","author":{"@id":"https:\/\/veritasinfo.org\/#\/schema\/person\/7701f8c088bece422266b100a712374f"},"breadcrumb":{"@id":"https:\/\/veritasinfo.org\/?p=8411#breadcrumb"},"inLanguage":"en-US","potentialAction":[{"@type":"ReadAction","target":["https:\/\/veritasinfo.org\/?p=8411"]}]},{"@type":"ImageObject","inLanguage":"en-US","@id":"https:\/\/veritasinfo.org\/?p=8411#primaryimage","url":"https:\/\/veritasinfo.org\/wp-content\/uploads\/2025\/08\/IMG_2574-1.jpeg","contentUrl":"https:\/\/veritasinfo.org\/wp-content\/uploads\/2025\/08\/IMG_2574-1.jpeg","width":728,"height":430},{"@type":"BreadcrumbList","@id":"https:\/\/veritasinfo.org\/?p=8411#breadcrumb","itemListElement":[{"@type":"ListItem","position":1,"name":"Home","item":"https:\/\/veritasinfo.org\/"},{"@type":"ListItem","position":2,"name":"Seminari nd\u00ebrkomb\u00ebtar p\u00ebr Gjuh\u00ebn mbledh 150 pjes\u00ebmarr\u00ebs nga e gjith\u00eb bota"}]},{"@type":"WebSite","@id":"https:\/\/veritasinfo.org\/#website","url":"https:\/\/veritasinfo.org\/","name":"","description":"","potentialAction":[{"@type":"SearchAction","target":{"@type":"EntryPoint","urlTemplate":"https:\/\/veritasinfo.org\/?s={search_term_string}"},"query-input":{"@type":"PropertyValueSpecification","valueRequired":true,"valueName":"search_term_string"}}],"inLanguage":"en-US"},{"@type":"Person","@id":"https:\/\/veritasinfo.org\/#\/schema\/person\/7701f8c088bece422266b100a712374f","name":"admin","image":{"@type":"ImageObject","inLanguage":"en-US","@id":"https:\/\/veritasinfo.org\/#\/schema\/person\/image\/","url":"https:\/\/secure.gravatar.com\/avatar\/ea53aa3bf6c9a12d5fde8ce4deff43fef3885ae33cf60184161a50d6987cfd2f?s=96&d=mm&r=g","contentUrl":"https:\/\/secure.gravatar.com\/avatar\/ea53aa3bf6c9a12d5fde8ce4deff43fef3885ae33cf60184161a50d6987cfd2f?s=96&d=mm&r=g","caption":"admin"},"sameAs":["https:\/\/veritasinfo.org"],"url":"https:\/\/veritasinfo.org\/?author=1"}]}},"featured_image_urls":{"full":["https:\/\/veritasinfo.org\/wp-content\/uploads\/2025\/08\/IMG_2574-1.jpeg",728,430,false],"thumbnail":["https:\/\/veritasinfo.org\/wp-content\/uploads\/2025\/08\/IMG_2574-1-150x150.jpeg",150,150,true],"medium":["https:\/\/veritasinfo.org\/wp-content\/uploads\/2025\/08\/IMG_2574-1-300x177.jpeg",300,177,true],"medium_large":["https:\/\/veritasinfo.org\/wp-content\/uploads\/2025\/08\/IMG_2574-1.jpeg",640,378,false],"large":["https:\/\/veritasinfo.org\/wp-content\/uploads\/2025\/08\/IMG_2574-1.jpeg",640,378,false],"1536x1536":["https:\/\/veritasinfo.org\/wp-content\/uploads\/2025\/08\/IMG_2574-1.jpeg",728,430,false],"2048x2048":["https:\/\/veritasinfo.org\/wp-content\/uploads\/2025\/08\/IMG_2574-1.jpeg",728,430,false],"kreeti-slider-full":["https:\/\/veritasinfo.org\/wp-content\/uploads\/2025\/08\/IMG_2574-1.jpeg",728,430,false],"kreeti-featured":["https:\/\/veritasinfo.org\/wp-content\/uploads\/2025\/08\/IMG_2574-1.jpeg",728,430,false],"kreeti-medium":["https:\/\/veritasinfo.org\/wp-content\/uploads\/2025\/08\/IMG_2574-1.jpeg",720,425,false],"kreeti-medium-square":["https:\/\/veritasinfo.org\/wp-content\/uploads\/2025\/08\/IMG_2574-1.jpeg",350,207,false]},"author_info":{"info":["admin"]},"category_info":"<a href=\"https:\/\/veritasinfo.org\/?cat=54\" rel=\"category\">Kultur\u00eb<\/a>","tag_info":"Kultur\u00eb","comment_count":"0","_links":{"self":[{"href":"https:\/\/veritasinfo.org\/index.php?rest_route=\/wp\/v2\/posts\/8411","targetHints":{"allow":["GET"]}}],"collection":[{"href":"https:\/\/veritasinfo.org\/index.php?rest_route=\/wp\/v2\/posts"}],"about":[{"href":"https:\/\/veritasinfo.org\/index.php?rest_route=\/wp\/v2\/types\/post"}],"author":[{"embeddable":true,"href":"https:\/\/veritasinfo.org\/index.php?rest_route=\/wp\/v2\/users\/1"}],"replies":[{"embeddable":true,"href":"https:\/\/veritasinfo.org\/index.php?rest_route=%2Fwp%2Fv2%2Fcomments&post=8411"}],"version-history":[{"count":1,"href":"https:\/\/veritasinfo.org\/index.php?rest_route=\/wp\/v2\/posts\/8411\/revisions"}],"predecessor-version":[{"id":8413,"href":"https:\/\/veritasinfo.org\/index.php?rest_route=\/wp\/v2\/posts\/8411\/revisions\/8413"}],"wp:featuredmedia":[{"embeddable":true,"href":"https:\/\/veritasinfo.org\/index.php?rest_route=\/wp\/v2\/media\/8412"}],"wp:attachment":[{"href":"https:\/\/veritasinfo.org\/index.php?rest_route=%2Fwp%2Fv2%2Fmedia&parent=8411"}],"wp:term":[{"taxonomy":"category","embeddable":true,"href":"https:\/\/veritasinfo.org\/index.php?rest_route=%2Fwp%2Fv2%2Fcategories&post=8411"},{"taxonomy":"post_tag","embeddable":true,"href":"https:\/\/veritasinfo.org\/index.php?rest_route=%2Fwp%2Fv2%2Ftags&post=8411"}],"curies":[{"name":"wp","href":"https:\/\/api.w.org\/{rel}","templated":true}]}}