{"id":8380,"date":"2025-08-17T09:00:34","date_gmt":"2025-08-17T07:00:34","guid":{"rendered":"https:\/\/veritasinfo.org\/?p=8380"},"modified":"2025-08-17T09:00:34","modified_gmt":"2025-08-17T07:00:34","slug":"collaku-marreveshja-ushtarake-kosove-shqiperi-kroaci-eshte-garanci-per-sigurine-dhe-konsolidimin-e-ushtrise-se-kosoves","status":"publish","type":"post","link":"https:\/\/veritasinfo.org\/?p=8380","title":{"rendered":"\u00c7ollaku: Marr\u00ebveshja ushtarake Kosov\u00eb-Shqip\u00ebri-Kroaci \u00ebsht\u00eb garanci p\u00ebr sigurin\u00eb dhe konsolidimin e ushtris\u00eb s\u00eb Kosov\u00ebs"},"content":{"rendered":"<p>Prishtin\u00eb, 17 Gusht 2025<\/p>\n<p>Kosova ka m\u00eb shum\u00eb nevoj\u00eb se \u00e7do shtet tjet\u00ebr t\u00eb p\u00ebrfshihet n\u00eb format e asocimit dhe aleancat ushtarake, si marr\u00ebveshja me Shqip\u00ebrin\u00eb dhe Kroacin\u00eb, pasi si shtet i ri dhe n\u00eb aspektin ushtarak ende nuk \u00ebsht\u00eb konsoliduar sa duhet, ka deklaruar profesori universitar i kriminalistik\u00ebs, Fatmir \u00c7ollaku, n\u00eb nj\u00eb intervist\u00eb p\u00ebr Ekonomia Online.<\/p>\n<p>Kosova, Shqip\u00ebria dhe Kroacia kan\u00eb n\u00ebnshkruar nj\u00eb marr\u00ebveshje trepal\u00ebshe p\u00ebr bashk\u00ebpunim ushtarak, e cila p\u00ebrve\u00e7 trajnimeve t\u00eb p\u00ebrbashk\u00ebta dhe shk\u00ebmbimit t\u00eb p\u00ebrvojave, synon edhe blerjen e p\u00ebrbashk\u00ebt t\u00eb arm\u00ebve nga Shtetet e Bashkuara t\u00eb Amerik\u00ebs.<\/p>\n<p>\u00c7ollaku, ka vler\u00ebsuar se ky \u00ebsht\u00eb nj\u00eb hap i r\u00ebnd\u00ebsish\u00ebm p\u00ebr forcimin e siguris\u00eb dhe konsolidimin e ushtris\u00eb s\u00eb Kosov\u00ebs, duke theksuar se nj\u00eb shtet i ri si Kosova ka m\u00eb shum\u00eb nevoj\u00eb se \u00e7do vend tjet\u00ebr t\u00eb p\u00ebrfshihet n\u00eb aleanca t\u00eb tilla.<\/p>\n<p>\u201cFormat e asocimit mes shteteve, pra organizimet e ndryshme, forumet e ndryshme dhe \u00e7do mekaniz\u00ebm tjet\u00ebr organizativ i aleancave t\u00eb ndryshme t\u00eb niveleve t\u00eb ul\u00ebta dhe n\u00eb nivele m\u00eb t\u00eb larta jan\u00eb t\u00eb mir\u00ebseardhura p\u00ebr ato shtete, sepse \u00ebsht\u00eb nj\u00eb bashk\u00ebrenditje e aktiviteteve, \u00ebsht\u00eb nj\u00eb zyrtarizim i bashk\u00ebpunimit dhe miq\u00ebsis\u00eb n\u00eb fush\u00ebn \u2013 n\u00eb k\u00ebt\u00eb rast \u2013 t\u00eb mbrojtjes, p\u00ebr t\u00eb qen\u00eb m\u00eb t\u00eb sigurta nga kushdo qoft\u00eb q\u00eb e sfidon sigurin\u00eb nacionale t\u00eb k\u00ebtyre shteteve. N\u00eb k\u00ebt\u00eb rast Kosova ka m\u00eb shum\u00eb nevoj\u00eb se \u00e7do shtet tjet\u00ebr t\u00eb p\u00ebrfshihet n\u00eb k\u00ebto forma t\u00eb asocimit, n\u00eb k\u00ebto aleanca, sepse Kosova \u00ebsht\u00eb nj\u00eb shtet i ri, nj\u00ebkoh\u00ebsisht n\u00eb aspektin ushtarak \u00ebsht\u00eb ende i pakonsoliduar si shtet sa duhet dhe k\u00ebto forma t\u00eb bashk\u00ebpunimit dhe aleanca t\u00eb ndryshme, si\u00e7 \u00ebsht\u00eb kjo me Shqip\u00ebrin\u00eb dhe Kroacin\u00eb, jan\u00eb jasht\u00ebzakonisht t\u00eb mir\u00ebseardhura dhe Kosova p\u00ebrfiton shum\u00eb, sepse merr p\u00ebrvoja nga shtete q\u00eb jan\u00eb m\u00eb t\u00eb konsoliduara ushtarakisht. Prandaj shtetet p\u00ebr t\u00eb cilat po flasim \u2013 Shqip\u00ebria si shtet am\u00eb, por edhe Kroacia si shtet historik mik i Kosov\u00ebs, me nj\u00eb ushtri t\u00eb konsoliduar, me nj\u00eb ushtri moderne, an\u00ebtare e NATO-s, an\u00ebtare e Unionit Evropian \u2013 jan\u00eb rrethana t\u00eb cilat leht\u00ebsojn\u00eb, ndihmojn\u00eb dhe interferojn\u00eb n\u00eb zhvillimin dhe perspektiv\u00ebn e Kosov\u00ebs\u201d, ka th\u00ebn\u00eb \u00c7ollaku.<\/p>\n<p>Ai ka theksuar se epilogu i k\u00ebtij bashk\u00ebpunimi duhet t\u00eb jet\u00eb jasht\u00ebzakonisht pozitiv n\u00eb fush\u00ebn e siguris\u00eb dhe mbrojtjes, duke ndihmuar n\u00eb stabilizimin dhe konsolidimin e Kosov\u00ebs.<\/p>\n<p>\u201cN\u00eb p\u00ebrgjith\u00ebsi epilogu, rezultati duhet q\u00eb t\u00eb jet\u00eb pozitiv, jasht\u00ebzakonisht pozitiv n\u00eb fush\u00ebn e siguris\u00eb, n\u00eb fush\u00ebn e mbrojtjes q\u00eb \u00ebsht\u00eb fusha m\u00eb delikate dhe shum\u00eb e nevojshme p\u00ebr Kosov\u00ebn, q\u00eb t\u00eb stabilizohet, t\u00eb konsolidohet, e t\u00eb jet\u00eb n\u00eb gjendje t\u00eb sfidohet pozitivisht nga kushdo qoft\u00eb q\u00eb ia m\u00ebsyn Kosov\u00ebs\u201d, \u00ebsht\u00eb shprehur ai.<\/p>\n<p>Sipas tij, zhvillimi i ushtris\u00eb s\u00eb Kosov\u00ebs n\u00eb bashk\u00ebpunim me ushtrin\u00eb e Shqip\u00ebris\u00eb dhe Kroacis\u00eb \u00ebsht\u00eb nj\u00eb themel i r\u00ebnd\u00ebsish\u00ebm p\u00ebr konsolidimin e vendit dhe p\u00ebrgatitjen e tij p\u00ebr nj\u00eb t\u00eb ardhme kur n\u00eb Kosov\u00eb mund t\u00eb mos jet\u00eb m\u00eb NATO p\u00ebrmes KFOR-it.<\/p>\n<p>\u201cZhvillimi i ushtris\u00eb s\u00eb Kosov\u00ebs n\u00eb bashk\u00ebpunim me ushtrin\u00eb e Shqip\u00ebris\u00eb dhe Kroacis\u00eb \u00ebsht\u00eb nj\u00eb segment, nj\u00eb fundamentim i k\u00ebtij bashk\u00ebpunimi n\u00eb konsolidimin e Kosov\u00ebs, q\u00eb n\u00eb nj\u00eb t\u00eb ardhme q\u00eb mund t\u00eb mos jet\u00eb m\u00eb NATO k\u00ebtu \u2013 p\u00ebrkat\u00ebsisht KFOR-i \u2013 Kosova t\u00eb jet\u00eb e zonja e vet me miqt\u00eb, me k\u00ebto aleanca, me k\u00ebto zyrtarizime t\u00eb bashk\u00ebpunimeve, q\u00eb t\u00eb mbrohet. Dihet t\u00eb gjith\u00eb q\u00eb edhe Shqip\u00ebria, edhe Kroacia, edhe Kosova nuk kan\u00eb ndonj\u00eb shtet t\u00eb cilit i frikohen n\u00eb kuptimin e destabilizimit dhe agresionit t\u00eb mundsh\u00ebm, por vet\u00ebm Serbis\u00eb. Prandaj edhe Kroacia e ka armik historik Serbin\u00eb, edhe Kosova e ka armik Serbin\u00eb, edhe Shqip\u00ebria terthorazi e ka armik Serbin\u00eb. Prandaj n\u00eb k\u00ebto rrethana, m\u00eb vjen keq q\u00eb them k\u00ebshtu, por kjo \u00ebsht\u00eb realitet: k\u00ebto tri shtete jan\u00eb n\u00eb aleanc\u00eb t\u00eb ngusht\u00eb dhe ky zyrtarizim i k\u00ebtij bashk\u00ebpunimi \u00ebsht\u00eb nj\u00eb gurthemel dhe garancion i nj\u00eb bashk\u00ebpunimi t\u00eb q\u00ebndruesh\u00ebm, t\u00eb gatsh\u00ebm dhe t\u00eb nevojsh\u00ebm p\u00ebr tri shtetet, e n\u00eb ve\u00e7anti p\u00ebr Kosov\u00ebn\u201d, ka deklaruar \u00c7ollaku.<\/p>\n<p>Marr\u00ebveshja trepal\u00ebshe e n\u00ebnshkruar n\u00eb Zagreb nga ministrat e Mbrojtjes s\u00eb Kosov\u00ebs, Shqip\u00ebris\u00eb dhe Kroacis\u00eb parasheh bashk\u00ebpunim n\u00eb trajnimet e p\u00ebrbashk\u00ebta ushtarake, shk\u00ebmbimin e p\u00ebrvojave dhe koordinimin n\u00eb fush\u00ebn e siguris\u00eb.<\/p>\n<p>Sipas deklarimeve zyrtare, kjo marr\u00ebveshje ka p\u00ebr q\u00ebllim forcimin e kapaciteteve mbrojt\u00ebse t\u00eb vendeve n\u00ebnshkruese dhe rritjen e nd\u00ebrveprueshm\u00ebris\u00eb me standardet e NATO-s.<\/p>\n<p>N\u00eb kuad\u00ebr t\u00eb saj, tre shtetet kan\u00eb paralajm\u00ebruar edhe blerje t\u00eb p\u00ebrbashk\u00ebt t\u00eb armatimeve nga Shtetet e Bashkuara t\u00eb Amerik\u00ebs, me synimin p\u00ebr t\u00eb standardizuar pajisjet ushtarake dhe p\u00ebr t\u00eb ulur kostot e furnizimit.<\/p>\n<p>&nbsp;<\/p>\n","protected":false},"excerpt":{"rendered":"<p>Prishtin\u00eb, 17 Gusht 2025 Kosova ka m\u00eb shum\u00eb nevoj\u00eb se \u00e7do shtet tjet\u00ebr t\u00eb p\u00ebrfshihet n\u00eb format e asocimit dhe aleancat ushtarake, si marr\u00ebveshja me<\/p>\n","protected":false},"author":1,"featured_media":8381,"comment_status":"open","ping_status":"open","sticky":false,"template":"","format":"standard","meta":{"footnotes":""},"categories":[58],"tags":[],"class_list":["post-8380","post","type-post","status-publish","format-standard","has-post-thumbnail","hentry","category-politike-sq"],"yoast_head":"<!-- This site is optimized with the Yoast SEO plugin v25.3.1 - https:\/\/yoast.com\/wordpress\/plugins\/seo\/ -->\n<title>\u00c7ollaku: Marr\u00ebveshja ushtarake Kosov\u00eb-Shqip\u00ebri-Kroaci \u00ebsht\u00eb garanci p\u00ebr sigurin\u00eb dhe konsolidimin e ushtris\u00eb s\u00eb Kosov\u00ebs -<\/title>\n<meta name=\"robots\" content=\"index, follow, max-snippet:-1, max-image-preview:large, max-video-preview:-1\" \/>\n<link rel=\"canonical\" href=\"https:\/\/veritasinfo.org\/?p=8380\" \/>\n<meta property=\"og:locale\" content=\"en_US\" \/>\n<meta property=\"og:type\" content=\"article\" \/>\n<meta property=\"og:title\" content=\"\u00c7ollaku: Marr\u00ebveshja ushtarake Kosov\u00eb-Shqip\u00ebri-Kroaci \u00ebsht\u00eb garanci p\u00ebr sigurin\u00eb dhe konsolidimin e ushtris\u00eb s\u00eb Kosov\u00ebs -\" \/>\n<meta property=\"og:description\" content=\"Prishtin\u00eb, 17 Gusht 2025 Kosova ka m\u00eb shum\u00eb nevoj\u00eb se \u00e7do shtet tjet\u00ebr t\u00eb p\u00ebrfshihet n\u00eb format e asocimit dhe aleancat ushtarake, si marr\u00ebveshja me\" \/>\n<meta property=\"og:url\" content=\"https:\/\/veritasinfo.org\/?p=8380\" \/>\n<meta property=\"article:published_time\" content=\"2025-08-17T07:00:34+00:00\" \/>\n<meta property=\"og:image\" content=\"https:\/\/veritasinfo.org\/wp-content\/uploads\/2025\/08\/IMG_3228.jpeg\" \/>\n\t<meta property=\"og:image:width\" content=\"922\" \/>\n\t<meta property=\"og:image:height\" content=\"431\" \/>\n\t<meta property=\"og:image:type\" content=\"image\/jpeg\" \/>\n<meta name=\"author\" content=\"admin\" \/>\n<meta name=\"twitter:card\" content=\"summary_large_image\" \/>\n<meta name=\"twitter:label1\" content=\"Written by\" \/>\n\t<meta name=\"twitter:data1\" content=\"admin\" \/>\n\t<meta name=\"twitter:label2\" content=\"Est. reading time\" \/>\n\t<meta name=\"twitter:data2\" content=\"4 minutes\" \/>\n<script type=\"application\/ld+json\" class=\"yoast-schema-graph\">{\"@context\":\"https:\/\/schema.org\",\"@graph\":[{\"@type\":\"WebPage\",\"@id\":\"https:\/\/veritasinfo.org\/?p=8380\",\"url\":\"https:\/\/veritasinfo.org\/?p=8380\",\"name\":\"\u00c7ollaku: Marr\u00ebveshja ushtarake Kosov\u00eb-Shqip\u00ebri-Kroaci \u00ebsht\u00eb garanci p\u00ebr sigurin\u00eb dhe konsolidimin e ushtris\u00eb s\u00eb Kosov\u00ebs -\",\"isPartOf\":{\"@id\":\"https:\/\/veritasinfo.org\/#website\"},\"primaryImageOfPage\":{\"@id\":\"https:\/\/veritasinfo.org\/?p=8380#primaryimage\"},\"image\":{\"@id\":\"https:\/\/veritasinfo.org\/?p=8380#primaryimage\"},\"thumbnailUrl\":\"https:\/\/veritasinfo.org\/wp-content\/uploads\/2025\/08\/IMG_3228.jpeg\",\"datePublished\":\"2025-08-17T07:00:34+00:00\",\"author\":{\"@id\":\"https:\/\/veritasinfo.org\/#\/schema\/person\/7701f8c088bece422266b100a712374f\"},\"breadcrumb\":{\"@id\":\"https:\/\/veritasinfo.org\/?p=8380#breadcrumb\"},\"inLanguage\":\"en-US\",\"potentialAction\":[{\"@type\":\"ReadAction\",\"target\":[\"https:\/\/veritasinfo.org\/?p=8380\"]}]},{\"@type\":\"ImageObject\",\"inLanguage\":\"en-US\",\"@id\":\"https:\/\/veritasinfo.org\/?p=8380#primaryimage\",\"url\":\"https:\/\/veritasinfo.org\/wp-content\/uploads\/2025\/08\/IMG_3228.jpeg\",\"contentUrl\":\"https:\/\/veritasinfo.org\/wp-content\/uploads\/2025\/08\/IMG_3228.jpeg\",\"width\":922,\"height\":431},{\"@type\":\"BreadcrumbList\",\"@id\":\"https:\/\/veritasinfo.org\/?p=8380#breadcrumb\",\"itemListElement\":[{\"@type\":\"ListItem\",\"position\":1,\"name\":\"Home\",\"item\":\"https:\/\/veritasinfo.org\/\"},{\"@type\":\"ListItem\",\"position\":2,\"name\":\"\u00c7ollaku: Marr\u00ebveshja ushtarake Kosov\u00eb-Shqip\u00ebri-Kroaci \u00ebsht\u00eb garanci p\u00ebr sigurin\u00eb dhe konsolidimin e ushtris\u00eb s\u00eb Kosov\u00ebs\"}]},{\"@type\":\"WebSite\",\"@id\":\"https:\/\/veritasinfo.org\/#website\",\"url\":\"https:\/\/veritasinfo.org\/\",\"name\":\"\",\"description\":\"\",\"potentialAction\":[{\"@type\":\"SearchAction\",\"target\":{\"@type\":\"EntryPoint\",\"urlTemplate\":\"https:\/\/veritasinfo.org\/?s={search_term_string}\"},\"query-input\":{\"@type\":\"PropertyValueSpecification\",\"valueRequired\":true,\"valueName\":\"search_term_string\"}}],\"inLanguage\":\"en-US\"},{\"@type\":\"Person\",\"@id\":\"https:\/\/veritasinfo.org\/#\/schema\/person\/7701f8c088bece422266b100a712374f\",\"name\":\"admin\",\"image\":{\"@type\":\"ImageObject\",\"inLanguage\":\"en-US\",\"@id\":\"https:\/\/veritasinfo.org\/#\/schema\/person\/image\/\",\"url\":\"https:\/\/secure.gravatar.com\/avatar\/ea53aa3bf6c9a12d5fde8ce4deff43fef3885ae33cf60184161a50d6987cfd2f?s=96&d=mm&r=g\",\"contentUrl\":\"https:\/\/secure.gravatar.com\/avatar\/ea53aa3bf6c9a12d5fde8ce4deff43fef3885ae33cf60184161a50d6987cfd2f?s=96&d=mm&r=g\",\"caption\":\"admin\"},\"sameAs\":[\"https:\/\/veritasinfo.org\"],\"url\":\"https:\/\/veritasinfo.org\/?author=1\"}]}<\/script>\n<!-- \/ Yoast SEO plugin. -->","yoast_head_json":{"title":"\u00c7ollaku: Marr\u00ebveshja ushtarake Kosov\u00eb-Shqip\u00ebri-Kroaci \u00ebsht\u00eb garanci p\u00ebr sigurin\u00eb dhe konsolidimin e ushtris\u00eb s\u00eb Kosov\u00ebs -","robots":{"index":"index","follow":"follow","max-snippet":"max-snippet:-1","max-image-preview":"max-image-preview:large","max-video-preview":"max-video-preview:-1"},"canonical":"https:\/\/veritasinfo.org\/?p=8380","og_locale":"en_US","og_type":"article","og_title":"\u00c7ollaku: Marr\u00ebveshja ushtarake Kosov\u00eb-Shqip\u00ebri-Kroaci \u00ebsht\u00eb garanci p\u00ebr sigurin\u00eb dhe konsolidimin e ushtris\u00eb s\u00eb Kosov\u00ebs -","og_description":"Prishtin\u00eb, 17 Gusht 2025 Kosova ka m\u00eb shum\u00eb nevoj\u00eb se \u00e7do shtet tjet\u00ebr t\u00eb p\u00ebrfshihet n\u00eb format e asocimit dhe aleancat ushtarake, si marr\u00ebveshja me","og_url":"https:\/\/veritasinfo.org\/?p=8380","article_published_time":"2025-08-17T07:00:34+00:00","og_image":[{"width":922,"height":431,"url":"https:\/\/veritasinfo.org\/wp-content\/uploads\/2025\/08\/IMG_3228.jpeg","type":"image\/jpeg"}],"author":"admin","twitter_card":"summary_large_image","twitter_misc":{"Written by":"admin","Est. reading time":"4 minutes"},"schema":{"@context":"https:\/\/schema.org","@graph":[{"@type":"WebPage","@id":"https:\/\/veritasinfo.org\/?p=8380","url":"https:\/\/veritasinfo.org\/?p=8380","name":"\u00c7ollaku: Marr\u00ebveshja ushtarake Kosov\u00eb-Shqip\u00ebri-Kroaci \u00ebsht\u00eb garanci p\u00ebr sigurin\u00eb dhe konsolidimin e ushtris\u00eb s\u00eb Kosov\u00ebs -","isPartOf":{"@id":"https:\/\/veritasinfo.org\/#website"},"primaryImageOfPage":{"@id":"https:\/\/veritasinfo.org\/?p=8380#primaryimage"},"image":{"@id":"https:\/\/veritasinfo.org\/?p=8380#primaryimage"},"thumbnailUrl":"https:\/\/veritasinfo.org\/wp-content\/uploads\/2025\/08\/IMG_3228.jpeg","datePublished":"2025-08-17T07:00:34+00:00","author":{"@id":"https:\/\/veritasinfo.org\/#\/schema\/person\/7701f8c088bece422266b100a712374f"},"breadcrumb":{"@id":"https:\/\/veritasinfo.org\/?p=8380#breadcrumb"},"inLanguage":"en-US","potentialAction":[{"@type":"ReadAction","target":["https:\/\/veritasinfo.org\/?p=8380"]}]},{"@type":"ImageObject","inLanguage":"en-US","@id":"https:\/\/veritasinfo.org\/?p=8380#primaryimage","url":"https:\/\/veritasinfo.org\/wp-content\/uploads\/2025\/08\/IMG_3228.jpeg","contentUrl":"https:\/\/veritasinfo.org\/wp-content\/uploads\/2025\/08\/IMG_3228.jpeg","width":922,"height":431},{"@type":"BreadcrumbList","@id":"https:\/\/veritasinfo.org\/?p=8380#breadcrumb","itemListElement":[{"@type":"ListItem","position":1,"name":"Home","item":"https:\/\/veritasinfo.org\/"},{"@type":"ListItem","position":2,"name":"\u00c7ollaku: Marr\u00ebveshja ushtarake Kosov\u00eb-Shqip\u00ebri-Kroaci \u00ebsht\u00eb garanci p\u00ebr sigurin\u00eb dhe konsolidimin e ushtris\u00eb s\u00eb Kosov\u00ebs"}]},{"@type":"WebSite","@id":"https:\/\/veritasinfo.org\/#website","url":"https:\/\/veritasinfo.org\/","name":"","description":"","potentialAction":[{"@type":"SearchAction","target":{"@type":"EntryPoint","urlTemplate":"https:\/\/veritasinfo.org\/?s={search_term_string}"},"query-input":{"@type":"PropertyValueSpecification","valueRequired":true,"valueName":"search_term_string"}}],"inLanguage":"en-US"},{"@type":"Person","@id":"https:\/\/veritasinfo.org\/#\/schema\/person\/7701f8c088bece422266b100a712374f","name":"admin","image":{"@type":"ImageObject","inLanguage":"en-US","@id":"https:\/\/veritasinfo.org\/#\/schema\/person\/image\/","url":"https:\/\/secure.gravatar.com\/avatar\/ea53aa3bf6c9a12d5fde8ce4deff43fef3885ae33cf60184161a50d6987cfd2f?s=96&d=mm&r=g","contentUrl":"https:\/\/secure.gravatar.com\/avatar\/ea53aa3bf6c9a12d5fde8ce4deff43fef3885ae33cf60184161a50d6987cfd2f?s=96&d=mm&r=g","caption":"admin"},"sameAs":["https:\/\/veritasinfo.org"],"url":"https:\/\/veritasinfo.org\/?author=1"}]}},"featured_image_urls":{"full":["https:\/\/veritasinfo.org\/wp-content\/uploads\/2025\/08\/IMG_3228.jpeg",922,431,false],"thumbnail":["https:\/\/veritasinfo.org\/wp-content\/uploads\/2025\/08\/IMG_3228-150x150.jpeg",150,150,true],"medium":["https:\/\/veritasinfo.org\/wp-content\/uploads\/2025\/08\/IMG_3228-300x140.jpeg",300,140,true],"medium_large":["https:\/\/veritasinfo.org\/wp-content\/uploads\/2025\/08\/IMG_3228-768x359.jpeg",640,299,true],"large":["https:\/\/veritasinfo.org\/wp-content\/uploads\/2025\/08\/IMG_3228.jpeg",640,299,false],"1536x1536":["https:\/\/veritasinfo.org\/wp-content\/uploads\/2025\/08\/IMG_3228.jpeg",922,431,false],"2048x2048":["https:\/\/veritasinfo.org\/wp-content\/uploads\/2025\/08\/IMG_3228.jpeg",922,431,false],"kreeti-slider-full":["https:\/\/veritasinfo.org\/wp-content\/uploads\/2025\/08\/IMG_3228.jpeg",922,431,false],"kreeti-featured":["https:\/\/veritasinfo.org\/wp-content\/uploads\/2025\/08\/IMG_3228.jpeg",922,431,false],"kreeti-medium":["https:\/\/veritasinfo.org\/wp-content\/uploads\/2025\/08\/IMG_3228.jpeg",720,337,false],"kreeti-medium-square":["https:\/\/veritasinfo.org\/wp-content\/uploads\/2025\/08\/IMG_3228.jpeg",350,164,false]},"author_info":{"info":["admin"]},"category_info":"<a href=\"https:\/\/veritasinfo.org\/?cat=58\" rel=\"category\">Politik\u00eb<\/a>","tag_info":"Politik\u00eb","comment_count":"0","_links":{"self":[{"href":"https:\/\/veritasinfo.org\/index.php?rest_route=\/wp\/v2\/posts\/8380","targetHints":{"allow":["GET"]}}],"collection":[{"href":"https:\/\/veritasinfo.org\/index.php?rest_route=\/wp\/v2\/posts"}],"about":[{"href":"https:\/\/veritasinfo.org\/index.php?rest_route=\/wp\/v2\/types\/post"}],"author":[{"embeddable":true,"href":"https:\/\/veritasinfo.org\/index.php?rest_route=\/wp\/v2\/users\/1"}],"replies":[{"embeddable":true,"href":"https:\/\/veritasinfo.org\/index.php?rest_route=%2Fwp%2Fv2%2Fcomments&post=8380"}],"version-history":[{"count":1,"href":"https:\/\/veritasinfo.org\/index.php?rest_route=\/wp\/v2\/posts\/8380\/revisions"}],"predecessor-version":[{"id":8382,"href":"https:\/\/veritasinfo.org\/index.php?rest_route=\/wp\/v2\/posts\/8380\/revisions\/8382"}],"wp:featuredmedia":[{"embeddable":true,"href":"https:\/\/veritasinfo.org\/index.php?rest_route=\/wp\/v2\/media\/8381"}],"wp:attachment":[{"href":"https:\/\/veritasinfo.org\/index.php?rest_route=%2Fwp%2Fv2%2Fmedia&parent=8380"}],"wp:term":[{"taxonomy":"category","embeddable":true,"href":"https:\/\/veritasinfo.org\/index.php?rest_route=%2Fwp%2Fv2%2Fcategories&post=8380"},{"taxonomy":"post_tag","embeddable":true,"href":"https:\/\/veritasinfo.org\/index.php?rest_route=%2Fwp%2Fv2%2Ftags&post=8380"}],"curies":[{"name":"wp","href":"https:\/\/api.w.org\/{rel}","templated":true}]}}