{"id":8375,"date":"2025-08-17T08:50:41","date_gmt":"2025-08-17T06:50:41","guid":{"rendered":"https:\/\/veritasinfo.org\/?p=8375"},"modified":"2025-08-17T09:34:03","modified_gmt":"2025-08-17T07:34:03","slug":"protesta-te-ashpra-ne-serbi-demolohen-zyrat-e-sheshelit-ne-zemun","status":"publish","type":"post","link":"https:\/\/veritasinfo.org\/?p=8375","title":{"rendered":"Protesta t\u00eb ashpra n\u00eb Serbi- Demolohen zyrat e Sheshelit n\u00eb Zemun dhe t\u00eb SNS-s\u00eb n\u00eb Valjev\u00eb"},"content":{"rendered":"<p class=\"p1\">Beograd, 17 Gusht 2025<\/p>\n<p class=\"p1\"><span class=\"s2\">Qytetar\u00ebt jan\u00eb n\u00eb rrug\u00eb n\u00eb t\u00eb gjith\u00eb Serbin\u00eb p\u00ebr t\u00eb kat\u00ebrt\u00ebn dit\u00eb radhazi. <\/span><\/p>\n<p class=\"p1\"><span class=\"s1\">Ata dol\u00ebn p\u00ebrs\u00ebri n\u00eb protesta sonte p\u00ebr shkak t\u00eb brutalitetit t\u00eb policis\u00eb dhe sulmeve t\u00eb shumta ndaj demonstruesve.<\/span><\/p>\n<p>Zyrat e Partis\u00eb Progresive Serbe (SNS) e cila \u00ebsht\u00eb n\u00eb pushtet, jan\u00eb djegur gjat\u00eb nat\u00ebs s\u00eb pest\u00eb radhazi me trazira, ku pati p\u00ebrleshje t\u00eb reja midis protestuesve antiqeveritar\u00eb dhe policis\u00eb s\u00eb trazirave.<\/p>\n<p class=\"p1\"><span class=\"s1\">Protestuesit kan\u00eb njoftuar nj\u00eb tubim n\u00ebn titullin \u201cSerbia nuk mund t\u00eb qet\u00ebsohet\u201d, i cili po mbahet n\u00eb disa vende n\u00eb Beograd dhe n\u00ebnt\u00eb qytete t\u00eb tjera n\u00eb t\u00eb gjith\u00eb vendin.<\/span><\/p>\n<p class=\"p1\"><span class=\"s1\">Arsyeja, thon\u00eb ata, \u00ebsht\u00eb p\u00ebrdorimi i tep\u00ebrt i forc\u00ebs nga policia dhe sulmet ndaj protestuesve t\u00eb kryera nga bandit\u00eb t\u00eb maskuar dhe mb\u00ebshtet\u00ebs t\u00eb Partis\u00eb Progresive Serbe.<\/span><\/p>\n<p class=\"p1\"><span class=\"s1\">P\u00ebrve\u00e7 k\u00ebsaj, protestuesit akuzojn\u00eb grupet e maskuara p\u00ebr shembjen e disa nd\u00ebrtesave.<\/span><\/p>\n<p class=\"p1\"><span class=\"s1\">Protestuesit kan\u00eb thyer mbr\u00ebm\u00eb selin\u00eb kryesore t\u00eb kriminelit serb Voislav Sheshel n\u00eb Zemun.<\/span><\/p>\n<p class=\"p1\"><span class=\"s1\">Nj\u00eb kolon\u00eb qytetar\u00ebsh t\u00eb Valev\u00ebs q\u00eb nis\u00ebn nj\u00eb sh\u00ebtitje proteste k\u00ebt\u00eb mbr\u00ebmje kaluan pran\u00eb nd\u00ebrtes\u00ebs s\u00eb Departamentit t\u00eb Policis\u00eb. Qytetar\u00ebt b\u00ebrtit\u00ebn \u201cVras\u00ebs, vras\u00ebs\u201d ndaj oficer\u00ebve t\u00eb policis\u00eb t\u00eb mbledhur n\u00eb oborr.<\/span><\/p>\n<p class=\"p1\"><span class=\"s1\">Nj\u00eb furgon xhandarm\u00ebrie ndodhet n\u00eb oborrin e Departamentit t\u00eb Policis\u00eb, dhe t\u00eb pranish\u00ebm jan\u00eb edhe oficer\u00eb policie me pajisje p\u00ebr parandalimin e trazirave.<\/span><\/p>\n<p class=\"p1\"><span class=\"s1\">Protesta po mbahen edhe n\u00eb Beograd, Novi Sad, Kragujevc, Kralev\u00eb dhe Zrenjanin.<\/span><\/p>\n","protected":false},"excerpt":{"rendered":"<p>Beograd, 17 Gusht 2025 Qytetar\u00ebt jan\u00eb n\u00eb rrug\u00eb n\u00eb t\u00eb gjith\u00eb Serbin\u00eb p\u00ebr t\u00eb kat\u00ebrt\u00ebn dit\u00eb radhazi. Ata dol\u00ebn p\u00ebrs\u00ebri n\u00eb protesta sonte p\u00ebr shkak<\/p>\n","protected":false},"author":1,"featured_media":8376,"comment_status":"open","ping_status":"open","sticky":false,"template":"","format":"standard","meta":{"footnotes":""},"categories":[72],"tags":[],"class_list":["post-8375","post","type-post","status-publish","format-standard","has-post-thumbnail","hentry","category-bota"],"yoast_head":"<!-- This site is optimized with the Yoast SEO plugin v25.3.1 - https:\/\/yoast.com\/wordpress\/plugins\/seo\/ -->\n<title>Protesta t\u00eb ashpra n\u00eb Serbi- Demolohen zyrat e Sheshelit n\u00eb Zemun dhe t\u00eb SNS-s\u00eb n\u00eb Valjev\u00eb -<\/title>\n<meta name=\"robots\" content=\"index, follow, max-snippet:-1, max-image-preview:large, max-video-preview:-1\" \/>\n<link rel=\"canonical\" href=\"https:\/\/veritasinfo.org\/?p=8375\" \/>\n<meta property=\"og:locale\" content=\"en_US\" \/>\n<meta property=\"og:type\" content=\"article\" \/>\n<meta property=\"og:title\" content=\"Protesta t\u00eb ashpra n\u00eb Serbi- Demolohen zyrat e Sheshelit n\u00eb Zemun dhe t\u00eb SNS-s\u00eb n\u00eb Valjev\u00eb -\" \/>\n<meta property=\"og:description\" content=\"Beograd, 17 Gusht 2025 Qytetar\u00ebt jan\u00eb n\u00eb rrug\u00eb n\u00eb t\u00eb gjith\u00eb Serbin\u00eb p\u00ebr t\u00eb kat\u00ebrt\u00ebn dit\u00eb radhazi. Ata dol\u00ebn p\u00ebrs\u00ebri n\u00eb protesta sonte p\u00ebr shkak\" \/>\n<meta property=\"og:url\" content=\"https:\/\/veritasinfo.org\/?p=8375\" \/>\n<meta property=\"article:published_time\" content=\"2025-08-17T06:50:41+00:00\" \/>\n<meta property=\"article:modified_time\" content=\"2025-08-17T07:34:03+00:00\" \/>\n<meta property=\"og:image\" content=\"https:\/\/veritasinfo.org\/wp-content\/uploads\/2025\/08\/IMG_3227.png\" \/>\n\t<meta property=\"og:image:width\" content=\"780\" \/>\n\t<meta property=\"og:image:height\" content=\"439\" \/>\n\t<meta property=\"og:image:type\" content=\"image\/png\" \/>\n<meta name=\"author\" content=\"admin\" \/>\n<meta name=\"twitter:card\" content=\"summary_large_image\" \/>\n<meta name=\"twitter:label1\" content=\"Written by\" \/>\n\t<meta name=\"twitter:data1\" content=\"admin\" \/>\n\t<meta name=\"twitter:label2\" content=\"Est. reading time\" \/>\n\t<meta name=\"twitter:data2\" content=\"2 minutes\" \/>\n<script type=\"application\/ld+json\" class=\"yoast-schema-graph\">{\"@context\":\"https:\/\/schema.org\",\"@graph\":[{\"@type\":\"WebPage\",\"@id\":\"https:\/\/veritasinfo.org\/?p=8375\",\"url\":\"https:\/\/veritasinfo.org\/?p=8375\",\"name\":\"Protesta t\u00eb ashpra n\u00eb Serbi- Demolohen zyrat e Sheshelit n\u00eb Zemun dhe t\u00eb SNS-s\u00eb n\u00eb Valjev\u00eb -\",\"isPartOf\":{\"@id\":\"https:\/\/veritasinfo.org\/#website\"},\"primaryImageOfPage\":{\"@id\":\"https:\/\/veritasinfo.org\/?p=8375#primaryimage\"},\"image\":{\"@id\":\"https:\/\/veritasinfo.org\/?p=8375#primaryimage\"},\"thumbnailUrl\":\"https:\/\/veritasinfo.org\/wp-content\/uploads\/2025\/08\/IMG_3227.png\",\"datePublished\":\"2025-08-17T06:50:41+00:00\",\"dateModified\":\"2025-08-17T07:34:03+00:00\",\"author\":{\"@id\":\"https:\/\/veritasinfo.org\/#\/schema\/person\/7701f8c088bece422266b100a712374f\"},\"breadcrumb\":{\"@id\":\"https:\/\/veritasinfo.org\/?p=8375#breadcrumb\"},\"inLanguage\":\"en-US\",\"potentialAction\":[{\"@type\":\"ReadAction\",\"target\":[\"https:\/\/veritasinfo.org\/?p=8375\"]}]},{\"@type\":\"ImageObject\",\"inLanguage\":\"en-US\",\"@id\":\"https:\/\/veritasinfo.org\/?p=8375#primaryimage\",\"url\":\"https:\/\/veritasinfo.org\/wp-content\/uploads\/2025\/08\/IMG_3227.png\",\"contentUrl\":\"https:\/\/veritasinfo.org\/wp-content\/uploads\/2025\/08\/IMG_3227.png\",\"width\":780,\"height\":439},{\"@type\":\"BreadcrumbList\",\"@id\":\"https:\/\/veritasinfo.org\/?p=8375#breadcrumb\",\"itemListElement\":[{\"@type\":\"ListItem\",\"position\":1,\"name\":\"Home\",\"item\":\"https:\/\/veritasinfo.org\/\"},{\"@type\":\"ListItem\",\"position\":2,\"name\":\"Protesta t\u00eb ashpra n\u00eb Serbi- Demolohen zyrat e Sheshelit n\u00eb Zemun dhe t\u00eb SNS-s\u00eb n\u00eb Valjev\u00eb\"}]},{\"@type\":\"WebSite\",\"@id\":\"https:\/\/veritasinfo.org\/#website\",\"url\":\"https:\/\/veritasinfo.org\/\",\"name\":\"\",\"description\":\"\",\"potentialAction\":[{\"@type\":\"SearchAction\",\"target\":{\"@type\":\"EntryPoint\",\"urlTemplate\":\"https:\/\/veritasinfo.org\/?s={search_term_string}\"},\"query-input\":{\"@type\":\"PropertyValueSpecification\",\"valueRequired\":true,\"valueName\":\"search_term_string\"}}],\"inLanguage\":\"en-US\"},{\"@type\":\"Person\",\"@id\":\"https:\/\/veritasinfo.org\/#\/schema\/person\/7701f8c088bece422266b100a712374f\",\"name\":\"admin\",\"image\":{\"@type\":\"ImageObject\",\"inLanguage\":\"en-US\",\"@id\":\"https:\/\/veritasinfo.org\/#\/schema\/person\/image\/\",\"url\":\"https:\/\/secure.gravatar.com\/avatar\/ea53aa3bf6c9a12d5fde8ce4deff43fef3885ae33cf60184161a50d6987cfd2f?s=96&d=mm&r=g\",\"contentUrl\":\"https:\/\/secure.gravatar.com\/avatar\/ea53aa3bf6c9a12d5fde8ce4deff43fef3885ae33cf60184161a50d6987cfd2f?s=96&d=mm&r=g\",\"caption\":\"admin\"},\"sameAs\":[\"https:\/\/veritasinfo.org\"],\"url\":\"https:\/\/veritasinfo.org\/?author=1\"}]}<\/script>\n<!-- \/ Yoast SEO plugin. -->","yoast_head_json":{"title":"Protesta t\u00eb ashpra n\u00eb Serbi- Demolohen zyrat e Sheshelit n\u00eb Zemun dhe t\u00eb SNS-s\u00eb n\u00eb Valjev\u00eb -","robots":{"index":"index","follow":"follow","max-snippet":"max-snippet:-1","max-image-preview":"max-image-preview:large","max-video-preview":"max-video-preview:-1"},"canonical":"https:\/\/veritasinfo.org\/?p=8375","og_locale":"en_US","og_type":"article","og_title":"Protesta t\u00eb ashpra n\u00eb Serbi- Demolohen zyrat e Sheshelit n\u00eb Zemun dhe t\u00eb SNS-s\u00eb n\u00eb Valjev\u00eb -","og_description":"Beograd, 17 Gusht 2025 Qytetar\u00ebt jan\u00eb n\u00eb rrug\u00eb n\u00eb t\u00eb gjith\u00eb Serbin\u00eb p\u00ebr t\u00eb kat\u00ebrt\u00ebn dit\u00eb radhazi. Ata dol\u00ebn p\u00ebrs\u00ebri n\u00eb protesta sonte p\u00ebr shkak","og_url":"https:\/\/veritasinfo.org\/?p=8375","article_published_time":"2025-08-17T06:50:41+00:00","article_modified_time":"2025-08-17T07:34:03+00:00","og_image":[{"width":780,"height":439,"url":"https:\/\/veritasinfo.org\/wp-content\/uploads\/2025\/08\/IMG_3227.png","type":"image\/png"}],"author":"admin","twitter_card":"summary_large_image","twitter_misc":{"Written by":"admin","Est. reading time":"2 minutes"},"schema":{"@context":"https:\/\/schema.org","@graph":[{"@type":"WebPage","@id":"https:\/\/veritasinfo.org\/?p=8375","url":"https:\/\/veritasinfo.org\/?p=8375","name":"Protesta t\u00eb ashpra n\u00eb Serbi- Demolohen zyrat e Sheshelit n\u00eb Zemun dhe t\u00eb SNS-s\u00eb n\u00eb Valjev\u00eb -","isPartOf":{"@id":"https:\/\/veritasinfo.org\/#website"},"primaryImageOfPage":{"@id":"https:\/\/veritasinfo.org\/?p=8375#primaryimage"},"image":{"@id":"https:\/\/veritasinfo.org\/?p=8375#primaryimage"},"thumbnailUrl":"https:\/\/veritasinfo.org\/wp-content\/uploads\/2025\/08\/IMG_3227.png","datePublished":"2025-08-17T06:50:41+00:00","dateModified":"2025-08-17T07:34:03+00:00","author":{"@id":"https:\/\/veritasinfo.org\/#\/schema\/person\/7701f8c088bece422266b100a712374f"},"breadcrumb":{"@id":"https:\/\/veritasinfo.org\/?p=8375#breadcrumb"},"inLanguage":"en-US","potentialAction":[{"@type":"ReadAction","target":["https:\/\/veritasinfo.org\/?p=8375"]}]},{"@type":"ImageObject","inLanguage":"en-US","@id":"https:\/\/veritasinfo.org\/?p=8375#primaryimage","url":"https:\/\/veritasinfo.org\/wp-content\/uploads\/2025\/08\/IMG_3227.png","contentUrl":"https:\/\/veritasinfo.org\/wp-content\/uploads\/2025\/08\/IMG_3227.png","width":780,"height":439},{"@type":"BreadcrumbList","@id":"https:\/\/veritasinfo.org\/?p=8375#breadcrumb","itemListElement":[{"@type":"ListItem","position":1,"name":"Home","item":"https:\/\/veritasinfo.org\/"},{"@type":"ListItem","position":2,"name":"Protesta t\u00eb ashpra n\u00eb Serbi- Demolohen zyrat e Sheshelit n\u00eb Zemun dhe t\u00eb SNS-s\u00eb n\u00eb Valjev\u00eb"}]},{"@type":"WebSite","@id":"https:\/\/veritasinfo.org\/#website","url":"https:\/\/veritasinfo.org\/","name":"","description":"","potentialAction":[{"@type":"SearchAction","target":{"@type":"EntryPoint","urlTemplate":"https:\/\/veritasinfo.org\/?s={search_term_string}"},"query-input":{"@type":"PropertyValueSpecification","valueRequired":true,"valueName":"search_term_string"}}],"inLanguage":"en-US"},{"@type":"Person","@id":"https:\/\/veritasinfo.org\/#\/schema\/person\/7701f8c088bece422266b100a712374f","name":"admin","image":{"@type":"ImageObject","inLanguage":"en-US","@id":"https:\/\/veritasinfo.org\/#\/schema\/person\/image\/","url":"https:\/\/secure.gravatar.com\/avatar\/ea53aa3bf6c9a12d5fde8ce4deff43fef3885ae33cf60184161a50d6987cfd2f?s=96&d=mm&r=g","contentUrl":"https:\/\/secure.gravatar.com\/avatar\/ea53aa3bf6c9a12d5fde8ce4deff43fef3885ae33cf60184161a50d6987cfd2f?s=96&d=mm&r=g","caption":"admin"},"sameAs":["https:\/\/veritasinfo.org"],"url":"https:\/\/veritasinfo.org\/?author=1"}]}},"featured_image_urls":{"full":["https:\/\/veritasinfo.org\/wp-content\/uploads\/2025\/08\/IMG_3227.png",780,439,false],"thumbnail":["https:\/\/veritasinfo.org\/wp-content\/uploads\/2025\/08\/IMG_3227-150x150.png",150,150,true],"medium":["https:\/\/veritasinfo.org\/wp-content\/uploads\/2025\/08\/IMG_3227-300x169.png",300,169,true],"medium_large":["https:\/\/veritasinfo.org\/wp-content\/uploads\/2025\/08\/IMG_3227-768x432.png",640,360,true],"large":["https:\/\/veritasinfo.org\/wp-content\/uploads\/2025\/08\/IMG_3227.png",640,360,false],"1536x1536":["https:\/\/veritasinfo.org\/wp-content\/uploads\/2025\/08\/IMG_3227.png",780,439,false],"2048x2048":["https:\/\/veritasinfo.org\/wp-content\/uploads\/2025\/08\/IMG_3227.png",780,439,false],"kreeti-slider-full":["https:\/\/veritasinfo.org\/wp-content\/uploads\/2025\/08\/IMG_3227.png",780,439,false],"kreeti-featured":["https:\/\/veritasinfo.org\/wp-content\/uploads\/2025\/08\/IMG_3227.png",780,439,false],"kreeti-medium":["https:\/\/veritasinfo.org\/wp-content\/uploads\/2025\/08\/IMG_3227.png",720,405,false],"kreeti-medium-square":["https:\/\/veritasinfo.org\/wp-content\/uploads\/2025\/08\/IMG_3227.png",350,197,false]},"author_info":{"info":["admin"]},"category_info":"<a href=\"https:\/\/veritasinfo.org\/?cat=72\" rel=\"category\">Bota<\/a>","tag_info":"Bota","comment_count":"0","_links":{"self":[{"href":"https:\/\/veritasinfo.org\/index.php?rest_route=\/wp\/v2\/posts\/8375","targetHints":{"allow":["GET"]}}],"collection":[{"href":"https:\/\/veritasinfo.org\/index.php?rest_route=\/wp\/v2\/posts"}],"about":[{"href":"https:\/\/veritasinfo.org\/index.php?rest_route=\/wp\/v2\/types\/post"}],"author":[{"embeddable":true,"href":"https:\/\/veritasinfo.org\/index.php?rest_route=\/wp\/v2\/users\/1"}],"replies":[{"embeddable":true,"href":"https:\/\/veritasinfo.org\/index.php?rest_route=%2Fwp%2Fv2%2Fcomments&post=8375"}],"version-history":[{"count":3,"href":"https:\/\/veritasinfo.org\/index.php?rest_route=\/wp\/v2\/posts\/8375\/revisions"}],"predecessor-version":[{"id":8394,"href":"https:\/\/veritasinfo.org\/index.php?rest_route=\/wp\/v2\/posts\/8375\/revisions\/8394"}],"wp:featuredmedia":[{"embeddable":true,"href":"https:\/\/veritasinfo.org\/index.php?rest_route=\/wp\/v2\/media\/8376"}],"wp:attachment":[{"href":"https:\/\/veritasinfo.org\/index.php?rest_route=%2Fwp%2Fv2%2Fmedia&parent=8375"}],"wp:term":[{"taxonomy":"category","embeddable":true,"href":"https:\/\/veritasinfo.org\/index.php?rest_route=%2Fwp%2Fv2%2Fcategories&post=8375"},{"taxonomy":"post_tag","embeddable":true,"href":"https:\/\/veritasinfo.org\/index.php?rest_route=%2Fwp%2Fv2%2Ftags&post=8375"}],"curies":[{"name":"wp","href":"https:\/\/api.w.org\/{rel}","templated":true}]}}