{"id":8370,"date":"2025-08-17T08:00:23","date_gmt":"2025-08-17T06:00:23","guid":{"rendered":"https:\/\/veritasinfo.org\/?p=8370"},"modified":"2025-08-17T08:00:23","modified_gmt":"2025-08-17T06:00:23","slug":"maqedonci-tejkaluam-per-207-per-qind-numrin-e-parapare-te-autoblindave","status":"publish","type":"post","link":"https:\/\/veritasinfo.org\/?p=8370","title":{"rendered":"Maqedonci: Tejkaluam p\u00ebr 207 p\u00ebr qind numrin e parapar\u00eb t\u00eb autoblindave"},"content":{"rendered":"<p>Prishtin\u00eb, 17 Gusbt 2025<\/p>\n<p>Ministri n\u00eb detyr\u00eb i Mbrojtjes, Ejup Maqedonci, ka th\u00ebn\u00eb se Kosova e ka tejkaluar p\u00ebr 207 p\u00ebr qind numrin e parapar\u00eb t\u00eb autoblindave n\u00eb Planin Gjith\u00ebp\u00ebrfshir\u00ebs t\u00eb Tranzicionit 2019-2028.<\/p>\n<div class=\"instream-video\">\n<div data-id=\"2kQm8Ze4251g\">\n<div class=\"orp-player-wrapper orp-aspectRateFixed orp-tiny-size orp-player-ipm orp-force-hide-player\">Duke komentuar pranimin e kontingjentit prej 50 autoblindave ASV nga Shtetet e Bashkuara nj\u00eb dit\u00eb m\u00eb par\u00eb, Maqedonci ka th\u00ebn\u00eb se ky \u00ebsht\u00eb kontingjenti i dyt\u00eb dhe se \u00ebsht\u00eb kontraktuar n\u00eb prill t\u00eb 2024-s. Sipas tij, pagesa \u00ebsht\u00eb b\u00ebr\u00eb n\u00eb qershor t\u00eb vitit t\u00eb shkuar.<\/div>\n<\/div>\n<\/div>\n<p>\u201cSipas Planit Gjith\u00ebp\u00ebrfshir\u00ebs t\u00eb Tranizicionit, nj\u00eb plan dhjet\u00ebvje\u00e7ar i hartuar m\u00eb 2018 dhe i miratuar n\u00eb janar 2019, brenda dhjet\u00eb vitesh, pra deri n\u00eb vitin 2028, Forca e Siguris\u00eb s\u00eb Kosov\u00ebs do t\u00eb duhej t\u00eb kishte disa dhjet\u00ebra automjete t\u00eb blinduara. Por deri tani m\u00eb 2025, pra tre vite m\u00eb her\u00ebt, ushtria e Kosov\u00ebs \u00ebsht\u00eb pajisur me disa qindra autoblinda, duke e tejkaluar sakt\u00ebsisht p\u00ebr 207 % numrin e parapar\u00eb t\u00eb autoblindave nga PGJT-ja, q\u00eb planifikohej t\u00eb kishte FSK-ja pas tre vitesh, n\u00eb vitin 2028. N\u00eb vitin 2021, buxheti p\u00ebr Ministrin\u00eb e Mbrojtjes dhe FSK-n\u00eb ishte 67 milion\u00eb euro, kurse sivjet m\u00eb 2025, buxheti vjetor \u00ebsht\u00eb parapar\u00eb t\u00eb jet\u00eb 208 milion\u00eb euro, pa llogaritur alokimet shtes\u00eb\u201d, ka shkruar ai n\u00eb Facebook.<\/p>\n<p>Maqedonci ka th\u00ebn\u00eb se me investimet n\u00eb blerje ushtarake, Kosova po e forcon ushtrin\u00eb dhe \u201cajo b\u00ebhet garanci m\u00eb e fort\u00eb p\u00ebr mbrojtjen e sovranitetit dhe territorialitetit t\u00eb vendit, kurse duke u rritur dhe fuqizuar, Forca jon\u00eb b\u00ebhet m\u00eb e nd\u00ebrveprueshme me aleat\u00ebt tan\u00eb, rrug\u00ebs p\u00ebr n\u00eb NATO\u201d.<\/p>\n<div id=\"__ads-300x250in-4\" class=\"__ads-300x250-inarticle\" data-google-query-id=\"CLP-q_KUkY8DFUSJgwcd9dkydw\">\n<div id=\"google_ads_iframe_\/23130410871\/inarticle1_1__container__\">Ambasada Amerikane njoftoi t\u00eb shtun\u00ebn se FSK-ja do ta p\u00ebrdor\u00eb k\u00ebt\u00eb kontingjent t\u00eb mjeteve ushtarake n\u00eb misionin e saj p\u00ebr mbrojtjen e Kosov\u00ebs.<\/div>\n<\/div>\n<p>\u201cKosova, duke p\u00ebrdorur burimet e saj mbrojt\u00ebse, do t\u2019i fus\u00eb k\u00ebto autoblinda n\u00eb kapacitet t\u00eb plot\u00eb operacional, duke sh\u00ebnuar nj\u00eb hap tjet\u00ebr n\u00eb angazhimin ton\u00eb t\u00eb p\u00ebrbashk\u00ebt p\u00ebr forcimin e kapacitetit mbrojt\u00ebs t\u00eb Forc\u00ebs s\u00eb Siguris\u00eb s\u00eb Kosov\u00ebs dhe forcimin e siguris\u00eb s\u00eb dy vendeve tona\u201d, thuhet n\u00eb njoftimin e Ambasad\u00ebs.<\/p>\n<p>Ceremonia e pranim-dor\u00ebzimit t\u00eb k\u00ebtij kontingjenti autoblindash \u00ebsht\u00eb zhvilluar nj\u00eb dit\u00eb m\u00eb par\u00eb, e n\u00eb t\u00eb cil\u00ebn ka marr\u00eb pjes\u00eb kryeministri n\u00eb detyr\u00eb, Albin Kurti, ministri i Mbrojtjes, Ejup Maqedonci, komandanti i FSK-s\u00eb, Bashkim Jashari, si dhe atasheu i Ushtris\u00eb n\u00eb Ambasad\u00ebn amerikane, Jonathan Shaw.<\/p>\n<div id=\"__ads-300x250in-7\" class=\"__ads-300x250-inarticle\" data-google-query-id=\"COnGrPKUkY8DFeKIgwcdBFkrRQ\">\n<div id=\"google_ads_iframe_\/23130410871\/inarticle1_2__container__\">Kurti ka th\u00ebn\u00eb se ky furnizim \u00ebsht\u00eb nj\u00eb tjet\u00ebr d\u00ebshmi e partneritetit t\u00eb pal\u00ebkundur me SHBA-n\u00eb dhe gjithashtu edhe nj\u00eb hap i r\u00ebnd\u00ebsish\u00ebm n\u00eb fuqizimin e kapaciteteve mbrojt\u00ebse t\u00eb Kosov\u00ebs.<\/div>\n<\/div>\n<p>Pajisja e FSK-s\u00eb me armatim \u00ebsht\u00eb e bazuar kryesisht n\u00eb SHBA dhe n\u00eb Turqi. Jan\u00eb bler\u00eb raketa antitank \u201cJavelin\u201d e edhe dron\u00eb luftarak\u00eb Bayraktar.<\/p>\n","protected":false},"excerpt":{"rendered":"<p>Prishtin\u00eb, 17 Gusbt 2025 Ministri n\u00eb detyr\u00eb i Mbrojtjes, Ejup Maqedonci, ka th\u00ebn\u00eb se Kosova e ka tejkaluar p\u00ebr 207 p\u00ebr qind numrin e parapar\u00eb<\/p>\n","protected":false},"author":1,"featured_media":8371,"comment_status":"open","ping_status":"open","sticky":false,"template":"","format":"standard","meta":{"footnotes":""},"categories":[60],"tags":[],"class_list":["post-8370","post","type-post","status-publish","format-standard","has-post-thumbnail","hentry","category-shoqerore-sq"],"yoast_head":"<!-- This site is optimized with the Yoast SEO plugin v25.3.1 - https:\/\/yoast.com\/wordpress\/plugins\/seo\/ -->\n<title>Maqedonci: Tejkaluam p\u00ebr 207 p\u00ebr qind numrin e parapar\u00eb t\u00eb autoblindave -<\/title>\n<meta name=\"robots\" content=\"index, follow, max-snippet:-1, max-image-preview:large, max-video-preview:-1\" \/>\n<link rel=\"canonical\" href=\"https:\/\/veritasinfo.org\/?p=8370\" \/>\n<meta property=\"og:locale\" content=\"en_US\" \/>\n<meta property=\"og:type\" content=\"article\" \/>\n<meta property=\"og:title\" content=\"Maqedonci: Tejkaluam p\u00ebr 207 p\u00ebr qind numrin e parapar\u00eb t\u00eb autoblindave -\" \/>\n<meta property=\"og:description\" content=\"Prishtin\u00eb, 17 Gusbt 2025 Ministri n\u00eb detyr\u00eb i Mbrojtjes, Ejup Maqedonci, ka th\u00ebn\u00eb se Kosova e ka tejkaluar p\u00ebr 207 p\u00ebr qind numrin e parapar\u00eb\" \/>\n<meta property=\"og:url\" content=\"https:\/\/veritasinfo.org\/?p=8370\" \/>\n<meta property=\"article:published_time\" content=\"2025-08-17T06:00:23+00:00\" \/>\n<meta property=\"og:image\" content=\"https:\/\/veritasinfo.org\/wp-content\/uploads\/2025\/08\/IMG_3226.webp\" \/>\n\t<meta property=\"og:image:width\" content=\"1360\" \/>\n\t<meta property=\"og:image:height\" content=\"870\" \/>\n\t<meta property=\"og:image:type\" content=\"image\/webp\" \/>\n<meta name=\"author\" content=\"admin\" \/>\n<meta name=\"twitter:card\" content=\"summary_large_image\" \/>\n<meta name=\"twitter:label1\" content=\"Written by\" \/>\n\t<meta name=\"twitter:data1\" content=\"admin\" \/>\n\t<meta name=\"twitter:label2\" content=\"Est. reading time\" \/>\n\t<meta name=\"twitter:data2\" content=\"3 minutes\" \/>\n<script type=\"application\/ld+json\" class=\"yoast-schema-graph\">{\"@context\":\"https:\/\/schema.org\",\"@graph\":[{\"@type\":\"WebPage\",\"@id\":\"https:\/\/veritasinfo.org\/?p=8370\",\"url\":\"https:\/\/veritasinfo.org\/?p=8370\",\"name\":\"Maqedonci: Tejkaluam p\u00ebr 207 p\u00ebr qind numrin e parapar\u00eb t\u00eb autoblindave -\",\"isPartOf\":{\"@id\":\"https:\/\/veritasinfo.org\/#website\"},\"primaryImageOfPage\":{\"@id\":\"https:\/\/veritasinfo.org\/?p=8370#primaryimage\"},\"image\":{\"@id\":\"https:\/\/veritasinfo.org\/?p=8370#primaryimage\"},\"thumbnailUrl\":\"https:\/\/veritasinfo.org\/wp-content\/uploads\/2025\/08\/IMG_3226.webp\",\"datePublished\":\"2025-08-17T06:00:23+00:00\",\"author\":{\"@id\":\"https:\/\/veritasinfo.org\/#\/schema\/person\/7701f8c088bece422266b100a712374f\"},\"breadcrumb\":{\"@id\":\"https:\/\/veritasinfo.org\/?p=8370#breadcrumb\"},\"inLanguage\":\"en-US\",\"potentialAction\":[{\"@type\":\"ReadAction\",\"target\":[\"https:\/\/veritasinfo.org\/?p=8370\"]}]},{\"@type\":\"ImageObject\",\"inLanguage\":\"en-US\",\"@id\":\"https:\/\/veritasinfo.org\/?p=8370#primaryimage\",\"url\":\"https:\/\/veritasinfo.org\/wp-content\/uploads\/2025\/08\/IMG_3226.webp\",\"contentUrl\":\"https:\/\/veritasinfo.org\/wp-content\/uploads\/2025\/08\/IMG_3226.webp\",\"width\":1360,\"height\":870},{\"@type\":\"BreadcrumbList\",\"@id\":\"https:\/\/veritasinfo.org\/?p=8370#breadcrumb\",\"itemListElement\":[{\"@type\":\"ListItem\",\"position\":1,\"name\":\"Home\",\"item\":\"https:\/\/veritasinfo.org\/\"},{\"@type\":\"ListItem\",\"position\":2,\"name\":\"Maqedonci: Tejkaluam p\u00ebr 207 p\u00ebr qind numrin e parapar\u00eb t\u00eb autoblindave\"}]},{\"@type\":\"WebSite\",\"@id\":\"https:\/\/veritasinfo.org\/#website\",\"url\":\"https:\/\/veritasinfo.org\/\",\"name\":\"\",\"description\":\"\",\"potentialAction\":[{\"@type\":\"SearchAction\",\"target\":{\"@type\":\"EntryPoint\",\"urlTemplate\":\"https:\/\/veritasinfo.org\/?s={search_term_string}\"},\"query-input\":{\"@type\":\"PropertyValueSpecification\",\"valueRequired\":true,\"valueName\":\"search_term_string\"}}],\"inLanguage\":\"en-US\"},{\"@type\":\"Person\",\"@id\":\"https:\/\/veritasinfo.org\/#\/schema\/person\/7701f8c088bece422266b100a712374f\",\"name\":\"admin\",\"image\":{\"@type\":\"ImageObject\",\"inLanguage\":\"en-US\",\"@id\":\"https:\/\/veritasinfo.org\/#\/schema\/person\/image\/\",\"url\":\"https:\/\/secure.gravatar.com\/avatar\/ea53aa3bf6c9a12d5fde8ce4deff43fef3885ae33cf60184161a50d6987cfd2f?s=96&d=mm&r=g\",\"contentUrl\":\"https:\/\/secure.gravatar.com\/avatar\/ea53aa3bf6c9a12d5fde8ce4deff43fef3885ae33cf60184161a50d6987cfd2f?s=96&d=mm&r=g\",\"caption\":\"admin\"},\"sameAs\":[\"https:\/\/veritasinfo.org\"],\"url\":\"https:\/\/veritasinfo.org\/?author=1\"}]}<\/script>\n<!-- \/ Yoast SEO plugin. -->","yoast_head_json":{"title":"Maqedonci: Tejkaluam p\u00ebr 207 p\u00ebr qind numrin e parapar\u00eb t\u00eb autoblindave -","robots":{"index":"index","follow":"follow","max-snippet":"max-snippet:-1","max-image-preview":"max-image-preview:large","max-video-preview":"max-video-preview:-1"},"canonical":"https:\/\/veritasinfo.org\/?p=8370","og_locale":"en_US","og_type":"article","og_title":"Maqedonci: Tejkaluam p\u00ebr 207 p\u00ebr qind numrin e parapar\u00eb t\u00eb autoblindave -","og_description":"Prishtin\u00eb, 17 Gusbt 2025 Ministri n\u00eb detyr\u00eb i Mbrojtjes, Ejup Maqedonci, ka th\u00ebn\u00eb se Kosova e ka tejkaluar p\u00ebr 207 p\u00ebr qind numrin e parapar\u00eb","og_url":"https:\/\/veritasinfo.org\/?p=8370","article_published_time":"2025-08-17T06:00:23+00:00","og_image":[{"width":1360,"height":870,"url":"https:\/\/veritasinfo.org\/wp-content\/uploads\/2025\/08\/IMG_3226.webp","type":"image\/webp"}],"author":"admin","twitter_card":"summary_large_image","twitter_misc":{"Written by":"admin","Est. reading time":"3 minutes"},"schema":{"@context":"https:\/\/schema.org","@graph":[{"@type":"WebPage","@id":"https:\/\/veritasinfo.org\/?p=8370","url":"https:\/\/veritasinfo.org\/?p=8370","name":"Maqedonci: Tejkaluam p\u00ebr 207 p\u00ebr qind numrin e parapar\u00eb t\u00eb autoblindave -","isPartOf":{"@id":"https:\/\/veritasinfo.org\/#website"},"primaryImageOfPage":{"@id":"https:\/\/veritasinfo.org\/?p=8370#primaryimage"},"image":{"@id":"https:\/\/veritasinfo.org\/?p=8370#primaryimage"},"thumbnailUrl":"https:\/\/veritasinfo.org\/wp-content\/uploads\/2025\/08\/IMG_3226.webp","datePublished":"2025-08-17T06:00:23+00:00","author":{"@id":"https:\/\/veritasinfo.org\/#\/schema\/person\/7701f8c088bece422266b100a712374f"},"breadcrumb":{"@id":"https:\/\/veritasinfo.org\/?p=8370#breadcrumb"},"inLanguage":"en-US","potentialAction":[{"@type":"ReadAction","target":["https:\/\/veritasinfo.org\/?p=8370"]}]},{"@type":"ImageObject","inLanguage":"en-US","@id":"https:\/\/veritasinfo.org\/?p=8370#primaryimage","url":"https:\/\/veritasinfo.org\/wp-content\/uploads\/2025\/08\/IMG_3226.webp","contentUrl":"https:\/\/veritasinfo.org\/wp-content\/uploads\/2025\/08\/IMG_3226.webp","width":1360,"height":870},{"@type":"BreadcrumbList","@id":"https:\/\/veritasinfo.org\/?p=8370#breadcrumb","itemListElement":[{"@type":"ListItem","position":1,"name":"Home","item":"https:\/\/veritasinfo.org\/"},{"@type":"ListItem","position":2,"name":"Maqedonci: Tejkaluam p\u00ebr 207 p\u00ebr qind numrin e parapar\u00eb t\u00eb autoblindave"}]},{"@type":"WebSite","@id":"https:\/\/veritasinfo.org\/#website","url":"https:\/\/veritasinfo.org\/","name":"","description":"","potentialAction":[{"@type":"SearchAction","target":{"@type":"EntryPoint","urlTemplate":"https:\/\/veritasinfo.org\/?s={search_term_string}"},"query-input":{"@type":"PropertyValueSpecification","valueRequired":true,"valueName":"search_term_string"}}],"inLanguage":"en-US"},{"@type":"Person","@id":"https:\/\/veritasinfo.org\/#\/schema\/person\/7701f8c088bece422266b100a712374f","name":"admin","image":{"@type":"ImageObject","inLanguage":"en-US","@id":"https:\/\/veritasinfo.org\/#\/schema\/person\/image\/","url":"https:\/\/secure.gravatar.com\/avatar\/ea53aa3bf6c9a12d5fde8ce4deff43fef3885ae33cf60184161a50d6987cfd2f?s=96&d=mm&r=g","contentUrl":"https:\/\/secure.gravatar.com\/avatar\/ea53aa3bf6c9a12d5fde8ce4deff43fef3885ae33cf60184161a50d6987cfd2f?s=96&d=mm&r=g","caption":"admin"},"sameAs":["https:\/\/veritasinfo.org"],"url":"https:\/\/veritasinfo.org\/?author=1"}]}},"featured_image_urls":{"full":["https:\/\/veritasinfo.org\/wp-content\/uploads\/2025\/08\/IMG_3226.webp",1360,870,false],"thumbnail":["https:\/\/veritasinfo.org\/wp-content\/uploads\/2025\/08\/IMG_3226-150x150.webp",150,150,true],"medium":["https:\/\/veritasinfo.org\/wp-content\/uploads\/2025\/08\/IMG_3226-300x192.webp",300,192,true],"medium_large":["https:\/\/veritasinfo.org\/wp-content\/uploads\/2025\/08\/IMG_3226-768x491.webp",640,409,true],"large":["https:\/\/veritasinfo.org\/wp-content\/uploads\/2025\/08\/IMG_3226-1024x655.webp",640,409,true],"1536x1536":["https:\/\/veritasinfo.org\/wp-content\/uploads\/2025\/08\/IMG_3226.webp",1360,870,false],"2048x2048":["https:\/\/veritasinfo.org\/wp-content\/uploads\/2025\/08\/IMG_3226.webp",1360,870,false],"kreeti-slider-full":["https:\/\/veritasinfo.org\/wp-content\/uploads\/2025\/08\/IMG_3226.webp",1126,720,false],"kreeti-featured":["https:\/\/veritasinfo.org\/wp-content\/uploads\/2025\/08\/IMG_3226.webp",1024,655,false],"kreeti-medium":["https:\/\/veritasinfo.org\/wp-content\/uploads\/2025\/08\/IMG_3226.webp",720,461,false],"kreeti-medium-square":["https:\/\/veritasinfo.org\/wp-content\/uploads\/2025\/08\/IMG_3226.webp",350,224,false]},"author_info":{"info":["admin"]},"category_info":"<a href=\"https:\/\/veritasinfo.org\/?cat=60\" rel=\"category\">Shoq\u00ebrore<\/a>","tag_info":"Shoq\u00ebrore","comment_count":"0","_links":{"self":[{"href":"https:\/\/veritasinfo.org\/index.php?rest_route=\/wp\/v2\/posts\/8370","targetHints":{"allow":["GET"]}}],"collection":[{"href":"https:\/\/veritasinfo.org\/index.php?rest_route=\/wp\/v2\/posts"}],"about":[{"href":"https:\/\/veritasinfo.org\/index.php?rest_route=\/wp\/v2\/types\/post"}],"author":[{"embeddable":true,"href":"https:\/\/veritasinfo.org\/index.php?rest_route=\/wp\/v2\/users\/1"}],"replies":[{"embeddable":true,"href":"https:\/\/veritasinfo.org\/index.php?rest_route=%2Fwp%2Fv2%2Fcomments&post=8370"}],"version-history":[{"count":1,"href":"https:\/\/veritasinfo.org\/index.php?rest_route=\/wp\/v2\/posts\/8370\/revisions"}],"predecessor-version":[{"id":8372,"href":"https:\/\/veritasinfo.org\/index.php?rest_route=\/wp\/v2\/posts\/8370\/revisions\/8372"}],"wp:featuredmedia":[{"embeddable":true,"href":"https:\/\/veritasinfo.org\/index.php?rest_route=\/wp\/v2\/media\/8371"}],"wp:attachment":[{"href":"https:\/\/veritasinfo.org\/index.php?rest_route=%2Fwp%2Fv2%2Fmedia&parent=8370"}],"wp:term":[{"taxonomy":"category","embeddable":true,"href":"https:\/\/veritasinfo.org\/index.php?rest_route=%2Fwp%2Fv2%2Fcategories&post=8370"},{"taxonomy":"post_tag","embeddable":true,"href":"https:\/\/veritasinfo.org\/index.php?rest_route=%2Fwp%2Fv2%2Ftags&post=8370"}],"curies":[{"name":"wp","href":"https:\/\/api.w.org\/{rel}","templated":true}]}}