{"id":8365,"date":"2025-08-17T07:55:08","date_gmt":"2025-08-17T05:55:08","guid":{"rendered":"https:\/\/veritasinfo.org\/?p=8365"},"modified":"2025-08-17T07:55:08","modified_gmt":"2025-08-17T05:55:08","slug":"kosova-aktive-ne-ekstradimin-e-te-arrestuarve-39-raste-me-2025","status":"publish","type":"post","link":"https:\/\/veritasinfo.org\/?p=8365","title":{"rendered":"Kosova aktive n\u00eb ekstradimin e t\u00eb arrestuarve, 39 raste m\u00eb 2025"},"content":{"rendered":"<p>Prishtin\u00eb, 17 Gusht 2025<\/p>\n<p>Gjithsej 39 ekstradime nga Kosova dhe vende t\u00eb tjera jan\u00eb kryer nga janari deri n\u00eb qershor t\u00eb k\u00ebtij viti. Njoh\u00ebsit e siguris\u00eb vler\u00ebsojn\u00eb pun\u00ebn e institucioneve n\u00eb k\u00ebt\u00eb drejtim, dhe thon\u00eb se shtetin ton\u00eb e pengon shum\u00eb mos an\u00ebtar\u00ebsimi n\u00eb organizata nd\u00ebrkomb\u00ebtare.<\/p>\n<div class=\"code-block code-block-8\">\n<div id=\"futureads_d773fe1afb07405e8d2f0e46933877d3_zone_104122_sect_47401_site_41437\" data-sender=\"futureads\">Bashk\u00ebpunimi mes institucioneve t\u00eb Kosov\u00ebs dhe Shqip\u00ebris\u00eb n\u00eb fush\u00ebn e siguris\u00eb shpesh ka sjell\u00eb rezultate pozitive.<\/div>\n<\/div>\n<p>Dy shtetet kan\u00eb p\u00ebrmbyllur me sukses nj\u00eb tjet\u00ebr proces ekstradimi.<\/p>\n<p>\u201c<em>Raportohet se nga Shqip\u00ebria \u00ebsht\u00eb ekstraduar nj\u00eb mashkull kosovar i shpallur n\u00eb k\u00ebrkim nga autoritetet kosovare. I nj\u00ebjti, pas kryerjes s\u00eb procedurave, \u00ebsht\u00eb marr\u00eb nga Nj\u00ebsia e Mbrojtjes s\u00eb Af\u00ebrt p\u00ebr procedura t\u00eb m\u00ebtejshme.<\/em>\u201d \u2013 Policia e Kosov\u00ebs<\/p>\n<div class=\"code-block code-block-7\">Nga ky institucion k\u00ebt\u00eb t\u00eb enjte treguan p\u00ebr televizionin Dukagjini edhe numrin n\u00eb total t\u00eb ekstradimeve.<\/div>\n<p>Brenda gjasht\u00eb muajve t\u00eb par\u00eb k\u00ebtij viti jan\u00eb realizuar 39 ekstradime, prej tyre 15 ekstradime nga Kosova p\u00ebr n\u00eb shtete t\u00eb tjera, nd\u00ebrsa 24 ekstradime nga shtete t\u00eb tjera n\u00eb Kosov\u00eb.<\/p>\n<p>Pun\u00ebn e institucioneve t\u00eb Kosov\u00ebs n\u00eb k\u00ebt\u00eb drejtim po e konsideron t\u00eb mir\u00eb njoh\u00ebsi i \u00e7\u00ebshtjeve t\u00eb siguris\u00eb, Refki Morina.<\/p>\n<p>\u201cKjo shkon p\u00ebrmes Ministris\u00eb s\u00eb Drejt\u00ebsis\u00eb, n\u00eb koordinim me gjykatat, edhe b\u00ebhet ekstradimi i personave n\u00ebse edhe tek ne \u00ebsht\u00eb par\u00eb me Kod Penal si vep\u00ebr penale. Gjithashtu, ekstradimi ndodh me shtete q\u00eb kemi marr\u00ebveshje bilaterale me ta\u201d, ka th\u00ebn\u00eb Refki Morina, njoh\u00ebsi i \u00e7\u00ebshtjeve t\u00eb siguris\u00eb.<\/p>\n<p>Nd\u00ebrkaq, Valdet Hoxha tregon se \u00e7ka e pengon Kosov\u00ebn n\u00eb k\u00ebt\u00eb fush\u00eb.<\/p>\n<p>\u201cNatyrsh\u00ebm, q\u00eb pengesat jan\u00eb t\u00eb m\u00ebdha p\u00ebr shkak t\u00eb mos an\u00ebtar\u00ebsimit t\u00eb Kosov\u00ebs n\u00eb Interpol dhe Europol, pastaj edhe mos an\u00ebtar\u00ebsimi n\u00eb K\u00ebshillin e Evrop\u00ebs, mos pasja me t\u00eb gjitha vendet marr\u00ebveshje bilaterale p\u00ebr ekstradim. Megjithat\u00eb, Kosova \u00ebsht\u00eb mjaft aktive edhe duke l\u00ebshuar fletarrest\u00eb p\u00ebrmes mekanizmave nd\u00ebrkomb\u00ebtar\u00eb apo vendeve mike\u201d, ka th\u00ebn\u00eb Valdet Hoxha, Ekspert i siguris\u00eb.<\/p>\n<p>Gjat\u00eb vitit 2024, 77 persona jan\u00eb ekstraduar nga Kosova n\u00eb shtetet tjera dhe anasjelltas. Nd\u00ebrsa, jan\u00eb realizuar tri ekstradime transit p\u00ebrmes territorit t\u00eb Kosov\u00ebs, q\u00eb e \u00e7on numrin e p\u00ebrgjithsh\u00ebm n\u00eb 80.<\/p>\n","protected":false},"excerpt":{"rendered":"<p>Prishtin\u00eb, 17 Gusht 2025 Gjithsej 39 ekstradime nga Kosova dhe vende t\u00eb tjera jan\u00eb kryer nga janari deri n\u00eb qershor t\u00eb k\u00ebtij viti. Njoh\u00ebsit e<\/p>\n","protected":false},"author":1,"featured_media":8366,"comment_status":"open","ping_status":"open","sticky":false,"template":"","format":"standard","meta":{"footnotes":""},"categories":[60],"tags":[],"class_list":["post-8365","post","type-post","status-publish","format-standard","has-post-thumbnail","hentry","category-shoqerore-sq"],"yoast_head":"<!-- This site is optimized with the Yoast SEO plugin v25.3.1 - https:\/\/yoast.com\/wordpress\/plugins\/seo\/ -->\n<title>Kosova aktive n\u00eb ekstradimin e t\u00eb arrestuarve, 39 raste m\u00eb 2025 -<\/title>\n<meta name=\"robots\" content=\"index, follow, max-snippet:-1, max-image-preview:large, max-video-preview:-1\" \/>\n<link rel=\"canonical\" href=\"https:\/\/veritasinfo.org\/?p=8365\" \/>\n<meta property=\"og:locale\" content=\"en_US\" \/>\n<meta property=\"og:type\" content=\"article\" \/>\n<meta property=\"og:title\" content=\"Kosova aktive n\u00eb ekstradimin e t\u00eb arrestuarve, 39 raste m\u00eb 2025 -\" \/>\n<meta property=\"og:description\" content=\"Prishtin\u00eb, 17 Gusht 2025 Gjithsej 39 ekstradime nga Kosova dhe vende t\u00eb tjera jan\u00eb kryer nga janari deri n\u00eb qershor t\u00eb k\u00ebtij viti. Njoh\u00ebsit e\" \/>\n<meta property=\"og:url\" content=\"https:\/\/veritasinfo.org\/?p=8365\" \/>\n<meta property=\"article:published_time\" content=\"2025-08-17T05:55:08+00:00\" \/>\n<meta property=\"og:image\" content=\"https:\/\/veritasinfo.org\/wp-content\/uploads\/2025\/08\/IMG_3225.jpeg\" \/>\n\t<meta property=\"og:image:width\" content=\"600\" \/>\n\t<meta property=\"og:image:height\" content=\"360\" \/>\n\t<meta property=\"og:image:type\" content=\"image\/jpeg\" \/>\n<meta name=\"author\" content=\"admin\" \/>\n<meta name=\"twitter:card\" content=\"summary_large_image\" \/>\n<meta name=\"twitter:label1\" content=\"Written by\" \/>\n\t<meta name=\"twitter:data1\" content=\"admin\" \/>\n\t<meta name=\"twitter:label2\" content=\"Est. reading time\" \/>\n\t<meta name=\"twitter:data2\" content=\"2 minutes\" \/>\n<script type=\"application\/ld+json\" class=\"yoast-schema-graph\">{\"@context\":\"https:\/\/schema.org\",\"@graph\":[{\"@type\":\"WebPage\",\"@id\":\"https:\/\/veritasinfo.org\/?p=8365\",\"url\":\"https:\/\/veritasinfo.org\/?p=8365\",\"name\":\"Kosova aktive n\u00eb ekstradimin e t\u00eb arrestuarve, 39 raste m\u00eb 2025 -\",\"isPartOf\":{\"@id\":\"https:\/\/veritasinfo.org\/#website\"},\"primaryImageOfPage\":{\"@id\":\"https:\/\/veritasinfo.org\/?p=8365#primaryimage\"},\"image\":{\"@id\":\"https:\/\/veritasinfo.org\/?p=8365#primaryimage\"},\"thumbnailUrl\":\"https:\/\/veritasinfo.org\/wp-content\/uploads\/2025\/08\/IMG_3225.jpeg\",\"datePublished\":\"2025-08-17T05:55:08+00:00\",\"author\":{\"@id\":\"https:\/\/veritasinfo.org\/#\/schema\/person\/7701f8c088bece422266b100a712374f\"},\"breadcrumb\":{\"@id\":\"https:\/\/veritasinfo.org\/?p=8365#breadcrumb\"},\"inLanguage\":\"en-US\",\"potentialAction\":[{\"@type\":\"ReadAction\",\"target\":[\"https:\/\/veritasinfo.org\/?p=8365\"]}]},{\"@type\":\"ImageObject\",\"inLanguage\":\"en-US\",\"@id\":\"https:\/\/veritasinfo.org\/?p=8365#primaryimage\",\"url\":\"https:\/\/veritasinfo.org\/wp-content\/uploads\/2025\/08\/IMG_3225.jpeg\",\"contentUrl\":\"https:\/\/veritasinfo.org\/wp-content\/uploads\/2025\/08\/IMG_3225.jpeg\",\"width\":600,\"height\":360},{\"@type\":\"BreadcrumbList\",\"@id\":\"https:\/\/veritasinfo.org\/?p=8365#breadcrumb\",\"itemListElement\":[{\"@type\":\"ListItem\",\"position\":1,\"name\":\"Home\",\"item\":\"https:\/\/veritasinfo.org\/\"},{\"@type\":\"ListItem\",\"position\":2,\"name\":\"Kosova aktive n\u00eb ekstradimin e t\u00eb arrestuarve, 39 raste m\u00eb 2025\"}]},{\"@type\":\"WebSite\",\"@id\":\"https:\/\/veritasinfo.org\/#website\",\"url\":\"https:\/\/veritasinfo.org\/\",\"name\":\"\",\"description\":\"\",\"potentialAction\":[{\"@type\":\"SearchAction\",\"target\":{\"@type\":\"EntryPoint\",\"urlTemplate\":\"https:\/\/veritasinfo.org\/?s={search_term_string}\"},\"query-input\":{\"@type\":\"PropertyValueSpecification\",\"valueRequired\":true,\"valueName\":\"search_term_string\"}}],\"inLanguage\":\"en-US\"},{\"@type\":\"Person\",\"@id\":\"https:\/\/veritasinfo.org\/#\/schema\/person\/7701f8c088bece422266b100a712374f\",\"name\":\"admin\",\"image\":{\"@type\":\"ImageObject\",\"inLanguage\":\"en-US\",\"@id\":\"https:\/\/veritasinfo.org\/#\/schema\/person\/image\/\",\"url\":\"https:\/\/secure.gravatar.com\/avatar\/ea53aa3bf6c9a12d5fde8ce4deff43fef3885ae33cf60184161a50d6987cfd2f?s=96&d=mm&r=g\",\"contentUrl\":\"https:\/\/secure.gravatar.com\/avatar\/ea53aa3bf6c9a12d5fde8ce4deff43fef3885ae33cf60184161a50d6987cfd2f?s=96&d=mm&r=g\",\"caption\":\"admin\"},\"sameAs\":[\"https:\/\/veritasinfo.org\"],\"url\":\"https:\/\/veritasinfo.org\/?author=1\"}]}<\/script>\n<!-- \/ Yoast SEO plugin. -->","yoast_head_json":{"title":"Kosova aktive n\u00eb ekstradimin e t\u00eb arrestuarve, 39 raste m\u00eb 2025 -","robots":{"index":"index","follow":"follow","max-snippet":"max-snippet:-1","max-image-preview":"max-image-preview:large","max-video-preview":"max-video-preview:-1"},"canonical":"https:\/\/veritasinfo.org\/?p=8365","og_locale":"en_US","og_type":"article","og_title":"Kosova aktive n\u00eb ekstradimin e t\u00eb arrestuarve, 39 raste m\u00eb 2025 -","og_description":"Prishtin\u00eb, 17 Gusht 2025 Gjithsej 39 ekstradime nga Kosova dhe vende t\u00eb tjera jan\u00eb kryer nga janari deri n\u00eb qershor t\u00eb k\u00ebtij viti. Njoh\u00ebsit e","og_url":"https:\/\/veritasinfo.org\/?p=8365","article_published_time":"2025-08-17T05:55:08+00:00","og_image":[{"width":600,"height":360,"url":"https:\/\/veritasinfo.org\/wp-content\/uploads\/2025\/08\/IMG_3225.jpeg","type":"image\/jpeg"}],"author":"admin","twitter_card":"summary_large_image","twitter_misc":{"Written by":"admin","Est. reading time":"2 minutes"},"schema":{"@context":"https:\/\/schema.org","@graph":[{"@type":"WebPage","@id":"https:\/\/veritasinfo.org\/?p=8365","url":"https:\/\/veritasinfo.org\/?p=8365","name":"Kosova aktive n\u00eb ekstradimin e t\u00eb arrestuarve, 39 raste m\u00eb 2025 -","isPartOf":{"@id":"https:\/\/veritasinfo.org\/#website"},"primaryImageOfPage":{"@id":"https:\/\/veritasinfo.org\/?p=8365#primaryimage"},"image":{"@id":"https:\/\/veritasinfo.org\/?p=8365#primaryimage"},"thumbnailUrl":"https:\/\/veritasinfo.org\/wp-content\/uploads\/2025\/08\/IMG_3225.jpeg","datePublished":"2025-08-17T05:55:08+00:00","author":{"@id":"https:\/\/veritasinfo.org\/#\/schema\/person\/7701f8c088bece422266b100a712374f"},"breadcrumb":{"@id":"https:\/\/veritasinfo.org\/?p=8365#breadcrumb"},"inLanguage":"en-US","potentialAction":[{"@type":"ReadAction","target":["https:\/\/veritasinfo.org\/?p=8365"]}]},{"@type":"ImageObject","inLanguage":"en-US","@id":"https:\/\/veritasinfo.org\/?p=8365#primaryimage","url":"https:\/\/veritasinfo.org\/wp-content\/uploads\/2025\/08\/IMG_3225.jpeg","contentUrl":"https:\/\/veritasinfo.org\/wp-content\/uploads\/2025\/08\/IMG_3225.jpeg","width":600,"height":360},{"@type":"BreadcrumbList","@id":"https:\/\/veritasinfo.org\/?p=8365#breadcrumb","itemListElement":[{"@type":"ListItem","position":1,"name":"Home","item":"https:\/\/veritasinfo.org\/"},{"@type":"ListItem","position":2,"name":"Kosova aktive n\u00eb ekstradimin e t\u00eb arrestuarve, 39 raste m\u00eb 2025"}]},{"@type":"WebSite","@id":"https:\/\/veritasinfo.org\/#website","url":"https:\/\/veritasinfo.org\/","name":"","description":"","potentialAction":[{"@type":"SearchAction","target":{"@type":"EntryPoint","urlTemplate":"https:\/\/veritasinfo.org\/?s={search_term_string}"},"query-input":{"@type":"PropertyValueSpecification","valueRequired":true,"valueName":"search_term_string"}}],"inLanguage":"en-US"},{"@type":"Person","@id":"https:\/\/veritasinfo.org\/#\/schema\/person\/7701f8c088bece422266b100a712374f","name":"admin","image":{"@type":"ImageObject","inLanguage":"en-US","@id":"https:\/\/veritasinfo.org\/#\/schema\/person\/image\/","url":"https:\/\/secure.gravatar.com\/avatar\/ea53aa3bf6c9a12d5fde8ce4deff43fef3885ae33cf60184161a50d6987cfd2f?s=96&d=mm&r=g","contentUrl":"https:\/\/secure.gravatar.com\/avatar\/ea53aa3bf6c9a12d5fde8ce4deff43fef3885ae33cf60184161a50d6987cfd2f?s=96&d=mm&r=g","caption":"admin"},"sameAs":["https:\/\/veritasinfo.org"],"url":"https:\/\/veritasinfo.org\/?author=1"}]}},"featured_image_urls":{"full":["https:\/\/veritasinfo.org\/wp-content\/uploads\/2025\/08\/IMG_3225.jpeg",600,360,false],"thumbnail":["https:\/\/veritasinfo.org\/wp-content\/uploads\/2025\/08\/IMG_3225-150x150.jpeg",150,150,true],"medium":["https:\/\/veritasinfo.org\/wp-content\/uploads\/2025\/08\/IMG_3225-300x180.jpeg",300,180,true],"medium_large":["https:\/\/veritasinfo.org\/wp-content\/uploads\/2025\/08\/IMG_3225.jpeg",600,360,false],"large":["https:\/\/veritasinfo.org\/wp-content\/uploads\/2025\/08\/IMG_3225.jpeg",600,360,false],"1536x1536":["https:\/\/veritasinfo.org\/wp-content\/uploads\/2025\/08\/IMG_3225.jpeg",600,360,false],"2048x2048":["https:\/\/veritasinfo.org\/wp-content\/uploads\/2025\/08\/IMG_3225.jpeg",600,360,false],"kreeti-slider-full":["https:\/\/veritasinfo.org\/wp-content\/uploads\/2025\/08\/IMG_3225.jpeg",600,360,false],"kreeti-featured":["https:\/\/veritasinfo.org\/wp-content\/uploads\/2025\/08\/IMG_3225.jpeg",600,360,false],"kreeti-medium":["https:\/\/veritasinfo.org\/wp-content\/uploads\/2025\/08\/IMG_3225.jpeg",600,360,false],"kreeti-medium-square":["https:\/\/veritasinfo.org\/wp-content\/uploads\/2025\/08\/IMG_3225.jpeg",350,210,false]},"author_info":{"info":["admin"]},"category_info":"<a href=\"https:\/\/veritasinfo.org\/?cat=60\" rel=\"category\">Shoq\u00ebrore<\/a>","tag_info":"Shoq\u00ebrore","comment_count":"0","_links":{"self":[{"href":"https:\/\/veritasinfo.org\/index.php?rest_route=\/wp\/v2\/posts\/8365","targetHints":{"allow":["GET"]}}],"collection":[{"href":"https:\/\/veritasinfo.org\/index.php?rest_route=\/wp\/v2\/posts"}],"about":[{"href":"https:\/\/veritasinfo.org\/index.php?rest_route=\/wp\/v2\/types\/post"}],"author":[{"embeddable":true,"href":"https:\/\/veritasinfo.org\/index.php?rest_route=\/wp\/v2\/users\/1"}],"replies":[{"embeddable":true,"href":"https:\/\/veritasinfo.org\/index.php?rest_route=%2Fwp%2Fv2%2Fcomments&post=8365"}],"version-history":[{"count":1,"href":"https:\/\/veritasinfo.org\/index.php?rest_route=\/wp\/v2\/posts\/8365\/revisions"}],"predecessor-version":[{"id":8367,"href":"https:\/\/veritasinfo.org\/index.php?rest_route=\/wp\/v2\/posts\/8365\/revisions\/8367"}],"wp:featuredmedia":[{"embeddable":true,"href":"https:\/\/veritasinfo.org\/index.php?rest_route=\/wp\/v2\/media\/8366"}],"wp:attachment":[{"href":"https:\/\/veritasinfo.org\/index.php?rest_route=%2Fwp%2Fv2%2Fmedia&parent=8365"}],"wp:term":[{"taxonomy":"category","embeddable":true,"href":"https:\/\/veritasinfo.org\/index.php?rest_route=%2Fwp%2Fv2%2Fcategories&post=8365"},{"taxonomy":"post_tag","embeddable":true,"href":"https:\/\/veritasinfo.org\/index.php?rest_route=%2Fwp%2Fv2%2Ftags&post=8365"}],"curies":[{"name":"wp","href":"https:\/\/api.w.org\/{rel}","templated":true}]}}