{"id":8347,"date":"2025-08-16T20:08:47","date_gmt":"2025-08-16T18:08:47","guid":{"rendered":"https:\/\/veritasinfo.org\/?p=8347"},"modified":"2025-08-16T20:08:47","modified_gmt":"2025-08-16T18:08:47","slug":"sulm-mizor-nga-policia-serbe-ia-humb-shikimin-nje-gazetari","status":"publish","type":"post","link":"https:\/\/veritasinfo.org\/?p=8347","title":{"rendered":"Sulm mizor nga policia serbe, ia humb shikimin nj\u00eb gazetari"},"content":{"rendered":"<p>Beograd, 16 Gusht 2025<\/p>\n<p>Policia e sulmoi pabesisht nga pas gazetarin Vuk Cvijiq<\/p>\n<p>Pasojat e sp\u00ebrkatjes me sprej kulmuan me verbim t\u00eb plot\u00eb p\u00ebr t\u00eb pakt\u00ebn nj\u00eb or\u00eb. M\u00eb pas, ndihm\u00ebn mjek\u00ebsore ma ofruan mjek\u00ebt n\u00eb Spitalin e Zemun-it, t\u00eb cil\u00ebt konstatuan t\u00eb gjitha pasojat e sulmit ndaj meje.<\/p>\n<p>Vuk Cvijiq, gazetar i Radarit, \u00ebsht\u00eb sulmuar mbr\u00ebm\u00eb nga policia me nj\u00eb substanc\u00eb kimike gjat\u00eb protest\u00ebs s\u00eb qytetar\u00ebve n\u00eb Beograd kund\u00ebr represionit t\u00eb regjimit, nd\u00ebrsa po kryente detyr\u00ebn e tij si gazetar. Sulmi, sipas vet\u00eb Cvijiqit, ndodhi papritur, n\u00eb nj\u00eb moment kur n\u00eb Rrug\u00ebn e Knez Milo\u0161-it nuk po ndodhte asgj\u00eb.<\/p>\n<p>Redaksia e Radarit e d\u00ebnon ashp\u00ebr p\u00ebrdorimin brutal t\u00eb mjeteve t\u00eb palejuara ndaj gazetar\u00ebve dhe k\u00ebrkon nga prokuroria t\u00eb hetoj\u00eb urgjentisht se kush e rrezikoi Vuk Cvijiqin dhe \u00e7far\u00eb substance u p\u00ebrdor n\u00eb sprejin me t\u00eb cilin u sp\u00ebrkat nga polici.<\/p>\n<p>Pak para se t\u00eb niste nd\u00ebrhyrja e policis\u00eb, nj\u00eb polic me pajisje mbrojt\u00ebse doli pak p\u00ebrpara kordonit dhe e sulmoi nga pas gazetarin e Radarit, Vuk Cvijiqin. Edhe pse n\u00eb at\u00eb moment ndodheshin aty shum\u00eb njer\u00ebz, polici iu afrua drejtp\u00ebrdrejt Cvijiqit dhe e sp\u00ebrkati me nj\u00eb l\u00ebng kimik t\u00eb panjohur.<\/p>\n<p>Si\u00e7 shpjegon Cvijiqi, ai nuk e pa policin kur iu afrua nga pas, por e pan\u00eb koleg\u00ebt gazetar\u00eb me t\u00eb cil\u00ebt po q\u00ebndronte dhe bisedonte. Nd\u00ebr d\u00ebshmitar\u00ebt e sulmit ishte edhe gazetari i televizionit Nova, Marko Noviqiq. Sipas d\u00ebshmis\u00eb s\u00eb Cvijiqit, ai po q\u00ebndronte me koleg\u00ebt dhe miqt\u00eb p\u00ebrball\u00eb kordonit t\u00eb policis\u00eb n\u00eb Rrug\u00ebn e Knez Milo\u0161-it, pran\u00eb Shtabit t\u00eb P\u00ebrgjithsh\u00ebm.<\/p>\n<p>\u201cPolici me pajisje mbrojt\u00ebse m\u00eb erdhi nga pas dhe m\u00eb sp\u00ebrkati n\u00eb qaf\u00eb dhe an\u00ebn e djatht\u00eb t\u00eb fytyr\u00ebs. Ai e b\u00ebri k\u00ebt\u00eb pa asnj\u00eb arsye, n\u00eb nj\u00eb moment kur nuk po ndodhte asgj\u00eb.\u201d<\/p>\n<p>\u201cFillimisht mendova se ishte ndonj\u00eb l\u00ebng i zakonsh\u00ebm, uj\u00eb ndoshta, por koleg\u00ebt m\u00eb than\u00eb se m\u00eb kishte sp\u00ebrkatur nj\u00eb polic nga pas. Ai e b\u00ebri k\u00ebt\u00eb krejt papritur, pa asnj\u00eb shkak,\u201d shpjegon Cvijiqi.<\/p>\n<p>Reagimi nuk ishte i menj\u00ebhersh\u00ebm \u2013 pas pak kohe ai filloi t\u00eb ndjente djegie n\u00eb qaf\u00eb.<\/p>\n<p>\u201cPasojat e sp\u00ebrkatjes kulmuan me faktin q\u00eb isha plot\u00ebsisht i verb\u00ebr p\u00ebr t\u00eb pakt\u00ebn nj\u00eb or\u00eb. M\u00eb ndihmoi nj\u00eb farmaciste q\u00eb m\u00eb dha uj\u00eb dhe tret\u00ebsir\u00eb fiziologjike p\u00ebr shp\u00eblarje. M\u00eb pas, ndihm\u00ebn mjek\u00ebsore ma ofruan mjek\u00ebt n\u00eb Spitalin e Zemun-it, q\u00eb ishte n\u00eb gatishm\u00ebri. Ata konstatuan t\u00eb gjitha pasojat e sulmit ndaj meje,\u201d p\u00ebrshkroi Cvijiqi dhe shtoi se simptomat i ndjeu deri n\u00eb or\u00ebt e para t\u00eb m\u00ebngjesit.<\/p>\n<p>\u201cFillimisht m\u00eb digjte qafa, m\u00eb pas verbova plot\u00ebsisht, dhe m\u00eb von\u00eb skuqja dhe djegia u p\u00ebrhap\u00ebn edhe n\u00eb duar,\u201d shton ai.<\/p>\n<p>Ky ishte sulmi i dyt\u00eb i policis\u00eb ndaj Cvijiqit q\u00eb nga fillimi i protestave. M\u00eb par\u00eb, ai ishte sulmuar para Fakultetit Juridik kur polic\u00ebt tentuan ta ndalonin ta kryente pun\u00ebn e tij. Nd\u00ebrsa po filmonte arrestimin dhe rrahjen brutale t\u00eb student\u00ebve, ai u sulmua fizikisht nga polic\u00ebt q\u00eb tentuan ta pengonin t\u00eb dokumentonte ngjarjen me telefonin e tij.<\/p>\n<p><img fetchpriority=\"high\" decoding=\"async\" class=\"alignnone size-medium wp-image-8349\" src=\"https:\/\/veritasinfo.org\/wp-content\/uploads\/2025\/08\/IMG_3221-300x169.webp\" alt=\"\" width=\"300\" height=\"169\" srcset=\"https:\/\/veritasinfo.org\/wp-content\/uploads\/2025\/08\/IMG_3221-300x169.webp 300w, https:\/\/veritasinfo.org\/wp-content\/uploads\/2025\/08\/IMG_3221-1024x576.webp 1024w, https:\/\/veritasinfo.org\/wp-content\/uploads\/2025\/08\/IMG_3221-768x432.webp 768w, https:\/\/veritasinfo.org\/wp-content\/uploads\/2025\/08\/IMG_3221.webp 1200w\" sizes=\"(max-width: 300px) 100vw, 300px\" \/><\/p>\n","protected":false},"excerpt":{"rendered":"<p>Beograd, 16 Gusht 2025 Policia e sulmoi pabesisht nga pas gazetarin Vuk Cvijiq Pasojat e sp\u00ebrkatjes me sprej kulmuan me verbim t\u00eb plot\u00eb p\u00ebr t\u00eb<\/p>\n","protected":false},"author":1,"featured_media":8348,"comment_status":"open","ping_status":"open","sticky":false,"template":"","format":"standard","meta":{"footnotes":""},"categories":[72],"tags":[],"class_list":["post-8347","post","type-post","status-publish","format-standard","has-post-thumbnail","hentry","category-bota"],"yoast_head":"<!-- This site is optimized with the Yoast SEO plugin v25.3.1 - https:\/\/yoast.com\/wordpress\/plugins\/seo\/ -->\n<title>Sulm mizor nga policia serbe, ia humb shikimin nj\u00eb gazetari -<\/title>\n<meta name=\"robots\" content=\"index, follow, max-snippet:-1, max-image-preview:large, max-video-preview:-1\" \/>\n<link rel=\"canonical\" href=\"https:\/\/veritasinfo.org\/?p=8347\" \/>\n<meta property=\"og:locale\" content=\"en_US\" \/>\n<meta property=\"og:type\" content=\"article\" \/>\n<meta property=\"og:title\" content=\"Sulm mizor nga policia serbe, ia humb shikimin nj\u00eb gazetari -\" \/>\n<meta property=\"og:description\" content=\"Beograd, 16 Gusht 2025 Policia e sulmoi pabesisht nga pas gazetarin Vuk Cvijiq Pasojat e sp\u00ebrkatjes me sprej kulmuan me verbim t\u00eb plot\u00eb p\u00ebr t\u00eb\" \/>\n<meta property=\"og:url\" content=\"https:\/\/veritasinfo.org\/?p=8347\" \/>\n<meta property=\"article:published_time\" content=\"2025-08-16T18:08:47+00:00\" \/>\n<meta property=\"og:image\" content=\"https:\/\/veritasinfo.org\/wp-content\/uploads\/2025\/08\/IMG_3220.webp\" \/>\n\t<meta property=\"og:image:width\" content=\"1320\" \/>\n\t<meta property=\"og:image:height\" content=\"880\" \/>\n\t<meta property=\"og:image:type\" content=\"image\/webp\" \/>\n<meta name=\"author\" content=\"admin\" \/>\n<meta name=\"twitter:card\" content=\"summary_large_image\" \/>\n<meta name=\"twitter:label1\" content=\"Written by\" \/>\n\t<meta name=\"twitter:data1\" content=\"admin\" \/>\n\t<meta name=\"twitter:label2\" content=\"Est. reading time\" \/>\n\t<meta name=\"twitter:data2\" content=\"3 minutes\" \/>\n<script type=\"application\/ld+json\" class=\"yoast-schema-graph\">{\"@context\":\"https:\/\/schema.org\",\"@graph\":[{\"@type\":\"WebPage\",\"@id\":\"https:\/\/veritasinfo.org\/?p=8347\",\"url\":\"https:\/\/veritasinfo.org\/?p=8347\",\"name\":\"Sulm mizor nga policia serbe, ia humb shikimin nj\u00eb gazetari -\",\"isPartOf\":{\"@id\":\"https:\/\/veritasinfo.org\/#website\"},\"primaryImageOfPage\":{\"@id\":\"https:\/\/veritasinfo.org\/?p=8347#primaryimage\"},\"image\":{\"@id\":\"https:\/\/veritasinfo.org\/?p=8347#primaryimage\"},\"thumbnailUrl\":\"https:\/\/veritasinfo.org\/wp-content\/uploads\/2025\/08\/IMG_3220.webp\",\"datePublished\":\"2025-08-16T18:08:47+00:00\",\"author\":{\"@id\":\"https:\/\/veritasinfo.org\/#\/schema\/person\/7701f8c088bece422266b100a712374f\"},\"breadcrumb\":{\"@id\":\"https:\/\/veritasinfo.org\/?p=8347#breadcrumb\"},\"inLanguage\":\"en-US\",\"potentialAction\":[{\"@type\":\"ReadAction\",\"target\":[\"https:\/\/veritasinfo.org\/?p=8347\"]}]},{\"@type\":\"ImageObject\",\"inLanguage\":\"en-US\",\"@id\":\"https:\/\/veritasinfo.org\/?p=8347#primaryimage\",\"url\":\"https:\/\/veritasinfo.org\/wp-content\/uploads\/2025\/08\/IMG_3220.webp\",\"contentUrl\":\"https:\/\/veritasinfo.org\/wp-content\/uploads\/2025\/08\/IMG_3220.webp\",\"width\":1320,\"height\":880},{\"@type\":\"BreadcrumbList\",\"@id\":\"https:\/\/veritasinfo.org\/?p=8347#breadcrumb\",\"itemListElement\":[{\"@type\":\"ListItem\",\"position\":1,\"name\":\"Home\",\"item\":\"https:\/\/veritasinfo.org\/\"},{\"@type\":\"ListItem\",\"position\":2,\"name\":\"Sulm mizor nga policia serbe, ia humb shikimin nj\u00eb gazetari\"}]},{\"@type\":\"WebSite\",\"@id\":\"https:\/\/veritasinfo.org\/#website\",\"url\":\"https:\/\/veritasinfo.org\/\",\"name\":\"\",\"description\":\"\",\"potentialAction\":[{\"@type\":\"SearchAction\",\"target\":{\"@type\":\"EntryPoint\",\"urlTemplate\":\"https:\/\/veritasinfo.org\/?s={search_term_string}\"},\"query-input\":{\"@type\":\"PropertyValueSpecification\",\"valueRequired\":true,\"valueName\":\"search_term_string\"}}],\"inLanguage\":\"en-US\"},{\"@type\":\"Person\",\"@id\":\"https:\/\/veritasinfo.org\/#\/schema\/person\/7701f8c088bece422266b100a712374f\",\"name\":\"admin\",\"image\":{\"@type\":\"ImageObject\",\"inLanguage\":\"en-US\",\"@id\":\"https:\/\/veritasinfo.org\/#\/schema\/person\/image\/\",\"url\":\"https:\/\/secure.gravatar.com\/avatar\/ea53aa3bf6c9a12d5fde8ce4deff43fef3885ae33cf60184161a50d6987cfd2f?s=96&d=mm&r=g\",\"contentUrl\":\"https:\/\/secure.gravatar.com\/avatar\/ea53aa3bf6c9a12d5fde8ce4deff43fef3885ae33cf60184161a50d6987cfd2f?s=96&d=mm&r=g\",\"caption\":\"admin\"},\"sameAs\":[\"https:\/\/veritasinfo.org\"],\"url\":\"https:\/\/veritasinfo.org\/?author=1\"}]}<\/script>\n<!-- \/ Yoast SEO plugin. -->","yoast_head_json":{"title":"Sulm mizor nga policia serbe, ia humb shikimin nj\u00eb gazetari -","robots":{"index":"index","follow":"follow","max-snippet":"max-snippet:-1","max-image-preview":"max-image-preview:large","max-video-preview":"max-video-preview:-1"},"canonical":"https:\/\/veritasinfo.org\/?p=8347","og_locale":"en_US","og_type":"article","og_title":"Sulm mizor nga policia serbe, ia humb shikimin nj\u00eb gazetari -","og_description":"Beograd, 16 Gusht 2025 Policia e sulmoi pabesisht nga pas gazetarin Vuk Cvijiq Pasojat e sp\u00ebrkatjes me sprej kulmuan me verbim t\u00eb plot\u00eb p\u00ebr t\u00eb","og_url":"https:\/\/veritasinfo.org\/?p=8347","article_published_time":"2025-08-16T18:08:47+00:00","og_image":[{"width":1320,"height":880,"url":"https:\/\/veritasinfo.org\/wp-content\/uploads\/2025\/08\/IMG_3220.webp","type":"image\/webp"}],"author":"admin","twitter_card":"summary_large_image","twitter_misc":{"Written by":"admin","Est. reading time":"3 minutes"},"schema":{"@context":"https:\/\/schema.org","@graph":[{"@type":"WebPage","@id":"https:\/\/veritasinfo.org\/?p=8347","url":"https:\/\/veritasinfo.org\/?p=8347","name":"Sulm mizor nga policia serbe, ia humb shikimin nj\u00eb gazetari -","isPartOf":{"@id":"https:\/\/veritasinfo.org\/#website"},"primaryImageOfPage":{"@id":"https:\/\/veritasinfo.org\/?p=8347#primaryimage"},"image":{"@id":"https:\/\/veritasinfo.org\/?p=8347#primaryimage"},"thumbnailUrl":"https:\/\/veritasinfo.org\/wp-content\/uploads\/2025\/08\/IMG_3220.webp","datePublished":"2025-08-16T18:08:47+00:00","author":{"@id":"https:\/\/veritasinfo.org\/#\/schema\/person\/7701f8c088bece422266b100a712374f"},"breadcrumb":{"@id":"https:\/\/veritasinfo.org\/?p=8347#breadcrumb"},"inLanguage":"en-US","potentialAction":[{"@type":"ReadAction","target":["https:\/\/veritasinfo.org\/?p=8347"]}]},{"@type":"ImageObject","inLanguage":"en-US","@id":"https:\/\/veritasinfo.org\/?p=8347#primaryimage","url":"https:\/\/veritasinfo.org\/wp-content\/uploads\/2025\/08\/IMG_3220.webp","contentUrl":"https:\/\/veritasinfo.org\/wp-content\/uploads\/2025\/08\/IMG_3220.webp","width":1320,"height":880},{"@type":"BreadcrumbList","@id":"https:\/\/veritasinfo.org\/?p=8347#breadcrumb","itemListElement":[{"@type":"ListItem","position":1,"name":"Home","item":"https:\/\/veritasinfo.org\/"},{"@type":"ListItem","position":2,"name":"Sulm mizor nga policia serbe, ia humb shikimin nj\u00eb gazetari"}]},{"@type":"WebSite","@id":"https:\/\/veritasinfo.org\/#website","url":"https:\/\/veritasinfo.org\/","name":"","description":"","potentialAction":[{"@type":"SearchAction","target":{"@type":"EntryPoint","urlTemplate":"https:\/\/veritasinfo.org\/?s={search_term_string}"},"query-input":{"@type":"PropertyValueSpecification","valueRequired":true,"valueName":"search_term_string"}}],"inLanguage":"en-US"},{"@type":"Person","@id":"https:\/\/veritasinfo.org\/#\/schema\/person\/7701f8c088bece422266b100a712374f","name":"admin","image":{"@type":"ImageObject","inLanguage":"en-US","@id":"https:\/\/veritasinfo.org\/#\/schema\/person\/image\/","url":"https:\/\/secure.gravatar.com\/avatar\/ea53aa3bf6c9a12d5fde8ce4deff43fef3885ae33cf60184161a50d6987cfd2f?s=96&d=mm&r=g","contentUrl":"https:\/\/secure.gravatar.com\/avatar\/ea53aa3bf6c9a12d5fde8ce4deff43fef3885ae33cf60184161a50d6987cfd2f?s=96&d=mm&r=g","caption":"admin"},"sameAs":["https:\/\/veritasinfo.org"],"url":"https:\/\/veritasinfo.org\/?author=1"}]}},"featured_image_urls":{"full":["https:\/\/veritasinfo.org\/wp-content\/uploads\/2025\/08\/IMG_3220.webp",1320,880,false],"thumbnail":["https:\/\/veritasinfo.org\/wp-content\/uploads\/2025\/08\/IMG_3220-150x150.webp",150,150,true],"medium":["https:\/\/veritasinfo.org\/wp-content\/uploads\/2025\/08\/IMG_3220-300x200.webp",300,200,true],"medium_large":["https:\/\/veritasinfo.org\/wp-content\/uploads\/2025\/08\/IMG_3220-768x512.webp",640,427,true],"large":["https:\/\/veritasinfo.org\/wp-content\/uploads\/2025\/08\/IMG_3220-1024x683.webp",640,427,true],"1536x1536":["https:\/\/veritasinfo.org\/wp-content\/uploads\/2025\/08\/IMG_3220.webp",1320,880,false],"2048x2048":["https:\/\/veritasinfo.org\/wp-content\/uploads\/2025\/08\/IMG_3220.webp",1320,880,false],"kreeti-slider-full":["https:\/\/veritasinfo.org\/wp-content\/uploads\/2025\/08\/IMG_3220.webp",1080,720,false],"kreeti-featured":["https:\/\/veritasinfo.org\/wp-content\/uploads\/2025\/08\/IMG_3220.webp",1024,683,false],"kreeti-medium":["https:\/\/veritasinfo.org\/wp-content\/uploads\/2025\/08\/IMG_3220.webp",720,480,false],"kreeti-medium-square":["https:\/\/veritasinfo.org\/wp-content\/uploads\/2025\/08\/IMG_3220.webp",350,233,false]},"author_info":{"info":["admin"]},"category_info":"<a href=\"https:\/\/veritasinfo.org\/?cat=72\" rel=\"category\">Bota<\/a>","tag_info":"Bota","comment_count":"0","_links":{"self":[{"href":"https:\/\/veritasinfo.org\/index.php?rest_route=\/wp\/v2\/posts\/8347","targetHints":{"allow":["GET"]}}],"collection":[{"href":"https:\/\/veritasinfo.org\/index.php?rest_route=\/wp\/v2\/posts"}],"about":[{"href":"https:\/\/veritasinfo.org\/index.php?rest_route=\/wp\/v2\/types\/post"}],"author":[{"embeddable":true,"href":"https:\/\/veritasinfo.org\/index.php?rest_route=\/wp\/v2\/users\/1"}],"replies":[{"embeddable":true,"href":"https:\/\/veritasinfo.org\/index.php?rest_route=%2Fwp%2Fv2%2Fcomments&post=8347"}],"version-history":[{"count":1,"href":"https:\/\/veritasinfo.org\/index.php?rest_route=\/wp\/v2\/posts\/8347\/revisions"}],"predecessor-version":[{"id":8350,"href":"https:\/\/veritasinfo.org\/index.php?rest_route=\/wp\/v2\/posts\/8347\/revisions\/8350"}],"wp:featuredmedia":[{"embeddable":true,"href":"https:\/\/veritasinfo.org\/index.php?rest_route=\/wp\/v2\/media\/8348"}],"wp:attachment":[{"href":"https:\/\/veritasinfo.org\/index.php?rest_route=%2Fwp%2Fv2%2Fmedia&parent=8347"}],"wp:term":[{"taxonomy":"category","embeddable":true,"href":"https:\/\/veritasinfo.org\/index.php?rest_route=%2Fwp%2Fv2%2Fcategories&post=8347"},{"taxonomy":"post_tag","embeddable":true,"href":"https:\/\/veritasinfo.org\/index.php?rest_route=%2Fwp%2Fv2%2Ftags&post=8347"}],"curies":[{"name":"wp","href":"https:\/\/api.w.org\/{rel}","templated":true}]}}