{"id":8334,"date":"2025-08-16T19:42:56","date_gmt":"2025-08-16T17:42:56","guid":{"rendered":"https:\/\/veritasinfo.org\/?p=8334"},"modified":"2025-08-16T19:42:56","modified_gmt":"2025-08-16T17:42:56","slug":"gjendja-ne-pikat-e-kalimeve-kufitare-pritjet-me-te-gjata-ne-merdare","status":"publish","type":"post","link":"https:\/\/veritasinfo.org\/?p=8334","title":{"rendered":"Gjendja n\u00eb pikat e kalimeve kufitare, pritjet m\u00eb t\u00eb gjata n\u00eb Merdare"},"content":{"rendered":"<p>Merdare, 16 Gusht 2025<\/p>\n<p>Fluksi i automjeteve me qytetar\u00eb n\u00eb pikat e kalimeve kufitare t\u00eb vendit ton\u00eb vazhdon edhe sot t\u00eb jet\u00eb i ngarkuar.<\/p>\n<p>Sipas t\u00eb dh\u00ebnave t\u00eb Qendr\u00ebs Komb\u00ebtare p\u00ebr Menaxhim Kufitar, pritjet m\u00eb t\u00eb gjata vazhdojn\u00eb n\u00eb dalje t\u00eb pik\u00ebs kufitare Merdare deri n\u00eb dy or\u00eb, me kolona t\u00eb automjeteve nj\u00eb kilomet\u00ebr, nd\u00ebrsa n\u00eb hyrje t\u00eb k\u00ebsaj pike kufitare pritjet jan\u00eb tre deri n\u00eb pes\u00eb minuta dhe nuk ka kolona.<\/p>\n<div class=\"jeg_ad jeg_ad_article jnews_content_inline_ads  \">\n<div class=\"ads-wrapper align-center \"><\/div>\n<\/div>\n<p>Pritje ka edhe n\u00eb pik\u00ebn kufitare Mu\u00e7ibab\u00eb ku kolona e automjeteve n\u00eb dalje t\u00eb k\u00ebsaj pike kufitare \u00ebsht\u00eb pes\u00ebqind metra e gjat\u00eb, me pritjet e qytetar\u00ebve nj\u00eb or\u00eb, teksa n\u00eb hyrje ka kolon\u00eb t\u00eb automjeteve deri n\u00eb nj\u00ebqind metra dhe pritjet jan\u00eb nj\u00ebzet minuta.<\/p>\n<p>Te Dheu i Bardh\u00eb kolona e automjeteve n\u00eb dalje t\u00eb k\u00ebsaj pike kufitare \u00ebsht\u00eb kat\u00ebrqind metra e gjat\u00eb dhe pritjet jan\u00eb dyzet minuta, nd\u00ebrsa n\u00eb hyrje pritjet jan\u00eb pes\u00eb minuta dhe nuk ka kolona t\u00eb automjeteve, njofton Qendra komb\u00ebtare p\u00ebr menaxhim kufitar.<\/p>\n<p>Kolona deri n\u00eb pes\u00ebdhjet\u00eb metra ka edhe n\u00eb Kull\u00eb n\u00eb kufirin me Malin e Zi, kur pritjet shkojn\u00eb deri n\u00eb gjysm\u00eb ore, nd\u00ebrsa n\u00eb hyrje t\u00eb k\u00ebsaj pike kufitare kolona e automjeteve \u00ebsht\u00eb 40 metra dhe pritjet shkojn\u00eb deri n\u00eb dhjet\u00eb minuta.<\/p>\n<p><img fetchpriority=\"high\" decoding=\"async\" class=\"alignnone size-medium wp-image-8335\" src=\"https:\/\/veritasinfo.org\/wp-content\/uploads\/2025\/08\/IMG_3218-300x184.jpeg\" alt=\"\" width=\"300\" height=\"184\" srcset=\"https:\/\/veritasinfo.org\/wp-content\/uploads\/2025\/08\/IMG_3218-300x184.jpeg 300w, https:\/\/veritasinfo.org\/wp-content\/uploads\/2025\/08\/IMG_3218-1024x629.jpeg 1024w, https:\/\/veritasinfo.org\/wp-content\/uploads\/2025\/08\/IMG_3218-768x472.jpeg 768w, https:\/\/veritasinfo.org\/wp-content\/uploads\/2025\/08\/IMG_3218.jpeg 1184w\" sizes=\"(max-width: 300px) 100vw, 300px\" \/><\/p>\n","protected":false},"excerpt":{"rendered":"<p>Merdare, 16 Gusht 2025 Fluksi i automjeteve me qytetar\u00eb n\u00eb pikat e kalimeve kufitare t\u00eb vendit ton\u00eb vazhdon edhe sot t\u00eb jet\u00eb i ngarkuar. Sipas<\/p>\n","protected":false},"author":1,"featured_media":8336,"comment_status":"open","ping_status":"open","sticky":false,"template":"","format":"standard","meta":{"footnotes":""},"categories":[60],"tags":[],"class_list":["post-8334","post","type-post","status-publish","format-standard","has-post-thumbnail","hentry","category-shoqerore-sq"],"yoast_head":"<!-- This site is optimized with the Yoast SEO plugin v25.3.1 - https:\/\/yoast.com\/wordpress\/plugins\/seo\/ -->\n<title>Gjendja n\u00eb pikat e kalimeve kufitare, pritjet m\u00eb t\u00eb gjata n\u00eb Merdare -<\/title>\n<meta name=\"robots\" content=\"index, follow, max-snippet:-1, max-image-preview:large, max-video-preview:-1\" \/>\n<link rel=\"canonical\" href=\"https:\/\/veritasinfo.org\/?p=8334\" \/>\n<meta property=\"og:locale\" content=\"en_US\" \/>\n<meta property=\"og:type\" content=\"article\" \/>\n<meta property=\"og:title\" content=\"Gjendja n\u00eb pikat e kalimeve kufitare, pritjet m\u00eb t\u00eb gjata n\u00eb Merdare -\" \/>\n<meta property=\"og:description\" content=\"Merdare, 16 Gusht 2025 Fluksi i automjeteve me qytetar\u00eb n\u00eb pikat e kalimeve kufitare t\u00eb vendit ton\u00eb vazhdon edhe sot t\u00eb jet\u00eb i ngarkuar. Sipas\" \/>\n<meta property=\"og:url\" content=\"https:\/\/veritasinfo.org\/?p=8334\" \/>\n<meta property=\"article:published_time\" content=\"2025-08-16T17:42:56+00:00\" \/>\n<meta property=\"og:image\" content=\"https:\/\/veritasinfo.org\/wp-content\/uploads\/2025\/08\/IMG_3217.jpeg\" \/>\n\t<meta property=\"og:image:width\" content=\"750\" \/>\n\t<meta property=\"og:image:height\" content=\"375\" \/>\n\t<meta property=\"og:image:type\" content=\"image\/jpeg\" \/>\n<meta name=\"author\" content=\"admin\" \/>\n<meta name=\"twitter:card\" content=\"summary_large_image\" \/>\n<meta name=\"twitter:label1\" content=\"Written by\" \/>\n\t<meta name=\"twitter:data1\" content=\"admin\" \/>\n\t<meta name=\"twitter:label2\" content=\"Est. reading time\" \/>\n\t<meta name=\"twitter:data2\" content=\"2 minutes\" \/>\n<script type=\"application\/ld+json\" class=\"yoast-schema-graph\">{\"@context\":\"https:\/\/schema.org\",\"@graph\":[{\"@type\":\"WebPage\",\"@id\":\"https:\/\/veritasinfo.org\/?p=8334\",\"url\":\"https:\/\/veritasinfo.org\/?p=8334\",\"name\":\"Gjendja n\u00eb pikat e kalimeve kufitare, pritjet m\u00eb t\u00eb gjata n\u00eb Merdare -\",\"isPartOf\":{\"@id\":\"https:\/\/veritasinfo.org\/#website\"},\"primaryImageOfPage\":{\"@id\":\"https:\/\/veritasinfo.org\/?p=8334#primaryimage\"},\"image\":{\"@id\":\"https:\/\/veritasinfo.org\/?p=8334#primaryimage\"},\"thumbnailUrl\":\"https:\/\/veritasinfo.org\/wp-content\/uploads\/2025\/08\/IMG_3217.jpeg\",\"datePublished\":\"2025-08-16T17:42:56+00:00\",\"author\":{\"@id\":\"https:\/\/veritasinfo.org\/#\/schema\/person\/7701f8c088bece422266b100a712374f\"},\"breadcrumb\":{\"@id\":\"https:\/\/veritasinfo.org\/?p=8334#breadcrumb\"},\"inLanguage\":\"en-US\",\"potentialAction\":[{\"@type\":\"ReadAction\",\"target\":[\"https:\/\/veritasinfo.org\/?p=8334\"]}]},{\"@type\":\"ImageObject\",\"inLanguage\":\"en-US\",\"@id\":\"https:\/\/veritasinfo.org\/?p=8334#primaryimage\",\"url\":\"https:\/\/veritasinfo.org\/wp-content\/uploads\/2025\/08\/IMG_3217.jpeg\",\"contentUrl\":\"https:\/\/veritasinfo.org\/wp-content\/uploads\/2025\/08\/IMG_3217.jpeg\",\"width\":750,\"height\":375},{\"@type\":\"BreadcrumbList\",\"@id\":\"https:\/\/veritasinfo.org\/?p=8334#breadcrumb\",\"itemListElement\":[{\"@type\":\"ListItem\",\"position\":1,\"name\":\"Home\",\"item\":\"https:\/\/veritasinfo.org\/\"},{\"@type\":\"ListItem\",\"position\":2,\"name\":\"Gjendja n\u00eb pikat e kalimeve kufitare, pritjet m\u00eb t\u00eb gjata n\u00eb Merdare\"}]},{\"@type\":\"WebSite\",\"@id\":\"https:\/\/veritasinfo.org\/#website\",\"url\":\"https:\/\/veritasinfo.org\/\",\"name\":\"\",\"description\":\"\",\"potentialAction\":[{\"@type\":\"SearchAction\",\"target\":{\"@type\":\"EntryPoint\",\"urlTemplate\":\"https:\/\/veritasinfo.org\/?s={search_term_string}\"},\"query-input\":{\"@type\":\"PropertyValueSpecification\",\"valueRequired\":true,\"valueName\":\"search_term_string\"}}],\"inLanguage\":\"en-US\"},{\"@type\":\"Person\",\"@id\":\"https:\/\/veritasinfo.org\/#\/schema\/person\/7701f8c088bece422266b100a712374f\",\"name\":\"admin\",\"image\":{\"@type\":\"ImageObject\",\"inLanguage\":\"en-US\",\"@id\":\"https:\/\/veritasinfo.org\/#\/schema\/person\/image\/\",\"url\":\"https:\/\/secure.gravatar.com\/avatar\/ea53aa3bf6c9a12d5fde8ce4deff43fef3885ae33cf60184161a50d6987cfd2f?s=96&d=mm&r=g\",\"contentUrl\":\"https:\/\/secure.gravatar.com\/avatar\/ea53aa3bf6c9a12d5fde8ce4deff43fef3885ae33cf60184161a50d6987cfd2f?s=96&d=mm&r=g\",\"caption\":\"admin\"},\"sameAs\":[\"https:\/\/veritasinfo.org\"],\"url\":\"https:\/\/veritasinfo.org\/?author=1\"}]}<\/script>\n<!-- \/ Yoast SEO plugin. -->","yoast_head_json":{"title":"Gjendja n\u00eb pikat e kalimeve kufitare, pritjet m\u00eb t\u00eb gjata n\u00eb Merdare -","robots":{"index":"index","follow":"follow","max-snippet":"max-snippet:-1","max-image-preview":"max-image-preview:large","max-video-preview":"max-video-preview:-1"},"canonical":"https:\/\/veritasinfo.org\/?p=8334","og_locale":"en_US","og_type":"article","og_title":"Gjendja n\u00eb pikat e kalimeve kufitare, pritjet m\u00eb t\u00eb gjata n\u00eb Merdare -","og_description":"Merdare, 16 Gusht 2025 Fluksi i automjeteve me qytetar\u00eb n\u00eb pikat e kalimeve kufitare t\u00eb vendit ton\u00eb vazhdon edhe sot t\u00eb jet\u00eb i ngarkuar. Sipas","og_url":"https:\/\/veritasinfo.org\/?p=8334","article_published_time":"2025-08-16T17:42:56+00:00","og_image":[{"width":750,"height":375,"url":"https:\/\/veritasinfo.org\/wp-content\/uploads\/2025\/08\/IMG_3217.jpeg","type":"image\/jpeg"}],"author":"admin","twitter_card":"summary_large_image","twitter_misc":{"Written by":"admin","Est. reading time":"2 minutes"},"schema":{"@context":"https:\/\/schema.org","@graph":[{"@type":"WebPage","@id":"https:\/\/veritasinfo.org\/?p=8334","url":"https:\/\/veritasinfo.org\/?p=8334","name":"Gjendja n\u00eb pikat e kalimeve kufitare, pritjet m\u00eb t\u00eb gjata n\u00eb Merdare -","isPartOf":{"@id":"https:\/\/veritasinfo.org\/#website"},"primaryImageOfPage":{"@id":"https:\/\/veritasinfo.org\/?p=8334#primaryimage"},"image":{"@id":"https:\/\/veritasinfo.org\/?p=8334#primaryimage"},"thumbnailUrl":"https:\/\/veritasinfo.org\/wp-content\/uploads\/2025\/08\/IMG_3217.jpeg","datePublished":"2025-08-16T17:42:56+00:00","author":{"@id":"https:\/\/veritasinfo.org\/#\/schema\/person\/7701f8c088bece422266b100a712374f"},"breadcrumb":{"@id":"https:\/\/veritasinfo.org\/?p=8334#breadcrumb"},"inLanguage":"en-US","potentialAction":[{"@type":"ReadAction","target":["https:\/\/veritasinfo.org\/?p=8334"]}]},{"@type":"ImageObject","inLanguage":"en-US","@id":"https:\/\/veritasinfo.org\/?p=8334#primaryimage","url":"https:\/\/veritasinfo.org\/wp-content\/uploads\/2025\/08\/IMG_3217.jpeg","contentUrl":"https:\/\/veritasinfo.org\/wp-content\/uploads\/2025\/08\/IMG_3217.jpeg","width":750,"height":375},{"@type":"BreadcrumbList","@id":"https:\/\/veritasinfo.org\/?p=8334#breadcrumb","itemListElement":[{"@type":"ListItem","position":1,"name":"Home","item":"https:\/\/veritasinfo.org\/"},{"@type":"ListItem","position":2,"name":"Gjendja n\u00eb pikat e kalimeve kufitare, pritjet m\u00eb t\u00eb gjata n\u00eb Merdare"}]},{"@type":"WebSite","@id":"https:\/\/veritasinfo.org\/#website","url":"https:\/\/veritasinfo.org\/","name":"","description":"","potentialAction":[{"@type":"SearchAction","target":{"@type":"EntryPoint","urlTemplate":"https:\/\/veritasinfo.org\/?s={search_term_string}"},"query-input":{"@type":"PropertyValueSpecification","valueRequired":true,"valueName":"search_term_string"}}],"inLanguage":"en-US"},{"@type":"Person","@id":"https:\/\/veritasinfo.org\/#\/schema\/person\/7701f8c088bece422266b100a712374f","name":"admin","image":{"@type":"ImageObject","inLanguage":"en-US","@id":"https:\/\/veritasinfo.org\/#\/schema\/person\/image\/","url":"https:\/\/secure.gravatar.com\/avatar\/ea53aa3bf6c9a12d5fde8ce4deff43fef3885ae33cf60184161a50d6987cfd2f?s=96&d=mm&r=g","contentUrl":"https:\/\/secure.gravatar.com\/avatar\/ea53aa3bf6c9a12d5fde8ce4deff43fef3885ae33cf60184161a50d6987cfd2f?s=96&d=mm&r=g","caption":"admin"},"sameAs":["https:\/\/veritasinfo.org"],"url":"https:\/\/veritasinfo.org\/?author=1"}]}},"featured_image_urls":{"full":["https:\/\/veritasinfo.org\/wp-content\/uploads\/2025\/08\/IMG_3217.jpeg",750,375,false],"thumbnail":["https:\/\/veritasinfo.org\/wp-content\/uploads\/2025\/08\/IMG_3217-150x150.jpeg",150,150,true],"medium":["https:\/\/veritasinfo.org\/wp-content\/uploads\/2025\/08\/IMG_3217-300x150.jpeg",300,150,true],"medium_large":["https:\/\/veritasinfo.org\/wp-content\/uploads\/2025\/08\/IMG_3217.jpeg",640,320,false],"large":["https:\/\/veritasinfo.org\/wp-content\/uploads\/2025\/08\/IMG_3217.jpeg",640,320,false],"1536x1536":["https:\/\/veritasinfo.org\/wp-content\/uploads\/2025\/08\/IMG_3217.jpeg",750,375,false],"2048x2048":["https:\/\/veritasinfo.org\/wp-content\/uploads\/2025\/08\/IMG_3217.jpeg",750,375,false],"kreeti-slider-full":["https:\/\/veritasinfo.org\/wp-content\/uploads\/2025\/08\/IMG_3217.jpeg",750,375,false],"kreeti-featured":["https:\/\/veritasinfo.org\/wp-content\/uploads\/2025\/08\/IMG_3217.jpeg",750,375,false],"kreeti-medium":["https:\/\/veritasinfo.org\/wp-content\/uploads\/2025\/08\/IMG_3217.jpeg",720,360,false],"kreeti-medium-square":["https:\/\/veritasinfo.org\/wp-content\/uploads\/2025\/08\/IMG_3217.jpeg",350,175,false]},"author_info":{"info":["admin"]},"category_info":"<a href=\"https:\/\/veritasinfo.org\/?cat=60\" rel=\"category\">Shoq\u00ebrore<\/a>","tag_info":"Shoq\u00ebrore","comment_count":"0","_links":{"self":[{"href":"https:\/\/veritasinfo.org\/index.php?rest_route=\/wp\/v2\/posts\/8334","targetHints":{"allow":["GET"]}}],"collection":[{"href":"https:\/\/veritasinfo.org\/index.php?rest_route=\/wp\/v2\/posts"}],"about":[{"href":"https:\/\/veritasinfo.org\/index.php?rest_route=\/wp\/v2\/types\/post"}],"author":[{"embeddable":true,"href":"https:\/\/veritasinfo.org\/index.php?rest_route=\/wp\/v2\/users\/1"}],"replies":[{"embeddable":true,"href":"https:\/\/veritasinfo.org\/index.php?rest_route=%2Fwp%2Fv2%2Fcomments&post=8334"}],"version-history":[{"count":1,"href":"https:\/\/veritasinfo.org\/index.php?rest_route=\/wp\/v2\/posts\/8334\/revisions"}],"predecessor-version":[{"id":8337,"href":"https:\/\/veritasinfo.org\/index.php?rest_route=\/wp\/v2\/posts\/8334\/revisions\/8337"}],"wp:featuredmedia":[{"embeddable":true,"href":"https:\/\/veritasinfo.org\/index.php?rest_route=\/wp\/v2\/media\/8336"}],"wp:attachment":[{"href":"https:\/\/veritasinfo.org\/index.php?rest_route=%2Fwp%2Fv2%2Fmedia&parent=8334"}],"wp:term":[{"taxonomy":"category","embeddable":true,"href":"https:\/\/veritasinfo.org\/index.php?rest_route=%2Fwp%2Fv2%2Fcategories&post=8334"},{"taxonomy":"post_tag","embeddable":true,"href":"https:\/\/veritasinfo.org\/index.php?rest_route=%2Fwp%2Fv2%2Ftags&post=8334"}],"curies":[{"name":"wp","href":"https:\/\/api.w.org\/{rel}","templated":true}]}}