{"id":8328,"date":"2025-08-16T18:56:06","date_gmt":"2025-08-16T16:56:06","guid":{"rendered":"https:\/\/veritasinfo.org\/?p=8328"},"modified":"2025-08-16T18:56:06","modified_gmt":"2025-08-16T16:56:06","slug":"musliu-vuciq-dhe-lista-serbe-i-humben-kohe-nderkombetareve","status":"publish","type":"post","link":"https:\/\/veritasinfo.org\/?p=8328","title":{"rendered":"Musliu: Vu\u00e7iq dhe Lista Serbe i humb\u00ebn koh\u00eb nd\u00ebrkomb\u00ebtar\u00ebve"},"content":{"rendered":"<p>Prishtin\u00eb, 16 Gusht, 2025<\/p>\n<p><strong>Analisti i siguris\u00eb nj\u00ebher\u00ebsh kryetar i Bordit t\u00eb Institutit \u201cOctopus\u201d, Agim Musliu, ka folur mbi mashtrimet q\u00eb presidenti serb Aleksandar Vu\u00e7iq vazhdon t\u2019i b\u00ebj\u00eb si pjes\u00eb e loj\u00ebs politike p\u00ebr t\u00eb forcuar pushtetin e tij duke p\u00ebrdorur List\u00ebn Serbe si dor\u00eb e zgjatur p\u00ebr bllokimin e institucioneve n\u00eb veri t\u00eb Kosov\u00ebs dhe nj\u00ebkoh\u00ebsisht duke u ankuar te nd\u00ebrkomb\u00ebtar\u00ebt se p\u00ebr k\u00ebt\u00eb fajtore \u00ebsht\u00eb Prishtina zyrtare.<\/strong><\/p>\n<p>&#8220;Dy vitet e fundit, Aleksandar Vu\u00e7iq dhe Lista Serbe shpenzuan mund e energji duke bllokuar institucionet n\u00eb veri t\u00eb Kosov\u00ebs, vazhdimisht duke u ankuar dhe duke ushtruar presion ndaj vendeve t\u00eb QUINT-it me narrativ\u00ebn se Kosova duhet t\u00eb l\u00ebshoj\u00eb pe. Rezultati? Vet\u00ebm humbje kohe p\u00ebr partner\u00ebt tan\u00eb nd\u00ebrkomb\u00ebtar\u00eb dhe vet\u00ebm nj\u00eb p\u00ebrpjekje e d\u00ebshtuar p\u00ebr ta paraqitur veten si \u201cmbrojt\u00ebs\u201d t\u00eb serb\u00ebve t\u00eb Kosov\u00ebs.<\/p>\n<p>Sot, i nj\u00ebjti Vu\u00e7iq e kthen List\u00ebn Serbe n\u00eb gar\u00ebn zgjedhore t\u00eb 12 tetorit, duke e \u201clegalizuar\u201d gjendjen q\u00eb vet\u00eb e krijoi me bojkot. Ky \u00ebsht\u00eb Vu\u00e7iqi: fillimisht i nxjerr serb\u00ebt nga institucionet, m\u00eb pas i kthen aty, duke p\u00ebrdorur k\u00ebt\u00eb l\u00ebvizje si kart\u00eb negociuese me SHBA dhe BE&#8221;, ka shkruar ai n\u00eb Facebook.<\/p>\n<p>Sipas tij, duhet t\u00eb pranojm\u00eb q\u00eb qeveria e RKS me institucionet e siguris\u00eb vepruan drejt q\u00eb nuk ran\u00eb pre e k\u00ebtij presioni politik e diplomatik.<\/p>\n<p>&#8220;Rezistuan ndaj loj\u00ebs s\u00eb Vu\u00e7iqit, duke ruajtur integritetin institucional dhe duke mos lejuar q\u00eb veriu t\u00eb p\u00ebrdorej si mjet pazari politik. Ky q\u00ebndrim i vendosur ka qen\u00eb vendimtar p\u00ebr t\u00eb mos i dh\u00ebn\u00eb Beogradit avantazhin q\u00eb e k\u00ebrkoi&#8221;, tha ai.<\/p>\n","protected":false},"excerpt":{"rendered":"<p>Prishtin\u00eb, 16 Gusht, 2025 Analisti i siguris\u00eb nj\u00ebher\u00ebsh kryetar i Bordit t\u00eb Institutit \u201cOctopus\u201d, Agim Musliu, ka folur mbi mashtrimet q\u00eb presidenti serb Aleksandar Vu\u00e7iq<\/p>\n","protected":false},"author":1,"featured_media":8329,"comment_status":"open","ping_status":"open","sticky":false,"template":"","format":"standard","meta":{"footnotes":""},"categories":[58],"tags":[],"class_list":["post-8328","post","type-post","status-publish","format-standard","has-post-thumbnail","hentry","category-politike-sq"],"yoast_head":"<!-- This site is optimized with the Yoast SEO plugin v25.3.1 - https:\/\/yoast.com\/wordpress\/plugins\/seo\/ -->\n<title>Musliu: Vu\u00e7iq dhe Lista Serbe i humb\u00ebn koh\u00eb nd\u00ebrkomb\u00ebtar\u00ebve -<\/title>\n<meta name=\"robots\" content=\"index, follow, max-snippet:-1, max-image-preview:large, max-video-preview:-1\" \/>\n<link rel=\"canonical\" href=\"https:\/\/veritasinfo.org\/?p=8328\" \/>\n<meta property=\"og:locale\" content=\"en_US\" \/>\n<meta property=\"og:type\" content=\"article\" \/>\n<meta property=\"og:title\" content=\"Musliu: Vu\u00e7iq dhe Lista Serbe i humb\u00ebn koh\u00eb nd\u00ebrkomb\u00ebtar\u00ebve -\" \/>\n<meta property=\"og:description\" content=\"Prishtin\u00eb, 16 Gusht, 2025 Analisti i siguris\u00eb nj\u00ebher\u00ebsh kryetar i Bordit t\u00eb Institutit \u201cOctopus\u201d, Agim Musliu, ka folur mbi mashtrimet q\u00eb presidenti serb Aleksandar Vu\u00e7iq\" \/>\n<meta property=\"og:url\" content=\"https:\/\/veritasinfo.org\/?p=8328\" \/>\n<meta property=\"article:published_time\" content=\"2025-08-16T16:56:06+00:00\" \/>\n<meta property=\"og:image\" content=\"https:\/\/veritasinfo.org\/wp-content\/uploads\/2025\/08\/IMG_3216.jpeg\" \/>\n\t<meta property=\"og:image:width\" content=\"868\" \/>\n\t<meta property=\"og:image:height\" content=\"551\" \/>\n\t<meta property=\"og:image:type\" content=\"image\/jpeg\" \/>\n<meta name=\"author\" content=\"admin\" \/>\n<meta name=\"twitter:card\" content=\"summary_large_image\" \/>\n<meta name=\"twitter:label1\" content=\"Written by\" \/>\n\t<meta name=\"twitter:data1\" content=\"admin\" \/>\n\t<meta name=\"twitter:label2\" content=\"Est. reading time\" \/>\n\t<meta name=\"twitter:data2\" content=\"2 minutes\" \/>\n<script type=\"application\/ld+json\" class=\"yoast-schema-graph\">{\"@context\":\"https:\/\/schema.org\",\"@graph\":[{\"@type\":\"WebPage\",\"@id\":\"https:\/\/veritasinfo.org\/?p=8328\",\"url\":\"https:\/\/veritasinfo.org\/?p=8328\",\"name\":\"Musliu: Vu\u00e7iq dhe Lista Serbe i humb\u00ebn koh\u00eb nd\u00ebrkomb\u00ebtar\u00ebve -\",\"isPartOf\":{\"@id\":\"https:\/\/veritasinfo.org\/#website\"},\"primaryImageOfPage\":{\"@id\":\"https:\/\/veritasinfo.org\/?p=8328#primaryimage\"},\"image\":{\"@id\":\"https:\/\/veritasinfo.org\/?p=8328#primaryimage\"},\"thumbnailUrl\":\"https:\/\/veritasinfo.org\/wp-content\/uploads\/2025\/08\/IMG_3216.jpeg\",\"datePublished\":\"2025-08-16T16:56:06+00:00\",\"author\":{\"@id\":\"https:\/\/veritasinfo.org\/#\/schema\/person\/7701f8c088bece422266b100a712374f\"},\"breadcrumb\":{\"@id\":\"https:\/\/veritasinfo.org\/?p=8328#breadcrumb\"},\"inLanguage\":\"en-US\",\"potentialAction\":[{\"@type\":\"ReadAction\",\"target\":[\"https:\/\/veritasinfo.org\/?p=8328\"]}]},{\"@type\":\"ImageObject\",\"inLanguage\":\"en-US\",\"@id\":\"https:\/\/veritasinfo.org\/?p=8328#primaryimage\",\"url\":\"https:\/\/veritasinfo.org\/wp-content\/uploads\/2025\/08\/IMG_3216.jpeg\",\"contentUrl\":\"https:\/\/veritasinfo.org\/wp-content\/uploads\/2025\/08\/IMG_3216.jpeg\",\"width\":868,\"height\":551},{\"@type\":\"BreadcrumbList\",\"@id\":\"https:\/\/veritasinfo.org\/?p=8328#breadcrumb\",\"itemListElement\":[{\"@type\":\"ListItem\",\"position\":1,\"name\":\"Home\",\"item\":\"https:\/\/veritasinfo.org\/\"},{\"@type\":\"ListItem\",\"position\":2,\"name\":\"Musliu: Vu\u00e7iq dhe Lista Serbe i humb\u00ebn koh\u00eb nd\u00ebrkomb\u00ebtar\u00ebve\"}]},{\"@type\":\"WebSite\",\"@id\":\"https:\/\/veritasinfo.org\/#website\",\"url\":\"https:\/\/veritasinfo.org\/\",\"name\":\"\",\"description\":\"\",\"potentialAction\":[{\"@type\":\"SearchAction\",\"target\":{\"@type\":\"EntryPoint\",\"urlTemplate\":\"https:\/\/veritasinfo.org\/?s={search_term_string}\"},\"query-input\":{\"@type\":\"PropertyValueSpecification\",\"valueRequired\":true,\"valueName\":\"search_term_string\"}}],\"inLanguage\":\"en-US\"},{\"@type\":\"Person\",\"@id\":\"https:\/\/veritasinfo.org\/#\/schema\/person\/7701f8c088bece422266b100a712374f\",\"name\":\"admin\",\"image\":{\"@type\":\"ImageObject\",\"inLanguage\":\"en-US\",\"@id\":\"https:\/\/veritasinfo.org\/#\/schema\/person\/image\/\",\"url\":\"https:\/\/secure.gravatar.com\/avatar\/ea53aa3bf6c9a12d5fde8ce4deff43fef3885ae33cf60184161a50d6987cfd2f?s=96&d=mm&r=g\",\"contentUrl\":\"https:\/\/secure.gravatar.com\/avatar\/ea53aa3bf6c9a12d5fde8ce4deff43fef3885ae33cf60184161a50d6987cfd2f?s=96&d=mm&r=g\",\"caption\":\"admin\"},\"sameAs\":[\"https:\/\/veritasinfo.org\"],\"url\":\"https:\/\/veritasinfo.org\/?author=1\"}]}<\/script>\n<!-- \/ Yoast SEO plugin. -->","yoast_head_json":{"title":"Musliu: Vu\u00e7iq dhe Lista Serbe i humb\u00ebn koh\u00eb nd\u00ebrkomb\u00ebtar\u00ebve -","robots":{"index":"index","follow":"follow","max-snippet":"max-snippet:-1","max-image-preview":"max-image-preview:large","max-video-preview":"max-video-preview:-1"},"canonical":"https:\/\/veritasinfo.org\/?p=8328","og_locale":"en_US","og_type":"article","og_title":"Musliu: Vu\u00e7iq dhe Lista Serbe i humb\u00ebn koh\u00eb nd\u00ebrkomb\u00ebtar\u00ebve -","og_description":"Prishtin\u00eb, 16 Gusht, 2025 Analisti i siguris\u00eb nj\u00ebher\u00ebsh kryetar i Bordit t\u00eb Institutit \u201cOctopus\u201d, Agim Musliu, ka folur mbi mashtrimet q\u00eb presidenti serb Aleksandar Vu\u00e7iq","og_url":"https:\/\/veritasinfo.org\/?p=8328","article_published_time":"2025-08-16T16:56:06+00:00","og_image":[{"width":868,"height":551,"url":"https:\/\/veritasinfo.org\/wp-content\/uploads\/2025\/08\/IMG_3216.jpeg","type":"image\/jpeg"}],"author":"admin","twitter_card":"summary_large_image","twitter_misc":{"Written by":"admin","Est. reading time":"2 minutes"},"schema":{"@context":"https:\/\/schema.org","@graph":[{"@type":"WebPage","@id":"https:\/\/veritasinfo.org\/?p=8328","url":"https:\/\/veritasinfo.org\/?p=8328","name":"Musliu: Vu\u00e7iq dhe Lista Serbe i humb\u00ebn koh\u00eb nd\u00ebrkomb\u00ebtar\u00ebve -","isPartOf":{"@id":"https:\/\/veritasinfo.org\/#website"},"primaryImageOfPage":{"@id":"https:\/\/veritasinfo.org\/?p=8328#primaryimage"},"image":{"@id":"https:\/\/veritasinfo.org\/?p=8328#primaryimage"},"thumbnailUrl":"https:\/\/veritasinfo.org\/wp-content\/uploads\/2025\/08\/IMG_3216.jpeg","datePublished":"2025-08-16T16:56:06+00:00","author":{"@id":"https:\/\/veritasinfo.org\/#\/schema\/person\/7701f8c088bece422266b100a712374f"},"breadcrumb":{"@id":"https:\/\/veritasinfo.org\/?p=8328#breadcrumb"},"inLanguage":"en-US","potentialAction":[{"@type":"ReadAction","target":["https:\/\/veritasinfo.org\/?p=8328"]}]},{"@type":"ImageObject","inLanguage":"en-US","@id":"https:\/\/veritasinfo.org\/?p=8328#primaryimage","url":"https:\/\/veritasinfo.org\/wp-content\/uploads\/2025\/08\/IMG_3216.jpeg","contentUrl":"https:\/\/veritasinfo.org\/wp-content\/uploads\/2025\/08\/IMG_3216.jpeg","width":868,"height":551},{"@type":"BreadcrumbList","@id":"https:\/\/veritasinfo.org\/?p=8328#breadcrumb","itemListElement":[{"@type":"ListItem","position":1,"name":"Home","item":"https:\/\/veritasinfo.org\/"},{"@type":"ListItem","position":2,"name":"Musliu: Vu\u00e7iq dhe Lista Serbe i humb\u00ebn koh\u00eb nd\u00ebrkomb\u00ebtar\u00ebve"}]},{"@type":"WebSite","@id":"https:\/\/veritasinfo.org\/#website","url":"https:\/\/veritasinfo.org\/","name":"","description":"","potentialAction":[{"@type":"SearchAction","target":{"@type":"EntryPoint","urlTemplate":"https:\/\/veritasinfo.org\/?s={search_term_string}"},"query-input":{"@type":"PropertyValueSpecification","valueRequired":true,"valueName":"search_term_string"}}],"inLanguage":"en-US"},{"@type":"Person","@id":"https:\/\/veritasinfo.org\/#\/schema\/person\/7701f8c088bece422266b100a712374f","name":"admin","image":{"@type":"ImageObject","inLanguage":"en-US","@id":"https:\/\/veritasinfo.org\/#\/schema\/person\/image\/","url":"https:\/\/secure.gravatar.com\/avatar\/ea53aa3bf6c9a12d5fde8ce4deff43fef3885ae33cf60184161a50d6987cfd2f?s=96&d=mm&r=g","contentUrl":"https:\/\/secure.gravatar.com\/avatar\/ea53aa3bf6c9a12d5fde8ce4deff43fef3885ae33cf60184161a50d6987cfd2f?s=96&d=mm&r=g","caption":"admin"},"sameAs":["https:\/\/veritasinfo.org"],"url":"https:\/\/veritasinfo.org\/?author=1"}]}},"featured_image_urls":{"full":["https:\/\/veritasinfo.org\/wp-content\/uploads\/2025\/08\/IMG_3216.jpeg",868,551,false],"thumbnail":["https:\/\/veritasinfo.org\/wp-content\/uploads\/2025\/08\/IMG_3216-150x150.jpeg",150,150,true],"medium":["https:\/\/veritasinfo.org\/wp-content\/uploads\/2025\/08\/IMG_3216-300x190.jpeg",300,190,true],"medium_large":["https:\/\/veritasinfo.org\/wp-content\/uploads\/2025\/08\/IMG_3216-768x488.jpeg",640,407,true],"large":["https:\/\/veritasinfo.org\/wp-content\/uploads\/2025\/08\/IMG_3216.jpeg",640,406,false],"1536x1536":["https:\/\/veritasinfo.org\/wp-content\/uploads\/2025\/08\/IMG_3216.jpeg",868,551,false],"2048x2048":["https:\/\/veritasinfo.org\/wp-content\/uploads\/2025\/08\/IMG_3216.jpeg",868,551,false],"kreeti-slider-full":["https:\/\/veritasinfo.org\/wp-content\/uploads\/2025\/08\/IMG_3216.jpeg",868,551,false],"kreeti-featured":["https:\/\/veritasinfo.org\/wp-content\/uploads\/2025\/08\/IMG_3216.jpeg",868,551,false],"kreeti-medium":["https:\/\/veritasinfo.org\/wp-content\/uploads\/2025\/08\/IMG_3216.jpeg",720,457,false],"kreeti-medium-square":["https:\/\/veritasinfo.org\/wp-content\/uploads\/2025\/08\/IMG_3216.jpeg",350,222,false]},"author_info":{"info":["admin"]},"category_info":"<a href=\"https:\/\/veritasinfo.org\/?cat=58\" rel=\"category\">Politik\u00eb<\/a>","tag_info":"Politik\u00eb","comment_count":"0","_links":{"self":[{"href":"https:\/\/veritasinfo.org\/index.php?rest_route=\/wp\/v2\/posts\/8328","targetHints":{"allow":["GET"]}}],"collection":[{"href":"https:\/\/veritasinfo.org\/index.php?rest_route=\/wp\/v2\/posts"}],"about":[{"href":"https:\/\/veritasinfo.org\/index.php?rest_route=\/wp\/v2\/types\/post"}],"author":[{"embeddable":true,"href":"https:\/\/veritasinfo.org\/index.php?rest_route=\/wp\/v2\/users\/1"}],"replies":[{"embeddable":true,"href":"https:\/\/veritasinfo.org\/index.php?rest_route=%2Fwp%2Fv2%2Fcomments&post=8328"}],"version-history":[{"count":1,"href":"https:\/\/veritasinfo.org\/index.php?rest_route=\/wp\/v2\/posts\/8328\/revisions"}],"predecessor-version":[{"id":8330,"href":"https:\/\/veritasinfo.org\/index.php?rest_route=\/wp\/v2\/posts\/8328\/revisions\/8330"}],"wp:featuredmedia":[{"embeddable":true,"href":"https:\/\/veritasinfo.org\/index.php?rest_route=\/wp\/v2\/media\/8329"}],"wp:attachment":[{"href":"https:\/\/veritasinfo.org\/index.php?rest_route=%2Fwp%2Fv2%2Fmedia&parent=8328"}],"wp:term":[{"taxonomy":"category","embeddable":true,"href":"https:\/\/veritasinfo.org\/index.php?rest_route=%2Fwp%2Fv2%2Fcategories&post=8328"},{"taxonomy":"post_tag","embeddable":true,"href":"https:\/\/veritasinfo.org\/index.php?rest_route=%2Fwp%2Fv2%2Ftags&post=8328"}],"curies":[{"name":"wp","href":"https:\/\/api.w.org\/{rel}","templated":true}]}}