{"id":8313,"date":"2025-08-16T16:12:54","date_gmt":"2025-08-16T14:12:54","guid":{"rendered":"https:\/\/veritasinfo.org\/?p=8313"},"modified":"2025-08-16T16:12:54","modified_gmt":"2025-08-16T14:12:54","slug":"kosova-ne-krye-te-botes-per-permiresim-te-mireqenies-cfare-tregojne-matjet-e-gallup","status":"publish","type":"post","link":"https:\/\/veritasinfo.org\/?p=8313","title":{"rendered":"Kosova n\u00eb krye t\u00eb bot\u00ebs p\u00ebr p\u00ebrmir\u00ebsim t\u00eb mir\u00ebqenies: \u00c7far\u00eb tregojn\u00eb matjet e Gallup"},"content":{"rendered":"<p>16 gusht, 2025<\/p>\n<p>Kosova ka sh\u00ebnuar p\u00ebrmir\u00ebsimin m\u00eb t\u00eb madh n\u00eb bot\u00eb n\u00eb perceptimin e mir\u00ebqenies s\u00eb qytetar\u00ebve gjat\u00eb dekad\u00ebs s\u00eb fundit, sipas raportit m\u00eb t\u00eb ri t\u00eb <strong>Qendr\u00ebs amerikane t\u00eb K\u00ebrkimeve Gallup<\/strong>, t\u00eb publikuar n\u00eb fund t\u00eb korrikut.<\/p>\n<p>Nga vet\u00ebm <strong>11%<\/strong> e popullsis\u00eb q\u00eb n\u00eb vitin 2014 vler\u00ebsonin jet\u00ebn e tyre si \u201cshum\u00eb t\u00eb mir\u00eb\u201d, n\u00eb vitin 2024 ky num\u00ebr \u00ebsht\u00eb rritur n\u00eb <strong>51%<\/strong> \u2013 nj\u00eb ndryshim prej 40 pik\u00ebsh p\u00ebrqindjeje q\u00eb nuk \u00ebsht\u00eb regjistruar n\u00eb asnj\u00eb vend tjet\u00ebr t\u00eb bot\u00ebs.<\/p>\n<h4>Krahasimi me vendet e tjera<\/h4>\n<p>N\u00eb dhjet\u00eb vitet e fundit, nj\u00eb rritje e konsiderueshme e perceptimit pozitiv p\u00ebr jet\u00ebn \u2013 prej t\u00eb pakt\u00ebn 20 pik\u00ebsh p\u00ebrqindjeje \u2013 \u00ebsht\u00eb regjistruar n\u00eb vet\u00ebm 12 shtete, p\u00ebrfshir\u00eb disa vende t\u00eb rajonit si Serbia dhe Bosnja e Hercegovina. N\u00eb t\u00eb kund\u00ebrt, Zvicra ka sh\u00ebnuar nj\u00eb ulje t\u00eb ndjeshme t\u00eb k\u00ebtij treguesi.<\/p>\n<p>Megjithat\u00eb, asnj\u00eb shtet nuk ka pasur nj\u00eb rritje m\u00eb t\u00eb madhe dhe m\u00eb t\u00eb shpejt\u00eb sesa Kosova.<\/p>\n<h4>Pse po ndodh ky p\u00ebrmir\u00ebsim?<\/h4>\n<p>Sipas autor\u00ebve t\u00eb hulumtimit, kuptimi i m\u00ebnyr\u00ebs se si njer\u00ebzit e vler\u00ebsojn\u00eb jet\u00ebn e tyre \u00ebsht\u00eb nj\u00eb mat\u00ebs thelb\u00ebsor i progresit njer\u00ebzor, pasi treguesit ekonomik\u00eb tradicional\u00eb \u2013 si <strong>Prodhimi i Brendsh\u00ebm Bruto (PBB)<\/strong> \u2013 nuk japin gjithmon\u00eb nj\u00eb pasqyr\u00eb t\u00eb sakt\u00eb p\u00ebr cil\u00ebsin\u00eb e jet\u00ebs.<\/p>\n<p>N\u00eb rastin e Kosov\u00ebs, p\u00ebrmir\u00ebsimi lidhet me nj\u00eb rritje t\u00eb optimizmit mbi standardin e jetes\u00ebs, zgjerimin e lirive personale dhe besimin n\u00eb mir\u00ebqenien e f\u00ebmij\u00ebve.<\/p>\n<h4>Faktor\u00ebt q\u00eb ndikojn\u00eb n\u00eb k\u00ebnaq\u00ebsin\u00eb personale<\/h4>\n<p>P\u00ebrve\u00e7 perceptimit subjektiv, Gallup mat mir\u00ebqenien edhe p\u00ebrmes indikator\u00ebve konkret\u00eb.<br \/>\nQytetar\u00ebt e Kosov\u00ebs q\u00eb e vler\u00ebsuan jet\u00ebn e tyre si \u201cshum\u00eb t\u00eb mir\u00eb\u201d raportuan:<\/p>\n<ul>\n<li>M\u00eb pak probleme sh\u00ebndet\u00ebsore.<\/li>\n<li>M\u00eb pak dit\u00eb t\u00eb kaluara t\u00eb s\u00ebmur\u00eb.<\/li>\n<li>Ulje t\u00eb shqet\u00ebsimit, stresit, m\u00ebrzis\u00eb dhe zem\u00ebrimit.<\/li>\n<li>M\u00eb shum\u00eb lumturi, k\u00ebnaq\u00ebsi, interesim dhe respekt.<\/li>\n<\/ul>\n<h4>Trendi global<\/h4>\n<p>T\u00eb dh\u00ebnat e Gallup tregojn\u00eb se, n\u00eb mbar\u00eb bot\u00ebn, numri i njer\u00ebzve q\u00eb e shohin jet\u00ebn e tyre pozitivisht \u00ebsht\u00eb n\u00eb rritje, nd\u00ebrsa ata q\u00eb raportojn\u00eb vuajtje po pak\u00ebsohen.<\/p>\n<p>P\u00ebrmir\u00ebsimi shihet si tek t\u00eb rinjt\u00eb ashtu edhe tek t\u00eb moshuarit, si tek burrat ashtu edhe tek grat\u00eb, por jo n\u00eb t\u00eb gjitha rajonet n\u00eb m\u00ebnyr\u00eb t\u00eb barabart\u00eb.<\/p>\n<p>&nbsp;<\/p>\n<h4>Si b\u00ebhet matja?<\/h4>\n<p>Metoda e Gallup bazohet n\u00eb nj\u00eb pyetje t\u00eb thjesht\u00eb:<\/p>\n<p><em>Imagjinoni nj\u00eb shkall\u00eb nga 0 deri n\u00eb 10, ku 0 \u00ebsht\u00eb jeta m\u00eb e keqe e mundshme p\u00ebr ju dhe 10 \u00ebsht\u00eb jeta m\u00eb e mir\u00eb e mundshme. N\u00eb cilin nivel do ta vendosnit veten sot? Po pas pes\u00eb vjet\u00ebsh?<\/em><\/p>\n<p>P\u00ebrgjigjet mbi nivelin 7 konsiderohen \u201cgjendje e mbar\u00eb\u201d, nga 4 deri n\u00eb 7 \u201cn\u00eb v\u00ebshtir\u00ebsi\u201d dhe posht\u00eb 4 \u201cn\u00eb gjendje t\u00eb r\u00ebnd\u00eb\u201d.<br \/>\nN\u00eb vitin e kaluar, mesatarja bot\u00ebrore e vler\u00ebsimit t\u00eb jet\u00ebs ishte <strong>5.9<\/strong>, nd\u00ebrsa pritshm\u00ebrit\u00eb p\u00ebr pes\u00eb vitet e ardhshme arrit\u00ebn <strong>7.2<\/strong>.<\/p>\n<h4>Nj\u00eb dekad\u00eb ndryshimi p\u00ebr Kosov\u00ebn<\/h4>\n<p>Ky progres e vendos Kosov\u00ebn n\u00eb krye t\u00eb list\u00ebs bot\u00ebrore p\u00ebr p\u00ebrmir\u00ebsim t\u00eb mir\u00ebqenies, duke reflektuar jo vet\u00ebm nj\u00eb transformim n\u00eb cil\u00ebsin\u00eb e jet\u00ebs, por edhe nj\u00eb ndryshim t\u00eb ndjesh\u00ebm n\u00eb pritshm\u00ebrit\u00eb dhe optimizmin e qytetar\u00ebve p\u00ebr t\u00eb ardhmen.<\/p>\n<p>&nbsp;<\/p>\n","protected":false},"excerpt":{"rendered":"<p>16 gusht, 2025 Kosova ka sh\u00ebnuar p\u00ebrmir\u00ebsimin m\u00eb t\u00eb madh n\u00eb bot\u00eb n\u00eb perceptimin e mir\u00ebqenies s\u00eb qytetar\u00ebve gjat\u00eb dekad\u00ebs s\u00eb fundit, sipas raportit m\u00eb<\/p>\n","protected":false},"author":1,"featured_media":8315,"comment_status":"open","ping_status":"open","sticky":false,"template":"","format":"standard","meta":{"footnotes":""},"categories":[60],"tags":[],"class_list":["post-8313","post","type-post","status-publish","format-standard","has-post-thumbnail","hentry","category-shoqerore-sq"],"yoast_head":"<!-- This site is optimized with the Yoast SEO plugin v25.3.1 - https:\/\/yoast.com\/wordpress\/plugins\/seo\/ -->\n<title>Kosova n\u00eb krye t\u00eb bot\u00ebs p\u00ebr p\u00ebrmir\u00ebsim t\u00eb mir\u00ebqenies: \u00c7far\u00eb tregojn\u00eb matjet e Gallup -<\/title>\n<meta name=\"robots\" content=\"index, follow, max-snippet:-1, max-image-preview:large, max-video-preview:-1\" \/>\n<link rel=\"canonical\" href=\"https:\/\/veritasinfo.org\/?p=8313\" \/>\n<meta property=\"og:locale\" content=\"en_US\" \/>\n<meta property=\"og:type\" content=\"article\" \/>\n<meta property=\"og:title\" content=\"Kosova n\u00eb krye t\u00eb bot\u00ebs p\u00ebr p\u00ebrmir\u00ebsim t\u00eb mir\u00ebqenies: \u00c7far\u00eb tregojn\u00eb matjet e Gallup -\" \/>\n<meta property=\"og:description\" content=\"16 gusht, 2025 Kosova ka sh\u00ebnuar p\u00ebrmir\u00ebsimin m\u00eb t\u00eb madh n\u00eb bot\u00eb n\u00eb perceptimin e mir\u00ebqenies s\u00eb qytetar\u00ebve gjat\u00eb dekad\u00ebs s\u00eb fundit, sipas raportit m\u00eb\" \/>\n<meta property=\"og:url\" content=\"https:\/\/veritasinfo.org\/?p=8313\" \/>\n<meta property=\"article:published_time\" content=\"2025-08-16T14:12:54+00:00\" \/>\n<meta property=\"og:image\" content=\"https:\/\/veritasinfo.org\/wp-content\/uploads\/2025\/08\/kosovo.webp\" \/>\n\t<meta property=\"og:image:width\" content=\"1281\" \/>\n\t<meta property=\"og:image:height\" content=\"853\" \/>\n\t<meta property=\"og:image:type\" content=\"image\/webp\" \/>\n<meta name=\"author\" content=\"admin\" \/>\n<meta name=\"twitter:card\" content=\"summary_large_image\" \/>\n<meta name=\"twitter:label1\" content=\"Written by\" \/>\n\t<meta name=\"twitter:data1\" content=\"admin\" \/>\n\t<meta name=\"twitter:label2\" content=\"Est. reading time\" \/>\n\t<meta name=\"twitter:data2\" content=\"3 minutes\" \/>\n<script type=\"application\/ld+json\" class=\"yoast-schema-graph\">{\"@context\":\"https:\/\/schema.org\",\"@graph\":[{\"@type\":\"WebPage\",\"@id\":\"https:\/\/veritasinfo.org\/?p=8313\",\"url\":\"https:\/\/veritasinfo.org\/?p=8313\",\"name\":\"Kosova n\u00eb krye t\u00eb bot\u00ebs p\u00ebr p\u00ebrmir\u00ebsim t\u00eb mir\u00ebqenies: \u00c7far\u00eb tregojn\u00eb matjet e Gallup -\",\"isPartOf\":{\"@id\":\"https:\/\/veritasinfo.org\/#website\"},\"primaryImageOfPage\":{\"@id\":\"https:\/\/veritasinfo.org\/?p=8313#primaryimage\"},\"image\":{\"@id\":\"https:\/\/veritasinfo.org\/?p=8313#primaryimage\"},\"thumbnailUrl\":\"https:\/\/veritasinfo.org\/wp-content\/uploads\/2025\/08\/kosovo.webp\",\"datePublished\":\"2025-08-16T14:12:54+00:00\",\"author\":{\"@id\":\"https:\/\/veritasinfo.org\/#\/schema\/person\/7701f8c088bece422266b100a712374f\"},\"breadcrumb\":{\"@id\":\"https:\/\/veritasinfo.org\/?p=8313#breadcrumb\"},\"inLanguage\":\"en-US\",\"potentialAction\":[{\"@type\":\"ReadAction\",\"target\":[\"https:\/\/veritasinfo.org\/?p=8313\"]}]},{\"@type\":\"ImageObject\",\"inLanguage\":\"en-US\",\"@id\":\"https:\/\/veritasinfo.org\/?p=8313#primaryimage\",\"url\":\"https:\/\/veritasinfo.org\/wp-content\/uploads\/2025\/08\/kosovo.webp\",\"contentUrl\":\"https:\/\/veritasinfo.org\/wp-content\/uploads\/2025\/08\/kosovo.webp\",\"width\":1281,\"height\":853},{\"@type\":\"BreadcrumbList\",\"@id\":\"https:\/\/veritasinfo.org\/?p=8313#breadcrumb\",\"itemListElement\":[{\"@type\":\"ListItem\",\"position\":1,\"name\":\"Home\",\"item\":\"https:\/\/veritasinfo.org\/\"},{\"@type\":\"ListItem\",\"position\":2,\"name\":\"Kosova n\u00eb krye t\u00eb bot\u00ebs p\u00ebr p\u00ebrmir\u00ebsim t\u00eb mir\u00ebqenies: \u00c7far\u00eb tregojn\u00eb matjet e Gallup\"}]},{\"@type\":\"WebSite\",\"@id\":\"https:\/\/veritasinfo.org\/#website\",\"url\":\"https:\/\/veritasinfo.org\/\",\"name\":\"\",\"description\":\"\",\"potentialAction\":[{\"@type\":\"SearchAction\",\"target\":{\"@type\":\"EntryPoint\",\"urlTemplate\":\"https:\/\/veritasinfo.org\/?s={search_term_string}\"},\"query-input\":{\"@type\":\"PropertyValueSpecification\",\"valueRequired\":true,\"valueName\":\"search_term_string\"}}],\"inLanguage\":\"en-US\"},{\"@type\":\"Person\",\"@id\":\"https:\/\/veritasinfo.org\/#\/schema\/person\/7701f8c088bece422266b100a712374f\",\"name\":\"admin\",\"image\":{\"@type\":\"ImageObject\",\"inLanguage\":\"en-US\",\"@id\":\"https:\/\/veritasinfo.org\/#\/schema\/person\/image\/\",\"url\":\"https:\/\/secure.gravatar.com\/avatar\/ea53aa3bf6c9a12d5fde8ce4deff43fef3885ae33cf60184161a50d6987cfd2f?s=96&d=mm&r=g\",\"contentUrl\":\"https:\/\/secure.gravatar.com\/avatar\/ea53aa3bf6c9a12d5fde8ce4deff43fef3885ae33cf60184161a50d6987cfd2f?s=96&d=mm&r=g\",\"caption\":\"admin\"},\"sameAs\":[\"https:\/\/veritasinfo.org\"],\"url\":\"https:\/\/veritasinfo.org\/?author=1\"}]}<\/script>\n<!-- \/ Yoast SEO plugin. -->","yoast_head_json":{"title":"Kosova n\u00eb krye t\u00eb bot\u00ebs p\u00ebr p\u00ebrmir\u00ebsim t\u00eb mir\u00ebqenies: \u00c7far\u00eb tregojn\u00eb matjet e Gallup -","robots":{"index":"index","follow":"follow","max-snippet":"max-snippet:-1","max-image-preview":"max-image-preview:large","max-video-preview":"max-video-preview:-1"},"canonical":"https:\/\/veritasinfo.org\/?p=8313","og_locale":"en_US","og_type":"article","og_title":"Kosova n\u00eb krye t\u00eb bot\u00ebs p\u00ebr p\u00ebrmir\u00ebsim t\u00eb mir\u00ebqenies: \u00c7far\u00eb tregojn\u00eb matjet e Gallup -","og_description":"16 gusht, 2025 Kosova ka sh\u00ebnuar p\u00ebrmir\u00ebsimin m\u00eb t\u00eb madh n\u00eb bot\u00eb n\u00eb perceptimin e mir\u00ebqenies s\u00eb qytetar\u00ebve gjat\u00eb dekad\u00ebs s\u00eb fundit, sipas raportit m\u00eb","og_url":"https:\/\/veritasinfo.org\/?p=8313","article_published_time":"2025-08-16T14:12:54+00:00","og_image":[{"width":1281,"height":853,"url":"https:\/\/veritasinfo.org\/wp-content\/uploads\/2025\/08\/kosovo.webp","type":"image\/webp"}],"author":"admin","twitter_card":"summary_large_image","twitter_misc":{"Written by":"admin","Est. reading time":"3 minutes"},"schema":{"@context":"https:\/\/schema.org","@graph":[{"@type":"WebPage","@id":"https:\/\/veritasinfo.org\/?p=8313","url":"https:\/\/veritasinfo.org\/?p=8313","name":"Kosova n\u00eb krye t\u00eb bot\u00ebs p\u00ebr p\u00ebrmir\u00ebsim t\u00eb mir\u00ebqenies: \u00c7far\u00eb tregojn\u00eb matjet e Gallup -","isPartOf":{"@id":"https:\/\/veritasinfo.org\/#website"},"primaryImageOfPage":{"@id":"https:\/\/veritasinfo.org\/?p=8313#primaryimage"},"image":{"@id":"https:\/\/veritasinfo.org\/?p=8313#primaryimage"},"thumbnailUrl":"https:\/\/veritasinfo.org\/wp-content\/uploads\/2025\/08\/kosovo.webp","datePublished":"2025-08-16T14:12:54+00:00","author":{"@id":"https:\/\/veritasinfo.org\/#\/schema\/person\/7701f8c088bece422266b100a712374f"},"breadcrumb":{"@id":"https:\/\/veritasinfo.org\/?p=8313#breadcrumb"},"inLanguage":"en-US","potentialAction":[{"@type":"ReadAction","target":["https:\/\/veritasinfo.org\/?p=8313"]}]},{"@type":"ImageObject","inLanguage":"en-US","@id":"https:\/\/veritasinfo.org\/?p=8313#primaryimage","url":"https:\/\/veritasinfo.org\/wp-content\/uploads\/2025\/08\/kosovo.webp","contentUrl":"https:\/\/veritasinfo.org\/wp-content\/uploads\/2025\/08\/kosovo.webp","width":1281,"height":853},{"@type":"BreadcrumbList","@id":"https:\/\/veritasinfo.org\/?p=8313#breadcrumb","itemListElement":[{"@type":"ListItem","position":1,"name":"Home","item":"https:\/\/veritasinfo.org\/"},{"@type":"ListItem","position":2,"name":"Kosova n\u00eb krye t\u00eb bot\u00ebs p\u00ebr p\u00ebrmir\u00ebsim t\u00eb mir\u00ebqenies: \u00c7far\u00eb tregojn\u00eb matjet e Gallup"}]},{"@type":"WebSite","@id":"https:\/\/veritasinfo.org\/#website","url":"https:\/\/veritasinfo.org\/","name":"","description":"","potentialAction":[{"@type":"SearchAction","target":{"@type":"EntryPoint","urlTemplate":"https:\/\/veritasinfo.org\/?s={search_term_string}"},"query-input":{"@type":"PropertyValueSpecification","valueRequired":true,"valueName":"search_term_string"}}],"inLanguage":"en-US"},{"@type":"Person","@id":"https:\/\/veritasinfo.org\/#\/schema\/person\/7701f8c088bece422266b100a712374f","name":"admin","image":{"@type":"ImageObject","inLanguage":"en-US","@id":"https:\/\/veritasinfo.org\/#\/schema\/person\/image\/","url":"https:\/\/secure.gravatar.com\/avatar\/ea53aa3bf6c9a12d5fde8ce4deff43fef3885ae33cf60184161a50d6987cfd2f?s=96&d=mm&r=g","contentUrl":"https:\/\/secure.gravatar.com\/avatar\/ea53aa3bf6c9a12d5fde8ce4deff43fef3885ae33cf60184161a50d6987cfd2f?s=96&d=mm&r=g","caption":"admin"},"sameAs":["https:\/\/veritasinfo.org"],"url":"https:\/\/veritasinfo.org\/?author=1"}]}},"featured_image_urls":{"full":["https:\/\/veritasinfo.org\/wp-content\/uploads\/2025\/08\/kosovo.webp",1281,853,false],"thumbnail":["https:\/\/veritasinfo.org\/wp-content\/uploads\/2025\/08\/kosovo-150x150.webp",150,150,true],"medium":["https:\/\/veritasinfo.org\/wp-content\/uploads\/2025\/08\/kosovo-300x200.webp",300,200,true],"medium_large":["https:\/\/veritasinfo.org\/wp-content\/uploads\/2025\/08\/kosovo-768x511.webp",640,426,true],"large":["https:\/\/veritasinfo.org\/wp-content\/uploads\/2025\/08\/kosovo-1024x682.webp",640,426,true],"1536x1536":["https:\/\/veritasinfo.org\/wp-content\/uploads\/2025\/08\/kosovo.webp",1281,853,false],"2048x2048":["https:\/\/veritasinfo.org\/wp-content\/uploads\/2025\/08\/kosovo.webp",1281,853,false],"kreeti-slider-full":["https:\/\/veritasinfo.org\/wp-content\/uploads\/2025\/08\/kosovo.webp",1081,720,false],"kreeti-featured":["https:\/\/veritasinfo.org\/wp-content\/uploads\/2025\/08\/kosovo.webp",1024,682,false],"kreeti-medium":["https:\/\/veritasinfo.org\/wp-content\/uploads\/2025\/08\/kosovo.webp",720,479,false],"kreeti-medium-square":["https:\/\/veritasinfo.org\/wp-content\/uploads\/2025\/08\/kosovo.webp",350,233,false]},"author_info":{"info":["admin"]},"category_info":"<a href=\"https:\/\/veritasinfo.org\/?cat=60\" rel=\"category\">Shoq\u00ebrore<\/a>","tag_info":"Shoq\u00ebrore","comment_count":"0","_links":{"self":[{"href":"https:\/\/veritasinfo.org\/index.php?rest_route=\/wp\/v2\/posts\/8313","targetHints":{"allow":["GET"]}}],"collection":[{"href":"https:\/\/veritasinfo.org\/index.php?rest_route=\/wp\/v2\/posts"}],"about":[{"href":"https:\/\/veritasinfo.org\/index.php?rest_route=\/wp\/v2\/types\/post"}],"author":[{"embeddable":true,"href":"https:\/\/veritasinfo.org\/index.php?rest_route=\/wp\/v2\/users\/1"}],"replies":[{"embeddable":true,"href":"https:\/\/veritasinfo.org\/index.php?rest_route=%2Fwp%2Fv2%2Fcomments&post=8313"}],"version-history":[{"count":1,"href":"https:\/\/veritasinfo.org\/index.php?rest_route=\/wp\/v2\/posts\/8313\/revisions"}],"predecessor-version":[{"id":8316,"href":"https:\/\/veritasinfo.org\/index.php?rest_route=\/wp\/v2\/posts\/8313\/revisions\/8316"}],"wp:featuredmedia":[{"embeddable":true,"href":"https:\/\/veritasinfo.org\/index.php?rest_route=\/wp\/v2\/media\/8315"}],"wp:attachment":[{"href":"https:\/\/veritasinfo.org\/index.php?rest_route=%2Fwp%2Fv2%2Fmedia&parent=8313"}],"wp:term":[{"taxonomy":"category","embeddable":true,"href":"https:\/\/veritasinfo.org\/index.php?rest_route=%2Fwp%2Fv2%2Fcategories&post=8313"},{"taxonomy":"post_tag","embeddable":true,"href":"https:\/\/veritasinfo.org\/index.php?rest_route=%2Fwp%2Fv2%2Ftags&post=8313"}],"curies":[{"name":"wp","href":"https:\/\/api.w.org\/{rel}","templated":true}]}}