{"id":8308,"date":"2025-08-16T15:30:44","date_gmt":"2025-08-16T13:30:44","guid":{"rendered":"https:\/\/veritasinfo.org\/?p=8308"},"modified":"2025-08-16T15:30:44","modified_gmt":"2025-08-16T13:30:44","slug":"kosova-shton-ndjekjen-e-krimeve-te-luftes-serbia-vazhdon-te-heshte","status":"publish","type":"post","link":"https:\/\/veritasinfo.org\/?p=8308","title":{"rendered":"Kosova shton ndjekjen e krimeve t\u00eb luft\u00ebs \u2013 Serbia vazhdon t\u00eb hesht\u00eb"},"content":{"rendered":"<p data-start=\"0\" data-end=\"72\"><strong data-start=\"0\" data-end=\"70\">16 gusht, 2025<\/strong><\/p>\n<p data-start=\"74\" data-end=\"253\">Kosova ka rritur ndjesh\u00ebm numrin e aktakuzave p\u00ebr krime lufte ndaj popullsis\u00eb civile shqiptare, por Serbia vazhdon t\u00eb mos marr\u00eb asnj\u00eb veprim p\u00ebr ndjekjen dhe d\u00ebnimin e autor\u00ebve.<\/p>\n<p data-start=\"255\" data-end=\"569\">Sipas t\u00eb dh\u00ebnave t\u00eb Prokuroris\u00eb Speciale, deri m\u00eb tani jan\u00eb ngritur rreth 40 aktakuza ndaj 156 personave p\u00ebr krime t\u00eb kryera gjat\u00eb luft\u00ebs n\u00eb Kosov\u00eb. Nga viti 2021, jan\u00eb shpallur fajtor\u00eb 13 persona n\u00eb kuad\u00ebr t\u00eb 12 aktgjykimeve, nd\u00ebrsa tre t\u00eb tjer\u00eb jan\u00eb liruar. Aktualisht, mbi 20 raste ndodhen n\u00eb proces gjyq\u00ebsor.<\/p>\n<p data-start=\"571\" data-end=\"924\">Nj\u00eb pjes\u00eb e k\u00ebtyre aktakuzave jan\u00eb ngritur n\u00eb munges\u00eb, pas ndryshimeve n\u00eb Kodin e Procedur\u00ebs Penale q\u00eb lejojn\u00eb gjykimin pa pranin\u00eb e t\u00eb akuzuarit. Vet\u00ebm m\u00eb 14 gusht 2025 u ngrit nj\u00eb aktakuz\u00eb e till\u00eb kund\u00ebr 21 ish-zyrtar\u00ebve t\u00eb ushtris\u00eb jugosllave dhe policis\u00eb serbe p\u00ebr d\u00ebbimin e mbi 800 mij\u00eb shqiptar\u00ebve nga Kosova, gjat\u00eb fushat\u00ebs s\u00eb spastrimit etnik.<\/p>\n<p data-start=\"926\" data-end=\"1111\">Ekspert\u00ebt e drejt\u00ebsis\u00eb e konsiderojn\u00eb k\u00ebt\u00eb si nj\u00eb nga aktakuzat m\u00eb t\u00eb m\u00ebdha t\u00eb k\u00ebtij lloji, q\u00eb p\u00ebrfshin zhvendosje t\u00eb dhunshme, pla\u00e7kitje pronash dhe fushat\u00eb sistematike d\u00ebbimi masiv.<\/p>\n<p data-start=\"1113\" data-end=\"1394\">Sipas Fondit p\u00ebr t\u00eb Drejt\u00ebn Humanitare, pas pranimit t\u00eb kompetencave nga EULEX n\u00eb vitin 2018, Kosova ka rritur ritmin e pun\u00ebs \u2013 nga 2-3 aktakuza n\u00eb vit, n\u00eb mbi 10 aktakuza n\u00eb vit, shum\u00eb prej tyre n\u00eb munges\u00eb. Vet\u00ebm n\u00eb tet\u00eb muajt e k\u00ebtij viti jan\u00eb ngritur shtat\u00eb aktakuza t\u00eb tilla.<\/p>\n<p data-start=\"1396\" data-end=\"1662\">Megjithat\u00eb, ish-kryetari i Gjykat\u00ebs Supreme, Fejzullah Hasani, thekson se vonesat e gjata n\u00eb hetim e b\u00ebjn\u00eb t\u00eb v\u00ebshtir\u00eb sigurimin e provave dhe d\u00ebshmitar\u00ebve, nd\u00ebrsa drejt\u00ebsia nuk p\u00ebrmbushet vet\u00ebm me ngritjen e aktakuz\u00ebs, por me p\u00ebrfundimin e saj me d\u00ebnime efektive.<\/p>\n<p data-start=\"1664\" data-end=\"2041\">Institucionet e Kosov\u00ebs dhe ekspert\u00ebt k\u00ebrkojn\u00eb q\u00eb n\u00eb kuad\u00ebr t\u00eb dialogut t\u00eb b\u00ebhet presion ndaj Serbis\u00eb, e cila akuzohet se po i amniston shtetasit e saj duke mos kryer hetime dhe duke mos ngritur aktakuza p\u00ebr krimet e luft\u00ebs. Ata paralajm\u00ebrojn\u00eb se me kalimin e koh\u00ebs vdesin si autor\u00ebt e krimeve, ashtu edhe d\u00ebshmitar\u00ebt okular\u00eb, duke e b\u00ebr\u00eb t\u00eb pamundur drejt\u00ebsin\u00eb p\u00ebr viktimat.<\/p>\n<p data-start=\"2043\" data-end=\"2178\">Deri tani, Gjykata Themelore n\u00eb Prishtin\u00eb ka shpallur tri aktgjykime n\u00eb munges\u00eb ndaj kat\u00ebr t\u00eb pandehurve, me nga 15 vjet burg secili.<\/p>\n<p data-start=\"2180\" data-end=\"2331\" data-is-last-node=\"\" data-is-only-node=\"\">Gjat\u00eb luft\u00ebs s\u00eb viteve 1998-1999, mbi 13 mij\u00eb shqiptar\u00eb u vran\u00eb, rreth 20 mij\u00eb gra e burra u dhunuan dhe mbi 1.600 persona ende figurojn\u00eb t\u00eb zhdukur.<\/p>\n","protected":false},"excerpt":{"rendered":"<p>16 gusht, 2025 Kosova ka rritur ndjesh\u00ebm numrin e aktakuzave p\u00ebr krime lufte ndaj popullsis\u00eb civile shqiptare, por Serbia vazhdon t\u00eb mos marr\u00eb asnj\u00eb veprim<\/p>\n","protected":false},"author":1,"featured_media":8309,"comment_status":"open","ping_status":"open","sticky":false,"template":"","format":"standard","meta":{"footnotes":""},"categories":[60],"tags":[],"class_list":["post-8308","post","type-post","status-publish","format-standard","has-post-thumbnail","hentry","category-shoqerore-sq"],"yoast_head":"<!-- This site is optimized with the Yoast SEO plugin v25.3.1 - https:\/\/yoast.com\/wordpress\/plugins\/seo\/ -->\n<title>Kosova shton ndjekjen e krimeve t\u00eb luft\u00ebs \u2013 Serbia vazhdon t\u00eb hesht\u00eb -<\/title>\n<meta name=\"robots\" content=\"index, follow, max-snippet:-1, max-image-preview:large, max-video-preview:-1\" \/>\n<link rel=\"canonical\" href=\"https:\/\/veritasinfo.org\/?p=8308\" \/>\n<meta property=\"og:locale\" content=\"en_US\" \/>\n<meta property=\"og:type\" content=\"article\" \/>\n<meta property=\"og:title\" content=\"Kosova shton ndjekjen e krimeve t\u00eb luft\u00ebs \u2013 Serbia vazhdon t\u00eb hesht\u00eb -\" \/>\n<meta property=\"og:description\" content=\"16 gusht, 2025 Kosova ka rritur ndjesh\u00ebm numrin e aktakuzave p\u00ebr krime lufte ndaj popullsis\u00eb civile shqiptare, por Serbia vazhdon t\u00eb mos marr\u00eb asnj\u00eb veprim\" \/>\n<meta property=\"og:url\" content=\"https:\/\/veritasinfo.org\/?p=8308\" \/>\n<meta property=\"article:published_time\" content=\"2025-08-16T13:30:44+00:00\" \/>\n<meta property=\"og:image\" content=\"https:\/\/veritasinfo.org\/wp-content\/uploads\/2025\/08\/Izbeglice-Albanci-sa-Kosova-u-Albaniju-april-1999.jpg\" \/>\n\t<meta property=\"og:image:width\" content=\"1600\" \/>\n\t<meta property=\"og:image:height\" content=\"1195\" \/>\n\t<meta property=\"og:image:type\" content=\"image\/jpeg\" \/>\n<meta name=\"author\" content=\"admin\" \/>\n<meta name=\"twitter:card\" content=\"summary_large_image\" \/>\n<meta name=\"twitter:label1\" content=\"Written by\" \/>\n\t<meta name=\"twitter:data1\" content=\"admin\" \/>\n\t<meta name=\"twitter:label2\" content=\"Est. reading time\" \/>\n\t<meta name=\"twitter:data2\" content=\"2 minutes\" \/>\n<script type=\"application\/ld+json\" class=\"yoast-schema-graph\">{\"@context\":\"https:\/\/schema.org\",\"@graph\":[{\"@type\":\"WebPage\",\"@id\":\"https:\/\/veritasinfo.org\/?p=8308\",\"url\":\"https:\/\/veritasinfo.org\/?p=8308\",\"name\":\"Kosova shton ndjekjen e krimeve t\u00eb luft\u00ebs \u2013 Serbia vazhdon t\u00eb hesht\u00eb -\",\"isPartOf\":{\"@id\":\"https:\/\/veritasinfo.org\/#website\"},\"primaryImageOfPage\":{\"@id\":\"https:\/\/veritasinfo.org\/?p=8308#primaryimage\"},\"image\":{\"@id\":\"https:\/\/veritasinfo.org\/?p=8308#primaryimage\"},\"thumbnailUrl\":\"https:\/\/veritasinfo.org\/wp-content\/uploads\/2025\/08\/Izbeglice-Albanci-sa-Kosova-u-Albaniju-april-1999.jpg\",\"datePublished\":\"2025-08-16T13:30:44+00:00\",\"author\":{\"@id\":\"https:\/\/veritasinfo.org\/#\/schema\/person\/7701f8c088bece422266b100a712374f\"},\"breadcrumb\":{\"@id\":\"https:\/\/veritasinfo.org\/?p=8308#breadcrumb\"},\"inLanguage\":\"en-US\",\"potentialAction\":[{\"@type\":\"ReadAction\",\"target\":[\"https:\/\/veritasinfo.org\/?p=8308\"]}]},{\"@type\":\"ImageObject\",\"inLanguage\":\"en-US\",\"@id\":\"https:\/\/veritasinfo.org\/?p=8308#primaryimage\",\"url\":\"https:\/\/veritasinfo.org\/wp-content\/uploads\/2025\/08\/Izbeglice-Albanci-sa-Kosova-u-Albaniju-april-1999.jpg\",\"contentUrl\":\"https:\/\/veritasinfo.org\/wp-content\/uploads\/2025\/08\/Izbeglice-Albanci-sa-Kosova-u-Albaniju-april-1999.jpg\",\"width\":1600,\"height\":1195},{\"@type\":\"BreadcrumbList\",\"@id\":\"https:\/\/veritasinfo.org\/?p=8308#breadcrumb\",\"itemListElement\":[{\"@type\":\"ListItem\",\"position\":1,\"name\":\"Home\",\"item\":\"https:\/\/veritasinfo.org\/\"},{\"@type\":\"ListItem\",\"position\":2,\"name\":\"Kosova shton ndjekjen e krimeve t\u00eb luft\u00ebs \u2013 Serbia vazhdon t\u00eb hesht\u00eb\"}]},{\"@type\":\"WebSite\",\"@id\":\"https:\/\/veritasinfo.org\/#website\",\"url\":\"https:\/\/veritasinfo.org\/\",\"name\":\"\",\"description\":\"\",\"potentialAction\":[{\"@type\":\"SearchAction\",\"target\":{\"@type\":\"EntryPoint\",\"urlTemplate\":\"https:\/\/veritasinfo.org\/?s={search_term_string}\"},\"query-input\":{\"@type\":\"PropertyValueSpecification\",\"valueRequired\":true,\"valueName\":\"search_term_string\"}}],\"inLanguage\":\"en-US\"},{\"@type\":\"Person\",\"@id\":\"https:\/\/veritasinfo.org\/#\/schema\/person\/7701f8c088bece422266b100a712374f\",\"name\":\"admin\",\"image\":{\"@type\":\"ImageObject\",\"inLanguage\":\"en-US\",\"@id\":\"https:\/\/veritasinfo.org\/#\/schema\/person\/image\/\",\"url\":\"https:\/\/secure.gravatar.com\/avatar\/ea53aa3bf6c9a12d5fde8ce4deff43fef3885ae33cf60184161a50d6987cfd2f?s=96&d=mm&r=g\",\"contentUrl\":\"https:\/\/secure.gravatar.com\/avatar\/ea53aa3bf6c9a12d5fde8ce4deff43fef3885ae33cf60184161a50d6987cfd2f?s=96&d=mm&r=g\",\"caption\":\"admin\"},\"sameAs\":[\"https:\/\/veritasinfo.org\"],\"url\":\"https:\/\/veritasinfo.org\/?author=1\"}]}<\/script>\n<!-- \/ Yoast SEO plugin. -->","yoast_head_json":{"title":"Kosova shton ndjekjen e krimeve t\u00eb luft\u00ebs \u2013 Serbia vazhdon t\u00eb hesht\u00eb -","robots":{"index":"index","follow":"follow","max-snippet":"max-snippet:-1","max-image-preview":"max-image-preview:large","max-video-preview":"max-video-preview:-1"},"canonical":"https:\/\/veritasinfo.org\/?p=8308","og_locale":"en_US","og_type":"article","og_title":"Kosova shton ndjekjen e krimeve t\u00eb luft\u00ebs \u2013 Serbia vazhdon t\u00eb hesht\u00eb -","og_description":"16 gusht, 2025 Kosova ka rritur ndjesh\u00ebm numrin e aktakuzave p\u00ebr krime lufte ndaj popullsis\u00eb civile shqiptare, por Serbia vazhdon t\u00eb mos marr\u00eb asnj\u00eb veprim","og_url":"https:\/\/veritasinfo.org\/?p=8308","article_published_time":"2025-08-16T13:30:44+00:00","og_image":[{"width":1600,"height":1195,"url":"https:\/\/veritasinfo.org\/wp-content\/uploads\/2025\/08\/Izbeglice-Albanci-sa-Kosova-u-Albaniju-april-1999.jpg","type":"image\/jpeg"}],"author":"admin","twitter_card":"summary_large_image","twitter_misc":{"Written by":"admin","Est. reading time":"2 minutes"},"schema":{"@context":"https:\/\/schema.org","@graph":[{"@type":"WebPage","@id":"https:\/\/veritasinfo.org\/?p=8308","url":"https:\/\/veritasinfo.org\/?p=8308","name":"Kosova shton ndjekjen e krimeve t\u00eb luft\u00ebs \u2013 Serbia vazhdon t\u00eb hesht\u00eb -","isPartOf":{"@id":"https:\/\/veritasinfo.org\/#website"},"primaryImageOfPage":{"@id":"https:\/\/veritasinfo.org\/?p=8308#primaryimage"},"image":{"@id":"https:\/\/veritasinfo.org\/?p=8308#primaryimage"},"thumbnailUrl":"https:\/\/veritasinfo.org\/wp-content\/uploads\/2025\/08\/Izbeglice-Albanci-sa-Kosova-u-Albaniju-april-1999.jpg","datePublished":"2025-08-16T13:30:44+00:00","author":{"@id":"https:\/\/veritasinfo.org\/#\/schema\/person\/7701f8c088bece422266b100a712374f"},"breadcrumb":{"@id":"https:\/\/veritasinfo.org\/?p=8308#breadcrumb"},"inLanguage":"en-US","potentialAction":[{"@type":"ReadAction","target":["https:\/\/veritasinfo.org\/?p=8308"]}]},{"@type":"ImageObject","inLanguage":"en-US","@id":"https:\/\/veritasinfo.org\/?p=8308#primaryimage","url":"https:\/\/veritasinfo.org\/wp-content\/uploads\/2025\/08\/Izbeglice-Albanci-sa-Kosova-u-Albaniju-april-1999.jpg","contentUrl":"https:\/\/veritasinfo.org\/wp-content\/uploads\/2025\/08\/Izbeglice-Albanci-sa-Kosova-u-Albaniju-april-1999.jpg","width":1600,"height":1195},{"@type":"BreadcrumbList","@id":"https:\/\/veritasinfo.org\/?p=8308#breadcrumb","itemListElement":[{"@type":"ListItem","position":1,"name":"Home","item":"https:\/\/veritasinfo.org\/"},{"@type":"ListItem","position":2,"name":"Kosova shton ndjekjen e krimeve t\u00eb luft\u00ebs \u2013 Serbia vazhdon t\u00eb hesht\u00eb"}]},{"@type":"WebSite","@id":"https:\/\/veritasinfo.org\/#website","url":"https:\/\/veritasinfo.org\/","name":"","description":"","potentialAction":[{"@type":"SearchAction","target":{"@type":"EntryPoint","urlTemplate":"https:\/\/veritasinfo.org\/?s={search_term_string}"},"query-input":{"@type":"PropertyValueSpecification","valueRequired":true,"valueName":"search_term_string"}}],"inLanguage":"en-US"},{"@type":"Person","@id":"https:\/\/veritasinfo.org\/#\/schema\/person\/7701f8c088bece422266b100a712374f","name":"admin","image":{"@type":"ImageObject","inLanguage":"en-US","@id":"https:\/\/veritasinfo.org\/#\/schema\/person\/image\/","url":"https:\/\/secure.gravatar.com\/avatar\/ea53aa3bf6c9a12d5fde8ce4deff43fef3885ae33cf60184161a50d6987cfd2f?s=96&d=mm&r=g","contentUrl":"https:\/\/secure.gravatar.com\/avatar\/ea53aa3bf6c9a12d5fde8ce4deff43fef3885ae33cf60184161a50d6987cfd2f?s=96&d=mm&r=g","caption":"admin"},"sameAs":["https:\/\/veritasinfo.org"],"url":"https:\/\/veritasinfo.org\/?author=1"}]}},"featured_image_urls":{"full":["https:\/\/veritasinfo.org\/wp-content\/uploads\/2025\/08\/Izbeglice-Albanci-sa-Kosova-u-Albaniju-april-1999.jpg",1600,1195,false],"thumbnail":["https:\/\/veritasinfo.org\/wp-content\/uploads\/2025\/08\/Izbeglice-Albanci-sa-Kosova-u-Albaniju-april-1999-150x150.jpg",150,150,true],"medium":["https:\/\/veritasinfo.org\/wp-content\/uploads\/2025\/08\/Izbeglice-Albanci-sa-Kosova-u-Albaniju-april-1999-300x224.jpg",300,224,true],"medium_large":["https:\/\/veritasinfo.org\/wp-content\/uploads\/2025\/08\/Izbeglice-Albanci-sa-Kosova-u-Albaniju-april-1999-768x574.jpg",640,478,true],"large":["https:\/\/veritasinfo.org\/wp-content\/uploads\/2025\/08\/Izbeglice-Albanci-sa-Kosova-u-Albaniju-april-1999-1024x765.jpg",640,478,true],"1536x1536":["https:\/\/veritasinfo.org\/wp-content\/uploads\/2025\/08\/Izbeglice-Albanci-sa-Kosova-u-Albaniju-april-1999-1536x1147.jpg",1536,1147,true],"2048x2048":["https:\/\/veritasinfo.org\/wp-content\/uploads\/2025\/08\/Izbeglice-Albanci-sa-Kosova-u-Albaniju-april-1999.jpg",1600,1195,false],"kreeti-slider-full":["https:\/\/veritasinfo.org\/wp-content\/uploads\/2025\/08\/Izbeglice-Albanci-sa-Kosova-u-Albaniju-april-1999.jpg",964,720,false],"kreeti-featured":["https:\/\/veritasinfo.org\/wp-content\/uploads\/2025\/08\/Izbeglice-Albanci-sa-Kosova-u-Albaniju-april-1999.jpg",1024,765,false],"kreeti-medium":["https:\/\/veritasinfo.org\/wp-content\/uploads\/2025\/08\/Izbeglice-Albanci-sa-Kosova-u-Albaniju-april-1999.jpg",710,530,false],"kreeti-medium-square":["https:\/\/veritasinfo.org\/wp-content\/uploads\/2025\/08\/Izbeglice-Albanci-sa-Kosova-u-Albaniju-april-1999.jpg",350,261,false]},"author_info":{"info":["admin"]},"category_info":"<a href=\"https:\/\/veritasinfo.org\/?cat=60\" rel=\"category\">Shoq\u00ebrore<\/a>","tag_info":"Shoq\u00ebrore","comment_count":"0","_links":{"self":[{"href":"https:\/\/veritasinfo.org\/index.php?rest_route=\/wp\/v2\/posts\/8308","targetHints":{"allow":["GET"]}}],"collection":[{"href":"https:\/\/veritasinfo.org\/index.php?rest_route=\/wp\/v2\/posts"}],"about":[{"href":"https:\/\/veritasinfo.org\/index.php?rest_route=\/wp\/v2\/types\/post"}],"author":[{"embeddable":true,"href":"https:\/\/veritasinfo.org\/index.php?rest_route=\/wp\/v2\/users\/1"}],"replies":[{"embeddable":true,"href":"https:\/\/veritasinfo.org\/index.php?rest_route=%2Fwp%2Fv2%2Fcomments&post=8308"}],"version-history":[{"count":1,"href":"https:\/\/veritasinfo.org\/index.php?rest_route=\/wp\/v2\/posts\/8308\/revisions"}],"predecessor-version":[{"id":8310,"href":"https:\/\/veritasinfo.org\/index.php?rest_route=\/wp\/v2\/posts\/8308\/revisions\/8310"}],"wp:featuredmedia":[{"embeddable":true,"href":"https:\/\/veritasinfo.org\/index.php?rest_route=\/wp\/v2\/media\/8309"}],"wp:attachment":[{"href":"https:\/\/veritasinfo.org\/index.php?rest_route=%2Fwp%2Fv2%2Fmedia&parent=8308"}],"wp:term":[{"taxonomy":"category","embeddable":true,"href":"https:\/\/veritasinfo.org\/index.php?rest_route=%2Fwp%2Fv2%2Fcategories&post=8308"},{"taxonomy":"post_tag","embeddable":true,"href":"https:\/\/veritasinfo.org\/index.php?rest_route=%2Fwp%2Fv2%2Ftags&post=8308"}],"curies":[{"name":"wp","href":"https:\/\/api.w.org\/{rel}","templated":true}]}}